{"id":11574,"date":"2014-10-30T11:26:41","date_gmt":"2014-10-30T11:26:41","guid":{"rendered":"http:\/\/kilians.wpengine.com\/?p=11574"},"modified":"2014-10-30T11:34:53","modified_gmt":"2014-10-30T11:34:53","slug":"nikolai-gladychev-erreicht-das-halbfinale-des-poetry-aloud-wettbewerbs-2014","status":"publish","type":"post","link":"https:\/\/www.kilians.com\/de\/news\/2014\/nikolai-gladychev-erreicht-das-halbfinale-des-poetry-aloud-wettbewerbs-2014\/","title":{"rendered":"Nikolai Gladyshev erreicht das Halbfinale des Poetry Aloud Wettbewerbs 2014"},"content":{"rendered":"<p>Wir gratulieren Nikolai Gladyshev (10A), der die erste Runde des diesj\u00e4hrigen Poetry Aloud Wettbewerbs erfolgreich gemeistert hat und die St.Kilian\u2019s Deutsche Schule Dublin nun im Halbfinale am 20. \/ 21. November in der National Library of Ireland vertreten wird. <!--more-->Im Rahmen des Wettbewerbs muss Nikolai zwei Gedichte auswendig lernen und diese nach seinen eigenen Interpretation rezitieren. Zum einen handelt es sich um das Gedicht <em>The Horses of Meaning<\/em> von Eil\u00e9an N\u00ed Chuillean\u00e1in und zum anderen um ein Gedicht, das er individuell unter den folgenden w\u00e4hlen darf: <em>The Rattle Bag<\/em> von Seamus Heaney und Ted Hughes (bearbeitet Faber und Faber 1982), <em>Lifelines: Letters from Famous People About Their Favourite Poem<\/em> von Niall MacMonagle (beliebige Edition) und <em>Something Beginning with P<\/em> von Seamus Cashman (O&#8217;Brien Press). Wir w\u00fcnschen Nikolai viel Gl\u00fcck!<\/p>\n<p>Poetry Aloud ist ein j\u00e4hrlicher Poesie-Wettbewerb, an dem alle Sekundarsch\u00fcler aus Irland teilnehmen k\u00f6nnen. Er wird von <a href=\"http:\/\/www.poetryireland.ie\/education\/\" target=\"_blank\">Poetry Ireland<\/a> und der <a href=\"http:\/\/www.nli.ie\/en\/udlist\/programme-and-events-education-post-primary.aspx?article=8ea92d17-2d3c-405b-b026-10ea4420666c\" target=\"_blank\">National Library of Ireland<\/a> in drei Kategorien &#8211; Junior, Intermediate und Senior &#8211; organisiert. Der Wettbewerb besteht aus drei Stufen: den Regionalwettbewerben, die vom 13. &#8211; 24. Oktober an unterschiedlichen Orten durchgef\u00fchrt wurden, dem Halbfinale am 20. \/ 21. November und dem Finale, das am 5. Dezember in der National Library of Ireland stattfinden wird. Aus jeder der drei Kategorien wird ein Gewinner bekannt gegeben, der neben einer\u00a0Troph\u00e4e auch mit einem Preisgeld ausgezeichnet wird. An die Lehrer der Gewinnerschulen werden zudem Buchwertmarken verteilt.<\/p>\n<p>&nbsp;<\/p>\n<p><a href=\"http:\/\/kilians.wpengine.com\/wp-content\/uploads\/2014\/10\/Poetry-Aloud-Competition.jpg\"><img loading=\"lazy\" decoding=\"async\" class=\"alignnone size-full wp-image-11571\" alt=\"Poetry Aloud Competition 2014\" src=\"http:\/\/kilians.wpengine.com\/wp-content\/uploads\/2014\/10\/Poetry-Aloud-Competition.jpg\" width=\"354\" height=\"513\" \/><\/a><\/p>\n<p>&nbsp;<\/p>\n","protected":false},"excerpt":{"rendered":"<p>Wir gratulieren Nikolai Gladyshev (10A), der die erste Runde des diesj\u00e4hrigen Poetry Aloud Wettbewerbs erfolgreich gemeistert hat und die St.Kilian\u2019s Deutsche Schule Dublin nun im&#8230; <a class=\"find-out-more-link\" href=\"https:\/\/www.kilians.com\/de\/news\/2014\/nikolai-gladychev-erreicht-das-halbfinale-des-poetry-aloud-wettbewerbs-2014\/\">Weiterlesen<\/a> <\/p>\n","protected":false},"author":1,"featured_media":0,"comment_status":"closed","ping_status":"closed","sticky":false,"template":"","format":"standard","meta":{"footnotes":""},"categories":[6,52],"tags":[],"class_list":{"0":"post-11574","1":"post","2":"type-post","3":"status-publish","4":"format-standard","6":"category-nachrichten","7":"category-sekundarstufe","8":"entry"},"yoast_head":"<!-- This site is optimized with the Yoast SEO plugin v17.2.1 - https:\/\/yoast.com\/wordpress\/plugins\/seo\/ -->\n<meta name=\"robots\" content=\"index, follow, max-snippet:-1, max-image-preview:large, max-video-preview:-1\" \/>\n<link rel=\"canonical\" href=\"https:\/\/www.kilians.com\/de\/news\/2014\/nikolai-gladychev-erreicht-das-halbfinale-des-poetry-aloud-wettbewerbs-2014\/\" \/>\n<meta property=\"og:locale\" content=\"de_DE\" \/>\n<meta property=\"og:type\" content=\"article\" \/>\n<meta property=\"og:title\" content=\"Nikolai Gladyshev erreicht das Halbfinale des Poetry Aloud Wettbewerbs 2014  - St. Kilian&#039;s German School, Dublin\" \/>\n<meta property=\"og:description\" content=\"Wir gratulieren Nikolai Gladyshev (10A), der die erste Runde des diesj\u00e4hrigen Poetry Aloud Wettbewerbs erfolgreich gemeistert hat und die St.Kilian\u2019s Deutsche Schule Dublin nun im... Weiterlesen\" \/>\n<meta property=\"og:url\" content=\"https:\/\/www.kilians.com\/de\/news\/2014\/nikolai-gladychev-erreicht-das-halbfinale-des-poetry-aloud-wettbewerbs-2014\/\" \/>\n<meta property=\"og:site_name\" content=\"St. Kilian&#039;s German School, Dublin\" \/>\n<meta property=\"article:published_time\" content=\"2014-10-30T11:26:41+00:00\" \/>\n<meta property=\"article:modified_time\" content=\"2014-10-30T11:34:53+00:00\" \/>\n<meta property=\"og:image\" content=\"http:\/\/kilians.wpengine.com\/wp-content\/uploads\/2014\/10\/Poetry-Aloud-Competition.jpg\" \/>\n<meta name=\"twitter:card\" content=\"summary\" \/>\n<meta name=\"twitter:label1\" content=\"Verfasst von\" \/>\n\t<meta name=\"twitter:data1\" content=\"marketingadmin\" \/>\n\t<meta name=\"twitter:label2\" content=\"Gesch\u00e4tzte Lesezeit\" \/>\n\t<meta name=\"twitter:data2\" content=\"1 minute\" \/>\n<script type=\"application\/ld+json\" class=\"yoast-schema-graph\">{\"@context\":\"https:\/\/schema.org\",\"@graph\":[{\"@type\":\"Organization\",\"@id\":\"https:\/\/www.kilians.com\/#organization\",\"name\":\"St. Kilian's\",\"url\":\"https:\/\/www.kilians.com\/\",\"sameAs\":[],\"logo\":{\"@type\":\"ImageObject\",\"@id\":\"https:\/\/www.kilians.com\/#logo\",\"inLanguage\":\"de-DE\",\"url\":\"https:\/\/www.kilians.com\/wp-content\/uploads\/2017\/02\/StKilians_MasterLogo_Colour-1.png\",\"contentUrl\":\"https:\/\/www.kilians.com\/wp-content\/uploads\/2017\/02\/StKilians_MasterLogo_Colour-1.png\",\"width\":768,\"height\":1240,\"caption\":\"St. Kilian's\"},\"image\":{\"@id\":\"https:\/\/www.kilians.com\/#logo\"}},{\"@type\":\"WebSite\",\"@id\":\"https:\/\/www.kilians.com\/#website\",\"url\":\"https:\/\/www.kilians.com\/\",\"name\":\"St. Kilian&#039;s German School, Dublin\",\"description\":\"\",\"publisher\":{\"@id\":\"https:\/\/www.kilians.com\/#organization\"},\"potentialAction\":[{\"@type\":\"SearchAction\",\"target\":{\"@type\":\"EntryPoint\",\"urlTemplate\":\"https:\/\/www.kilians.com\/?s={search_term_string}\"},\"query-input\":\"required name=search_term_string\"}],\"inLanguage\":\"de-DE\"},{\"@type\":\"ImageObject\",\"@id\":\"https:\/\/www.kilians.com\/de\/news\/2014\/nikolai-gladychev-erreicht-das-halbfinale-des-poetry-aloud-wettbewerbs-2014\/#primaryimage\",\"inLanguage\":\"de-DE\",\"url\":\"http:\/\/kilians.wpengine.com\/wp-content\/uploads\/2014\/10\/Poetry-Aloud-Competition.jpg\",\"contentUrl\":\"http:\/\/kilians.wpengine.com\/wp-content\/uploads\/2014\/10\/Poetry-Aloud-Competition.jpg\"},{\"@type\":\"WebPage\",\"@id\":\"https:\/\/www.kilians.com\/de\/news\/2014\/nikolai-gladychev-erreicht-das-halbfinale-des-poetry-aloud-wettbewerbs-2014\/#webpage\",\"url\":\"https:\/\/www.kilians.com\/de\/news\/2014\/nikolai-gladychev-erreicht-das-halbfinale-des-poetry-aloud-wettbewerbs-2014\/\",\"name\":\"Nikolai Gladyshev erreicht das Halbfinale des Poetry Aloud Wettbewerbs 2014 - St. Kilian&#039;s German School, Dublin\",\"isPartOf\":{\"@id\":\"https:\/\/www.kilians.com\/#website\"},\"primaryImageOfPage\":{\"@id\":\"https:\/\/www.kilians.com\/de\/news\/2014\/nikolai-gladychev-erreicht-das-halbfinale-des-poetry-aloud-wettbewerbs-2014\/#primaryimage\"},\"datePublished\":\"2014-10-30T11:26:41+00:00\",\"dateModified\":\"2014-10-30T11:34:53+00:00\",\"breadcrumb\":{\"@id\":\"https:\/\/www.kilians.com\/de\/news\/2014\/nikolai-gladychev-erreicht-das-halbfinale-des-poetry-aloud-wettbewerbs-2014\/#breadcrumb\"},\"inLanguage\":\"de-DE\",\"potentialAction\":[{\"@type\":\"ReadAction\",\"target\":[\"https:\/\/www.kilians.com\/de\/news\/2014\/nikolai-gladychev-erreicht-das-halbfinale-des-poetry-aloud-wettbewerbs-2014\/\"]}]},{\"@type\":\"BreadcrumbList\",\"@id\":\"https:\/\/www.kilians.com\/de\/news\/2014\/nikolai-gladychev-erreicht-das-halbfinale-des-poetry-aloud-wettbewerbs-2014\/#breadcrumb\",\"itemListElement\":[{\"@type\":\"ListItem\",\"position\":1,\"name\":\"Home\",\"item\":\"https:\/\/www.kilians.com\/de\/\"},{\"@type\":\"ListItem\",\"position\":2,\"name\":\"Nikolai Gladyshev erreicht das Halbfinale des Poetry Aloud Wettbewerbs 2014\"}]},{\"@type\":\"Article\",\"@id\":\"https:\/\/www.kilians.com\/de\/news\/2014\/nikolai-gladychev-erreicht-das-halbfinale-des-poetry-aloud-wettbewerbs-2014\/#article\",\"isPartOf\":{\"@id\":\"https:\/\/www.kilians.com\/de\/news\/2014\/nikolai-gladychev-erreicht-das-halbfinale-des-poetry-aloud-wettbewerbs-2014\/#webpage\"},\"author\":{\"@id\":\"https:\/\/www.kilians.com\/#\/schema\/person\/d66fd270fc10b6a48b300e500c5f9edd\"},\"headline\":\"Nikolai Gladyshev erreicht das Halbfinale des Poetry Aloud Wettbewerbs 2014\",\"datePublished\":\"2014-10-30T11:26:41+00:00\",\"dateModified\":\"2014-10-30T11:34:53+00:00\",\"mainEntityOfPage\":{\"@id\":\"https:\/\/www.kilians.com\/de\/news\/2014\/nikolai-gladychev-erreicht-das-halbfinale-des-poetry-aloud-wettbewerbs-2014\/#webpage\"},\"wordCount\":248,\"publisher\":{\"@id\":\"https:\/\/www.kilians.com\/#organization\"},\"image\":{\"@id\":\"https:\/\/www.kilians.com\/de\/news\/2014\/nikolai-gladychev-erreicht-das-halbfinale-des-poetry-aloud-wettbewerbs-2014\/#primaryimage\"},\"thumbnailUrl\":\"http:\/\/kilians.wpengine.com\/wp-content\/uploads\/2014\/10\/Poetry-Aloud-Competition.jpg\",\"articleSection\":[\"Nachrichten\",\"Sekundarstufe\"],\"inLanguage\":\"de-DE\"},{\"@type\":\"Person\",\"@id\":\"https:\/\/www.kilians.com\/#\/schema\/person\/d66fd270fc10b6a48b300e500c5f9edd\",\"name\":\"marketingadmin\",\"url\":\"https:\/\/www.kilians.com\/de\/news\/author\/marketingadmin\/\"}]}<\/script>\n<!-- \/ Yoast SEO plugin. -->","yoast_head_json":{"robots":{"index":"index","follow":"follow","max-snippet":"max-snippet:-1","max-image-preview":"max-image-preview:large","max-video-preview":"max-video-preview:-1"},"canonical":"https:\/\/www.kilians.com\/de\/news\/2014\/nikolai-gladychev-erreicht-das-halbfinale-des-poetry-aloud-wettbewerbs-2014\/","og_locale":"de_DE","og_type":"article","og_title":"Nikolai Gladyshev erreicht das Halbfinale des Poetry Aloud Wettbewerbs 2014  - St. Kilian&#039;s German School, Dublin","og_description":"Wir gratulieren Nikolai Gladyshev (10A), der die erste Runde des diesj\u00e4hrigen Poetry Aloud Wettbewerbs erfolgreich gemeistert hat und die St.Kilian\u2019s Deutsche Schule Dublin nun im... Weiterlesen","og_url":"https:\/\/www.kilians.com\/de\/news\/2014\/nikolai-gladychev-erreicht-das-halbfinale-des-poetry-aloud-wettbewerbs-2014\/","og_site_name":"St. Kilian&#039;s German School, Dublin","article_published_time":"2014-10-30T11:26:41+00:00","article_modified_time":"2014-10-30T11:34:53+00:00","og_image":[{"url":"http:\/\/kilians.wpengine.com\/wp-content\/uploads\/2014\/10\/Poetry-Aloud-Competition.jpg"}],"twitter_card":"summary","twitter_misc":{"Verfasst von":"marketingadmin","Gesch\u00e4tzte Lesezeit":"1 minute"},"schema":{"@context":"https:\/\/schema.org","@graph":[{"@type":"Organization","@id":"https:\/\/www.kilians.com\/#organization","name":"St. Kilian's","url":"https:\/\/www.kilians.com\/","sameAs":[],"logo":{"@type":"ImageObject","@id":"https:\/\/www.kilians.com\/#logo","inLanguage":"de-DE","url":"https:\/\/www.kilians.com\/wp-content\/uploads\/2017\/02\/StKilians_MasterLogo_Colour-1.png","contentUrl":"https:\/\/www.kilians.com\/wp-content\/uploads\/2017\/02\/StKilians_MasterLogo_Colour-1.png","width":768,"height":1240,"caption":"St. Kilian's"},"image":{"@id":"https:\/\/www.kilians.com\/#logo"}},{"@type":"WebSite","@id":"https:\/\/www.kilians.com\/#website","url":"https:\/\/www.kilians.com\/","name":"St. Kilian&#039;s German School, Dublin","description":"","publisher":{"@id":"https:\/\/www.kilians.com\/#organization"},"potentialAction":[{"@type":"SearchAction","target":{"@type":"EntryPoint","urlTemplate":"https:\/\/www.kilians.com\/?s={search_term_string}"},"query-input":"required name=search_term_string"}],"inLanguage":"de-DE"},{"@type":"ImageObject","@id":"https:\/\/www.kilians.com\/de\/news\/2014\/nikolai-gladychev-erreicht-das-halbfinale-des-poetry-aloud-wettbewerbs-2014\/#primaryimage","inLanguage":"de-DE","url":"http:\/\/kilians.wpengine.com\/wp-content\/uploads\/2014\/10\/Poetry-Aloud-Competition.jpg","contentUrl":"http:\/\/kilians.wpengine.com\/wp-content\/uploads\/2014\/10\/Poetry-Aloud-Competition.jpg"},{"@type":"WebPage","@id":"https:\/\/www.kilians.com\/de\/news\/2014\/nikolai-gladychev-erreicht-das-halbfinale-des-poetry-aloud-wettbewerbs-2014\/#webpage","url":"https:\/\/www.kilians.com\/de\/news\/2014\/nikolai-gladychev-erreicht-das-halbfinale-des-poetry-aloud-wettbewerbs-2014\/","name":"Nikolai Gladyshev erreicht das Halbfinale des Poetry Aloud Wettbewerbs 2014 - St. Kilian&#039;s German School, Dublin","isPartOf":{"@id":"https:\/\/www.kilians.com\/#website"},"primaryImageOfPage":{"@id":"https:\/\/www.kilians.com\/de\/news\/2014\/nikolai-gladychev-erreicht-das-halbfinale-des-poetry-aloud-wettbewerbs-2014\/#primaryimage"},"datePublished":"2014-10-30T11:26:41+00:00","dateModified":"2014-10-30T11:34:53+00:00","breadcrumb":{"@id":"https:\/\/www.kilians.com\/de\/news\/2014\/nikolai-gladychev-erreicht-das-halbfinale-des-poetry-aloud-wettbewerbs-2014\/#breadcrumb"},"inLanguage":"de-DE","potentialAction":[{"@type":"ReadAction","target":["https:\/\/www.kilians.com\/de\/news\/2014\/nikolai-gladychev-erreicht-das-halbfinale-des-poetry-aloud-wettbewerbs-2014\/"]}]},{"@type":"BreadcrumbList","@id":"https:\/\/www.kilians.com\/de\/news\/2014\/nikolai-gladychev-erreicht-das-halbfinale-des-poetry-aloud-wettbewerbs-2014\/#breadcrumb","itemListElement":[{"@type":"ListItem","position":1,"name":"Home","item":"https:\/\/www.kilians.com\/de\/"},{"@type":"ListItem","position":2,"name":"Nikolai Gladyshev erreicht das Halbfinale des Poetry Aloud Wettbewerbs 2014"}]},{"@type":"Article","@id":"https:\/\/www.kilians.com\/de\/news\/2014\/nikolai-gladychev-erreicht-das-halbfinale-des-poetry-aloud-wettbewerbs-2014\/#article","isPartOf":{"@id":"https:\/\/www.kilians.com\/de\/news\/2014\/nikolai-gladychev-erreicht-das-halbfinale-des-poetry-aloud-wettbewerbs-2014\/#webpage"},"author":{"@id":"https:\/\/www.kilians.com\/#\/schema\/person\/d66fd270fc10b6a48b300e500c5f9edd"},"headline":"Nikolai Gladyshev erreicht das Halbfinale des Poetry Aloud Wettbewerbs 2014","datePublished":"2014-10-30T11:26:41+00:00","dateModified":"2014-10-30T11:34:53+00:00","mainEntityOfPage":{"@id":"https:\/\/www.kilians.com\/de\/news\/2014\/nikolai-gladychev-erreicht-das-halbfinale-des-poetry-aloud-wettbewerbs-2014\/#webpage"},"wordCount":248,"publisher":{"@id":"https:\/\/www.kilians.com\/#organization"},"image":{"@id":"https:\/\/www.kilians.com\/de\/news\/2014\/nikolai-gladychev-erreicht-das-halbfinale-des-poetry-aloud-wettbewerbs-2014\/#primaryimage"},"thumbnailUrl":"http:\/\/kilians.wpengine.com\/wp-content\/uploads\/2014\/10\/Poetry-Aloud-Competition.jpg","articleSection":["Nachrichten","Sekundarstufe"],"inLanguage":"de-DE"},{"@type":"Person","@id":"https:\/\/www.kilians.com\/#\/schema\/person\/d66fd270fc10b6a48b300e500c5f9edd","name":"marketingadmin","url":"https:\/\/www.kilians.com\/de\/news\/author\/marketingadmin\/"}]}},"_links":{"self":[{"href":"https:\/\/www.kilians.com\/de\/wp-json\/wp\/v2\/posts\/11574\/"}],"collection":[{"href":"https:\/\/www.kilians.com\/de\/wp-json\/wp\/v2\/posts\/"}],"about":[{"href":"https:\/\/www.kilians.com\/de\/wp-json\/wp\/v2\/types\/post\/"}],"author":[{"embeddable":true,"href":"https:\/\/www.kilians.com\/de\/wp-json\/wp\/v2\/users\/1\/"}],"replies":[{"embeddable":true,"href":"https:\/\/www.kilians.com\/de\/wp-json\/wp\/v2\/comments\/?post=11574"}],"version-history":[{"count":0,"href":"https:\/\/www.kilians.com\/de\/wp-json\/wp\/v2\/posts\/11574\/revisions\/"}],"wp:attachment":[{"href":"https:\/\/www.kilians.com\/de\/wp-json\/wp\/v2\/media\/?parent=11574"}],"wp:term":[{"taxonomy":"category","embeddable":true,"href":"https:\/\/www.kilians.com\/de\/wp-json\/wp\/v2\/categories\/?post=11574"},{"taxonomy":"post_tag","embeddable":true,"href":"https:\/\/www.kilians.com\/de\/wp-json\/wp\/v2\/tags\/?post=11574"}],"curies":[{"name":"wp","href":"https:\/\/api.w.org\/{rel}","templated":true}]}}