{"id":12219,"date":"2015-01-06T11:15:56","date_gmt":"2015-01-06T11:15:56","guid":{"rendered":"http:\/\/kilians.wpengine.com\/?p=12219"},"modified":"2015-01-07T09:46:04","modified_gmt":"2015-01-07T09:46:04","slug":"deutsches-sprachdiplom-ii-mundliche-prufungen","status":"publish","type":"post","link":"https:\/\/www.kilians.com\/de\/news\/2015\/deutsches-sprachdiplom-ii-mundliche-prufungen\/","title":{"rendered":"Deutsches Sprachdiplom II m\u00fcndliche Pr\u00fcfungen"},"content":{"rendered":"<p><a href=\"http:\/\/kilians.wpengine.com\/wp-content\/uploads\/2012\/07\/DSD-Logo_jpg.jpg\"><img loading=\"lazy\" decoding=\"async\" class=\"  wp-image-12193 alignright\" src=\"http:\/\/kilians.wpengine.com\/wp-content\/uploads\/2012\/07\/DSD-Logo_jpg-1024x742.jpg\" alt=\"DSD-Logo_jpg\" width=\"163\" height=\"118\" \/><\/a>Wir w\u00fcnschen allen Sch\u00fclern der Klassen 12 viel Erfolg bei den m\u00fcndlichen Pr\u00fcfungen vom 6. bis 9. Januar 2015 zur Erlangung des Deutschen Sprachdiploms II.<\/p>\n<p><!--more-->Weitere Information zum Deutschen Sprachdiplom finden Sie auf der Webseite der <a href=\"http:\/\/www.bva.bund.de\/DE\/Organisation\/Abteilungen\/Abteilung_ZfA\/Auslandsschularbeit\/DSD\/node.html\" target=\"_blank\">Kultusministerkonferenz<\/a> und im\u00a0<a href=\"http:\/\/kilians.wpengine.com\/wp-content\/uploads\/2012\/07\/DSD_Flyer_deutsch1.pdf\" target=\"_blank\">DSD_Flyer_deutsch<\/a>.<\/p>\n<p>&nbsp;<\/p>\n<p><a href=\"http:\/\/kilians.wpengine.com\/wp-content\/uploads\/2015\/01\/P1060430.jpg\"><img loading=\"lazy\" decoding=\"async\" class=\"alignnone  wp-image-12217\" src=\"http:\/\/kilians.wpengine.com\/wp-content\/uploads\/2015\/01\/P1060430-1024x768.jpg\" alt=\"Deutsches Sprachdiplom DSD\" width=\"447\" height=\"335\" \/><\/a><\/p>\n","protected":false},"excerpt":{"rendered":"<p>Wir w\u00fcnschen allen Sch\u00fclern der Klassen 12 viel Erfolg bei den m\u00fcndlichen Pr\u00fcfungen vom 6. bis 9. Januar 2015 zur Erlangung des Deutschen Sprachdiploms II.<\/p>\n","protected":false},"author":1,"featured_media":0,"comment_status":"closed","ping_status":"closed","sticky":false,"template":"","format":"standard","meta":{"footnotes":""},"categories":[6],"tags":[],"class_list":{"0":"post-12219","1":"post","2":"type-post","3":"status-publish","4":"format-standard","6":"category-nachrichten","7":"entry"},"yoast_head":"<!-- This site is optimized with the Yoast SEO plugin v17.2.1 - https:\/\/yoast.com\/wordpress\/plugins\/seo\/ -->\n<meta name=\"robots\" content=\"index, follow, max-snippet:-1, max-image-preview:large, max-video-preview:-1\" \/>\n<link rel=\"canonical\" href=\"https:\/\/www.kilians.com\/de\/news\/2015\/deutsches-sprachdiplom-ii-mundliche-prufungen\/\" \/>\n<meta property=\"og:locale\" content=\"de_DE\" \/>\n<meta property=\"og:type\" content=\"article\" \/>\n<meta property=\"og:title\" content=\"Deutsches Sprachdiplom II m\u00fcndliche Pr\u00fcfungen - St. Kilian&#039;s German School, Dublin\" \/>\n<meta property=\"og:description\" content=\"Wir w\u00fcnschen allen Sch\u00fclern der Klassen 12 viel Erfolg bei den m\u00fcndlichen Pr\u00fcfungen vom 6. bis 9. Januar 2015 zur Erlangung des Deutschen Sprachdiploms II.\" \/>\n<meta property=\"og:url\" content=\"https:\/\/www.kilians.com\/de\/news\/2015\/deutsches-sprachdiplom-ii-mundliche-prufungen\/\" \/>\n<meta property=\"og:site_name\" content=\"St. Kilian&#039;s German School, Dublin\" \/>\n<meta property=\"article:published_time\" content=\"2015-01-06T11:15:56+00:00\" \/>\n<meta property=\"article:modified_time\" content=\"2015-01-07T09:46:04+00:00\" \/>\n<meta property=\"og:image\" content=\"http:\/\/kilians.wpengine.com\/wp-content\/uploads\/2012\/07\/DSD-Logo_jpg-1024x742.jpg\" \/>\n<meta name=\"twitter:card\" content=\"summary\" \/>\n<meta name=\"twitter:label1\" content=\"Verfasst von\" \/>\n\t<meta name=\"twitter:data1\" content=\"marketingadmin\" \/>\n<script type=\"application\/ld+json\" class=\"yoast-schema-graph\">{\"@context\":\"https:\/\/schema.org\",\"@graph\":[{\"@type\":\"Organization\",\"@id\":\"https:\/\/www.kilians.com\/#organization\",\"name\":\"St. Kilian's\",\"url\":\"https:\/\/www.kilians.com\/\",\"sameAs\":[],\"logo\":{\"@type\":\"ImageObject\",\"@id\":\"https:\/\/www.kilians.com\/#logo\",\"inLanguage\":\"de-DE\",\"url\":\"https:\/\/www.kilians.com\/wp-content\/uploads\/2017\/02\/StKilians_MasterLogo_Colour-1.png\",\"contentUrl\":\"https:\/\/www.kilians.com\/wp-content\/uploads\/2017\/02\/StKilians_MasterLogo_Colour-1.png\",\"width\":768,\"height\":1240,\"caption\":\"St. Kilian's\"},\"image\":{\"@id\":\"https:\/\/www.kilians.com\/#logo\"}},{\"@type\":\"WebSite\",\"@id\":\"https:\/\/www.kilians.com\/#website\",\"url\":\"https:\/\/www.kilians.com\/\",\"name\":\"St. Kilian&#039;s German School, Dublin\",\"description\":\"\",\"publisher\":{\"@id\":\"https:\/\/www.kilians.com\/#organization\"},\"potentialAction\":[{\"@type\":\"SearchAction\",\"target\":{\"@type\":\"EntryPoint\",\"urlTemplate\":\"https:\/\/www.kilians.com\/?s={search_term_string}\"},\"query-input\":\"required name=search_term_string\"}],\"inLanguage\":\"de-DE\"},{\"@type\":\"ImageObject\",\"@id\":\"https:\/\/www.kilians.com\/de\/news\/2015\/deutsches-sprachdiplom-ii-mundliche-prufungen\/#primaryimage\",\"inLanguage\":\"de-DE\",\"url\":\"http:\/\/kilians.wpengine.com\/wp-content\/uploads\/2012\/07\/DSD-Logo_jpg-1024x742.jpg\",\"contentUrl\":\"http:\/\/kilians.wpengine.com\/wp-content\/uploads\/2012\/07\/DSD-Logo_jpg-1024x742.jpg\"},{\"@type\":\"WebPage\",\"@id\":\"https:\/\/www.kilians.com\/de\/news\/2015\/deutsches-sprachdiplom-ii-mundliche-prufungen\/#webpage\",\"url\":\"https:\/\/www.kilians.com\/de\/news\/2015\/deutsches-sprachdiplom-ii-mundliche-prufungen\/\",\"name\":\"Deutsches Sprachdiplom II m\\u00fcndliche Pr\\u00fcfungen - St. Kilian&#039;s German School, Dublin\",\"isPartOf\":{\"@id\":\"https:\/\/www.kilians.com\/#website\"},\"primaryImageOfPage\":{\"@id\":\"https:\/\/www.kilians.com\/de\/news\/2015\/deutsches-sprachdiplom-ii-mundliche-prufungen\/#primaryimage\"},\"datePublished\":\"2015-01-06T11:15:56+00:00\",\"dateModified\":\"2015-01-07T09:46:04+00:00\",\"breadcrumb\":{\"@id\":\"https:\/\/www.kilians.com\/de\/news\/2015\/deutsches-sprachdiplom-ii-mundliche-prufungen\/#breadcrumb\"},\"inLanguage\":\"de-DE\",\"potentialAction\":[{\"@type\":\"ReadAction\",\"target\":[\"https:\/\/www.kilians.com\/de\/news\/2015\/deutsches-sprachdiplom-ii-mundliche-prufungen\/\"]}]},{\"@type\":\"BreadcrumbList\",\"@id\":\"https:\/\/www.kilians.com\/de\/news\/2015\/deutsches-sprachdiplom-ii-mundliche-prufungen\/#breadcrumb\",\"itemListElement\":[{\"@type\":\"ListItem\",\"position\":1,\"name\":\"Home\",\"item\":\"https:\/\/www.kilians.com\/de\/\"},{\"@type\":\"ListItem\",\"position\":2,\"name\":\"Deutsches Sprachdiplom II m\\u00fcndliche Pr\\u00fcfungen\"}]},{\"@type\":\"Article\",\"@id\":\"https:\/\/www.kilians.com\/de\/news\/2015\/deutsches-sprachdiplom-ii-mundliche-prufungen\/#article\",\"isPartOf\":{\"@id\":\"https:\/\/www.kilians.com\/de\/news\/2015\/deutsches-sprachdiplom-ii-mundliche-prufungen\/#webpage\"},\"author\":{\"@id\":\"https:\/\/www.kilians.com\/#\/schema\/person\/d66fd270fc10b6a48b300e500c5f9edd\"},\"headline\":\"Deutsches Sprachdiplom II m\\u00fcndliche Pr\\u00fcfungen\",\"datePublished\":\"2015-01-06T11:15:56+00:00\",\"dateModified\":\"2015-01-07T09:46:04+00:00\",\"mainEntityOfPage\":{\"@id\":\"https:\/\/www.kilians.com\/de\/news\/2015\/deutsches-sprachdiplom-ii-mundliche-prufungen\/#webpage\"},\"wordCount\":50,\"publisher\":{\"@id\":\"https:\/\/www.kilians.com\/#organization\"},\"image\":{\"@id\":\"https:\/\/www.kilians.com\/de\/news\/2015\/deutsches-sprachdiplom-ii-mundliche-prufungen\/#primaryimage\"},\"thumbnailUrl\":\"http:\/\/kilians.wpengine.com\/wp-content\/uploads\/2012\/07\/DSD-Logo_jpg-1024x742.jpg\",\"articleSection\":[\"Nachrichten\"],\"inLanguage\":\"de-DE\"},{\"@type\":\"Person\",\"@id\":\"https:\/\/www.kilians.com\/#\/schema\/person\/d66fd270fc10b6a48b300e500c5f9edd\",\"name\":\"marketingadmin\",\"url\":\"https:\/\/www.kilians.com\/de\/news\/author\/marketingadmin\/\"}]}<\/script>\n<!-- \/ Yoast SEO plugin. -->","yoast_head_json":{"robots":{"index":"index","follow":"follow","max-snippet":"max-snippet:-1","max-image-preview":"max-image-preview:large","max-video-preview":"max-video-preview:-1"},"canonical":"https:\/\/www.kilians.com\/de\/news\/2015\/deutsches-sprachdiplom-ii-mundliche-prufungen\/","og_locale":"de_DE","og_type":"article","og_title":"Deutsches Sprachdiplom II m\u00fcndliche Pr\u00fcfungen - St. Kilian&#039;s German School, Dublin","og_description":"Wir w\u00fcnschen allen Sch\u00fclern der Klassen 12 viel Erfolg bei den m\u00fcndlichen Pr\u00fcfungen vom 6. bis 9. Januar 2015 zur Erlangung des Deutschen Sprachdiploms II.","og_url":"https:\/\/www.kilians.com\/de\/news\/2015\/deutsches-sprachdiplom-ii-mundliche-prufungen\/","og_site_name":"St. Kilian&#039;s German School, Dublin","article_published_time":"2015-01-06T11:15:56+00:00","article_modified_time":"2015-01-07T09:46:04+00:00","og_image":[{"url":"http:\/\/kilians.wpengine.com\/wp-content\/uploads\/2012\/07\/DSD-Logo_jpg-1024x742.jpg"}],"twitter_card":"summary","twitter_misc":{"Verfasst von":"marketingadmin"},"schema":{"@context":"https:\/\/schema.org","@graph":[{"@type":"Organization","@id":"https:\/\/www.kilians.com\/#organization","name":"St. Kilian's","url":"https:\/\/www.kilians.com\/","sameAs":[],"logo":{"@type":"ImageObject","@id":"https:\/\/www.kilians.com\/#logo","inLanguage":"de-DE","url":"https:\/\/www.kilians.com\/wp-content\/uploads\/2017\/02\/StKilians_MasterLogo_Colour-1.png","contentUrl":"https:\/\/www.kilians.com\/wp-content\/uploads\/2017\/02\/StKilians_MasterLogo_Colour-1.png","width":768,"height":1240,"caption":"St. Kilian's"},"image":{"@id":"https:\/\/www.kilians.com\/#logo"}},{"@type":"WebSite","@id":"https:\/\/www.kilians.com\/#website","url":"https:\/\/www.kilians.com\/","name":"St. Kilian&#039;s German School, Dublin","description":"","publisher":{"@id":"https:\/\/www.kilians.com\/#organization"},"potentialAction":[{"@type":"SearchAction","target":{"@type":"EntryPoint","urlTemplate":"https:\/\/www.kilians.com\/?s={search_term_string}"},"query-input":"required name=search_term_string"}],"inLanguage":"de-DE"},{"@type":"ImageObject","@id":"https:\/\/www.kilians.com\/de\/news\/2015\/deutsches-sprachdiplom-ii-mundliche-prufungen\/#primaryimage","inLanguage":"de-DE","url":"http:\/\/kilians.wpengine.com\/wp-content\/uploads\/2012\/07\/DSD-Logo_jpg-1024x742.jpg","contentUrl":"http:\/\/kilians.wpengine.com\/wp-content\/uploads\/2012\/07\/DSD-Logo_jpg-1024x742.jpg"},{"@type":"WebPage","@id":"https:\/\/www.kilians.com\/de\/news\/2015\/deutsches-sprachdiplom-ii-mundliche-prufungen\/#webpage","url":"https:\/\/www.kilians.com\/de\/news\/2015\/deutsches-sprachdiplom-ii-mundliche-prufungen\/","name":"Deutsches Sprachdiplom II m\u00fcndliche Pr\u00fcfungen - St. Kilian&#039;s German School, Dublin","isPartOf":{"@id":"https:\/\/www.kilians.com\/#website"},"primaryImageOfPage":{"@id":"https:\/\/www.kilians.com\/de\/news\/2015\/deutsches-sprachdiplom-ii-mundliche-prufungen\/#primaryimage"},"datePublished":"2015-01-06T11:15:56+00:00","dateModified":"2015-01-07T09:46:04+00:00","breadcrumb":{"@id":"https:\/\/www.kilians.com\/de\/news\/2015\/deutsches-sprachdiplom-ii-mundliche-prufungen\/#breadcrumb"},"inLanguage":"de-DE","potentialAction":[{"@type":"ReadAction","target":["https:\/\/www.kilians.com\/de\/news\/2015\/deutsches-sprachdiplom-ii-mundliche-prufungen\/"]}]},{"@type":"BreadcrumbList","@id":"https:\/\/www.kilians.com\/de\/news\/2015\/deutsches-sprachdiplom-ii-mundliche-prufungen\/#breadcrumb","itemListElement":[{"@type":"ListItem","position":1,"name":"Home","item":"https:\/\/www.kilians.com\/de\/"},{"@type":"ListItem","position":2,"name":"Deutsches Sprachdiplom II m\u00fcndliche Pr\u00fcfungen"}]},{"@type":"Article","@id":"https:\/\/www.kilians.com\/de\/news\/2015\/deutsches-sprachdiplom-ii-mundliche-prufungen\/#article","isPartOf":{"@id":"https:\/\/www.kilians.com\/de\/news\/2015\/deutsches-sprachdiplom-ii-mundliche-prufungen\/#webpage"},"author":{"@id":"https:\/\/www.kilians.com\/#\/schema\/person\/d66fd270fc10b6a48b300e500c5f9edd"},"headline":"Deutsches Sprachdiplom II m\u00fcndliche Pr\u00fcfungen","datePublished":"2015-01-06T11:15:56+00:00","dateModified":"2015-01-07T09:46:04+00:00","mainEntityOfPage":{"@id":"https:\/\/www.kilians.com\/de\/news\/2015\/deutsches-sprachdiplom-ii-mundliche-prufungen\/#webpage"},"wordCount":50,"publisher":{"@id":"https:\/\/www.kilians.com\/#organization"},"image":{"@id":"https:\/\/www.kilians.com\/de\/news\/2015\/deutsches-sprachdiplom-ii-mundliche-prufungen\/#primaryimage"},"thumbnailUrl":"http:\/\/kilians.wpengine.com\/wp-content\/uploads\/2012\/07\/DSD-Logo_jpg-1024x742.jpg","articleSection":["Nachrichten"],"inLanguage":"de-DE"},{"@type":"Person","@id":"https:\/\/www.kilians.com\/#\/schema\/person\/d66fd270fc10b6a48b300e500c5f9edd","name":"marketingadmin","url":"https:\/\/www.kilians.com\/de\/news\/author\/marketingadmin\/"}]}},"_links":{"self":[{"href":"https:\/\/www.kilians.com\/de\/wp-json\/wp\/v2\/posts\/12219\/"}],"collection":[{"href":"https:\/\/www.kilians.com\/de\/wp-json\/wp\/v2\/posts\/"}],"about":[{"href":"https:\/\/www.kilians.com\/de\/wp-json\/wp\/v2\/types\/post\/"}],"author":[{"embeddable":true,"href":"https:\/\/www.kilians.com\/de\/wp-json\/wp\/v2\/users\/1\/"}],"replies":[{"embeddable":true,"href":"https:\/\/www.kilians.com\/de\/wp-json\/wp\/v2\/comments\/?post=12219"}],"version-history":[{"count":0,"href":"https:\/\/www.kilians.com\/de\/wp-json\/wp\/v2\/posts\/12219\/revisions\/"}],"wp:attachment":[{"href":"https:\/\/www.kilians.com\/de\/wp-json\/wp\/v2\/media\/?parent=12219"}],"wp:term":[{"taxonomy":"category","embeddable":true,"href":"https:\/\/www.kilians.com\/de\/wp-json\/wp\/v2\/categories\/?post=12219"},{"taxonomy":"post_tag","embeddable":true,"href":"https:\/\/www.kilians.com\/de\/wp-json\/wp\/v2\/tags\/?post=12219"}],"curies":[{"name":"wp","href":"https:\/\/api.w.org\/{rel}","templated":true}]}}