{"id":12366,"date":"2015-01-06T13:26:43","date_gmt":"2015-01-06T13:26:43","guid":{"rendered":"http:\/\/kilians.wpengine.com\/?p=12366"},"modified":"2015-01-21T09:20:52","modified_gmt":"2015-01-21T09:20:52","slug":"jugend-und-kinder-musizieren-20142015-st-kilians-jahrlicher-musikwettbewerb","status":"publish","type":"post","link":"https:\/\/www.kilians.com\/de\/news\/2015\/jugend-und-kinder-musizieren-20142015-st-kilians-jahrlicher-musikwettbewerb\/","title":{"rendered":"Jugend und Kinder musizieren 2014\/2015 \u2013 St. Kilian\u2019s j\u00e4hrlicher Musikwettbewerb"},"content":{"rendered":"<p>Jedes Jahr nimmt St. Kilian\u2019s an diesem musikalischen Ereignis teil. Es handelt sich dabei um einen Wettbewerb, der von dem Deutschen Musikrat in M\u00fcnchen organisiert wird.<!--more--><\/p>\n<p><a href=\"http:\/\/kilians.wpengine.com\/wp-content\/uploads\/2015\/01\/Kimu_Jumu-Poster-2015.jpg\"><img loading=\"lazy\" decoding=\"async\" class=\"  wp-image-12269 alignright\" src=\"http:\/\/kilians.wpengine.com\/wp-content\/uploads\/2015\/01\/Kimu_Jumu-Poster-2015.jpg\" alt=\"Kimu_Jumu Poster 2015\" width=\"232\" height=\"325\" \/><\/a>Sch\u00fcler k\u00f6nnen dabei \u00fcber mehrere Runden hinweg in einer Reihe von Kategorien \u2013 von Klassik zu Pop \u2013 ihre F\u00e4higkeiten unter Beweis stellen und sich mit den Sch\u00fclern anderer Musikschulen in Deutschland messen. In den letzten Jahren haben unsere Sch\u00fcler von Kilian\u00b4s und vom Eurocampus in diesem Wettbewerb herausragende Ergebnisse erzielt. Die Veranstaltung in Dublin wird von Frau Barbara Davitt und Herrn Daithi O\u2019Driscoll organisiert, die sich auch um unsere Sch\u00fcler in den weiteren Runden, die im Ausland stattfinden, k\u00fcmmern.<\/p>\n<p>Die Teilnehmer an diesem Wettbewerb kommen aus 17 Deutschen Schulen in Nord- und Osteuropa, aus Paris, London, Helsinki, Oslo, Stockholm, Kopenhagen, Tallinn, Prag, Budapest, Moskau und Sofia \u2013 und nat\u00fcrlich aus Dublin.<\/p>\n<p>&nbsp;<\/p>\n<h3 style=\"text-align: left;\"><a href=\"http:\/\/kilians.wpengine.com\/wp-content\/uploads\/2013\/09\/jumu.png\"><img loading=\"lazy\" decoding=\"async\" class=\"  wp-image-8876 alignnone\" src=\"http:\/\/kilians.wpengine.com\/wp-content\/uploads\/2013\/09\/jumu.png\" alt=\"Jugend Musiziert\" width=\"58\" height=\"58\" srcset=\"https:\/\/www.kilians.com\/wp-content\/uploads\/2013\/09\/jumu.png 170w, https:\/\/www.kilians.com\/wp-content\/uploads\/2013\/09\/jumu-150x150.png 150w\" sizes=\"auto, (max-width: 58px) 100vw, 58px\" \/><\/a><\/h3>\n<p>Nachfolgend finden Sie wichtige Daten und Informationen zum diesj\u00e4hrigen Wettbewerb.<\/p>\n<table style=\"height: 234px;\" width=\"895\">\n<tbody>\n<tr>\n<td><strong>Event<\/strong><\/td>\n<td><strong>Datum\/Zeit<\/strong><\/td>\n<td><strong>Ort<\/strong><\/td>\n<\/tr>\n<tr>\n<td>Kinder musizieren<\/td>\n<td>22. Januar 2015, 15 Uhr<\/td>\n<td>Musikraum<\/td>\n<\/tr>\n<tr>\n<td>Jugend musiziert\/Klassik<\/td>\n<td>23. Januar 2015, 10 Uhr<\/td>\n<td>Musikraum<\/td>\n<\/tr>\n<tr>\n<td>Mittagessen f\u00fcr all Jumu Teilnehmer<\/td>\n<td>23. January 2015, 13 Uhr<\/td>\n<td>Kantine<\/td>\n<\/tr>\n<tr>\n<td>Jugend musiziert\/Popular Musik<\/td>\n<td>23. January 2015, 14 Uhr<\/td>\n<td>Eingangshalle<\/td>\n<\/tr>\n<tr>\n<td>Konzert (Preistr\u00e4ger des letzten Jahres,<br \/>\ndie diesj\u00e4hrigen Gewinner und Gastauftritte)<\/td>\n<td>23. Januar 2015, 19:30 Uhr<\/td>\n<td>Eingangshalle &#8211; Empfang<br \/>\norganisiert von der Deutschen Botschaft<\/td>\n<\/tr>\n<\/tbody>\n<\/table>\n<h3 style=\"text-align: left;\"><\/h3>\n<h3 style=\"text-align: left;\">Jeder ist herzlich eingeladen!\u00a0<strong>\u00a0<\/strong><\/h3>\n<p>Die genauen Wettbewerbszeiten der Teilnehmer werden am Infoboard in der Assembly am Donnerstag, den 22. Januar ab Mittag 11 Uhr ausgeh\u00e4ngt. Der<br \/>\nSoundcheck f\u00fcr alle Popmusiker findet am Freitagvormittag in der Assembly statt \u2013 first come first served. Die genaue Uhrzeit wird zeitnah bekanntgegeben.<\/p>\n<p>&nbsp;<\/p>\n<p>Hier k\u00f6nnen weitere Informationen heruntergeladen werden:<\/p>\n<p>[download id=&#8221;365&#8243;]<\/p>\n","protected":false},"excerpt":{"rendered":"<p>Jedes Jahr nimmt St. Kilian\u2019s an diesem musikalischen Ereignis teil. Es handelt sich dabei um einen Wettbewerb, der von dem Deutschen Musikrat in M\u00fcnchen organisiert&#8230; <a class=\"find-out-more-link\" href=\"https:\/\/www.kilians.com\/de\/news\/2015\/jugend-und-kinder-musizieren-20142015-st-kilians-jahrlicher-musikwettbewerb\/\">Weiterlesen<\/a> <\/p>\n","protected":false},"author":1,"featured_media":0,"comment_status":"closed","ping_status":"closed","sticky":false,"template":"","format":"standard","meta":{"footnotes":""},"categories":[6],"tags":[],"class_list":{"0":"post-12366","1":"post","2":"type-post","3":"status-publish","4":"format-standard","6":"category-nachrichten","7":"entry"},"yoast_head":"<!-- This site is optimized with the Yoast SEO plugin v17.2.1 - https:\/\/yoast.com\/wordpress\/plugins\/seo\/ -->\n<meta name=\"robots\" content=\"index, follow, max-snippet:-1, max-image-preview:large, max-video-preview:-1\" \/>\n<link rel=\"canonical\" href=\"https:\/\/www.kilians.com\/de\/news\/2015\/jugend-und-kinder-musizieren-20142015-st-kilians-jahrlicher-musikwettbewerb\/\" \/>\n<meta property=\"og:locale\" content=\"de_DE\" \/>\n<meta property=\"og:type\" content=\"article\" \/>\n<meta property=\"og:title\" content=\"Jugend und Kinder musizieren 2014\/2015 \u2013 St. Kilian\u2019s j\u00e4hrlicher Musikwettbewerb - St. Kilian&#039;s German School, Dublin\" \/>\n<meta property=\"og:description\" content=\"Jedes Jahr nimmt St. Kilian\u2019s an diesem musikalischen Ereignis teil. Es handelt sich dabei um einen Wettbewerb, der von dem Deutschen Musikrat in M\u00fcnchen organisiert... Weiterlesen\" \/>\n<meta property=\"og:url\" content=\"https:\/\/www.kilians.com\/de\/news\/2015\/jugend-und-kinder-musizieren-20142015-st-kilians-jahrlicher-musikwettbewerb\/\" \/>\n<meta property=\"og:site_name\" content=\"St. Kilian&#039;s German School, Dublin\" \/>\n<meta property=\"article:published_time\" content=\"2015-01-06T13:26:43+00:00\" \/>\n<meta property=\"article:modified_time\" content=\"2015-01-21T09:20:52+00:00\" \/>\n<meta property=\"og:image\" content=\"http:\/\/kilians.wpengine.com\/wp-content\/uploads\/2015\/01\/Kimu_Jumu-Poster-2015.jpg\" \/>\n<meta name=\"twitter:card\" content=\"summary\" \/>\n<meta name=\"twitter:label1\" content=\"Verfasst von\" \/>\n\t<meta name=\"twitter:data1\" content=\"marketingadmin\" \/>\n\t<meta name=\"twitter:label2\" content=\"Gesch\u00e4tzte Lesezeit\" \/>\n\t<meta name=\"twitter:data2\" content=\"1 minute\" \/>\n<script type=\"application\/ld+json\" class=\"yoast-schema-graph\">{\"@context\":\"https:\/\/schema.org\",\"@graph\":[{\"@type\":\"Organization\",\"@id\":\"https:\/\/www.kilians.com\/#organization\",\"name\":\"St. Kilian's\",\"url\":\"https:\/\/www.kilians.com\/\",\"sameAs\":[],\"logo\":{\"@type\":\"ImageObject\",\"@id\":\"https:\/\/www.kilians.com\/#logo\",\"inLanguage\":\"de-DE\",\"url\":\"https:\/\/www.kilians.com\/wp-content\/uploads\/2017\/02\/StKilians_MasterLogo_Colour-1.png\",\"contentUrl\":\"https:\/\/www.kilians.com\/wp-content\/uploads\/2017\/02\/StKilians_MasterLogo_Colour-1.png\",\"width\":768,\"height\":1240,\"caption\":\"St. Kilian's\"},\"image\":{\"@id\":\"https:\/\/www.kilians.com\/#logo\"}},{\"@type\":\"WebSite\",\"@id\":\"https:\/\/www.kilians.com\/#website\",\"url\":\"https:\/\/www.kilians.com\/\",\"name\":\"St. Kilian&#039;s German School, Dublin\",\"description\":\"\",\"publisher\":{\"@id\":\"https:\/\/www.kilians.com\/#organization\"},\"potentialAction\":[{\"@type\":\"SearchAction\",\"target\":{\"@type\":\"EntryPoint\",\"urlTemplate\":\"https:\/\/www.kilians.com\/?s={search_term_string}\"},\"query-input\":\"required name=search_term_string\"}],\"inLanguage\":\"de-DE\"},{\"@type\":\"ImageObject\",\"@id\":\"https:\/\/www.kilians.com\/de\/news\/2015\/jugend-und-kinder-musizieren-20142015-st-kilians-jahrlicher-musikwettbewerb\/#primaryimage\",\"inLanguage\":\"de-DE\",\"url\":\"http:\/\/kilians.wpengine.com\/wp-content\/uploads\/2015\/01\/Kimu_Jumu-Poster-2015.jpg\",\"contentUrl\":\"http:\/\/kilians.wpengine.com\/wp-content\/uploads\/2015\/01\/Kimu_Jumu-Poster-2015.jpg\"},{\"@type\":\"WebPage\",\"@id\":\"https:\/\/www.kilians.com\/de\/news\/2015\/jugend-und-kinder-musizieren-20142015-st-kilians-jahrlicher-musikwettbewerb\/#webpage\",\"url\":\"https:\/\/www.kilians.com\/de\/news\/2015\/jugend-und-kinder-musizieren-20142015-st-kilians-jahrlicher-musikwettbewerb\/\",\"name\":\"Jugend und Kinder musizieren 2014\/2015 \\u2013 St. Kilian\\u2019s j\\u00e4hrlicher Musikwettbewerb - St. Kilian&#039;s German School, Dublin\",\"isPartOf\":{\"@id\":\"https:\/\/www.kilians.com\/#website\"},\"primaryImageOfPage\":{\"@id\":\"https:\/\/www.kilians.com\/de\/news\/2015\/jugend-und-kinder-musizieren-20142015-st-kilians-jahrlicher-musikwettbewerb\/#primaryimage\"},\"datePublished\":\"2015-01-06T13:26:43+00:00\",\"dateModified\":\"2015-01-21T09:20:52+00:00\",\"breadcrumb\":{\"@id\":\"https:\/\/www.kilians.com\/de\/news\/2015\/jugend-und-kinder-musizieren-20142015-st-kilians-jahrlicher-musikwettbewerb\/#breadcrumb\"},\"inLanguage\":\"de-DE\",\"potentialAction\":[{\"@type\":\"ReadAction\",\"target\":[\"https:\/\/www.kilians.com\/de\/news\/2015\/jugend-und-kinder-musizieren-20142015-st-kilians-jahrlicher-musikwettbewerb\/\"]}]},{\"@type\":\"BreadcrumbList\",\"@id\":\"https:\/\/www.kilians.com\/de\/news\/2015\/jugend-und-kinder-musizieren-20142015-st-kilians-jahrlicher-musikwettbewerb\/#breadcrumb\",\"itemListElement\":[{\"@type\":\"ListItem\",\"position\":1,\"name\":\"Home\",\"item\":\"https:\/\/www.kilians.com\/de\/\"},{\"@type\":\"ListItem\",\"position\":2,\"name\":\"Jugend und Kinder musizieren 2014\/2015 \\u2013 St. Kilian\\u2019s j\\u00e4hrlicher Musikwettbewerb\"}]},{\"@type\":\"Article\",\"@id\":\"https:\/\/www.kilians.com\/de\/news\/2015\/jugend-und-kinder-musizieren-20142015-st-kilians-jahrlicher-musikwettbewerb\/#article\",\"isPartOf\":{\"@id\":\"https:\/\/www.kilians.com\/de\/news\/2015\/jugend-und-kinder-musizieren-20142015-st-kilians-jahrlicher-musikwettbewerb\/#webpage\"},\"author\":{\"@id\":\"https:\/\/www.kilians.com\/#\/schema\/person\/d66fd270fc10b6a48b300e500c5f9edd\"},\"headline\":\"Jugend und Kinder musizieren 2014\/2015 \\u2013 St. Kilian\\u2019s j\\u00e4hrlicher Musikwettbewerb\",\"datePublished\":\"2015-01-06T13:26:43+00:00\",\"dateModified\":\"2015-01-21T09:20:52+00:00\",\"mainEntityOfPage\":{\"@id\":\"https:\/\/www.kilians.com\/de\/news\/2015\/jugend-und-kinder-musizieren-20142015-st-kilians-jahrlicher-musikwettbewerb\/#webpage\"},\"wordCount\":278,\"publisher\":{\"@id\":\"https:\/\/www.kilians.com\/#organization\"},\"image\":{\"@id\":\"https:\/\/www.kilians.com\/de\/news\/2015\/jugend-und-kinder-musizieren-20142015-st-kilians-jahrlicher-musikwettbewerb\/#primaryimage\"},\"thumbnailUrl\":\"http:\/\/kilians.wpengine.com\/wp-content\/uploads\/2015\/01\/Kimu_Jumu-Poster-2015.jpg\",\"articleSection\":[\"Nachrichten\"],\"inLanguage\":\"de-DE\"},{\"@type\":\"Person\",\"@id\":\"https:\/\/www.kilians.com\/#\/schema\/person\/d66fd270fc10b6a48b300e500c5f9edd\",\"name\":\"marketingadmin\",\"url\":\"https:\/\/www.kilians.com\/de\/news\/author\/marketingadmin\/\"}]}<\/script>\n<!-- \/ Yoast SEO plugin. -->","yoast_head_json":{"robots":{"index":"index","follow":"follow","max-snippet":"max-snippet:-1","max-image-preview":"max-image-preview:large","max-video-preview":"max-video-preview:-1"},"canonical":"https:\/\/www.kilians.com\/de\/news\/2015\/jugend-und-kinder-musizieren-20142015-st-kilians-jahrlicher-musikwettbewerb\/","og_locale":"de_DE","og_type":"article","og_title":"Jugend und Kinder musizieren 2014\/2015 \u2013 St. Kilian\u2019s j\u00e4hrlicher Musikwettbewerb - St. Kilian&#039;s German School, Dublin","og_description":"Jedes Jahr nimmt St. Kilian\u2019s an diesem musikalischen Ereignis teil. Es handelt sich dabei um einen Wettbewerb, der von dem Deutschen Musikrat in M\u00fcnchen organisiert... Weiterlesen","og_url":"https:\/\/www.kilians.com\/de\/news\/2015\/jugend-und-kinder-musizieren-20142015-st-kilians-jahrlicher-musikwettbewerb\/","og_site_name":"St. Kilian&#039;s German School, Dublin","article_published_time":"2015-01-06T13:26:43+00:00","article_modified_time":"2015-01-21T09:20:52+00:00","og_image":[{"url":"http:\/\/kilians.wpengine.com\/wp-content\/uploads\/2015\/01\/Kimu_Jumu-Poster-2015.jpg"}],"twitter_card":"summary","twitter_misc":{"Verfasst von":"marketingadmin","Gesch\u00e4tzte Lesezeit":"1 minute"},"schema":{"@context":"https:\/\/schema.org","@graph":[{"@type":"Organization","@id":"https:\/\/www.kilians.com\/#organization","name":"St. Kilian's","url":"https:\/\/www.kilians.com\/","sameAs":[],"logo":{"@type":"ImageObject","@id":"https:\/\/www.kilians.com\/#logo","inLanguage":"de-DE","url":"https:\/\/www.kilians.com\/wp-content\/uploads\/2017\/02\/StKilians_MasterLogo_Colour-1.png","contentUrl":"https:\/\/www.kilians.com\/wp-content\/uploads\/2017\/02\/StKilians_MasterLogo_Colour-1.png","width":768,"height":1240,"caption":"St. Kilian's"},"image":{"@id":"https:\/\/www.kilians.com\/#logo"}},{"@type":"WebSite","@id":"https:\/\/www.kilians.com\/#website","url":"https:\/\/www.kilians.com\/","name":"St. Kilian&#039;s German School, Dublin","description":"","publisher":{"@id":"https:\/\/www.kilians.com\/#organization"},"potentialAction":[{"@type":"SearchAction","target":{"@type":"EntryPoint","urlTemplate":"https:\/\/www.kilians.com\/?s={search_term_string}"},"query-input":"required name=search_term_string"}],"inLanguage":"de-DE"},{"@type":"ImageObject","@id":"https:\/\/www.kilians.com\/de\/news\/2015\/jugend-und-kinder-musizieren-20142015-st-kilians-jahrlicher-musikwettbewerb\/#primaryimage","inLanguage":"de-DE","url":"http:\/\/kilians.wpengine.com\/wp-content\/uploads\/2015\/01\/Kimu_Jumu-Poster-2015.jpg","contentUrl":"http:\/\/kilians.wpengine.com\/wp-content\/uploads\/2015\/01\/Kimu_Jumu-Poster-2015.jpg"},{"@type":"WebPage","@id":"https:\/\/www.kilians.com\/de\/news\/2015\/jugend-und-kinder-musizieren-20142015-st-kilians-jahrlicher-musikwettbewerb\/#webpage","url":"https:\/\/www.kilians.com\/de\/news\/2015\/jugend-und-kinder-musizieren-20142015-st-kilians-jahrlicher-musikwettbewerb\/","name":"Jugend und Kinder musizieren 2014\/2015 \u2013 St. Kilian\u2019s j\u00e4hrlicher Musikwettbewerb - St. Kilian&#039;s German School, Dublin","isPartOf":{"@id":"https:\/\/www.kilians.com\/#website"},"primaryImageOfPage":{"@id":"https:\/\/www.kilians.com\/de\/news\/2015\/jugend-und-kinder-musizieren-20142015-st-kilians-jahrlicher-musikwettbewerb\/#primaryimage"},"datePublished":"2015-01-06T13:26:43+00:00","dateModified":"2015-01-21T09:20:52+00:00","breadcrumb":{"@id":"https:\/\/www.kilians.com\/de\/news\/2015\/jugend-und-kinder-musizieren-20142015-st-kilians-jahrlicher-musikwettbewerb\/#breadcrumb"},"inLanguage":"de-DE","potentialAction":[{"@type":"ReadAction","target":["https:\/\/www.kilians.com\/de\/news\/2015\/jugend-und-kinder-musizieren-20142015-st-kilians-jahrlicher-musikwettbewerb\/"]}]},{"@type":"BreadcrumbList","@id":"https:\/\/www.kilians.com\/de\/news\/2015\/jugend-und-kinder-musizieren-20142015-st-kilians-jahrlicher-musikwettbewerb\/#breadcrumb","itemListElement":[{"@type":"ListItem","position":1,"name":"Home","item":"https:\/\/www.kilians.com\/de\/"},{"@type":"ListItem","position":2,"name":"Jugend und Kinder musizieren 2014\/2015 \u2013 St. Kilian\u2019s j\u00e4hrlicher Musikwettbewerb"}]},{"@type":"Article","@id":"https:\/\/www.kilians.com\/de\/news\/2015\/jugend-und-kinder-musizieren-20142015-st-kilians-jahrlicher-musikwettbewerb\/#article","isPartOf":{"@id":"https:\/\/www.kilians.com\/de\/news\/2015\/jugend-und-kinder-musizieren-20142015-st-kilians-jahrlicher-musikwettbewerb\/#webpage"},"author":{"@id":"https:\/\/www.kilians.com\/#\/schema\/person\/d66fd270fc10b6a48b300e500c5f9edd"},"headline":"Jugend und Kinder musizieren 2014\/2015 \u2013 St. Kilian\u2019s j\u00e4hrlicher Musikwettbewerb","datePublished":"2015-01-06T13:26:43+00:00","dateModified":"2015-01-21T09:20:52+00:00","mainEntityOfPage":{"@id":"https:\/\/www.kilians.com\/de\/news\/2015\/jugend-und-kinder-musizieren-20142015-st-kilians-jahrlicher-musikwettbewerb\/#webpage"},"wordCount":278,"publisher":{"@id":"https:\/\/www.kilians.com\/#organization"},"image":{"@id":"https:\/\/www.kilians.com\/de\/news\/2015\/jugend-und-kinder-musizieren-20142015-st-kilians-jahrlicher-musikwettbewerb\/#primaryimage"},"thumbnailUrl":"http:\/\/kilians.wpengine.com\/wp-content\/uploads\/2015\/01\/Kimu_Jumu-Poster-2015.jpg","articleSection":["Nachrichten"],"inLanguage":"de-DE"},{"@type":"Person","@id":"https:\/\/www.kilians.com\/#\/schema\/person\/d66fd270fc10b6a48b300e500c5f9edd","name":"marketingadmin","url":"https:\/\/www.kilians.com\/de\/news\/author\/marketingadmin\/"}]}},"_links":{"self":[{"href":"https:\/\/www.kilians.com\/de\/wp-json\/wp\/v2\/posts\/12366\/"}],"collection":[{"href":"https:\/\/www.kilians.com\/de\/wp-json\/wp\/v2\/posts\/"}],"about":[{"href":"https:\/\/www.kilians.com\/de\/wp-json\/wp\/v2\/types\/post\/"}],"author":[{"embeddable":true,"href":"https:\/\/www.kilians.com\/de\/wp-json\/wp\/v2\/users\/1\/"}],"replies":[{"embeddable":true,"href":"https:\/\/www.kilians.com\/de\/wp-json\/wp\/v2\/comments\/?post=12366"}],"version-history":[{"count":0,"href":"https:\/\/www.kilians.com\/de\/wp-json\/wp\/v2\/posts\/12366\/revisions\/"}],"wp:attachment":[{"href":"https:\/\/www.kilians.com\/de\/wp-json\/wp\/v2\/media\/?parent=12366"}],"wp:term":[{"taxonomy":"category","embeddable":true,"href":"https:\/\/www.kilians.com\/de\/wp-json\/wp\/v2\/categories\/?post=12366"},{"taxonomy":"post_tag","embeddable":true,"href":"https:\/\/www.kilians.com\/de\/wp-json\/wp\/v2\/tags\/?post=12366"}],"curies":[{"name":"wp","href":"https:\/\/api.w.org\/{rel}","templated":true}]}}