{"id":14846,"date":"2015-05-12T08:13:19","date_gmt":"2015-05-12T08:13:19","guid":{"rendered":"http:\/\/kilians.wpengine.com\/?p=14846"},"modified":"2015-05-12T08:23:13","modified_gmt":"2015-05-12T08:23:13","slug":"stundenplane-fur-die-jahresabschlussprufungen-2015","status":"publish","type":"post","link":"https:\/\/www.kilians.com\/de\/news\/2015\/stundenplane-fur-die-jahresabschlussprufungen-2015\/","title":{"rendered":"Stundenpl\u00e4ne f\u00fcr die Jahresabschlusspr\u00fcfungen 2015"},"content":{"rendered":"<p>Anbei finden Sie die Stundenpl\u00e4ne f\u00fcr die Sommerpr\u00fcfungen, die in diesem Jahr in der letzten Maiwoche stattfinden werden. <!--more-->Die Pr\u00fcfungen beginnen um 8.30 Uhr (1. Sitzung) bzw. 10.55 Uhr (2. Sitzung) und finden in der Turnhalle statt. P\u00fcnktlichkeit ist wichtig! Au\u00dferhalb der Pr\u00fcfungen findet keine Aufsicht statt, d.h. Sch\u00fcler m\u00fcssen das Schulgel\u00e4nde verlassen. (Supervised Study nach Schulschluss findet wie gewohnt statt.)<\/p>\n<p>Den Stundenplan k\u00f6nnen Sie hier herunterladen [download id=&#8221;14849&#8243;]<\/p>\n<p><a href=\"http:\/\/kilians.wpengine.com\/wp-content\/uploads\/2015\/05\/ScreenHunter_114-May.-12-08.59.jpg\"><img loading=\"lazy\" decoding=\"async\" class=\"alignnone  wp-image-14841\" src=\"http:\/\/kilians.wpengine.com\/wp-content\/uploads\/2015\/05\/ScreenHunter_114-May.-12-08.59.jpg\" alt=\"St. Kilian's Summer Exams tImetable 1\" width=\"581\" height=\"250\" \/><\/a><\/p>\n<p><a href=\"http:\/\/kilians.wpengine.com\/wp-content\/uploads\/2015\/05\/St.-Kilians-Summer-exams-timetable-2.jpg\"><img loading=\"lazy\" decoding=\"async\" class=\"alignnone  wp-image-14844\" src=\"http:\/\/kilians.wpengine.com\/wp-content\/uploads\/2015\/05\/St.-Kilians-Summer-exams-timetable-2.jpg\" alt=\"St. Kilian's Summer exams timetable 2\" width=\"585\" height=\"582\" srcset=\"https:\/\/www.kilians.com\/wp-content\/uploads\/2015\/05\/St.-Kilians-Summer-exams-timetable-2.jpg 675w, https:\/\/www.kilians.com\/wp-content\/uploads\/2015\/05\/St.-Kilians-Summer-exams-timetable-2-150x150.jpg 150w, https:\/\/www.kilians.com\/wp-content\/uploads\/2015\/05\/St.-Kilians-Summer-exams-timetable-2-230x230.jpg 230w\" sizes=\"auto, (max-width: 585px) 100vw, 585px\" \/><\/a><\/p>\n","protected":false},"excerpt":{"rendered":"<p>Anbei finden Sie die Stundenpl\u00e4ne f\u00fcr die Sommerpr\u00fcfungen, die in diesem Jahr in der letzten Maiwoche stattfinden werden.<\/p>\n","protected":false},"author":1,"featured_media":0,"comment_status":"closed","ping_status":"closed","sticky":false,"template":"","format":"standard","meta":{"footnotes":""},"categories":[6],"tags":[],"class_list":{"0":"post-14846","1":"post","2":"type-post","3":"status-publish","4":"format-standard","6":"category-nachrichten","7":"entry"},"yoast_head":"<!-- This site is optimized with the Yoast SEO plugin v17.2.1 - https:\/\/yoast.com\/wordpress\/plugins\/seo\/ -->\n<meta name=\"robots\" content=\"index, follow, max-snippet:-1, max-image-preview:large, max-video-preview:-1\" \/>\n<link rel=\"canonical\" href=\"https:\/\/www.kilians.com\/de\/news\/2015\/stundenplane-fur-die-jahresabschlussprufungen-2015\/\" \/>\n<meta property=\"og:locale\" content=\"de_DE\" \/>\n<meta property=\"og:type\" content=\"article\" \/>\n<meta property=\"og:title\" content=\"Stundenpl\u00e4ne f\u00fcr die Jahresabschlusspr\u00fcfungen 2015 - St. Kilian&#039;s German School, Dublin\" \/>\n<meta property=\"og:description\" content=\"Anbei finden Sie die Stundenpl\u00e4ne f\u00fcr die Sommerpr\u00fcfungen, die in diesem Jahr in der letzten Maiwoche stattfinden werden.\" \/>\n<meta property=\"og:url\" content=\"https:\/\/www.kilians.com\/de\/news\/2015\/stundenplane-fur-die-jahresabschlussprufungen-2015\/\" \/>\n<meta property=\"og:site_name\" content=\"St. Kilian&#039;s German School, Dublin\" \/>\n<meta property=\"article:published_time\" content=\"2015-05-12T08:13:19+00:00\" \/>\n<meta property=\"article:modified_time\" content=\"2015-05-12T08:23:13+00:00\" \/>\n<meta property=\"og:image\" content=\"http:\/\/kilians.wpengine.com\/wp-content\/uploads\/2015\/05\/ScreenHunter_114-May.-12-08.59.jpg\" \/>\n<meta name=\"twitter:card\" content=\"summary\" \/>\n<meta name=\"twitter:label1\" content=\"Verfasst von\" \/>\n\t<meta name=\"twitter:data1\" content=\"marketingadmin\" \/>\n<script type=\"application\/ld+json\" class=\"yoast-schema-graph\">{\"@context\":\"https:\/\/schema.org\",\"@graph\":[{\"@type\":\"Organization\",\"@id\":\"https:\/\/www.kilians.com\/#organization\",\"name\":\"St. Kilian's\",\"url\":\"https:\/\/www.kilians.com\/\",\"sameAs\":[],\"logo\":{\"@type\":\"ImageObject\",\"@id\":\"https:\/\/www.kilians.com\/#logo\",\"inLanguage\":\"de-DE\",\"url\":\"https:\/\/www.kilians.com\/wp-content\/uploads\/2017\/02\/StKilians_MasterLogo_Colour-1.png\",\"contentUrl\":\"https:\/\/www.kilians.com\/wp-content\/uploads\/2017\/02\/StKilians_MasterLogo_Colour-1.png\",\"width\":768,\"height\":1240,\"caption\":\"St. Kilian's\"},\"image\":{\"@id\":\"https:\/\/www.kilians.com\/#logo\"}},{\"@type\":\"WebSite\",\"@id\":\"https:\/\/www.kilians.com\/#website\",\"url\":\"https:\/\/www.kilians.com\/\",\"name\":\"St. Kilian&#039;s German School, Dublin\",\"description\":\"\",\"publisher\":{\"@id\":\"https:\/\/www.kilians.com\/#organization\"},\"potentialAction\":[{\"@type\":\"SearchAction\",\"target\":{\"@type\":\"EntryPoint\",\"urlTemplate\":\"https:\/\/www.kilians.com\/?s={search_term_string}\"},\"query-input\":\"required name=search_term_string\"}],\"inLanguage\":\"de-DE\"},{\"@type\":\"ImageObject\",\"@id\":\"https:\/\/www.kilians.com\/de\/news\/2015\/stundenplane-fur-die-jahresabschlussprufungen-2015\/#primaryimage\",\"inLanguage\":\"de-DE\",\"url\":\"http:\/\/kilians.wpengine.com\/wp-content\/uploads\/2015\/05\/ScreenHunter_114-May.-12-08.59.jpg\",\"contentUrl\":\"http:\/\/kilians.wpengine.com\/wp-content\/uploads\/2015\/05\/ScreenHunter_114-May.-12-08.59.jpg\"},{\"@type\":\"WebPage\",\"@id\":\"https:\/\/www.kilians.com\/de\/news\/2015\/stundenplane-fur-die-jahresabschlussprufungen-2015\/#webpage\",\"url\":\"https:\/\/www.kilians.com\/de\/news\/2015\/stundenplane-fur-die-jahresabschlussprufungen-2015\/\",\"name\":\"Stundenpl\\u00e4ne f\\u00fcr die Jahresabschlusspr\\u00fcfungen 2015 - St. Kilian&#039;s German School, Dublin\",\"isPartOf\":{\"@id\":\"https:\/\/www.kilians.com\/#website\"},\"primaryImageOfPage\":{\"@id\":\"https:\/\/www.kilians.com\/de\/news\/2015\/stundenplane-fur-die-jahresabschlussprufungen-2015\/#primaryimage\"},\"datePublished\":\"2015-05-12T08:13:19+00:00\",\"dateModified\":\"2015-05-12T08:23:13+00:00\",\"breadcrumb\":{\"@id\":\"https:\/\/www.kilians.com\/de\/news\/2015\/stundenplane-fur-die-jahresabschlussprufungen-2015\/#breadcrumb\"},\"inLanguage\":\"de-DE\",\"potentialAction\":[{\"@type\":\"ReadAction\",\"target\":[\"https:\/\/www.kilians.com\/de\/news\/2015\/stundenplane-fur-die-jahresabschlussprufungen-2015\/\"]}]},{\"@type\":\"BreadcrumbList\",\"@id\":\"https:\/\/www.kilians.com\/de\/news\/2015\/stundenplane-fur-die-jahresabschlussprufungen-2015\/#breadcrumb\",\"itemListElement\":[{\"@type\":\"ListItem\",\"position\":1,\"name\":\"Home\",\"item\":\"https:\/\/www.kilians.com\/de\/\"},{\"@type\":\"ListItem\",\"position\":2,\"name\":\"Stundenpl\\u00e4ne f\\u00fcr die Jahresabschlusspr\\u00fcfungen 2015\"}]},{\"@type\":\"Article\",\"@id\":\"https:\/\/www.kilians.com\/de\/news\/2015\/stundenplane-fur-die-jahresabschlussprufungen-2015\/#article\",\"isPartOf\":{\"@id\":\"https:\/\/www.kilians.com\/de\/news\/2015\/stundenplane-fur-die-jahresabschlussprufungen-2015\/#webpage\"},\"author\":{\"@id\":\"https:\/\/www.kilians.com\/#\/schema\/person\/d66fd270fc10b6a48b300e500c5f9edd\"},\"headline\":\"Stundenpl\\u00e4ne f\\u00fcr die Jahresabschlusspr\\u00fcfungen 2015\",\"datePublished\":\"2015-05-12T08:13:19+00:00\",\"dateModified\":\"2015-05-12T08:23:13+00:00\",\"mainEntityOfPage\":{\"@id\":\"https:\/\/www.kilians.com\/de\/news\/2015\/stundenplane-fur-die-jahresabschlussprufungen-2015\/#webpage\"},\"wordCount\":84,\"publisher\":{\"@id\":\"https:\/\/www.kilians.com\/#organization\"},\"image\":{\"@id\":\"https:\/\/www.kilians.com\/de\/news\/2015\/stundenplane-fur-die-jahresabschlussprufungen-2015\/#primaryimage\"},\"thumbnailUrl\":\"http:\/\/kilians.wpengine.com\/wp-content\/uploads\/2015\/05\/ScreenHunter_114-May.-12-08.59.jpg\",\"articleSection\":[\"Nachrichten\"],\"inLanguage\":\"de-DE\"},{\"@type\":\"Person\",\"@id\":\"https:\/\/www.kilians.com\/#\/schema\/person\/d66fd270fc10b6a48b300e500c5f9edd\",\"name\":\"marketingadmin\",\"url\":\"https:\/\/www.kilians.com\/de\/news\/author\/marketingadmin\/\"}]}<\/script>\n<!-- \/ Yoast SEO plugin. -->","yoast_head_json":{"robots":{"index":"index","follow":"follow","max-snippet":"max-snippet:-1","max-image-preview":"max-image-preview:large","max-video-preview":"max-video-preview:-1"},"canonical":"https:\/\/www.kilians.com\/de\/news\/2015\/stundenplane-fur-die-jahresabschlussprufungen-2015\/","og_locale":"de_DE","og_type":"article","og_title":"Stundenpl\u00e4ne f\u00fcr die Jahresabschlusspr\u00fcfungen 2015 - St. Kilian&#039;s German School, Dublin","og_description":"Anbei finden Sie die Stundenpl\u00e4ne f\u00fcr die Sommerpr\u00fcfungen, die in diesem Jahr in der letzten Maiwoche stattfinden werden.","og_url":"https:\/\/www.kilians.com\/de\/news\/2015\/stundenplane-fur-die-jahresabschlussprufungen-2015\/","og_site_name":"St. Kilian&#039;s German School, Dublin","article_published_time":"2015-05-12T08:13:19+00:00","article_modified_time":"2015-05-12T08:23:13+00:00","og_image":[{"url":"http:\/\/kilians.wpengine.com\/wp-content\/uploads\/2015\/05\/ScreenHunter_114-May.-12-08.59.jpg"}],"twitter_card":"summary","twitter_misc":{"Verfasst von":"marketingadmin"},"schema":{"@context":"https:\/\/schema.org","@graph":[{"@type":"Organization","@id":"https:\/\/www.kilians.com\/#organization","name":"St. Kilian's","url":"https:\/\/www.kilians.com\/","sameAs":[],"logo":{"@type":"ImageObject","@id":"https:\/\/www.kilians.com\/#logo","inLanguage":"de-DE","url":"https:\/\/www.kilians.com\/wp-content\/uploads\/2017\/02\/StKilians_MasterLogo_Colour-1.png","contentUrl":"https:\/\/www.kilians.com\/wp-content\/uploads\/2017\/02\/StKilians_MasterLogo_Colour-1.png","width":768,"height":1240,"caption":"St. Kilian's"},"image":{"@id":"https:\/\/www.kilians.com\/#logo"}},{"@type":"WebSite","@id":"https:\/\/www.kilians.com\/#website","url":"https:\/\/www.kilians.com\/","name":"St. Kilian&#039;s German School, Dublin","description":"","publisher":{"@id":"https:\/\/www.kilians.com\/#organization"},"potentialAction":[{"@type":"SearchAction","target":{"@type":"EntryPoint","urlTemplate":"https:\/\/www.kilians.com\/?s={search_term_string}"},"query-input":"required name=search_term_string"}],"inLanguage":"de-DE"},{"@type":"ImageObject","@id":"https:\/\/www.kilians.com\/de\/news\/2015\/stundenplane-fur-die-jahresabschlussprufungen-2015\/#primaryimage","inLanguage":"de-DE","url":"http:\/\/kilians.wpengine.com\/wp-content\/uploads\/2015\/05\/ScreenHunter_114-May.-12-08.59.jpg","contentUrl":"http:\/\/kilians.wpengine.com\/wp-content\/uploads\/2015\/05\/ScreenHunter_114-May.-12-08.59.jpg"},{"@type":"WebPage","@id":"https:\/\/www.kilians.com\/de\/news\/2015\/stundenplane-fur-die-jahresabschlussprufungen-2015\/#webpage","url":"https:\/\/www.kilians.com\/de\/news\/2015\/stundenplane-fur-die-jahresabschlussprufungen-2015\/","name":"Stundenpl\u00e4ne f\u00fcr die Jahresabschlusspr\u00fcfungen 2015 - St. Kilian&#039;s German School, Dublin","isPartOf":{"@id":"https:\/\/www.kilians.com\/#website"},"primaryImageOfPage":{"@id":"https:\/\/www.kilians.com\/de\/news\/2015\/stundenplane-fur-die-jahresabschlussprufungen-2015\/#primaryimage"},"datePublished":"2015-05-12T08:13:19+00:00","dateModified":"2015-05-12T08:23:13+00:00","breadcrumb":{"@id":"https:\/\/www.kilians.com\/de\/news\/2015\/stundenplane-fur-die-jahresabschlussprufungen-2015\/#breadcrumb"},"inLanguage":"de-DE","potentialAction":[{"@type":"ReadAction","target":["https:\/\/www.kilians.com\/de\/news\/2015\/stundenplane-fur-die-jahresabschlussprufungen-2015\/"]}]},{"@type":"BreadcrumbList","@id":"https:\/\/www.kilians.com\/de\/news\/2015\/stundenplane-fur-die-jahresabschlussprufungen-2015\/#breadcrumb","itemListElement":[{"@type":"ListItem","position":1,"name":"Home","item":"https:\/\/www.kilians.com\/de\/"},{"@type":"ListItem","position":2,"name":"Stundenpl\u00e4ne f\u00fcr die Jahresabschlusspr\u00fcfungen 2015"}]},{"@type":"Article","@id":"https:\/\/www.kilians.com\/de\/news\/2015\/stundenplane-fur-die-jahresabschlussprufungen-2015\/#article","isPartOf":{"@id":"https:\/\/www.kilians.com\/de\/news\/2015\/stundenplane-fur-die-jahresabschlussprufungen-2015\/#webpage"},"author":{"@id":"https:\/\/www.kilians.com\/#\/schema\/person\/d66fd270fc10b6a48b300e500c5f9edd"},"headline":"Stundenpl\u00e4ne f\u00fcr die Jahresabschlusspr\u00fcfungen 2015","datePublished":"2015-05-12T08:13:19+00:00","dateModified":"2015-05-12T08:23:13+00:00","mainEntityOfPage":{"@id":"https:\/\/www.kilians.com\/de\/news\/2015\/stundenplane-fur-die-jahresabschlussprufungen-2015\/#webpage"},"wordCount":84,"publisher":{"@id":"https:\/\/www.kilians.com\/#organization"},"image":{"@id":"https:\/\/www.kilians.com\/de\/news\/2015\/stundenplane-fur-die-jahresabschlussprufungen-2015\/#primaryimage"},"thumbnailUrl":"http:\/\/kilians.wpengine.com\/wp-content\/uploads\/2015\/05\/ScreenHunter_114-May.-12-08.59.jpg","articleSection":["Nachrichten"],"inLanguage":"de-DE"},{"@type":"Person","@id":"https:\/\/www.kilians.com\/#\/schema\/person\/d66fd270fc10b6a48b300e500c5f9edd","name":"marketingadmin","url":"https:\/\/www.kilians.com\/de\/news\/author\/marketingadmin\/"}]}},"_links":{"self":[{"href":"https:\/\/www.kilians.com\/de\/wp-json\/wp\/v2\/posts\/14846\/"}],"collection":[{"href":"https:\/\/www.kilians.com\/de\/wp-json\/wp\/v2\/posts\/"}],"about":[{"href":"https:\/\/www.kilians.com\/de\/wp-json\/wp\/v2\/types\/post\/"}],"author":[{"embeddable":true,"href":"https:\/\/www.kilians.com\/de\/wp-json\/wp\/v2\/users\/1\/"}],"replies":[{"embeddable":true,"href":"https:\/\/www.kilians.com\/de\/wp-json\/wp\/v2\/comments\/?post=14846"}],"version-history":[{"count":0,"href":"https:\/\/www.kilians.com\/de\/wp-json\/wp\/v2\/posts\/14846\/revisions\/"}],"wp:attachment":[{"href":"https:\/\/www.kilians.com\/de\/wp-json\/wp\/v2\/media\/?parent=14846"}],"wp:term":[{"taxonomy":"category","embeddable":true,"href":"https:\/\/www.kilians.com\/de\/wp-json\/wp\/v2\/categories\/?post=14846"},{"taxonomy":"post_tag","embeddable":true,"href":"https:\/\/www.kilians.com\/de\/wp-json\/wp\/v2\/tags\/?post=14846"}],"curies":[{"name":"wp","href":"https:\/\/api.w.org\/{rel}","templated":true}]}}