{"id":17066,"date":"2016-02-26T14:47:50","date_gmt":"2016-02-26T14:47:50","guid":{"rendered":"http:\/\/kilians.wpengine.com\/?p=17066"},"modified":"2016-02-26T14:47:50","modified_gmt":"2016-02-26T14:47:50","slug":"weiter-zur-nachsten-runde-im-deutschen-debattierwettbewerb","status":"publish","type":"post","link":"https:\/\/www.kilians.com\/de\/news\/2016\/weiter-zur-nachsten-runde-im-deutschen-debattierwettbewerb\/","title":{"rendered":"Weiter zur n\u00e4chsten Runde im deutschen Debattierwettbewerb"},"content":{"rendered":"<p>Herzlichen Gl\u00fcckwunsch! Wir gratulieren dem deutschen Debattierteam, das heute in der vierten Runde des diesj\u00e4hrigen Debattier-Wettbewerbs des Goethe Instituts gegen Col\u00e1iste Eoin agus \u00cdosag\u00e1in gewonnen hat. Die These war \u201eNaturwissenschaften sind wichtiger als Fremdsprachen\u201c und unser Team vertrat die Gegenthese.<!--more--><\/p>\n<p>Das Debattierteam besteht aus Nick Carswell, Sophie Linnane, Ailbhe O\u2019Connor and Ellen Kane, die alle vier au\u00dferordentlich gut argumentiert haben und schlussendlich das andere \u2013 sehr kompetente \u2013 Team besiegen konnten. Das Deutsch-Niveau beider Teams war hervorragend und die Jury hatte eine schwierige Entscheidung zu treffen. Toll gemacht!<\/p>\n<p>Vielen Dank an alle Deutsch-Lehrer, die die Debatte unterst\u00fctzt haben, aber vor allem an Sarah O\u2019Donohoe f\u00fcr all ihre Zeit und Anstrengungen, die sie schon in diesen Wettbewerb gesteckt hat.<\/p>\n<p><a href=\"http:\/\/kilians.wpengine.com\/wp-content\/uploads\/2016\/02\/MG_9505-640x427.jpg\" rel=\"attachment wp-att-17064\"><img loading=\"lazy\" decoding=\"async\" class=\"alignnone size-full wp-image-17064\" src=\"http:\/\/kilians.wpengine.com\/wp-content\/uploads\/2016\/02\/MG_9505-640x427.jpg\" alt=\"Goethe Institute german debating competition\" width=\"640\" height=\"427\" srcset=\"https:\/\/www.kilians.com\/wp-content\/uploads\/2016\/02\/MG_9505-640x427.jpg 640w, https:\/\/www.kilians.com\/wp-content\/uploads\/2016\/02\/MG_9505-640x427-150x100.jpg 150w\" sizes=\"auto, (max-width: 640px) 100vw, 640px\" \/><\/a> <a href=\"http:\/\/kilians.wpengine.com\/wp-content\/uploads\/2016\/02\/MG_9498-640x427.jpg\" rel=\"attachment wp-att-17063\"><img loading=\"lazy\" decoding=\"async\" class=\"alignnone size-full wp-image-17063\" src=\"http:\/\/kilians.wpengine.com\/wp-content\/uploads\/2016\/02\/MG_9498-640x427.jpg\" alt=\"Goethe Institute german debating competition\" width=\"640\" height=\"427\" srcset=\"https:\/\/www.kilians.com\/wp-content\/uploads\/2016\/02\/MG_9498-640x427.jpg 640w, https:\/\/www.kilians.com\/wp-content\/uploads\/2016\/02\/MG_9498-640x427-150x100.jpg 150w\" sizes=\"auto, (max-width: 640px) 100vw, 640px\" \/><\/a> <a href=\"http:\/\/kilians.wpengine.com\/wp-content\/uploads\/2016\/02\/MG_9489-640x427.jpg\" rel=\"attachment wp-att-17062\"><img loading=\"lazy\" decoding=\"async\" class=\"alignnone size-full wp-image-17062\" src=\"http:\/\/kilians.wpengine.com\/wp-content\/uploads\/2016\/02\/MG_9489-640x427.jpg\" alt=\"Goethe Institute german debating competition\" width=\"640\" height=\"427\" srcset=\"https:\/\/www.kilians.com\/wp-content\/uploads\/2016\/02\/MG_9489-640x427.jpg 640w, https:\/\/www.kilians.com\/wp-content\/uploads\/2016\/02\/MG_9489-640x427-150x100.jpg 150w\" sizes=\"auto, (max-width: 640px) 100vw, 640px\" \/><\/a><\/p>\n","protected":false},"excerpt":{"rendered":"<p>Herzlichen Gl\u00fcckwunsch! Wir gratulieren dem deutschen Debattierteam, das heute in der vierten Runde des diesj\u00e4hrigen Debattier-Wettbewerbs des Goethe Instituts gegen Col\u00e1iste Eoin agus \u00cdosag\u00e1in gewonnen&#8230; <a class=\"find-out-more-link\" href=\"https:\/\/www.kilians.com\/de\/news\/2016\/weiter-zur-nachsten-runde-im-deutschen-debattierwettbewerb\/\">Weiterlesen<\/a> <\/p>\n","protected":false},"author":1,"featured_media":0,"comment_status":"closed","ping_status":"closed","sticky":false,"template":"","format":"standard","meta":{"footnotes":""},"categories":[39,6,52],"tags":[],"class_list":{"0":"post-17066","1":"post","2":"type-post","3":"status-publish","4":"format-standard","6":"category-wettbewerbe-debattieren","7":"category-nachrichten","8":"category-sekundarstufe","9":"entry"},"yoast_head":"<!-- This site is optimized with the Yoast SEO plugin v17.2.1 - https:\/\/yoast.com\/wordpress\/plugins\/seo\/ -->\n<meta name=\"robots\" content=\"index, follow, max-snippet:-1, max-image-preview:large, max-video-preview:-1\" \/>\n<link rel=\"canonical\" href=\"https:\/\/www.kilians.com\/de\/news\/2016\/weiter-zur-nachsten-runde-im-deutschen-debattierwettbewerb\/\" \/>\n<meta property=\"og:locale\" content=\"de_DE\" \/>\n<meta property=\"og:type\" content=\"article\" \/>\n<meta property=\"og:title\" content=\"Weiter zur n\u00e4chsten Runde im deutschen Debattierwettbewerb - St. Kilian&#039;s German School, Dublin\" \/>\n<meta property=\"og:description\" content=\"Herzlichen Gl\u00fcckwunsch! Wir gratulieren dem deutschen Debattierteam, das heute in der vierten Runde des diesj\u00e4hrigen Debattier-Wettbewerbs des Goethe Instituts gegen Col\u00e1iste Eoin agus \u00cdosag\u00e1in gewonnen... Weiterlesen\" \/>\n<meta property=\"og:url\" content=\"https:\/\/www.kilians.com\/de\/news\/2016\/weiter-zur-nachsten-runde-im-deutschen-debattierwettbewerb\/\" \/>\n<meta property=\"og:site_name\" content=\"St. Kilian&#039;s German School, Dublin\" \/>\n<meta property=\"article:published_time\" content=\"2016-02-26T14:47:50+00:00\" \/>\n<meta property=\"og:image\" content=\"http:\/\/kilians.wpengine.com\/wp-content\/uploads\/2016\/02\/MG_9505-640x427.jpg\" \/>\n<meta name=\"twitter:card\" content=\"summary\" \/>\n<meta name=\"twitter:label1\" content=\"Verfasst von\" \/>\n\t<meta name=\"twitter:data1\" content=\"marketingadmin\" \/>\n\t<meta name=\"twitter:label2\" content=\"Gesch\u00e4tzte Lesezeit\" \/>\n\t<meta name=\"twitter:data2\" content=\"1 minute\" \/>\n<script type=\"application\/ld+json\" class=\"yoast-schema-graph\">{\"@context\":\"https:\/\/schema.org\",\"@graph\":[{\"@type\":\"Organization\",\"@id\":\"https:\/\/www.kilians.com\/#organization\",\"name\":\"St. Kilian's\",\"url\":\"https:\/\/www.kilians.com\/\",\"sameAs\":[],\"logo\":{\"@type\":\"ImageObject\",\"@id\":\"https:\/\/www.kilians.com\/#logo\",\"inLanguage\":\"de-DE\",\"url\":\"https:\/\/www.kilians.com\/wp-content\/uploads\/2017\/02\/StKilians_MasterLogo_Colour-1.png\",\"contentUrl\":\"https:\/\/www.kilians.com\/wp-content\/uploads\/2017\/02\/StKilians_MasterLogo_Colour-1.png\",\"width\":768,\"height\":1240,\"caption\":\"St. Kilian's\"},\"image\":{\"@id\":\"https:\/\/www.kilians.com\/#logo\"}},{\"@type\":\"WebSite\",\"@id\":\"https:\/\/www.kilians.com\/#website\",\"url\":\"https:\/\/www.kilians.com\/\",\"name\":\"St. Kilian&#039;s German School, Dublin\",\"description\":\"\",\"publisher\":{\"@id\":\"https:\/\/www.kilians.com\/#organization\"},\"potentialAction\":[{\"@type\":\"SearchAction\",\"target\":{\"@type\":\"EntryPoint\",\"urlTemplate\":\"https:\/\/www.kilians.com\/?s={search_term_string}\"},\"query-input\":\"required name=search_term_string\"}],\"inLanguage\":\"de-DE\"},{\"@type\":\"ImageObject\",\"@id\":\"https:\/\/www.kilians.com\/de\/news\/2016\/weiter-zur-nachsten-runde-im-deutschen-debattierwettbewerb\/#primaryimage\",\"inLanguage\":\"de-DE\",\"url\":\"http:\/\/kilians.wpengine.com\/wp-content\/uploads\/2016\/02\/MG_9505-640x427.jpg\",\"contentUrl\":\"http:\/\/kilians.wpengine.com\/wp-content\/uploads\/2016\/02\/MG_9505-640x427.jpg\"},{\"@type\":\"WebPage\",\"@id\":\"https:\/\/www.kilians.com\/de\/news\/2016\/weiter-zur-nachsten-runde-im-deutschen-debattierwettbewerb\/#webpage\",\"url\":\"https:\/\/www.kilians.com\/de\/news\/2016\/weiter-zur-nachsten-runde-im-deutschen-debattierwettbewerb\/\",\"name\":\"Weiter zur n\\u00e4chsten Runde im deutschen Debattierwettbewerb - St. Kilian&#039;s German School, Dublin\",\"isPartOf\":{\"@id\":\"https:\/\/www.kilians.com\/#website\"},\"primaryImageOfPage\":{\"@id\":\"https:\/\/www.kilians.com\/de\/news\/2016\/weiter-zur-nachsten-runde-im-deutschen-debattierwettbewerb\/#primaryimage\"},\"datePublished\":\"2016-02-26T14:47:50+00:00\",\"dateModified\":\"2016-02-26T14:47:50+00:00\",\"breadcrumb\":{\"@id\":\"https:\/\/www.kilians.com\/de\/news\/2016\/weiter-zur-nachsten-runde-im-deutschen-debattierwettbewerb\/#breadcrumb\"},\"inLanguage\":\"de-DE\",\"potentialAction\":[{\"@type\":\"ReadAction\",\"target\":[\"https:\/\/www.kilians.com\/de\/news\/2016\/weiter-zur-nachsten-runde-im-deutschen-debattierwettbewerb\/\"]}]},{\"@type\":\"BreadcrumbList\",\"@id\":\"https:\/\/www.kilians.com\/de\/news\/2016\/weiter-zur-nachsten-runde-im-deutschen-debattierwettbewerb\/#breadcrumb\",\"itemListElement\":[{\"@type\":\"ListItem\",\"position\":1,\"name\":\"Home\",\"item\":\"https:\/\/www.kilians.com\/de\/\"},{\"@type\":\"ListItem\",\"position\":2,\"name\":\"Weiter zur n\\u00e4chsten Runde im deutschen Debattierwettbewerb\"}]},{\"@type\":\"Article\",\"@id\":\"https:\/\/www.kilians.com\/de\/news\/2016\/weiter-zur-nachsten-runde-im-deutschen-debattierwettbewerb\/#article\",\"isPartOf\":{\"@id\":\"https:\/\/www.kilians.com\/de\/news\/2016\/weiter-zur-nachsten-runde-im-deutschen-debattierwettbewerb\/#webpage\"},\"author\":{\"@id\":\"https:\/\/www.kilians.com\/#\/schema\/person\/d66fd270fc10b6a48b300e500c5f9edd\"},\"headline\":\"Weiter zur n\\u00e4chsten Runde im deutschen Debattierwettbewerb\",\"datePublished\":\"2016-02-26T14:47:50+00:00\",\"dateModified\":\"2016-02-26T14:47:50+00:00\",\"mainEntityOfPage\":{\"@id\":\"https:\/\/www.kilians.com\/de\/news\/2016\/weiter-zur-nachsten-runde-im-deutschen-debattierwettbewerb\/#webpage\"},\"wordCount\":133,\"publisher\":{\"@id\":\"https:\/\/www.kilians.com\/#organization\"},\"image\":{\"@id\":\"https:\/\/www.kilians.com\/de\/news\/2016\/weiter-zur-nachsten-runde-im-deutschen-debattierwettbewerb\/#primaryimage\"},\"thumbnailUrl\":\"http:\/\/kilians.wpengine.com\/wp-content\/uploads\/2016\/02\/MG_9505-640x427.jpg\",\"articleSection\":[\"Debattierwettbewerbe\",\"Nachrichten\",\"Sekundarstufe\"],\"inLanguage\":\"de-DE\"},{\"@type\":\"Person\",\"@id\":\"https:\/\/www.kilians.com\/#\/schema\/person\/d66fd270fc10b6a48b300e500c5f9edd\",\"name\":\"marketingadmin\",\"url\":\"https:\/\/www.kilians.com\/de\/news\/author\/marketingadmin\/\"}]}<\/script>\n<!-- \/ Yoast SEO plugin. -->","yoast_head_json":{"robots":{"index":"index","follow":"follow","max-snippet":"max-snippet:-1","max-image-preview":"max-image-preview:large","max-video-preview":"max-video-preview:-1"},"canonical":"https:\/\/www.kilians.com\/de\/news\/2016\/weiter-zur-nachsten-runde-im-deutschen-debattierwettbewerb\/","og_locale":"de_DE","og_type":"article","og_title":"Weiter zur n\u00e4chsten Runde im deutschen Debattierwettbewerb - St. Kilian&#039;s German School, Dublin","og_description":"Herzlichen Gl\u00fcckwunsch! Wir gratulieren dem deutschen Debattierteam, das heute in der vierten Runde des diesj\u00e4hrigen Debattier-Wettbewerbs des Goethe Instituts gegen Col\u00e1iste Eoin agus \u00cdosag\u00e1in gewonnen... Weiterlesen","og_url":"https:\/\/www.kilians.com\/de\/news\/2016\/weiter-zur-nachsten-runde-im-deutschen-debattierwettbewerb\/","og_site_name":"St. Kilian&#039;s German School, Dublin","article_published_time":"2016-02-26T14:47:50+00:00","og_image":[{"url":"http:\/\/kilians.wpengine.com\/wp-content\/uploads\/2016\/02\/MG_9505-640x427.jpg"}],"twitter_card":"summary","twitter_misc":{"Verfasst von":"marketingadmin","Gesch\u00e4tzte Lesezeit":"1 minute"},"schema":{"@context":"https:\/\/schema.org","@graph":[{"@type":"Organization","@id":"https:\/\/www.kilians.com\/#organization","name":"St. Kilian's","url":"https:\/\/www.kilians.com\/","sameAs":[],"logo":{"@type":"ImageObject","@id":"https:\/\/www.kilians.com\/#logo","inLanguage":"de-DE","url":"https:\/\/www.kilians.com\/wp-content\/uploads\/2017\/02\/StKilians_MasterLogo_Colour-1.png","contentUrl":"https:\/\/www.kilians.com\/wp-content\/uploads\/2017\/02\/StKilians_MasterLogo_Colour-1.png","width":768,"height":1240,"caption":"St. Kilian's"},"image":{"@id":"https:\/\/www.kilians.com\/#logo"}},{"@type":"WebSite","@id":"https:\/\/www.kilians.com\/#website","url":"https:\/\/www.kilians.com\/","name":"St. Kilian&#039;s German School, Dublin","description":"","publisher":{"@id":"https:\/\/www.kilians.com\/#organization"},"potentialAction":[{"@type":"SearchAction","target":{"@type":"EntryPoint","urlTemplate":"https:\/\/www.kilians.com\/?s={search_term_string}"},"query-input":"required name=search_term_string"}],"inLanguage":"de-DE"},{"@type":"ImageObject","@id":"https:\/\/www.kilians.com\/de\/news\/2016\/weiter-zur-nachsten-runde-im-deutschen-debattierwettbewerb\/#primaryimage","inLanguage":"de-DE","url":"http:\/\/kilians.wpengine.com\/wp-content\/uploads\/2016\/02\/MG_9505-640x427.jpg","contentUrl":"http:\/\/kilians.wpengine.com\/wp-content\/uploads\/2016\/02\/MG_9505-640x427.jpg"},{"@type":"WebPage","@id":"https:\/\/www.kilians.com\/de\/news\/2016\/weiter-zur-nachsten-runde-im-deutschen-debattierwettbewerb\/#webpage","url":"https:\/\/www.kilians.com\/de\/news\/2016\/weiter-zur-nachsten-runde-im-deutschen-debattierwettbewerb\/","name":"Weiter zur n\u00e4chsten Runde im deutschen Debattierwettbewerb - St. Kilian&#039;s German School, Dublin","isPartOf":{"@id":"https:\/\/www.kilians.com\/#website"},"primaryImageOfPage":{"@id":"https:\/\/www.kilians.com\/de\/news\/2016\/weiter-zur-nachsten-runde-im-deutschen-debattierwettbewerb\/#primaryimage"},"datePublished":"2016-02-26T14:47:50+00:00","dateModified":"2016-02-26T14:47:50+00:00","breadcrumb":{"@id":"https:\/\/www.kilians.com\/de\/news\/2016\/weiter-zur-nachsten-runde-im-deutschen-debattierwettbewerb\/#breadcrumb"},"inLanguage":"de-DE","potentialAction":[{"@type":"ReadAction","target":["https:\/\/www.kilians.com\/de\/news\/2016\/weiter-zur-nachsten-runde-im-deutschen-debattierwettbewerb\/"]}]},{"@type":"BreadcrumbList","@id":"https:\/\/www.kilians.com\/de\/news\/2016\/weiter-zur-nachsten-runde-im-deutschen-debattierwettbewerb\/#breadcrumb","itemListElement":[{"@type":"ListItem","position":1,"name":"Home","item":"https:\/\/www.kilians.com\/de\/"},{"@type":"ListItem","position":2,"name":"Weiter zur n\u00e4chsten Runde im deutschen Debattierwettbewerb"}]},{"@type":"Article","@id":"https:\/\/www.kilians.com\/de\/news\/2016\/weiter-zur-nachsten-runde-im-deutschen-debattierwettbewerb\/#article","isPartOf":{"@id":"https:\/\/www.kilians.com\/de\/news\/2016\/weiter-zur-nachsten-runde-im-deutschen-debattierwettbewerb\/#webpage"},"author":{"@id":"https:\/\/www.kilians.com\/#\/schema\/person\/d66fd270fc10b6a48b300e500c5f9edd"},"headline":"Weiter zur n\u00e4chsten Runde im deutschen Debattierwettbewerb","datePublished":"2016-02-26T14:47:50+00:00","dateModified":"2016-02-26T14:47:50+00:00","mainEntityOfPage":{"@id":"https:\/\/www.kilians.com\/de\/news\/2016\/weiter-zur-nachsten-runde-im-deutschen-debattierwettbewerb\/#webpage"},"wordCount":133,"publisher":{"@id":"https:\/\/www.kilians.com\/#organization"},"image":{"@id":"https:\/\/www.kilians.com\/de\/news\/2016\/weiter-zur-nachsten-runde-im-deutschen-debattierwettbewerb\/#primaryimage"},"thumbnailUrl":"http:\/\/kilians.wpengine.com\/wp-content\/uploads\/2016\/02\/MG_9505-640x427.jpg","articleSection":["Debattierwettbewerbe","Nachrichten","Sekundarstufe"],"inLanguage":"de-DE"},{"@type":"Person","@id":"https:\/\/www.kilians.com\/#\/schema\/person\/d66fd270fc10b6a48b300e500c5f9edd","name":"marketingadmin","url":"https:\/\/www.kilians.com\/de\/news\/author\/marketingadmin\/"}]}},"_links":{"self":[{"href":"https:\/\/www.kilians.com\/de\/wp-json\/wp\/v2\/posts\/17066\/"}],"collection":[{"href":"https:\/\/www.kilians.com\/de\/wp-json\/wp\/v2\/posts\/"}],"about":[{"href":"https:\/\/www.kilians.com\/de\/wp-json\/wp\/v2\/types\/post\/"}],"author":[{"embeddable":true,"href":"https:\/\/www.kilians.com\/de\/wp-json\/wp\/v2\/users\/1\/"}],"replies":[{"embeddable":true,"href":"https:\/\/www.kilians.com\/de\/wp-json\/wp\/v2\/comments\/?post=17066"}],"version-history":[{"count":0,"href":"https:\/\/www.kilians.com\/de\/wp-json\/wp\/v2\/posts\/17066\/revisions\/"}],"wp:attachment":[{"href":"https:\/\/www.kilians.com\/de\/wp-json\/wp\/v2\/media\/?parent=17066"}],"wp:term":[{"taxonomy":"category","embeddable":true,"href":"https:\/\/www.kilians.com\/de\/wp-json\/wp\/v2\/categories\/?post=17066"},{"taxonomy":"post_tag","embeddable":true,"href":"https:\/\/www.kilians.com\/de\/wp-json\/wp\/v2\/tags\/?post=17066"}],"curies":[{"name":"wp","href":"https:\/\/api.w.org\/{rel}","templated":true}]}}