{"id":18480,"date":"2016-08-25T09:17:45","date_gmt":"2016-08-25T09:17:45","guid":{"rendered":"http:\/\/kilians.wpengine.com\/de\/?p=18480"},"modified":"2016-08-25T09:17:45","modified_gmt":"2016-08-25T09:17:45","slug":"first-class-picnic-des-elternbeirates-fuer-1-klasse-grundschule","status":"publish","type":"post","link":"https:\/\/www.kilians.com\/de\/news\/2016\/first-class-picnic-des-elternbeirates-fuer-1-klasse-grundschule\/","title":{"rendered":"&#8220;First Class Picnic&#8221; des Elternbeirates f\u00fcr 1. Klasse Grundschule"},"content":{"rendered":"<p>Der St. Kilian\u2019s Elternbeirat l\u00e4dt alle Sch\u00fcler, Eltern und Familie der Sch\u00fcler der 1. Klasse Grundschule (Omas, Opas, Onkel und Tanten auch willkommen) herzlich zum \u201cFirst Class Picnic\u201d am Montag, 29. August 2016 um 10:30 Uhr ein.<\/p>\n<p><!--more--><\/p>\n<p>Dieses traditionelle Event\u00a0gibt uns allen\u00a0eine M\u00f6glichkeit, uns am ersten\u00a0Schultag zu treffen um miteinander zu plaudern und uns\u00a0auszutauschen. Mitglieder des Elternbeirates werden den Weg ins Untergescho\u00df weisen, wo das Picknick stattfinden wird (vor der Turnhalle). Eltern\u00a0bringen normalerweise Kuchen und Leckereien mit und der Elternbeirat sorgt f\u00fcr Getr\u00e4nke. (Aufgrund von Lebensmittelallergien m\u00f6chten wir Sie bitten, keine Produkte mit Erdn\u00fcssen oder Erdnussbutter mitzubringen.<\/p>\n","protected":false},"excerpt":{"rendered":"<p>Der St. Kilian\u2019s Elternbeirat l\u00e4dt alle Sch\u00fcler, Eltern und Familie der Sch\u00fcler der 1. Klasse Grundschule (Omas, Opas, Onkel und Tanten auch willkommen) herzlich zum&#8230; <a class=\"find-out-more-link\" href=\"https:\/\/www.kilians.com\/de\/news\/2016\/first-class-picnic-des-elternbeirates-fuer-1-klasse-grundschule\/\">Weiterlesen<\/a> <\/p>\n","protected":false},"author":1,"featured_media":0,"comment_status":"closed","ping_status":"closed","sticky":false,"template":"","format":"standard","meta":{"footnotes":""},"categories":[6,192],"tags":[],"class_list":{"0":"post-18480","1":"post","2":"type-post","3":"status-publish","4":"format-standard","6":"category-nachrichten","7":"category-primary-school-de","8":"entry"},"yoast_head":"<!-- This site is optimized with the Yoast SEO plugin v17.2.1 - https:\/\/yoast.com\/wordpress\/plugins\/seo\/ -->\n<meta name=\"robots\" content=\"index, follow, max-snippet:-1, max-image-preview:large, max-video-preview:-1\" \/>\n<link rel=\"canonical\" href=\"https:\/\/www.kilians.com\/de\/news\/2016\/first-class-picnic-des-elternbeirates-fuer-1-klasse-grundschule\/\" \/>\n<meta property=\"og:locale\" content=\"de_DE\" \/>\n<meta property=\"og:type\" content=\"article\" \/>\n<meta property=\"og:title\" content=\"&quot;First Class Picnic&quot; des Elternbeirates f\u00fcr 1. Klasse Grundschule - St. Kilian&#039;s German School, Dublin\" \/>\n<meta property=\"og:description\" content=\"Der St. Kilian\u2019s Elternbeirat l\u00e4dt alle Sch\u00fcler, Eltern und Familie der Sch\u00fcler der 1. Klasse Grundschule (Omas, Opas, Onkel und Tanten auch willkommen) herzlich zum... Weiterlesen\" \/>\n<meta property=\"og:url\" content=\"https:\/\/www.kilians.com\/de\/news\/2016\/first-class-picnic-des-elternbeirates-fuer-1-klasse-grundschule\/\" \/>\n<meta property=\"og:site_name\" content=\"St. Kilian&#039;s German School, Dublin\" \/>\n<meta property=\"article:published_time\" content=\"2016-08-25T09:17:45+00:00\" \/>\n<meta name=\"twitter:card\" content=\"summary\" \/>\n<meta name=\"twitter:label1\" content=\"Verfasst von\" \/>\n\t<meta name=\"twitter:data1\" content=\"marketingadmin\" \/>\n\t<meta name=\"twitter:label2\" content=\"Gesch\u00e4tzte Lesezeit\" \/>\n\t<meta name=\"twitter:data2\" content=\"1 minute\" \/>\n<script type=\"application\/ld+json\" class=\"yoast-schema-graph\">{\"@context\":\"https:\/\/schema.org\",\"@graph\":[{\"@type\":\"Organization\",\"@id\":\"https:\/\/www.kilians.com\/#organization\",\"name\":\"St. Kilian's\",\"url\":\"https:\/\/www.kilians.com\/\",\"sameAs\":[],\"logo\":{\"@type\":\"ImageObject\",\"@id\":\"https:\/\/www.kilians.com\/#logo\",\"inLanguage\":\"de-DE\",\"url\":\"https:\/\/www.kilians.com\/wp-content\/uploads\/2017\/02\/StKilians_MasterLogo_Colour-1.png\",\"contentUrl\":\"https:\/\/www.kilians.com\/wp-content\/uploads\/2017\/02\/StKilians_MasterLogo_Colour-1.png\",\"width\":768,\"height\":1240,\"caption\":\"St. Kilian's\"},\"image\":{\"@id\":\"https:\/\/www.kilians.com\/#logo\"}},{\"@type\":\"WebSite\",\"@id\":\"https:\/\/www.kilians.com\/#website\",\"url\":\"https:\/\/www.kilians.com\/\",\"name\":\"St. Kilian&#039;s German School, Dublin\",\"description\":\"\",\"publisher\":{\"@id\":\"https:\/\/www.kilians.com\/#organization\"},\"potentialAction\":[{\"@type\":\"SearchAction\",\"target\":{\"@type\":\"EntryPoint\",\"urlTemplate\":\"https:\/\/www.kilians.com\/?s={search_term_string}\"},\"query-input\":\"required name=search_term_string\"}],\"inLanguage\":\"de-DE\"},{\"@type\":\"WebPage\",\"@id\":\"https:\/\/www.kilians.com\/de\/news\/2016\/first-class-picnic-des-elternbeirates-fuer-1-klasse-grundschule\/#webpage\",\"url\":\"https:\/\/www.kilians.com\/de\/news\/2016\/first-class-picnic-des-elternbeirates-fuer-1-klasse-grundschule\/\",\"name\":\"\\\"First Class Picnic\\\" des Elternbeirates f\\u00fcr 1. Klasse Grundschule - St. Kilian&#039;s German School, Dublin\",\"isPartOf\":{\"@id\":\"https:\/\/www.kilians.com\/#website\"},\"datePublished\":\"2016-08-25T09:17:45+00:00\",\"dateModified\":\"2016-08-25T09:17:45+00:00\",\"breadcrumb\":{\"@id\":\"https:\/\/www.kilians.com\/de\/news\/2016\/first-class-picnic-des-elternbeirates-fuer-1-klasse-grundschule\/#breadcrumb\"},\"inLanguage\":\"de-DE\",\"potentialAction\":[{\"@type\":\"ReadAction\",\"target\":[\"https:\/\/www.kilians.com\/de\/news\/2016\/first-class-picnic-des-elternbeirates-fuer-1-klasse-grundschule\/\"]}]},{\"@type\":\"BreadcrumbList\",\"@id\":\"https:\/\/www.kilians.com\/de\/news\/2016\/first-class-picnic-des-elternbeirates-fuer-1-klasse-grundschule\/#breadcrumb\",\"itemListElement\":[{\"@type\":\"ListItem\",\"position\":1,\"name\":\"Home\",\"item\":\"https:\/\/www.kilians.com\/de\/\"},{\"@type\":\"ListItem\",\"position\":2,\"name\":\"&#8220;First Class Picnic&#8221; des Elternbeirates f\\u00fcr 1. Klasse Grundschule\"}]},{\"@type\":\"Article\",\"@id\":\"https:\/\/www.kilians.com\/de\/news\/2016\/first-class-picnic-des-elternbeirates-fuer-1-klasse-grundschule\/#article\",\"isPartOf\":{\"@id\":\"https:\/\/www.kilians.com\/de\/news\/2016\/first-class-picnic-des-elternbeirates-fuer-1-klasse-grundschule\/#webpage\"},\"author\":{\"@id\":\"https:\/\/www.kilians.com\/#\/schema\/person\/d66fd270fc10b6a48b300e500c5f9edd\"},\"headline\":\"&#8220;First Class Picnic&#8221; des Elternbeirates f\\u00fcr 1. Klasse Grundschule\",\"datePublished\":\"2016-08-25T09:17:45+00:00\",\"dateModified\":\"2016-08-25T09:17:45+00:00\",\"mainEntityOfPage\":{\"@id\":\"https:\/\/www.kilians.com\/de\/news\/2016\/first-class-picnic-des-elternbeirates-fuer-1-klasse-grundschule\/#webpage\"},\"wordCount\":116,\"publisher\":{\"@id\":\"https:\/\/www.kilians.com\/#organization\"},\"articleSection\":[\"Nachrichten\",\"Primary School\"],\"inLanguage\":\"de-DE\"},{\"@type\":\"Person\",\"@id\":\"https:\/\/www.kilians.com\/#\/schema\/person\/d66fd270fc10b6a48b300e500c5f9edd\",\"name\":\"marketingadmin\",\"url\":\"https:\/\/www.kilians.com\/de\/news\/author\/marketingadmin\/\"}]}<\/script>\n<!-- \/ Yoast SEO plugin. -->","yoast_head_json":{"robots":{"index":"index","follow":"follow","max-snippet":"max-snippet:-1","max-image-preview":"max-image-preview:large","max-video-preview":"max-video-preview:-1"},"canonical":"https:\/\/www.kilians.com\/de\/news\/2016\/first-class-picnic-des-elternbeirates-fuer-1-klasse-grundschule\/","og_locale":"de_DE","og_type":"article","og_title":"\"First Class Picnic\" des Elternbeirates f\u00fcr 1. Klasse Grundschule - St. Kilian&#039;s German School, Dublin","og_description":"Der St. Kilian\u2019s Elternbeirat l\u00e4dt alle Sch\u00fcler, Eltern und Familie der Sch\u00fcler der 1. Klasse Grundschule (Omas, Opas, Onkel und Tanten auch willkommen) herzlich zum... Weiterlesen","og_url":"https:\/\/www.kilians.com\/de\/news\/2016\/first-class-picnic-des-elternbeirates-fuer-1-klasse-grundschule\/","og_site_name":"St. Kilian&#039;s German School, Dublin","article_published_time":"2016-08-25T09:17:45+00:00","twitter_card":"summary","twitter_misc":{"Verfasst von":"marketingadmin","Gesch\u00e4tzte Lesezeit":"1 minute"},"schema":{"@context":"https:\/\/schema.org","@graph":[{"@type":"Organization","@id":"https:\/\/www.kilians.com\/#organization","name":"St. Kilian's","url":"https:\/\/www.kilians.com\/","sameAs":[],"logo":{"@type":"ImageObject","@id":"https:\/\/www.kilians.com\/#logo","inLanguage":"de-DE","url":"https:\/\/www.kilians.com\/wp-content\/uploads\/2017\/02\/StKilians_MasterLogo_Colour-1.png","contentUrl":"https:\/\/www.kilians.com\/wp-content\/uploads\/2017\/02\/StKilians_MasterLogo_Colour-1.png","width":768,"height":1240,"caption":"St. Kilian's"},"image":{"@id":"https:\/\/www.kilians.com\/#logo"}},{"@type":"WebSite","@id":"https:\/\/www.kilians.com\/#website","url":"https:\/\/www.kilians.com\/","name":"St. Kilian&#039;s German School, Dublin","description":"","publisher":{"@id":"https:\/\/www.kilians.com\/#organization"},"potentialAction":[{"@type":"SearchAction","target":{"@type":"EntryPoint","urlTemplate":"https:\/\/www.kilians.com\/?s={search_term_string}"},"query-input":"required name=search_term_string"}],"inLanguage":"de-DE"},{"@type":"WebPage","@id":"https:\/\/www.kilians.com\/de\/news\/2016\/first-class-picnic-des-elternbeirates-fuer-1-klasse-grundschule\/#webpage","url":"https:\/\/www.kilians.com\/de\/news\/2016\/first-class-picnic-des-elternbeirates-fuer-1-klasse-grundschule\/","name":"\"First Class Picnic\" des Elternbeirates f\u00fcr 1. Klasse Grundschule - St. Kilian&#039;s German School, Dublin","isPartOf":{"@id":"https:\/\/www.kilians.com\/#website"},"datePublished":"2016-08-25T09:17:45+00:00","dateModified":"2016-08-25T09:17:45+00:00","breadcrumb":{"@id":"https:\/\/www.kilians.com\/de\/news\/2016\/first-class-picnic-des-elternbeirates-fuer-1-klasse-grundschule\/#breadcrumb"},"inLanguage":"de-DE","potentialAction":[{"@type":"ReadAction","target":["https:\/\/www.kilians.com\/de\/news\/2016\/first-class-picnic-des-elternbeirates-fuer-1-klasse-grundschule\/"]}]},{"@type":"BreadcrumbList","@id":"https:\/\/www.kilians.com\/de\/news\/2016\/first-class-picnic-des-elternbeirates-fuer-1-klasse-grundschule\/#breadcrumb","itemListElement":[{"@type":"ListItem","position":1,"name":"Home","item":"https:\/\/www.kilians.com\/de\/"},{"@type":"ListItem","position":2,"name":"&#8220;First Class Picnic&#8221; des Elternbeirates f\u00fcr 1. Klasse Grundschule"}]},{"@type":"Article","@id":"https:\/\/www.kilians.com\/de\/news\/2016\/first-class-picnic-des-elternbeirates-fuer-1-klasse-grundschule\/#article","isPartOf":{"@id":"https:\/\/www.kilians.com\/de\/news\/2016\/first-class-picnic-des-elternbeirates-fuer-1-klasse-grundschule\/#webpage"},"author":{"@id":"https:\/\/www.kilians.com\/#\/schema\/person\/d66fd270fc10b6a48b300e500c5f9edd"},"headline":"&#8220;First Class Picnic&#8221; des Elternbeirates f\u00fcr 1. Klasse Grundschule","datePublished":"2016-08-25T09:17:45+00:00","dateModified":"2016-08-25T09:17:45+00:00","mainEntityOfPage":{"@id":"https:\/\/www.kilians.com\/de\/news\/2016\/first-class-picnic-des-elternbeirates-fuer-1-klasse-grundschule\/#webpage"},"wordCount":116,"publisher":{"@id":"https:\/\/www.kilians.com\/#organization"},"articleSection":["Nachrichten","Primary School"],"inLanguage":"de-DE"},{"@type":"Person","@id":"https:\/\/www.kilians.com\/#\/schema\/person\/d66fd270fc10b6a48b300e500c5f9edd","name":"marketingadmin","url":"https:\/\/www.kilians.com\/de\/news\/author\/marketingadmin\/"}]}},"_links":{"self":[{"href":"https:\/\/www.kilians.com\/de\/wp-json\/wp\/v2\/posts\/18480\/"}],"collection":[{"href":"https:\/\/www.kilians.com\/de\/wp-json\/wp\/v2\/posts\/"}],"about":[{"href":"https:\/\/www.kilians.com\/de\/wp-json\/wp\/v2\/types\/post\/"}],"author":[{"embeddable":true,"href":"https:\/\/www.kilians.com\/de\/wp-json\/wp\/v2\/users\/1\/"}],"replies":[{"embeddable":true,"href":"https:\/\/www.kilians.com\/de\/wp-json\/wp\/v2\/comments\/?post=18480"}],"version-history":[{"count":0,"href":"https:\/\/www.kilians.com\/de\/wp-json\/wp\/v2\/posts\/18480\/revisions\/"}],"wp:attachment":[{"href":"https:\/\/www.kilians.com\/de\/wp-json\/wp\/v2\/media\/?parent=18480"}],"wp:term":[{"taxonomy":"category","embeddable":true,"href":"https:\/\/www.kilians.com\/de\/wp-json\/wp\/v2\/categories\/?post=18480"},{"taxonomy":"post_tag","embeddable":true,"href":"https:\/\/www.kilians.com\/de\/wp-json\/wp\/v2\/tags\/?post=18480"}],"curies":[{"name":"wp","href":"https:\/\/api.w.org\/{rel}","templated":true}]}}