{"id":22384,"date":"2017-04-06T08:29:13","date_gmt":"2017-04-06T08:29:13","guid":{"rendered":"http:\/\/www.kilians.com\/de\/?p=22384"},"modified":"2017-04-07T08:35:49","modified_gmt":"2017-04-07T08:35:49","slug":"plakatwettbewerb-irisch","status":"publish","type":"post","link":"https:\/\/www.kilians.com\/de\/news\/2017\/plakatwettbewerb-irisch\/","title":{"rendered":"Plakatwettbewerb im Fach Irisch"},"content":{"rendered":"<p>Am 5. April 2017 k\u00fcndete die Fachschaft Irisch die Sieger ihres j\u00e4hrlichen Plakatwettbewerbs f\u00fcr <i>Seachtain na Gaeilge<\/i> (Woche der irischen Sprache) an. Der Wettbewerb, der von Frau Hollaway organisiert wurde, ist f\u00fcr die Sch\u00fclerinnen und Sch\u00fcler der 7. Klasse; sie sollen Posterdesigns entwerfen, die sich auf alte irischen Redewendungen beziehen. Es war sehr schwierig, die besten Plakate auszuw\u00e4hlen, da der Standard sehr hoch war. Herzlichen Gl\u00fcckwunsch an alle, die mitgemacht haben und vielen Dank an Frau Holloway f\u00fcr die Organisation.<\/p>\n<p>Die Gewinner sind:<\/p>\n<ol>\n<li>Platz \u2013 Alice Jolyet-Cunningham<\/li>\n<li>Platz \u2013 Sophia McMillan<\/li>\n<li>Platz \u2013 Noah Uwakwe-Kelly<\/li>\n<\/ol>\n<p><a href=\"http:\/\/www.kilians.com\/wp-content\/uploads\/2017\/04\/DSCF4234-2.jpg\"><img loading=\"lazy\" decoding=\"async\" class=\"alignnone size-large wp-image-22428\" src=\"http:\/\/www.kilians.com\/wp-content\/uploads\/2017\/04\/DSCF4234-2-1024x767.jpg\" alt=\"DSCF4234\" width=\"1024\" height=\"767\" srcset=\"https:\/\/www.kilians.com\/wp-content\/uploads\/2017\/04\/DSCF4234-2-1024x767.jpg 1024w, https:\/\/www.kilians.com\/wp-content\/uploads\/2017\/04\/DSCF4234-2-768x575.jpg 768w, https:\/\/www.kilians.com\/wp-content\/uploads\/2017\/04\/DSCF4234-2-750x562.jpg 750w\" sizes=\"auto, (max-width: 1024px) 100vw, 1024px\" \/><\/a> <a href=\"http:\/\/www.kilians.com\/wp-content\/uploads\/2017\/04\/DSCF4233.jpg\"><img loading=\"lazy\" decoding=\"async\" class=\"alignnone size-large wp-image-22426\" src=\"http:\/\/www.kilians.com\/wp-content\/uploads\/2017\/04\/DSCF4233-1024x768.jpg\" alt=\"DSCF4233\" width=\"1024\" height=\"768\" srcset=\"https:\/\/www.kilians.com\/wp-content\/uploads\/2017\/04\/DSCF4233-1024x768.jpg 1024w, https:\/\/www.kilians.com\/wp-content\/uploads\/2017\/04\/DSCF4233-768x576.jpg 768w, https:\/\/www.kilians.com\/wp-content\/uploads\/2017\/04\/DSCF4233-750x562.jpg 750w\" sizes=\"auto, (max-width: 1024px) 100vw, 1024px\" \/><\/a> <a href=\"http:\/\/www.kilians.com\/wp-content\/uploads\/2017\/04\/DSCF4232.jpg\"><img loading=\"lazy\" decoding=\"async\" class=\"alignnone size-large wp-image-22424\" src=\"http:\/\/www.kilians.com\/wp-content\/uploads\/2017\/04\/DSCF4232-1024x767.jpg\" alt=\"DSCF4232\" width=\"1024\" height=\"767\" srcset=\"https:\/\/www.kilians.com\/wp-content\/uploads\/2017\/04\/DSCF4232-1024x767.jpg 1024w, https:\/\/www.kilians.com\/wp-content\/uploads\/2017\/04\/DSCF4232-768x575.jpg 768w, https:\/\/www.kilians.com\/wp-content\/uploads\/2017\/04\/DSCF4232-750x562.jpg 750w\" sizes=\"auto, (max-width: 1024px) 100vw, 1024px\" \/><\/a><\/p>\n","protected":false},"excerpt":{"rendered":"<p>Am 5. April 2017 k\u00fcndete die Fachschaft Irisch die Sieger ihres j\u00e4hrlichen Plakatwettbewerbs f\u00fcr Seachtain na Gaeilge (Woche der irischen Sprache) an. Der Wettbewerb, der&#8230; <a class=\"find-out-more-link\" href=\"https:\/\/www.kilians.com\/de\/news\/2017\/plakatwettbewerb-irisch\/\">Weiterlesen<\/a> <\/p>\n","protected":false},"author":1,"featured_media":22428,"comment_status":"closed","ping_status":"closed","sticky":false,"template":"","format":"standard","meta":{"footnotes":""},"categories":[6,52],"tags":[],"class_list":{"0":"post-22384","1":"post","2":"type-post","3":"status-publish","4":"format-standard","5":"has-post-thumbnail","7":"category-nachrichten","8":"category-sekundarstufe","9":"entry"},"yoast_head":"<!-- This site is optimized with the Yoast SEO plugin v17.2.1 - https:\/\/yoast.com\/wordpress\/plugins\/seo\/ -->\n<meta name=\"robots\" content=\"index, follow, max-snippet:-1, max-image-preview:large, max-video-preview:-1\" \/>\n<link rel=\"canonical\" href=\"https:\/\/www.kilians.com\/de\/news\/2017\/plakatwettbewerb-irisch\/\" \/>\n<meta property=\"og:locale\" content=\"de_DE\" \/>\n<meta property=\"og:type\" content=\"article\" \/>\n<meta property=\"og:title\" content=\"Plakatwettbewerb im Fach Irisch - St. Kilian&#039;s German School, Dublin\" \/>\n<meta property=\"og:description\" content=\"Am 5. April 2017 k\u00fcndete die Fachschaft Irisch die Sieger ihres j\u00e4hrlichen Plakatwettbewerbs f\u00fcr Seachtain na Gaeilge (Woche der irischen Sprache) an. Der Wettbewerb, der... Weiterlesen\" \/>\n<meta property=\"og:url\" content=\"https:\/\/www.kilians.com\/de\/news\/2017\/plakatwettbewerb-irisch\/\" \/>\n<meta property=\"og:site_name\" content=\"St. Kilian&#039;s German School, Dublin\" \/>\n<meta property=\"article:published_time\" content=\"2017-04-06T08:29:13+00:00\" \/>\n<meta property=\"article:modified_time\" content=\"2017-04-07T08:35:49+00:00\" \/>\n<meta property=\"og:image\" content=\"https:\/\/www.kilians.com\/wp-content\/uploads\/2017\/04\/DSCF4234-2.jpg\" \/>\n\t<meta property=\"og:image:width\" content=\"2377\" \/>\n\t<meta property=\"og:image:height\" content=\"1780\" \/>\n<meta name=\"twitter:card\" content=\"summary\" \/>\n<meta name=\"twitter:label1\" content=\"Verfasst von\" \/>\n\t<meta name=\"twitter:data1\" content=\"marketingadmin\" \/>\n<script type=\"application\/ld+json\" class=\"yoast-schema-graph\">{\"@context\":\"https:\/\/schema.org\",\"@graph\":[{\"@type\":\"Organization\",\"@id\":\"https:\/\/www.kilians.com\/#organization\",\"name\":\"St. Kilian's\",\"url\":\"https:\/\/www.kilians.com\/\",\"sameAs\":[],\"logo\":{\"@type\":\"ImageObject\",\"@id\":\"https:\/\/www.kilians.com\/#logo\",\"inLanguage\":\"de-DE\",\"url\":\"https:\/\/www.kilians.com\/wp-content\/uploads\/2017\/02\/StKilians_MasterLogo_Colour-1.png\",\"contentUrl\":\"https:\/\/www.kilians.com\/wp-content\/uploads\/2017\/02\/StKilians_MasterLogo_Colour-1.png\",\"width\":768,\"height\":1240,\"caption\":\"St. Kilian's\"},\"image\":{\"@id\":\"https:\/\/www.kilians.com\/#logo\"}},{\"@type\":\"WebSite\",\"@id\":\"https:\/\/www.kilians.com\/#website\",\"url\":\"https:\/\/www.kilians.com\/\",\"name\":\"St. Kilian&#039;s German School, Dublin\",\"description\":\"\",\"publisher\":{\"@id\":\"https:\/\/www.kilians.com\/#organization\"},\"potentialAction\":[{\"@type\":\"SearchAction\",\"target\":{\"@type\":\"EntryPoint\",\"urlTemplate\":\"https:\/\/www.kilians.com\/?s={search_term_string}\"},\"query-input\":\"required name=search_term_string\"}],\"inLanguage\":\"de-DE\"},{\"@type\":\"ImageObject\",\"@id\":\"https:\/\/www.kilians.com\/de\/news\/2017\/plakatwettbewerb-irisch\/#primaryimage\",\"inLanguage\":\"de-DE\",\"url\":\"https:\/\/www.kilians.com\/wp-content\/uploads\/2017\/04\/DSCF4234-2.jpg\",\"contentUrl\":\"https:\/\/www.kilians.com\/wp-content\/uploads\/2017\/04\/DSCF4234-2.jpg\",\"width\":2377,\"height\":1780},{\"@type\":\"WebPage\",\"@id\":\"https:\/\/www.kilians.com\/de\/news\/2017\/plakatwettbewerb-irisch\/#webpage\",\"url\":\"https:\/\/www.kilians.com\/de\/news\/2017\/plakatwettbewerb-irisch\/\",\"name\":\"Plakatwettbewerb im Fach Irisch - St. Kilian&#039;s German School, Dublin\",\"isPartOf\":{\"@id\":\"https:\/\/www.kilians.com\/#website\"},\"primaryImageOfPage\":{\"@id\":\"https:\/\/www.kilians.com\/de\/news\/2017\/plakatwettbewerb-irisch\/#primaryimage\"},\"datePublished\":\"2017-04-06T08:29:13+00:00\",\"dateModified\":\"2017-04-07T08:35:49+00:00\",\"breadcrumb\":{\"@id\":\"https:\/\/www.kilians.com\/de\/news\/2017\/plakatwettbewerb-irisch\/#breadcrumb\"},\"inLanguage\":\"de-DE\",\"potentialAction\":[{\"@type\":\"ReadAction\",\"target\":[\"https:\/\/www.kilians.com\/de\/news\/2017\/plakatwettbewerb-irisch\/\"]}]},{\"@type\":\"BreadcrumbList\",\"@id\":\"https:\/\/www.kilians.com\/de\/news\/2017\/plakatwettbewerb-irisch\/#breadcrumb\",\"itemListElement\":[{\"@type\":\"ListItem\",\"position\":1,\"name\":\"Home\",\"item\":\"https:\/\/www.kilians.com\/de\/\"},{\"@type\":\"ListItem\",\"position\":2,\"name\":\"Plakatwettbewerb im Fach Irisch\"}]},{\"@type\":\"Article\",\"@id\":\"https:\/\/www.kilians.com\/de\/news\/2017\/plakatwettbewerb-irisch\/#article\",\"isPartOf\":{\"@id\":\"https:\/\/www.kilians.com\/de\/news\/2017\/plakatwettbewerb-irisch\/#webpage\"},\"author\":{\"@id\":\"https:\/\/www.kilians.com\/#\/schema\/person\/d66fd270fc10b6a48b300e500c5f9edd\"},\"headline\":\"Plakatwettbewerb im Fach Irisch\",\"datePublished\":\"2017-04-06T08:29:13+00:00\",\"dateModified\":\"2017-04-07T08:35:49+00:00\",\"mainEntityOfPage\":{\"@id\":\"https:\/\/www.kilians.com\/de\/news\/2017\/plakatwettbewerb-irisch\/#webpage\"},\"wordCount\":102,\"publisher\":{\"@id\":\"https:\/\/www.kilians.com\/#organization\"},\"image\":{\"@id\":\"https:\/\/www.kilians.com\/de\/news\/2017\/plakatwettbewerb-irisch\/#primaryimage\"},\"thumbnailUrl\":\"https:\/\/www.kilians.com\/wp-content\/uploads\/2017\/04\/DSCF4234-2.jpg\",\"articleSection\":[\"Nachrichten\",\"Sekundarstufe\"],\"inLanguage\":\"de-DE\"},{\"@type\":\"Person\",\"@id\":\"https:\/\/www.kilians.com\/#\/schema\/person\/d66fd270fc10b6a48b300e500c5f9edd\",\"name\":\"marketingadmin\",\"url\":\"https:\/\/www.kilians.com\/de\/news\/author\/marketingadmin\/\"}]}<\/script>\n<!-- \/ Yoast SEO plugin. -->","yoast_head_json":{"robots":{"index":"index","follow":"follow","max-snippet":"max-snippet:-1","max-image-preview":"max-image-preview:large","max-video-preview":"max-video-preview:-1"},"canonical":"https:\/\/www.kilians.com\/de\/news\/2017\/plakatwettbewerb-irisch\/","og_locale":"de_DE","og_type":"article","og_title":"Plakatwettbewerb im Fach Irisch - St. Kilian&#039;s German School, Dublin","og_description":"Am 5. April 2017 k\u00fcndete die Fachschaft Irisch die Sieger ihres j\u00e4hrlichen Plakatwettbewerbs f\u00fcr Seachtain na Gaeilge (Woche der irischen Sprache) an. Der Wettbewerb, der... Weiterlesen","og_url":"https:\/\/www.kilians.com\/de\/news\/2017\/plakatwettbewerb-irisch\/","og_site_name":"St. Kilian&#039;s German School, Dublin","article_published_time":"2017-04-06T08:29:13+00:00","article_modified_time":"2017-04-07T08:35:49+00:00","og_image":[{"width":2377,"height":1780,"url":"https:\/\/www.kilians.com\/wp-content\/uploads\/2017\/04\/DSCF4234-2.jpg","path":"\/nas\/content\/live\/kilians\/wp-content\/uploads\/2017\/04\/DSCF4234-2.jpg","size":"full","id":22428,"alt":"","pixels":4231060,"type":"image\/jpeg"}],"twitter_card":"summary","twitter_misc":{"Verfasst von":"marketingadmin"},"schema":{"@context":"https:\/\/schema.org","@graph":[{"@type":"Organization","@id":"https:\/\/www.kilians.com\/#organization","name":"St. Kilian's","url":"https:\/\/www.kilians.com\/","sameAs":[],"logo":{"@type":"ImageObject","@id":"https:\/\/www.kilians.com\/#logo","inLanguage":"de-DE","url":"https:\/\/www.kilians.com\/wp-content\/uploads\/2017\/02\/StKilians_MasterLogo_Colour-1.png","contentUrl":"https:\/\/www.kilians.com\/wp-content\/uploads\/2017\/02\/StKilians_MasterLogo_Colour-1.png","width":768,"height":1240,"caption":"St. Kilian's"},"image":{"@id":"https:\/\/www.kilians.com\/#logo"}},{"@type":"WebSite","@id":"https:\/\/www.kilians.com\/#website","url":"https:\/\/www.kilians.com\/","name":"St. Kilian&#039;s German School, Dublin","description":"","publisher":{"@id":"https:\/\/www.kilians.com\/#organization"},"potentialAction":[{"@type":"SearchAction","target":{"@type":"EntryPoint","urlTemplate":"https:\/\/www.kilians.com\/?s={search_term_string}"},"query-input":"required name=search_term_string"}],"inLanguage":"de-DE"},{"@type":"ImageObject","@id":"https:\/\/www.kilians.com\/de\/news\/2017\/plakatwettbewerb-irisch\/#primaryimage","inLanguage":"de-DE","url":"https:\/\/www.kilians.com\/wp-content\/uploads\/2017\/04\/DSCF4234-2.jpg","contentUrl":"https:\/\/www.kilians.com\/wp-content\/uploads\/2017\/04\/DSCF4234-2.jpg","width":2377,"height":1780},{"@type":"WebPage","@id":"https:\/\/www.kilians.com\/de\/news\/2017\/plakatwettbewerb-irisch\/#webpage","url":"https:\/\/www.kilians.com\/de\/news\/2017\/plakatwettbewerb-irisch\/","name":"Plakatwettbewerb im Fach Irisch - St. Kilian&#039;s German School, Dublin","isPartOf":{"@id":"https:\/\/www.kilians.com\/#website"},"primaryImageOfPage":{"@id":"https:\/\/www.kilians.com\/de\/news\/2017\/plakatwettbewerb-irisch\/#primaryimage"},"datePublished":"2017-04-06T08:29:13+00:00","dateModified":"2017-04-07T08:35:49+00:00","breadcrumb":{"@id":"https:\/\/www.kilians.com\/de\/news\/2017\/plakatwettbewerb-irisch\/#breadcrumb"},"inLanguage":"de-DE","potentialAction":[{"@type":"ReadAction","target":["https:\/\/www.kilians.com\/de\/news\/2017\/plakatwettbewerb-irisch\/"]}]},{"@type":"BreadcrumbList","@id":"https:\/\/www.kilians.com\/de\/news\/2017\/plakatwettbewerb-irisch\/#breadcrumb","itemListElement":[{"@type":"ListItem","position":1,"name":"Home","item":"https:\/\/www.kilians.com\/de\/"},{"@type":"ListItem","position":2,"name":"Plakatwettbewerb im Fach Irisch"}]},{"@type":"Article","@id":"https:\/\/www.kilians.com\/de\/news\/2017\/plakatwettbewerb-irisch\/#article","isPartOf":{"@id":"https:\/\/www.kilians.com\/de\/news\/2017\/plakatwettbewerb-irisch\/#webpage"},"author":{"@id":"https:\/\/www.kilians.com\/#\/schema\/person\/d66fd270fc10b6a48b300e500c5f9edd"},"headline":"Plakatwettbewerb im Fach Irisch","datePublished":"2017-04-06T08:29:13+00:00","dateModified":"2017-04-07T08:35:49+00:00","mainEntityOfPage":{"@id":"https:\/\/www.kilians.com\/de\/news\/2017\/plakatwettbewerb-irisch\/#webpage"},"wordCount":102,"publisher":{"@id":"https:\/\/www.kilians.com\/#organization"},"image":{"@id":"https:\/\/www.kilians.com\/de\/news\/2017\/plakatwettbewerb-irisch\/#primaryimage"},"thumbnailUrl":"https:\/\/www.kilians.com\/wp-content\/uploads\/2017\/04\/DSCF4234-2.jpg","articleSection":["Nachrichten","Sekundarstufe"],"inLanguage":"de-DE"},{"@type":"Person","@id":"https:\/\/www.kilians.com\/#\/schema\/person\/d66fd270fc10b6a48b300e500c5f9edd","name":"marketingadmin","url":"https:\/\/www.kilians.com\/de\/news\/author\/marketingadmin\/"}]}},"_links":{"self":[{"href":"https:\/\/www.kilians.com\/de\/wp-json\/wp\/v2\/posts\/22384\/"}],"collection":[{"href":"https:\/\/www.kilians.com\/de\/wp-json\/wp\/v2\/posts\/"}],"about":[{"href":"https:\/\/www.kilians.com\/de\/wp-json\/wp\/v2\/types\/post\/"}],"author":[{"embeddable":true,"href":"https:\/\/www.kilians.com\/de\/wp-json\/wp\/v2\/users\/1\/"}],"replies":[{"embeddable":true,"href":"https:\/\/www.kilians.com\/de\/wp-json\/wp\/v2\/comments\/?post=22384"}],"version-history":[{"count":0,"href":"https:\/\/www.kilians.com\/de\/wp-json\/wp\/v2\/posts\/22384\/revisions\/"}],"wp:featuredmedia":[{"embeddable":true,"href":"https:\/\/www.kilians.com\/de\/wp-json\/wp\/v2\/media\/22428\/"}],"wp:attachment":[{"href":"https:\/\/www.kilians.com\/de\/wp-json\/wp\/v2\/media\/?parent=22384"}],"wp:term":[{"taxonomy":"category","embeddable":true,"href":"https:\/\/www.kilians.com\/de\/wp-json\/wp\/v2\/categories\/?post=22384"},{"taxonomy":"post_tag","embeddable":true,"href":"https:\/\/www.kilians.com\/de\/wp-json\/wp\/v2\/tags\/?post=22384"}],"curies":[{"name":"wp","href":"https:\/\/api.w.org\/{rel}","templated":true}]}}