{"id":31049,"date":"2018-05-07T12:47:10","date_gmt":"2018-05-07T11:47:10","guid":{"rendered":"https:\/\/www.kilians.com\/kilians-short-film-festival-2018\/"},"modified":"2018-05-09T09:20:29","modified_gmt":"2018-05-09T08:20:29","slug":"kilians-short-film-festival-2018","status":"publish","type":"post","link":"https:\/\/www.kilians.com\/de\/news\/2018\/kilians-short-film-festival-2018\/","title":{"rendered":"Das Kilian&#8217;s Kurzfilmfestival 2018"},"content":{"rendered":"<p>Das diesj\u00e4hrige <em>Kilian&#8217;s Short Film Festival<\/em> fand am 4. Mai 2018 im UCD-Kino statt. Das Festival wurde bereits zum 4. Mal veranstaltet und wir\u00a0hatten\u00a0zahlreiche gro\u00dfartige Filmbeitr\u00e4ge von unseren\u00a0Sch\u00fclern.<span data-ccp-props=\"{&quot;201341983&quot;:0,&quot;335551550&quot;:1,&quot;335551620&quot;:1,&quot;335559739&quot;:160,&quot;335559740&quot;:259}\">\u00a0<\/span><\/p>\n<p>Frau Kavanagh und Mr Lacey, die Organisatoren des Festivals, zeigten uns eine Auswahl von Kurzfilmen, die von St. Kilian&#8217;s Sch\u00fclern gemacht wurden, sowie einige preisgekr\u00f6nte Filme des europ\u00e4ischen Filmwettbewerbs <a href=\"https:\/\/europafilmtt.wordpress.com\/\" target=\"_blank\" rel=\"noopener\">&#8220;Europa filmt&#8221;<\/a>.\u00a0Au\u00dferdem wurden in diesem Jahr zum ersten Mal die Filme gezeigt, die Sch\u00fcler im Rahmen ihres TY-Menschenrechts-Moduls, einem gemeinsamen Modul zwischen St. Kilian&#8217;s und dem <a href=\"https:\/\/lfi.ie\/\" target=\"_blank\" rel=\"noopener\">LFI<\/a>, produziert haben.<span data-ccp-props=\"{&quot;201341983&quot;:0,&quot;335551550&quot;:1,&quot;335551620&quot;:1,&quot;335559739&quot;:160,&quot;335559740&quot;:259}\">\u00a0<\/span><\/p>\n<p>Gewinner in der Junior-Kategorie\u00a0war &#8220;Left Right Wrong&#8221;, ein Film von Sch\u00fclern der 8. Klasse \u00fcber Teenage-Angst. Der Senior-Preis ging an &#8220;We Ran&#8221;, ein Film von Sch\u00fclern der 12. Klasse, der sich mit\u00a0den Sorgen der Sch\u00fcler vor ihren Abschlusspr\u00fcfungen\u00a0besch\u00e4ftigte. Der Publikumspreis ging an die Kom\u00f6die\u00a0&#8220;Attack of the onesies&#8221;, den TY-Sch\u00fcler\u00a0in ihrem Film-Modul mit Ms\u00a0O&#8217;Leary gedreht haben.<span data-ccp-props=\"{&quot;201341983&quot;:0,&quot;335551550&quot;:1,&quot;335551620&quot;:1,&quot;335559739&quot;:160,&quot;335559740&quot;:259}\">\u00a0<\/span><\/p>\n<p>Danke an\u00a0die\u00a0Teilnehmer des diesj\u00e4hrigen Festivals\u00a0und an alle Lehrer, die an der Organisation\u00a0dieser gro\u00dfartigen Veranstaltung\u00a0beteiligt waren.<span data-ccp-props=\"{&quot;201341983&quot;:0,&quot;335551550&quot;:1,&quot;335551620&quot;:1,&quot;335559739&quot;:160,&quot;335559740&quot;:259}\">\u00a0<\/span><\/p>\n<p>&nbsp;<\/p>\n<p>Ein kurzer Ausschnitt einiger der gezeigten Videos ist auf unserer <a href=\"https:\/\/www.facebook.com\/stkiliansdeutscheschule\/videos\/1807113322700041\/\" target=\"_blank\" rel=\"noopener\">Facebook-Seite\u00a0<\/a>verf\u00fcgbar.<\/p>\n<p>&nbsp;<\/p>\n<p><a title=\"The Kilian's Short Film Festival 2018\" href=\"https:\/\/www.flickr.com\/photos\/157368007@N08\/albums\/72157695886790314\" data-flickr-embed=\"true\"><img loading=\"lazy\" decoding=\"async\" src=\"https:\/\/farm1.staticflickr.com\/977\/41948608551_25fef3d8d7_z.jpg\" alt=\"The Kilian's Short Film Festival 2018\" width=\"640\" height=\"427\" \/><\/a><script async src=\"\/\/embedr.flickr.com\/assets\/client-code.js\" charset=\"utf-8\"><\/script><\/p>\n","protected":false},"excerpt":{"rendered":"<p>Das diesj\u00e4hrige Kilian&#8217;s Short Film Festival fand am 4. Mai 2018 im UCD-Kino statt. Das Festival wurde bereits zum 4. Mal veranstaltet und wir\u00a0hatten\u00a0zahlreiche gro\u00dfartige&#8230; <a class=\"find-out-more-link\" href=\"https:\/\/www.kilians.com\/de\/news\/2018\/kilians-short-film-festival-2018\/\">Weiterlesen<\/a> <\/p>\n","protected":false},"author":1,"featured_media":31056,"comment_status":"closed","ping_status":"closed","sticky":false,"template":"","format":"standard","meta":{"footnotes":""},"categories":[6],"tags":[],"class_list":{"0":"post-31049","1":"post","2":"type-post","3":"status-publish","4":"format-standard","5":"has-post-thumbnail","7":"category-nachrichten","8":"entry"},"yoast_head":"<!-- This site is optimized with the Yoast SEO plugin v17.2.1 - https:\/\/yoast.com\/wordpress\/plugins\/seo\/ -->\n<meta name=\"robots\" content=\"index, follow, max-snippet:-1, max-image-preview:large, max-video-preview:-1\" \/>\n<link rel=\"canonical\" href=\"https:\/\/www.kilians.com\/de\/news\/2018\/kilians-short-film-festival-2018\/\" \/>\n<meta property=\"og:locale\" content=\"de_DE\" \/>\n<meta property=\"og:type\" content=\"article\" \/>\n<meta property=\"og:title\" content=\"Das Kilian&#039;s Kurzfilmfestival 2018 - St. Kilian&#039;s German School, Dublin\" \/>\n<meta property=\"og:description\" content=\"Das diesj\u00e4hrige Kilian&#8217;s Short Film Festival fand am 4. Mai 2018 im UCD-Kino statt. Das Festival wurde bereits zum 4. Mal veranstaltet und wir\u00a0hatten\u00a0zahlreiche gro\u00dfartige... Weiterlesen\" \/>\n<meta property=\"og:url\" content=\"https:\/\/www.kilians.com\/de\/news\/2018\/kilians-short-film-festival-2018\/\" \/>\n<meta property=\"og:site_name\" content=\"St. Kilian&#039;s German School, Dublin\" \/>\n<meta property=\"article:published_time\" content=\"2018-05-07T11:47:10+00:00\" \/>\n<meta property=\"article:modified_time\" content=\"2018-05-09T08:20:29+00:00\" \/>\n<meta property=\"og:image\" content=\"https:\/\/www.kilians.com\/wp-content\/uploads\/2018\/05\/IMG_7049-copy.jpg\" \/>\n\t<meta property=\"og:image:width\" content=\"800\" \/>\n\t<meta property=\"og:image:height\" content=\"533\" \/>\n<meta name=\"twitter:card\" content=\"summary\" \/>\n<meta name=\"twitter:label1\" content=\"Verfasst von\" \/>\n\t<meta name=\"twitter:data1\" content=\"marketingadmin\" \/>\n\t<meta name=\"twitter:label2\" content=\"Gesch\u00e4tzte Lesezeit\" \/>\n\t<meta name=\"twitter:data2\" content=\"1 minute\" \/>\n<script type=\"application\/ld+json\" class=\"yoast-schema-graph\">{\"@context\":\"https:\/\/schema.org\",\"@graph\":[{\"@type\":\"Organization\",\"@id\":\"https:\/\/www.kilians.com\/#organization\",\"name\":\"St. Kilian's\",\"url\":\"https:\/\/www.kilians.com\/\",\"sameAs\":[],\"logo\":{\"@type\":\"ImageObject\",\"@id\":\"https:\/\/www.kilians.com\/#logo\",\"inLanguage\":\"de-DE\",\"url\":\"https:\/\/www.kilians.com\/wp-content\/uploads\/2017\/02\/StKilians_MasterLogo_Colour-1.png\",\"contentUrl\":\"https:\/\/www.kilians.com\/wp-content\/uploads\/2017\/02\/StKilians_MasterLogo_Colour-1.png\",\"width\":768,\"height\":1240,\"caption\":\"St. Kilian's\"},\"image\":{\"@id\":\"https:\/\/www.kilians.com\/#logo\"}},{\"@type\":\"WebSite\",\"@id\":\"https:\/\/www.kilians.com\/#website\",\"url\":\"https:\/\/www.kilians.com\/\",\"name\":\"St. Kilian&#039;s German School, Dublin\",\"description\":\"\",\"publisher\":{\"@id\":\"https:\/\/www.kilians.com\/#organization\"},\"potentialAction\":[{\"@type\":\"SearchAction\",\"target\":{\"@type\":\"EntryPoint\",\"urlTemplate\":\"https:\/\/www.kilians.com\/?s={search_term_string}\"},\"query-input\":\"required name=search_term_string\"}],\"inLanguage\":\"de-DE\"},{\"@type\":\"ImageObject\",\"@id\":\"https:\/\/www.kilians.com\/de\/news\/2018\/kilians-short-film-festival-2018\/#primaryimage\",\"inLanguage\":\"de-DE\",\"url\":\"https:\/\/www.kilians.com\/wp-content\/uploads\/2018\/05\/IMG_7049-copy.jpg\",\"contentUrl\":\"https:\/\/www.kilians.com\/wp-content\/uploads\/2018\/05\/IMG_7049-copy.jpg\",\"width\":800,\"height\":533},{\"@type\":\"WebPage\",\"@id\":\"https:\/\/www.kilians.com\/de\/news\/2018\/kilians-short-film-festival-2018\/#webpage\",\"url\":\"https:\/\/www.kilians.com\/de\/news\/2018\/kilians-short-film-festival-2018\/\",\"name\":\"Das Kilian's Kurzfilmfestival 2018 - St. Kilian&#039;s German School, Dublin\",\"isPartOf\":{\"@id\":\"https:\/\/www.kilians.com\/#website\"},\"primaryImageOfPage\":{\"@id\":\"https:\/\/www.kilians.com\/de\/news\/2018\/kilians-short-film-festival-2018\/#primaryimage\"},\"datePublished\":\"2018-05-07T11:47:10+00:00\",\"dateModified\":\"2018-05-09T08:20:29+00:00\",\"breadcrumb\":{\"@id\":\"https:\/\/www.kilians.com\/de\/news\/2018\/kilians-short-film-festival-2018\/#breadcrumb\"},\"inLanguage\":\"de-DE\",\"potentialAction\":[{\"@type\":\"ReadAction\",\"target\":[\"https:\/\/www.kilians.com\/de\/news\/2018\/kilians-short-film-festival-2018\/\"]}]},{\"@type\":\"BreadcrumbList\",\"@id\":\"https:\/\/www.kilians.com\/de\/news\/2018\/kilians-short-film-festival-2018\/#breadcrumb\",\"itemListElement\":[{\"@type\":\"ListItem\",\"position\":1,\"name\":\"Home\",\"item\":\"https:\/\/www.kilians.com\/de\/\"},{\"@type\":\"ListItem\",\"position\":2,\"name\":\"Das Kilian&#8217;s Kurzfilmfestival 2018\"}]},{\"@type\":\"Article\",\"@id\":\"https:\/\/www.kilians.com\/de\/news\/2018\/kilians-short-film-festival-2018\/#article\",\"isPartOf\":{\"@id\":\"https:\/\/www.kilians.com\/de\/news\/2018\/kilians-short-film-festival-2018\/#webpage\"},\"author\":{\"@id\":\"https:\/\/www.kilians.com\/#\/schema\/person\/d66fd270fc10b6a48b300e500c5f9edd\"},\"headline\":\"Das Kilian&#8217;s Kurzfilmfestival 2018\",\"datePublished\":\"2018-05-07T11:47:10+00:00\",\"dateModified\":\"2018-05-09T08:20:29+00:00\",\"mainEntityOfPage\":{\"@id\":\"https:\/\/www.kilians.com\/de\/news\/2018\/kilians-short-film-festival-2018\/#webpage\"},\"wordCount\":202,\"publisher\":{\"@id\":\"https:\/\/www.kilians.com\/#organization\"},\"image\":{\"@id\":\"https:\/\/www.kilians.com\/de\/news\/2018\/kilians-short-film-festival-2018\/#primaryimage\"},\"thumbnailUrl\":\"https:\/\/www.kilians.com\/wp-content\/uploads\/2018\/05\/IMG_7049-copy.jpg\",\"articleSection\":[\"Nachrichten\"],\"inLanguage\":\"de-DE\"},{\"@type\":\"Person\",\"@id\":\"https:\/\/www.kilians.com\/#\/schema\/person\/d66fd270fc10b6a48b300e500c5f9edd\",\"name\":\"marketingadmin\",\"url\":\"https:\/\/www.kilians.com\/de\/news\/author\/marketingadmin\/\"}]}<\/script>\n<!-- \/ Yoast SEO plugin. -->","yoast_head_json":{"robots":{"index":"index","follow":"follow","max-snippet":"max-snippet:-1","max-image-preview":"max-image-preview:large","max-video-preview":"max-video-preview:-1"},"canonical":"https:\/\/www.kilians.com\/de\/news\/2018\/kilians-short-film-festival-2018\/","og_locale":"de_DE","og_type":"article","og_title":"Das Kilian's Kurzfilmfestival 2018 - St. Kilian&#039;s German School, Dublin","og_description":"Das diesj\u00e4hrige Kilian&#8217;s Short Film Festival fand am 4. Mai 2018 im UCD-Kino statt. Das Festival wurde bereits zum 4. Mal veranstaltet und wir\u00a0hatten\u00a0zahlreiche gro\u00dfartige... Weiterlesen","og_url":"https:\/\/www.kilians.com\/de\/news\/2018\/kilians-short-film-festival-2018\/","og_site_name":"St. Kilian&#039;s German School, Dublin","article_published_time":"2018-05-07T11:47:10+00:00","article_modified_time":"2018-05-09T08:20:29+00:00","og_image":[{"width":800,"height":533,"url":"https:\/\/www.kilians.com\/wp-content\/uploads\/2018\/05\/IMG_7049-copy.jpg","path":"\/nas\/content\/live\/kilians\/wp-content\/uploads\/2018\/05\/IMG_7049-copy.jpg","size":"full","id":31056,"alt":"","pixels":426400,"type":"image\/jpeg"}],"twitter_card":"summary","twitter_misc":{"Verfasst von":"marketingadmin","Gesch\u00e4tzte Lesezeit":"1 minute"},"schema":{"@context":"https:\/\/schema.org","@graph":[{"@type":"Organization","@id":"https:\/\/www.kilians.com\/#organization","name":"St. Kilian's","url":"https:\/\/www.kilians.com\/","sameAs":[],"logo":{"@type":"ImageObject","@id":"https:\/\/www.kilians.com\/#logo","inLanguage":"de-DE","url":"https:\/\/www.kilians.com\/wp-content\/uploads\/2017\/02\/StKilians_MasterLogo_Colour-1.png","contentUrl":"https:\/\/www.kilians.com\/wp-content\/uploads\/2017\/02\/StKilians_MasterLogo_Colour-1.png","width":768,"height":1240,"caption":"St. Kilian's"},"image":{"@id":"https:\/\/www.kilians.com\/#logo"}},{"@type":"WebSite","@id":"https:\/\/www.kilians.com\/#website","url":"https:\/\/www.kilians.com\/","name":"St. Kilian&#039;s German School, Dublin","description":"","publisher":{"@id":"https:\/\/www.kilians.com\/#organization"},"potentialAction":[{"@type":"SearchAction","target":{"@type":"EntryPoint","urlTemplate":"https:\/\/www.kilians.com\/?s={search_term_string}"},"query-input":"required name=search_term_string"}],"inLanguage":"de-DE"},{"@type":"ImageObject","@id":"https:\/\/www.kilians.com\/de\/news\/2018\/kilians-short-film-festival-2018\/#primaryimage","inLanguage":"de-DE","url":"https:\/\/www.kilians.com\/wp-content\/uploads\/2018\/05\/IMG_7049-copy.jpg","contentUrl":"https:\/\/www.kilians.com\/wp-content\/uploads\/2018\/05\/IMG_7049-copy.jpg","width":800,"height":533},{"@type":"WebPage","@id":"https:\/\/www.kilians.com\/de\/news\/2018\/kilians-short-film-festival-2018\/#webpage","url":"https:\/\/www.kilians.com\/de\/news\/2018\/kilians-short-film-festival-2018\/","name":"Das Kilian's Kurzfilmfestival 2018 - St. Kilian&#039;s German School, Dublin","isPartOf":{"@id":"https:\/\/www.kilians.com\/#website"},"primaryImageOfPage":{"@id":"https:\/\/www.kilians.com\/de\/news\/2018\/kilians-short-film-festival-2018\/#primaryimage"},"datePublished":"2018-05-07T11:47:10+00:00","dateModified":"2018-05-09T08:20:29+00:00","breadcrumb":{"@id":"https:\/\/www.kilians.com\/de\/news\/2018\/kilians-short-film-festival-2018\/#breadcrumb"},"inLanguage":"de-DE","potentialAction":[{"@type":"ReadAction","target":["https:\/\/www.kilians.com\/de\/news\/2018\/kilians-short-film-festival-2018\/"]}]},{"@type":"BreadcrumbList","@id":"https:\/\/www.kilians.com\/de\/news\/2018\/kilians-short-film-festival-2018\/#breadcrumb","itemListElement":[{"@type":"ListItem","position":1,"name":"Home","item":"https:\/\/www.kilians.com\/de\/"},{"@type":"ListItem","position":2,"name":"Das Kilian&#8217;s Kurzfilmfestival 2018"}]},{"@type":"Article","@id":"https:\/\/www.kilians.com\/de\/news\/2018\/kilians-short-film-festival-2018\/#article","isPartOf":{"@id":"https:\/\/www.kilians.com\/de\/news\/2018\/kilians-short-film-festival-2018\/#webpage"},"author":{"@id":"https:\/\/www.kilians.com\/#\/schema\/person\/d66fd270fc10b6a48b300e500c5f9edd"},"headline":"Das Kilian&#8217;s Kurzfilmfestival 2018","datePublished":"2018-05-07T11:47:10+00:00","dateModified":"2018-05-09T08:20:29+00:00","mainEntityOfPage":{"@id":"https:\/\/www.kilians.com\/de\/news\/2018\/kilians-short-film-festival-2018\/#webpage"},"wordCount":202,"publisher":{"@id":"https:\/\/www.kilians.com\/#organization"},"image":{"@id":"https:\/\/www.kilians.com\/de\/news\/2018\/kilians-short-film-festival-2018\/#primaryimage"},"thumbnailUrl":"https:\/\/www.kilians.com\/wp-content\/uploads\/2018\/05\/IMG_7049-copy.jpg","articleSection":["Nachrichten"],"inLanguage":"de-DE"},{"@type":"Person","@id":"https:\/\/www.kilians.com\/#\/schema\/person\/d66fd270fc10b6a48b300e500c5f9edd","name":"marketingadmin","url":"https:\/\/www.kilians.com\/de\/news\/author\/marketingadmin\/"}]}},"_links":{"self":[{"href":"https:\/\/www.kilians.com\/de\/wp-json\/wp\/v2\/posts\/31049\/"}],"collection":[{"href":"https:\/\/www.kilians.com\/de\/wp-json\/wp\/v2\/posts\/"}],"about":[{"href":"https:\/\/www.kilians.com\/de\/wp-json\/wp\/v2\/types\/post\/"}],"author":[{"embeddable":true,"href":"https:\/\/www.kilians.com\/de\/wp-json\/wp\/v2\/users\/1\/"}],"replies":[{"embeddable":true,"href":"https:\/\/www.kilians.com\/de\/wp-json\/wp\/v2\/comments\/?post=31049"}],"version-history":[{"count":0,"href":"https:\/\/www.kilians.com\/de\/wp-json\/wp\/v2\/posts\/31049\/revisions\/"}],"wp:featuredmedia":[{"embeddable":true,"href":"https:\/\/www.kilians.com\/de\/wp-json\/wp\/v2\/media\/31056\/"}],"wp:attachment":[{"href":"https:\/\/www.kilians.com\/de\/wp-json\/wp\/v2\/media\/?parent=31049"}],"wp:term":[{"taxonomy":"category","embeddable":true,"href":"https:\/\/www.kilians.com\/de\/wp-json\/wp\/v2\/categories\/?post=31049"},{"taxonomy":"post_tag","embeddable":true,"href":"https:\/\/www.kilians.com\/de\/wp-json\/wp\/v2\/tags\/?post=31049"}],"curies":[{"name":"wp","href":"https:\/\/api.w.org\/{rel}","templated":true}]}}