{"id":31214,"date":"2018-05-31T15:22:04","date_gmt":"2018-05-31T14:22:04","guid":{"rendered":"https:\/\/www.kilians.com\/green-school-recycling-initiative\/"},"modified":"2018-06-12T18:00:58","modified_gmt":"2018-06-12T17:00:58","slug":"green-school-recycling-initiative","status":"publish","type":"post","link":"https:\/\/www.kilians.com\/de\/news\/2018\/green-school-recycling-initiative\/","title":{"rendered":"Recycling-Initiative der Gr\u00fcnen Schule"},"content":{"rendered":"<p>In diesem Jahr beschloss das Gr\u00fcne Schule-Komitee der Grundschule, das Recycling-Problem in unserer Schule anzugehen. Zuerst wurde eine Woche lang die &#8220;M\u00fclleimer-Situation&#8221; untersucht und Fotos gemacht. Wir haben neue Plakate gemacht, um die Leute dar\u00fcber zu informieren, was in die Recycling- und Kompostbeh\u00e4lter geh\u00f6rt und was nicht.<\/p>\n<p>Wir organisierten eine Versammlung, bei der wir die Sch\u00fcler \u00fcber einen Wettbewerb informierten, der nach den Osterfeiertagen stattfinden w\u00fcrde. Die Mitglieder des Gr\u00fcne Schule-Komitees waren &#8220;Bin-Watchers&#8221;, um ihren Mitsch\u00fclern zu helfen und zu \u00fcberpr\u00fcfen, ob der M\u00fcll angemessen sortiert wurde.<\/p>\n<p>Im Laufe von drei Wochen wurden die M\u00fclleimer in jeder Klasse \u00fcberpr\u00fcft. Nach zwei Wochen haben wir immer noch Probleme mit dem Recycling festgestellt, und organisierten deshalb eine zweite Versammlung und haben mit gro\u00dfen neuen Postern und praktischen Beispielen noch einmal erkl\u00e4rt, was in die einzelnen M\u00fclleimer geh\u00f6rt.<\/p>\n<p>Obwohl wir immer noch den gelegentlichen Recyclingfehler finden, hat sich die Situation in der Schule definitiv verbessert und wir haben das Bewusstsein unter den Sch\u00fclern gesch\u00e4rft, da jetzt mehr Kinder \u00fcber Recycling nachdenken und fragen als zuvor.<\/p>\n<p>Herzlichen Gl\u00fcckwunsch an die Sch\u00fcler der Klasse 1A, die Gesamtsieger des Recycling-Wettbewerbs. Der Preis f\u00fcr die am meisten verbesserte Klasse w\u00e4hrend der letzten Woche des Wettbewerbs geht an 4B &#8211; Gratulation!<\/p>\n<p>Wir hoffen, die Recycling-Initiative im n\u00e4chsten Jahr nicht nur in der Grundschule, sondern in der ganzen Schule fortzusetzen und zu verbessern.<\/p>\n<p><em>von Anne Thielemans, Gr\u00fcne-Schule-Koordinatorin der Grundschule<\/em><\/p>\n","protected":false},"excerpt":{"rendered":"<p>In diesem Jahr beschloss das Gr\u00fcne Schule-Komitee der Grundschule, das Recycling-Problem in unserer Schule anzugehen. Zuerst wurde eine Woche lang die &#8220;M\u00fclleimer-Situation&#8221; untersucht und Fotos&#8230; <a class=\"find-out-more-link\" href=\"https:\/\/www.kilians.com\/de\/news\/2018\/green-school-recycling-initiative\/\">Weiterlesen<\/a> <\/p>\n","protected":false},"author":1,"featured_media":31216,"comment_status":"closed","ping_status":"closed","sticky":false,"template":"","format":"standard","meta":{"footnotes":""},"categories":[188,6],"tags":[],"class_list":{"0":"post-31214","1":"post","2":"type-post","3":"status-publish","4":"format-standard","5":"has-post-thumbnail","7":"category-gruene-schule","8":"category-nachrichten","9":"entry"},"yoast_head":"<!-- This site is optimized with the Yoast SEO plugin v17.2.1 - https:\/\/yoast.com\/wordpress\/plugins\/seo\/ -->\n<meta name=\"robots\" content=\"index, follow, max-snippet:-1, max-image-preview:large, max-video-preview:-1\" \/>\n<link rel=\"canonical\" href=\"https:\/\/www.kilians.com\/de\/news\/2018\/green-school-recycling-initiative\/\" \/>\n<meta property=\"og:locale\" content=\"de_DE\" \/>\n<meta property=\"og:type\" content=\"article\" \/>\n<meta property=\"og:title\" content=\"Recycling-Initiative der Gr\u00fcnen Schule - St. Kilian&#039;s German School, Dublin\" \/>\n<meta property=\"og:description\" content=\"In diesem Jahr beschloss das Gr\u00fcne Schule-Komitee der Grundschule, das Recycling-Problem in unserer Schule anzugehen. Zuerst wurde eine Woche lang die &#8220;M\u00fclleimer-Situation&#8221; untersucht und Fotos... Weiterlesen\" \/>\n<meta property=\"og:url\" content=\"https:\/\/www.kilians.com\/de\/news\/2018\/green-school-recycling-initiative\/\" \/>\n<meta property=\"og:site_name\" content=\"St. Kilian&#039;s German School, Dublin\" \/>\n<meta property=\"article:published_time\" content=\"2018-05-31T14:22:04+00:00\" \/>\n<meta property=\"article:modified_time\" content=\"2018-06-12T17:00:58+00:00\" \/>\n<meta property=\"og:image\" content=\"https:\/\/www.kilians.com\/wp-content\/uploads\/2018\/05\/Green1-800x600.jpg\" \/>\n\t<meta property=\"og:image:width\" content=\"800\" \/>\n\t<meta property=\"og:image:height\" content=\"600\" \/>\n<meta name=\"twitter:card\" content=\"summary\" \/>\n<meta name=\"twitter:label1\" content=\"Verfasst von\" \/>\n\t<meta name=\"twitter:data1\" content=\"marketingadmin\" \/>\n\t<meta name=\"twitter:label2\" content=\"Gesch\u00e4tzte Lesezeit\" \/>\n\t<meta name=\"twitter:data2\" content=\"1 minute\" \/>\n<script type=\"application\/ld+json\" class=\"yoast-schema-graph\">{\"@context\":\"https:\/\/schema.org\",\"@graph\":[{\"@type\":\"Organization\",\"@id\":\"https:\/\/www.kilians.com\/#organization\",\"name\":\"St. Kilian's\",\"url\":\"https:\/\/www.kilians.com\/\",\"sameAs\":[],\"logo\":{\"@type\":\"ImageObject\",\"@id\":\"https:\/\/www.kilians.com\/#logo\",\"inLanguage\":\"de-DE\",\"url\":\"https:\/\/www.kilians.com\/wp-content\/uploads\/2017\/02\/StKilians_MasterLogo_Colour-1.png\",\"contentUrl\":\"https:\/\/www.kilians.com\/wp-content\/uploads\/2017\/02\/StKilians_MasterLogo_Colour-1.png\",\"width\":768,\"height\":1240,\"caption\":\"St. Kilian's\"},\"image\":{\"@id\":\"https:\/\/www.kilians.com\/#logo\"}},{\"@type\":\"WebSite\",\"@id\":\"https:\/\/www.kilians.com\/#website\",\"url\":\"https:\/\/www.kilians.com\/\",\"name\":\"St. Kilian&#039;s German School, Dublin\",\"description\":\"\",\"publisher\":{\"@id\":\"https:\/\/www.kilians.com\/#organization\"},\"potentialAction\":[{\"@type\":\"SearchAction\",\"target\":{\"@type\":\"EntryPoint\",\"urlTemplate\":\"https:\/\/www.kilians.com\/?s={search_term_string}\"},\"query-input\":\"required name=search_term_string\"}],\"inLanguage\":\"de-DE\"},{\"@type\":\"ImageObject\",\"@id\":\"https:\/\/www.kilians.com\/de\/news\/2018\/green-school-recycling-initiative\/#primaryimage\",\"inLanguage\":\"de-DE\",\"url\":\"https:\/\/www.kilians.com\/wp-content\/uploads\/2018\/05\/Green1-800x600.jpg\",\"contentUrl\":\"https:\/\/www.kilians.com\/wp-content\/uploads\/2018\/05\/Green1-800x600.jpg\",\"width\":800,\"height\":600},{\"@type\":\"WebPage\",\"@id\":\"https:\/\/www.kilians.com\/de\/news\/2018\/green-school-recycling-initiative\/#webpage\",\"url\":\"https:\/\/www.kilians.com\/de\/news\/2018\/green-school-recycling-initiative\/\",\"name\":\"Recycling-Initiative der Gr\\u00fcnen Schule - St. Kilian&#039;s German School, Dublin\",\"isPartOf\":{\"@id\":\"https:\/\/www.kilians.com\/#website\"},\"primaryImageOfPage\":{\"@id\":\"https:\/\/www.kilians.com\/de\/news\/2018\/green-school-recycling-initiative\/#primaryimage\"},\"datePublished\":\"2018-05-31T14:22:04+00:00\",\"dateModified\":\"2018-06-12T17:00:58+00:00\",\"breadcrumb\":{\"@id\":\"https:\/\/www.kilians.com\/de\/news\/2018\/green-school-recycling-initiative\/#breadcrumb\"},\"inLanguage\":\"de-DE\",\"potentialAction\":[{\"@type\":\"ReadAction\",\"target\":[\"https:\/\/www.kilians.com\/de\/news\/2018\/green-school-recycling-initiative\/\"]}]},{\"@type\":\"BreadcrumbList\",\"@id\":\"https:\/\/www.kilians.com\/de\/news\/2018\/green-school-recycling-initiative\/#breadcrumb\",\"itemListElement\":[{\"@type\":\"ListItem\",\"position\":1,\"name\":\"Home\",\"item\":\"https:\/\/www.kilians.com\/de\/\"},{\"@type\":\"ListItem\",\"position\":2,\"name\":\"Recycling-Initiative der Gr\\u00fcnen Schule\"}]},{\"@type\":\"Article\",\"@id\":\"https:\/\/www.kilians.com\/de\/news\/2018\/green-school-recycling-initiative\/#article\",\"isPartOf\":{\"@id\":\"https:\/\/www.kilians.com\/de\/news\/2018\/green-school-recycling-initiative\/#webpage\"},\"author\":{\"@id\":\"https:\/\/www.kilians.com\/#\/schema\/person\/d66fd270fc10b6a48b300e500c5f9edd\"},\"headline\":\"Recycling-Initiative der Gr\\u00fcnen Schule\",\"datePublished\":\"2018-05-31T14:22:04+00:00\",\"dateModified\":\"2018-06-12T17:00:58+00:00\",\"mainEntityOfPage\":{\"@id\":\"https:\/\/www.kilians.com\/de\/news\/2018\/green-school-recycling-initiative\/#webpage\"},\"wordCount\":260,\"publisher\":{\"@id\":\"https:\/\/www.kilians.com\/#organization\"},\"image\":{\"@id\":\"https:\/\/www.kilians.com\/de\/news\/2018\/green-school-recycling-initiative\/#primaryimage\"},\"thumbnailUrl\":\"https:\/\/www.kilians.com\/wp-content\/uploads\/2018\/05\/Green1-800x600.jpg\",\"articleSection\":[\"Gr\\u00fcne Schule\",\"Nachrichten\"],\"inLanguage\":\"de-DE\"},{\"@type\":\"Person\",\"@id\":\"https:\/\/www.kilians.com\/#\/schema\/person\/d66fd270fc10b6a48b300e500c5f9edd\",\"name\":\"marketingadmin\",\"url\":\"https:\/\/www.kilians.com\/de\/news\/author\/marketingadmin\/\"}]}<\/script>\n<!-- \/ Yoast SEO plugin. -->","yoast_head_json":{"robots":{"index":"index","follow":"follow","max-snippet":"max-snippet:-1","max-image-preview":"max-image-preview:large","max-video-preview":"max-video-preview:-1"},"canonical":"https:\/\/www.kilians.com\/de\/news\/2018\/green-school-recycling-initiative\/","og_locale":"de_DE","og_type":"article","og_title":"Recycling-Initiative der Gr\u00fcnen Schule - St. Kilian&#039;s German School, Dublin","og_description":"In diesem Jahr beschloss das Gr\u00fcne Schule-Komitee der Grundschule, das Recycling-Problem in unserer Schule anzugehen. Zuerst wurde eine Woche lang die &#8220;M\u00fclleimer-Situation&#8221; untersucht und Fotos... Weiterlesen","og_url":"https:\/\/www.kilians.com\/de\/news\/2018\/green-school-recycling-initiative\/","og_site_name":"St. Kilian&#039;s German School, Dublin","article_published_time":"2018-05-31T14:22:04+00:00","article_modified_time":"2018-06-12T17:00:58+00:00","og_image":[{"width":800,"height":600,"url":"https:\/\/www.kilians.com\/wp-content\/uploads\/2018\/05\/Green1-800x600.jpg","path":"\/nas\/content\/live\/kilians\/wp-content\/uploads\/2018\/05\/Green1-800x600.jpg","size":"full","id":31216,"alt":"","pixels":480000,"type":"image\/jpeg"}],"twitter_card":"summary","twitter_misc":{"Verfasst von":"marketingadmin","Gesch\u00e4tzte Lesezeit":"1 minute"},"schema":{"@context":"https:\/\/schema.org","@graph":[{"@type":"Organization","@id":"https:\/\/www.kilians.com\/#organization","name":"St. Kilian's","url":"https:\/\/www.kilians.com\/","sameAs":[],"logo":{"@type":"ImageObject","@id":"https:\/\/www.kilians.com\/#logo","inLanguage":"de-DE","url":"https:\/\/www.kilians.com\/wp-content\/uploads\/2017\/02\/StKilians_MasterLogo_Colour-1.png","contentUrl":"https:\/\/www.kilians.com\/wp-content\/uploads\/2017\/02\/StKilians_MasterLogo_Colour-1.png","width":768,"height":1240,"caption":"St. Kilian's"},"image":{"@id":"https:\/\/www.kilians.com\/#logo"}},{"@type":"WebSite","@id":"https:\/\/www.kilians.com\/#website","url":"https:\/\/www.kilians.com\/","name":"St. Kilian&#039;s German School, Dublin","description":"","publisher":{"@id":"https:\/\/www.kilians.com\/#organization"},"potentialAction":[{"@type":"SearchAction","target":{"@type":"EntryPoint","urlTemplate":"https:\/\/www.kilians.com\/?s={search_term_string}"},"query-input":"required name=search_term_string"}],"inLanguage":"de-DE"},{"@type":"ImageObject","@id":"https:\/\/www.kilians.com\/de\/news\/2018\/green-school-recycling-initiative\/#primaryimage","inLanguage":"de-DE","url":"https:\/\/www.kilians.com\/wp-content\/uploads\/2018\/05\/Green1-800x600.jpg","contentUrl":"https:\/\/www.kilians.com\/wp-content\/uploads\/2018\/05\/Green1-800x600.jpg","width":800,"height":600},{"@type":"WebPage","@id":"https:\/\/www.kilians.com\/de\/news\/2018\/green-school-recycling-initiative\/#webpage","url":"https:\/\/www.kilians.com\/de\/news\/2018\/green-school-recycling-initiative\/","name":"Recycling-Initiative der Gr\u00fcnen Schule - St. Kilian&#039;s German School, Dublin","isPartOf":{"@id":"https:\/\/www.kilians.com\/#website"},"primaryImageOfPage":{"@id":"https:\/\/www.kilians.com\/de\/news\/2018\/green-school-recycling-initiative\/#primaryimage"},"datePublished":"2018-05-31T14:22:04+00:00","dateModified":"2018-06-12T17:00:58+00:00","breadcrumb":{"@id":"https:\/\/www.kilians.com\/de\/news\/2018\/green-school-recycling-initiative\/#breadcrumb"},"inLanguage":"de-DE","potentialAction":[{"@type":"ReadAction","target":["https:\/\/www.kilians.com\/de\/news\/2018\/green-school-recycling-initiative\/"]}]},{"@type":"BreadcrumbList","@id":"https:\/\/www.kilians.com\/de\/news\/2018\/green-school-recycling-initiative\/#breadcrumb","itemListElement":[{"@type":"ListItem","position":1,"name":"Home","item":"https:\/\/www.kilians.com\/de\/"},{"@type":"ListItem","position":2,"name":"Recycling-Initiative der Gr\u00fcnen Schule"}]},{"@type":"Article","@id":"https:\/\/www.kilians.com\/de\/news\/2018\/green-school-recycling-initiative\/#article","isPartOf":{"@id":"https:\/\/www.kilians.com\/de\/news\/2018\/green-school-recycling-initiative\/#webpage"},"author":{"@id":"https:\/\/www.kilians.com\/#\/schema\/person\/d66fd270fc10b6a48b300e500c5f9edd"},"headline":"Recycling-Initiative der Gr\u00fcnen Schule","datePublished":"2018-05-31T14:22:04+00:00","dateModified":"2018-06-12T17:00:58+00:00","mainEntityOfPage":{"@id":"https:\/\/www.kilians.com\/de\/news\/2018\/green-school-recycling-initiative\/#webpage"},"wordCount":260,"publisher":{"@id":"https:\/\/www.kilians.com\/#organization"},"image":{"@id":"https:\/\/www.kilians.com\/de\/news\/2018\/green-school-recycling-initiative\/#primaryimage"},"thumbnailUrl":"https:\/\/www.kilians.com\/wp-content\/uploads\/2018\/05\/Green1-800x600.jpg","articleSection":["Gr\u00fcne Schule","Nachrichten"],"inLanguage":"de-DE"},{"@type":"Person","@id":"https:\/\/www.kilians.com\/#\/schema\/person\/d66fd270fc10b6a48b300e500c5f9edd","name":"marketingadmin","url":"https:\/\/www.kilians.com\/de\/news\/author\/marketingadmin\/"}]}},"_links":{"self":[{"href":"https:\/\/www.kilians.com\/de\/wp-json\/wp\/v2\/posts\/31214\/"}],"collection":[{"href":"https:\/\/www.kilians.com\/de\/wp-json\/wp\/v2\/posts\/"}],"about":[{"href":"https:\/\/www.kilians.com\/de\/wp-json\/wp\/v2\/types\/post\/"}],"author":[{"embeddable":true,"href":"https:\/\/www.kilians.com\/de\/wp-json\/wp\/v2\/users\/1\/"}],"replies":[{"embeddable":true,"href":"https:\/\/www.kilians.com\/de\/wp-json\/wp\/v2\/comments\/?post=31214"}],"version-history":[{"count":0,"href":"https:\/\/www.kilians.com\/de\/wp-json\/wp\/v2\/posts\/31214\/revisions\/"}],"wp:featuredmedia":[{"embeddable":true,"href":"https:\/\/www.kilians.com\/de\/wp-json\/wp\/v2\/media\/31216\/"}],"wp:attachment":[{"href":"https:\/\/www.kilians.com\/de\/wp-json\/wp\/v2\/media\/?parent=31214"}],"wp:term":[{"taxonomy":"category","embeddable":true,"href":"https:\/\/www.kilians.com\/de\/wp-json\/wp\/v2\/categories\/?post=31214"},{"taxonomy":"post_tag","embeddable":true,"href":"https:\/\/www.kilians.com\/de\/wp-json\/wp\/v2\/tags\/?post=31214"}],"curies":[{"name":"wp","href":"https:\/\/api.w.org\/{rel}","templated":true}]}}