{"id":32209,"date":"2018-12-12T16:11:40","date_gmt":"2018-12-12T16:11:40","guid":{"rendered":"https:\/\/www.kilians.com\/st-vincent-de-paul-food-appeal-2\/"},"modified":"2018-12-12T16:15:51","modified_gmt":"2018-12-12T16:15:51","slug":"st-vincent-de-paul-food-appeal-2","status":"publish","type":"post","link":"https:\/\/www.kilians.com\/de\/news\/2018\/st-vincent-de-paul-food-appeal-2\/","title":{"rendered":"St. Vincent de Paul Food Appeal"},"content":{"rendered":"<p>Unsere Schule hat in diesem Jahr wieder am <a href=\"https:\/\/www.svp.ie\/home.aspx\" target=\"_blank\" rel=\"noopener\">St. Vincent de Paul<\/a> Food Appeal teilgenommen und die Schulgemeinschaft hat eine gro\u00dfe Menge an Lebensmittel f\u00fcr Menschen in Not gespendet. Die Lebensmittel wurden am 11. Dezember abgeholt.<\/p>\n<p>Ein gro\u00dfes Dankesch\u00f6n geht an alle, die f\u00fcr diesen guten Zweck gespendet haben.<\/p>\n<p>Unser n\u00e4chster Spendenaufruf ist zugunsten <a href=\"https:\/\/www.ms-society.ie\/\" target=\"_blank\" rel=\"noopener\">Multiple Sclerosis Ireland<\/a> and <a href=\"http:\/\/thegavinglynnfoundation.ie\/\" target=\"_blank\" rel=\"noopener\">The Gavin Glynn Foundation<\/a>. Wir werden am kommenden Freitag einen Weihnachts-Pullover-Tag abhalten, um diese beiden Wohlt\u00e4tigkeitsorganisationen zu unterst\u00fctzen.<\/p>\n<p><a href=\"http:\/\/www.kilians.com\/wp-content\/uploads\/2018\/12\/Food-appeal-banner-2016.jpg\"><img loading=\"lazy\" decoding=\"async\" class=\"alignnone size-full wp-image-32204\" src=\"http:\/\/www.kilians.com\/wp-content\/uploads\/2018\/12\/Food-appeal-banner-2016.jpg\" alt=\"SVP food appeal\" width=\"513\" height=\"340\" srcset=\"https:\/\/www.kilians.com\/wp-content\/uploads\/2018\/12\/Food-appeal-banner-2016.jpg 513w, https:\/\/www.kilians.com\/wp-content\/uploads\/2018\/12\/Food-appeal-banner-2016-150x100.jpg 150w\" sizes=\"auto, (max-width: 513px) 100vw, 513px\" \/><\/a><\/p>\n<p><a href=\"http:\/\/www.kilians.com\/wp-content\/uploads\/2018\/12\/IMG_9815.jpg\"><img loading=\"lazy\" decoding=\"async\" class=\"alignnone size-large wp-image-32206\" src=\"http:\/\/www.kilians.com\/wp-content\/uploads\/2018\/12\/IMG_9815-1024x683.jpg\" alt=\"\" width=\"1024\" height=\"683\" srcset=\"https:\/\/www.kilians.com\/wp-content\/uploads\/2018\/12\/IMG_9815-1024x683.jpg 1024w, https:\/\/www.kilians.com\/wp-content\/uploads\/2018\/12\/IMG_9815-768x512.jpg 768w, https:\/\/www.kilians.com\/wp-content\/uploads\/2018\/12\/IMG_9815-150x100.jpg 150w, https:\/\/www.kilians.com\/wp-content\/uploads\/2018\/12\/IMG_9815-750x500.jpg 750w\" sizes=\"auto, (max-width: 1024px) 100vw, 1024px\" \/><\/a><\/p>\n","protected":false},"excerpt":{"rendered":"<p>Unsere Schule hat in diesem Jahr wieder am St. Vincent de Paul Food Appeal teilgenommen und die Schulgemeinschaft hat eine gro\u00dfe Menge an Lebensmittel f\u00fcr&#8230; <a class=\"find-out-more-link\" href=\"https:\/\/www.kilians.com\/de\/news\/2018\/st-vincent-de-paul-food-appeal-2\/\">Weiterlesen<\/a> <\/p>\n","protected":false},"author":1,"featured_media":32205,"comment_status":"closed","ping_status":"closed","sticky":false,"template":"","format":"standard","meta":{"footnotes":""},"categories":[6],"tags":[],"class_list":{"0":"post-32209","1":"post","2":"type-post","3":"status-publish","4":"format-standard","5":"has-post-thumbnail","7":"category-nachrichten","8":"entry"},"yoast_head":"<!-- This site is optimized with the Yoast SEO plugin v17.2.1 - https:\/\/yoast.com\/wordpress\/plugins\/seo\/ -->\n<meta name=\"robots\" content=\"index, follow, max-snippet:-1, max-image-preview:large, max-video-preview:-1\" \/>\n<link rel=\"canonical\" href=\"https:\/\/www.kilians.com\/de\/news\/2018\/st-vincent-de-paul-food-appeal-2\/\" \/>\n<meta property=\"og:locale\" content=\"de_DE\" \/>\n<meta property=\"og:type\" content=\"article\" \/>\n<meta property=\"og:title\" content=\"St. Vincent de Paul Food Appeal - St. Kilian&#039;s German School, Dublin\" \/>\n<meta property=\"og:description\" content=\"Unsere Schule hat in diesem Jahr wieder am St. Vincent de Paul Food Appeal teilgenommen und die Schulgemeinschaft hat eine gro\u00dfe Menge an Lebensmittel f\u00fcr... Weiterlesen\" \/>\n<meta property=\"og:url\" content=\"https:\/\/www.kilians.com\/de\/news\/2018\/st-vincent-de-paul-food-appeal-2\/\" \/>\n<meta property=\"og:site_name\" content=\"St. Kilian&#039;s German School, Dublin\" \/>\n<meta property=\"article:published_time\" content=\"2018-12-12T16:11:40+00:00\" \/>\n<meta property=\"article:modified_time\" content=\"2018-12-12T16:15:51+00:00\" \/>\n<meta property=\"og:image\" content=\"https:\/\/www.kilians.com\/wp-content\/uploads\/2018\/12\/Food-appeal-banner-2016.jpg\" \/>\n\t<meta property=\"og:image:width\" content=\"513\" \/>\n\t<meta property=\"og:image:height\" content=\"340\" \/>\n<meta name=\"twitter:card\" content=\"summary\" \/>\n<meta name=\"twitter:label1\" content=\"Verfasst von\" \/>\n\t<meta name=\"twitter:data1\" content=\"marketingadmin\" \/>\n<script type=\"application\/ld+json\" class=\"yoast-schema-graph\">{\"@context\":\"https:\/\/schema.org\",\"@graph\":[{\"@type\":\"Organization\",\"@id\":\"https:\/\/www.kilians.com\/#organization\",\"name\":\"St. Kilian's\",\"url\":\"https:\/\/www.kilians.com\/\",\"sameAs\":[],\"logo\":{\"@type\":\"ImageObject\",\"@id\":\"https:\/\/www.kilians.com\/#logo\",\"inLanguage\":\"de-DE\",\"url\":\"https:\/\/www.kilians.com\/wp-content\/uploads\/2017\/02\/StKilians_MasterLogo_Colour-1.png\",\"contentUrl\":\"https:\/\/www.kilians.com\/wp-content\/uploads\/2017\/02\/StKilians_MasterLogo_Colour-1.png\",\"width\":768,\"height\":1240,\"caption\":\"St. Kilian's\"},\"image\":{\"@id\":\"https:\/\/www.kilians.com\/#logo\"}},{\"@type\":\"WebSite\",\"@id\":\"https:\/\/www.kilians.com\/#website\",\"url\":\"https:\/\/www.kilians.com\/\",\"name\":\"St. Kilian&#039;s German School, Dublin\",\"description\":\"\",\"publisher\":{\"@id\":\"https:\/\/www.kilians.com\/#organization\"},\"potentialAction\":[{\"@type\":\"SearchAction\",\"target\":{\"@type\":\"EntryPoint\",\"urlTemplate\":\"https:\/\/www.kilians.com\/?s={search_term_string}\"},\"query-input\":\"required name=search_term_string\"}],\"inLanguage\":\"de-DE\"},{\"@type\":\"ImageObject\",\"@id\":\"https:\/\/www.kilians.com\/de\/news\/2018\/st-vincent-de-paul-food-appeal-2\/#primaryimage\",\"inLanguage\":\"de-DE\",\"url\":\"https:\/\/www.kilians.com\/wp-content\/uploads\/2018\/12\/Food-appeal-banner-2016.jpg\",\"contentUrl\":\"https:\/\/www.kilians.com\/wp-content\/uploads\/2018\/12\/Food-appeal-banner-2016.jpg\",\"width\":513,\"height\":340},{\"@type\":\"WebPage\",\"@id\":\"https:\/\/www.kilians.com\/de\/news\/2018\/st-vincent-de-paul-food-appeal-2\/#webpage\",\"url\":\"https:\/\/www.kilians.com\/de\/news\/2018\/st-vincent-de-paul-food-appeal-2\/\",\"name\":\"St. Vincent de Paul Food Appeal - St. Kilian&#039;s German School, Dublin\",\"isPartOf\":{\"@id\":\"https:\/\/www.kilians.com\/#website\"},\"primaryImageOfPage\":{\"@id\":\"https:\/\/www.kilians.com\/de\/news\/2018\/st-vincent-de-paul-food-appeal-2\/#primaryimage\"},\"datePublished\":\"2018-12-12T16:11:40+00:00\",\"dateModified\":\"2018-12-12T16:15:51+00:00\",\"breadcrumb\":{\"@id\":\"https:\/\/www.kilians.com\/de\/news\/2018\/st-vincent-de-paul-food-appeal-2\/#breadcrumb\"},\"inLanguage\":\"de-DE\",\"potentialAction\":[{\"@type\":\"ReadAction\",\"target\":[\"https:\/\/www.kilians.com\/de\/news\/2018\/st-vincent-de-paul-food-appeal-2\/\"]}]},{\"@type\":\"BreadcrumbList\",\"@id\":\"https:\/\/www.kilians.com\/de\/news\/2018\/st-vincent-de-paul-food-appeal-2\/#breadcrumb\",\"itemListElement\":[{\"@type\":\"ListItem\",\"position\":1,\"name\":\"Home\",\"item\":\"https:\/\/www.kilians.com\/de\/\"},{\"@type\":\"ListItem\",\"position\":2,\"name\":\"St. Vincent de Paul Food Appeal\"}]},{\"@type\":\"Article\",\"@id\":\"https:\/\/www.kilians.com\/de\/news\/2018\/st-vincent-de-paul-food-appeal-2\/#article\",\"isPartOf\":{\"@id\":\"https:\/\/www.kilians.com\/de\/news\/2018\/st-vincent-de-paul-food-appeal-2\/#webpage\"},\"author\":{\"@id\":\"https:\/\/www.kilians.com\/#\/schema\/person\/d66fd270fc10b6a48b300e500c5f9edd\"},\"headline\":\"St. Vincent de Paul Food Appeal\",\"datePublished\":\"2018-12-12T16:11:40+00:00\",\"dateModified\":\"2018-12-12T16:15:51+00:00\",\"mainEntityOfPage\":{\"@id\":\"https:\/\/www.kilians.com\/de\/news\/2018\/st-vincent-de-paul-food-appeal-2\/#webpage\"},\"wordCount\":89,\"publisher\":{\"@id\":\"https:\/\/www.kilians.com\/#organization\"},\"image\":{\"@id\":\"https:\/\/www.kilians.com\/de\/news\/2018\/st-vincent-de-paul-food-appeal-2\/#primaryimage\"},\"thumbnailUrl\":\"https:\/\/www.kilians.com\/wp-content\/uploads\/2018\/12\/Food-appeal-banner-2016.jpg\",\"articleSection\":[\"Nachrichten\"],\"inLanguage\":\"de-DE\"},{\"@type\":\"Person\",\"@id\":\"https:\/\/www.kilians.com\/#\/schema\/person\/d66fd270fc10b6a48b300e500c5f9edd\",\"name\":\"marketingadmin\",\"url\":\"https:\/\/www.kilians.com\/de\/news\/author\/marketingadmin\/\"}]}<\/script>\n<!-- \/ Yoast SEO plugin. -->","yoast_head_json":{"robots":{"index":"index","follow":"follow","max-snippet":"max-snippet:-1","max-image-preview":"max-image-preview:large","max-video-preview":"max-video-preview:-1"},"canonical":"https:\/\/www.kilians.com\/de\/news\/2018\/st-vincent-de-paul-food-appeal-2\/","og_locale":"de_DE","og_type":"article","og_title":"St. Vincent de Paul Food Appeal - St. Kilian&#039;s German School, Dublin","og_description":"Unsere Schule hat in diesem Jahr wieder am St. Vincent de Paul Food Appeal teilgenommen und die Schulgemeinschaft hat eine gro\u00dfe Menge an Lebensmittel f\u00fcr... Weiterlesen","og_url":"https:\/\/www.kilians.com\/de\/news\/2018\/st-vincent-de-paul-food-appeal-2\/","og_site_name":"St. Kilian&#039;s German School, Dublin","article_published_time":"2018-12-12T16:11:40+00:00","article_modified_time":"2018-12-12T16:15:51+00:00","og_image":[{"width":513,"height":340,"url":"https:\/\/www.kilians.com\/wp-content\/uploads\/2018\/12\/Food-appeal-banner-2016.jpg","path":"\/nas\/content\/live\/kilians\/wp-content\/uploads\/2018\/12\/Food-appeal-banner-2016.jpg","size":"full","id":32205,"alt":"","pixels":174420,"type":"image\/jpeg"}],"twitter_card":"summary","twitter_misc":{"Verfasst von":"marketingadmin"},"schema":{"@context":"https:\/\/schema.org","@graph":[{"@type":"Organization","@id":"https:\/\/www.kilians.com\/#organization","name":"St. Kilian's","url":"https:\/\/www.kilians.com\/","sameAs":[],"logo":{"@type":"ImageObject","@id":"https:\/\/www.kilians.com\/#logo","inLanguage":"de-DE","url":"https:\/\/www.kilians.com\/wp-content\/uploads\/2017\/02\/StKilians_MasterLogo_Colour-1.png","contentUrl":"https:\/\/www.kilians.com\/wp-content\/uploads\/2017\/02\/StKilians_MasterLogo_Colour-1.png","width":768,"height":1240,"caption":"St. Kilian's"},"image":{"@id":"https:\/\/www.kilians.com\/#logo"}},{"@type":"WebSite","@id":"https:\/\/www.kilians.com\/#website","url":"https:\/\/www.kilians.com\/","name":"St. Kilian&#039;s German School, Dublin","description":"","publisher":{"@id":"https:\/\/www.kilians.com\/#organization"},"potentialAction":[{"@type":"SearchAction","target":{"@type":"EntryPoint","urlTemplate":"https:\/\/www.kilians.com\/?s={search_term_string}"},"query-input":"required name=search_term_string"}],"inLanguage":"de-DE"},{"@type":"ImageObject","@id":"https:\/\/www.kilians.com\/de\/news\/2018\/st-vincent-de-paul-food-appeal-2\/#primaryimage","inLanguage":"de-DE","url":"https:\/\/www.kilians.com\/wp-content\/uploads\/2018\/12\/Food-appeal-banner-2016.jpg","contentUrl":"https:\/\/www.kilians.com\/wp-content\/uploads\/2018\/12\/Food-appeal-banner-2016.jpg","width":513,"height":340},{"@type":"WebPage","@id":"https:\/\/www.kilians.com\/de\/news\/2018\/st-vincent-de-paul-food-appeal-2\/#webpage","url":"https:\/\/www.kilians.com\/de\/news\/2018\/st-vincent-de-paul-food-appeal-2\/","name":"St. Vincent de Paul Food Appeal - St. Kilian&#039;s German School, Dublin","isPartOf":{"@id":"https:\/\/www.kilians.com\/#website"},"primaryImageOfPage":{"@id":"https:\/\/www.kilians.com\/de\/news\/2018\/st-vincent-de-paul-food-appeal-2\/#primaryimage"},"datePublished":"2018-12-12T16:11:40+00:00","dateModified":"2018-12-12T16:15:51+00:00","breadcrumb":{"@id":"https:\/\/www.kilians.com\/de\/news\/2018\/st-vincent-de-paul-food-appeal-2\/#breadcrumb"},"inLanguage":"de-DE","potentialAction":[{"@type":"ReadAction","target":["https:\/\/www.kilians.com\/de\/news\/2018\/st-vincent-de-paul-food-appeal-2\/"]}]},{"@type":"BreadcrumbList","@id":"https:\/\/www.kilians.com\/de\/news\/2018\/st-vincent-de-paul-food-appeal-2\/#breadcrumb","itemListElement":[{"@type":"ListItem","position":1,"name":"Home","item":"https:\/\/www.kilians.com\/de\/"},{"@type":"ListItem","position":2,"name":"St. Vincent de Paul Food Appeal"}]},{"@type":"Article","@id":"https:\/\/www.kilians.com\/de\/news\/2018\/st-vincent-de-paul-food-appeal-2\/#article","isPartOf":{"@id":"https:\/\/www.kilians.com\/de\/news\/2018\/st-vincent-de-paul-food-appeal-2\/#webpage"},"author":{"@id":"https:\/\/www.kilians.com\/#\/schema\/person\/d66fd270fc10b6a48b300e500c5f9edd"},"headline":"St. Vincent de Paul Food Appeal","datePublished":"2018-12-12T16:11:40+00:00","dateModified":"2018-12-12T16:15:51+00:00","mainEntityOfPage":{"@id":"https:\/\/www.kilians.com\/de\/news\/2018\/st-vincent-de-paul-food-appeal-2\/#webpage"},"wordCount":89,"publisher":{"@id":"https:\/\/www.kilians.com\/#organization"},"image":{"@id":"https:\/\/www.kilians.com\/de\/news\/2018\/st-vincent-de-paul-food-appeal-2\/#primaryimage"},"thumbnailUrl":"https:\/\/www.kilians.com\/wp-content\/uploads\/2018\/12\/Food-appeal-banner-2016.jpg","articleSection":["Nachrichten"],"inLanguage":"de-DE"},{"@type":"Person","@id":"https:\/\/www.kilians.com\/#\/schema\/person\/d66fd270fc10b6a48b300e500c5f9edd","name":"marketingadmin","url":"https:\/\/www.kilians.com\/de\/news\/author\/marketingadmin\/"}]}},"_links":{"self":[{"href":"https:\/\/www.kilians.com\/de\/wp-json\/wp\/v2\/posts\/32209\/"}],"collection":[{"href":"https:\/\/www.kilians.com\/de\/wp-json\/wp\/v2\/posts\/"}],"about":[{"href":"https:\/\/www.kilians.com\/de\/wp-json\/wp\/v2\/types\/post\/"}],"author":[{"embeddable":true,"href":"https:\/\/www.kilians.com\/de\/wp-json\/wp\/v2\/users\/1\/"}],"replies":[{"embeddable":true,"href":"https:\/\/www.kilians.com\/de\/wp-json\/wp\/v2\/comments\/?post=32209"}],"version-history":[{"count":0,"href":"https:\/\/www.kilians.com\/de\/wp-json\/wp\/v2\/posts\/32209\/revisions\/"}],"wp:featuredmedia":[{"embeddable":true,"href":"https:\/\/www.kilians.com\/de\/wp-json\/wp\/v2\/media\/32205\/"}],"wp:attachment":[{"href":"https:\/\/www.kilians.com\/de\/wp-json\/wp\/v2\/media\/?parent=32209"}],"wp:term":[{"taxonomy":"category","embeddable":true,"href":"https:\/\/www.kilians.com\/de\/wp-json\/wp\/v2\/categories\/?post=32209"},{"taxonomy":"post_tag","embeddable":true,"href":"https:\/\/www.kilians.com\/de\/wp-json\/wp\/v2\/tags\/?post=32209"}],"curies":[{"name":"wp","href":"https:\/\/api.w.org\/{rel}","templated":true}]}}