{"id":32245,"date":"2018-12-21T13:28:43","date_gmt":"2018-12-21T13:28:43","guid":{"rendered":"https:\/\/www.kilians.com\/christmas-message-from-the-principal\/"},"modified":"2018-12-21T13:55:24","modified_gmt":"2018-12-21T13:55:24","slug":"christmas-message-from-the-principal","status":"publish","type":"post","link":"https:\/\/www.kilians.com\/de\/news\/2018\/christmas-message-from-the-principal\/","title":{"rendered":"Weihnachtsnachricht der Schulleiterin"},"content":{"rendered":"<p>Liebe Eltern, Sch\u00fcler und Mitarbeiter von St. Kilian&#8217;s,<\/p>\n<p>Ein weiteres Jahr neigt sich dem Ende zu und wir freuen uns alle auf unsere Ferien und die Weihnachtszeit. Diese Jahreszeit soll von Freude, aber auch von R\u00fccksichtnahme auf andere gepr\u00e4gt sein. Familien, Sch\u00fcler und Mitarbeiter unserer Schule waren an vielen gemeinn\u00fctzigen Spendenaktionen f\u00fcr verschiedene Wohlt\u00e4tigkeitsorganisationen beteiligt: vielen Dank f\u00fcr die Unterst\u00fctzung und Gro\u00dfz\u00fcgigkeit.<\/p>\n<p>Unser j\u00e4hrliches schuleigenes Fundraising-Event, der Weihnachtsbasar, war wieder sehr erfolgreich. Mit Hilfe der Sch\u00fclervertretung werden wir entscheiden, in welcher Form der Erl\u00f6s dieser Veranstaltung der Schulgemeinschaft zugutekommen wird und wir werden die Vorschl\u00e4ge baldm\u00f6glichst kommunizieren.<\/p>\n<p>Im Laufe des Jahres hat die Schule von Eltern und der erweiterten Schulgemeinschaft viel Unterst\u00fctzung erhalten. Vielen Dank an alle, die ihre Zeit im Vorstand, im Elternbeirat oder auf Ad-hoc-Basis zur Verf\u00fcgung gestellt haben, wenn Hilfe ben\u00f6tigt wurde. Ich m\u00f6chte diese Gelegenheit nutzen, um mich f\u00fcr diese freiwillige Unterst\u00fctzung zu bedanken, die sehr gesch\u00e4tzt wird und zum gro\u00dfen Engagement unserer Mitarbeiter beitr\u00e4gt.<\/p>\n<p>Ich w\u00fcnsche allen Eltern, Sch\u00fclern und Mitarbeitern ein frohes und besinnliches Weihnachtsfest und alles Gute f\u00fcr 2018.<\/p>\n<p><strong>Fr\u00f6hliche Weihnachten, Happy Christmas, Nollaig Shona,<\/strong><\/p>\n<p>Alice Lynch<br \/>\nSchulleiterin<\/p>\n<p><a href=\"http:\/\/www.kilians.com\/wp-content\/uploads\/2018\/12\/wreath.jpg\"><img loading=\"lazy\" decoding=\"async\" class=\"alignnone size-full wp-image-32243\" src=\"http:\/\/www.kilians.com\/wp-content\/uploads\/2018\/12\/wreath.jpg\" alt=\"\" width=\"336\" height=\"240\" \/><\/a><\/p>\n","protected":false},"excerpt":{"rendered":"<p>Liebe Eltern, Sch\u00fcler und Mitarbeiter von St. Kilian&#8217;s, Ein weiteres Jahr neigt sich dem Ende zu und wir freuen uns alle auf unsere Ferien und&#8230; <a class=\"find-out-more-link\" href=\"https:\/\/www.kilians.com\/de\/news\/2018\/christmas-message-from-the-principal\/\">Weiterlesen<\/a> <\/p>\n","protected":false},"author":1,"featured_media":32244,"comment_status":"closed","ping_status":"closed","sticky":false,"template":"","format":"standard","meta":{"footnotes":""},"categories":[6],"tags":[],"class_list":{"0":"post-32245","1":"post","2":"type-post","3":"status-publish","4":"format-standard","5":"has-post-thumbnail","7":"category-nachrichten","8":"entry"},"yoast_head":"<!-- This site is optimized with the Yoast SEO plugin v17.2.1 - https:\/\/yoast.com\/wordpress\/plugins\/seo\/ -->\n<meta name=\"robots\" content=\"index, follow, max-snippet:-1, max-image-preview:large, max-video-preview:-1\" \/>\n<link rel=\"canonical\" href=\"https:\/\/www.kilians.com\/de\/news\/2018\/christmas-message-from-the-principal\/\" \/>\n<meta property=\"og:locale\" content=\"de_DE\" \/>\n<meta property=\"og:type\" content=\"article\" \/>\n<meta property=\"og:title\" content=\"Weihnachtsnachricht der Schulleiterin - St. Kilian&#039;s German School, Dublin\" \/>\n<meta property=\"og:description\" content=\"Liebe Eltern, Sch\u00fcler und Mitarbeiter von St. Kilian&#8217;s, Ein weiteres Jahr neigt sich dem Ende zu und wir freuen uns alle auf unsere Ferien und... Weiterlesen\" \/>\n<meta property=\"og:url\" content=\"https:\/\/www.kilians.com\/de\/news\/2018\/christmas-message-from-the-principal\/\" \/>\n<meta property=\"og:site_name\" content=\"St. Kilian&#039;s German School, Dublin\" \/>\n<meta property=\"article:published_time\" content=\"2018-12-21T13:28:43+00:00\" \/>\n<meta property=\"article:modified_time\" content=\"2018-12-21T13:55:24+00:00\" \/>\n<meta property=\"og:image\" content=\"https:\/\/www.kilians.com\/wp-content\/uploads\/2018\/12\/wreath.jpg\" \/>\n\t<meta property=\"og:image:width\" content=\"336\" \/>\n\t<meta property=\"og:image:height\" content=\"240\" \/>\n<meta name=\"twitter:card\" content=\"summary\" \/>\n<meta name=\"twitter:label1\" content=\"Verfasst von\" \/>\n\t<meta name=\"twitter:data1\" content=\"marketingadmin\" \/>\n\t<meta name=\"twitter:label2\" content=\"Gesch\u00e4tzte Lesezeit\" \/>\n\t<meta name=\"twitter:data2\" content=\"1 minute\" \/>\n<script type=\"application\/ld+json\" class=\"yoast-schema-graph\">{\"@context\":\"https:\/\/schema.org\",\"@graph\":[{\"@type\":\"Organization\",\"@id\":\"https:\/\/www.kilians.com\/#organization\",\"name\":\"St. Kilian's\",\"url\":\"https:\/\/www.kilians.com\/\",\"sameAs\":[],\"logo\":{\"@type\":\"ImageObject\",\"@id\":\"https:\/\/www.kilians.com\/#logo\",\"inLanguage\":\"de-DE\",\"url\":\"https:\/\/www.kilians.com\/wp-content\/uploads\/2017\/02\/StKilians_MasterLogo_Colour-1.png\",\"contentUrl\":\"https:\/\/www.kilians.com\/wp-content\/uploads\/2017\/02\/StKilians_MasterLogo_Colour-1.png\",\"width\":768,\"height\":1240,\"caption\":\"St. Kilian's\"},\"image\":{\"@id\":\"https:\/\/www.kilians.com\/#logo\"}},{\"@type\":\"WebSite\",\"@id\":\"https:\/\/www.kilians.com\/#website\",\"url\":\"https:\/\/www.kilians.com\/\",\"name\":\"St. Kilian&#039;s German School, Dublin\",\"description\":\"\",\"publisher\":{\"@id\":\"https:\/\/www.kilians.com\/#organization\"},\"potentialAction\":[{\"@type\":\"SearchAction\",\"target\":{\"@type\":\"EntryPoint\",\"urlTemplate\":\"https:\/\/www.kilians.com\/?s={search_term_string}\"},\"query-input\":\"required name=search_term_string\"}],\"inLanguage\":\"de-DE\"},{\"@type\":\"ImageObject\",\"@id\":\"https:\/\/www.kilians.com\/de\/news\/2018\/christmas-message-from-the-principal\/#primaryimage\",\"inLanguage\":\"de-DE\",\"url\":\"https:\/\/www.kilians.com\/wp-content\/uploads\/2018\/12\/wreath.jpg\",\"contentUrl\":\"https:\/\/www.kilians.com\/wp-content\/uploads\/2018\/12\/wreath.jpg\",\"width\":336,\"height\":240},{\"@type\":\"WebPage\",\"@id\":\"https:\/\/www.kilians.com\/de\/news\/2018\/christmas-message-from-the-principal\/#webpage\",\"url\":\"https:\/\/www.kilians.com\/de\/news\/2018\/christmas-message-from-the-principal\/\",\"name\":\"Weihnachtsnachricht der Schulleiterin - St. Kilian&#039;s German School, Dublin\",\"isPartOf\":{\"@id\":\"https:\/\/www.kilians.com\/#website\"},\"primaryImageOfPage\":{\"@id\":\"https:\/\/www.kilians.com\/de\/news\/2018\/christmas-message-from-the-principal\/#primaryimage\"},\"datePublished\":\"2018-12-21T13:28:43+00:00\",\"dateModified\":\"2018-12-21T13:55:24+00:00\",\"breadcrumb\":{\"@id\":\"https:\/\/www.kilians.com\/de\/news\/2018\/christmas-message-from-the-principal\/#breadcrumb\"},\"inLanguage\":\"de-DE\",\"potentialAction\":[{\"@type\":\"ReadAction\",\"target\":[\"https:\/\/www.kilians.com\/de\/news\/2018\/christmas-message-from-the-principal\/\"]}]},{\"@type\":\"BreadcrumbList\",\"@id\":\"https:\/\/www.kilians.com\/de\/news\/2018\/christmas-message-from-the-principal\/#breadcrumb\",\"itemListElement\":[{\"@type\":\"ListItem\",\"position\":1,\"name\":\"Home\",\"item\":\"https:\/\/www.kilians.com\/de\/\"},{\"@type\":\"ListItem\",\"position\":2,\"name\":\"Weihnachtsnachricht der Schulleiterin\"}]},{\"@type\":\"Article\",\"@id\":\"https:\/\/www.kilians.com\/de\/news\/2018\/christmas-message-from-the-principal\/#article\",\"isPartOf\":{\"@id\":\"https:\/\/www.kilians.com\/de\/news\/2018\/christmas-message-from-the-principal\/#webpage\"},\"author\":{\"@id\":\"https:\/\/www.kilians.com\/#\/schema\/person\/d66fd270fc10b6a48b300e500c5f9edd\"},\"headline\":\"Weihnachtsnachricht der Schulleiterin\",\"datePublished\":\"2018-12-21T13:28:43+00:00\",\"dateModified\":\"2018-12-21T13:55:24+00:00\",\"mainEntityOfPage\":{\"@id\":\"https:\/\/www.kilians.com\/de\/news\/2018\/christmas-message-from-the-principal\/#webpage\"},\"wordCount\":216,\"publisher\":{\"@id\":\"https:\/\/www.kilians.com\/#organization\"},\"image\":{\"@id\":\"https:\/\/www.kilians.com\/de\/news\/2018\/christmas-message-from-the-principal\/#primaryimage\"},\"thumbnailUrl\":\"https:\/\/www.kilians.com\/wp-content\/uploads\/2018\/12\/wreath.jpg\",\"articleSection\":[\"Nachrichten\"],\"inLanguage\":\"de-DE\"},{\"@type\":\"Person\",\"@id\":\"https:\/\/www.kilians.com\/#\/schema\/person\/d66fd270fc10b6a48b300e500c5f9edd\",\"name\":\"marketingadmin\",\"url\":\"https:\/\/www.kilians.com\/de\/news\/author\/marketingadmin\/\"}]}<\/script>\n<!-- \/ Yoast SEO plugin. -->","yoast_head_json":{"robots":{"index":"index","follow":"follow","max-snippet":"max-snippet:-1","max-image-preview":"max-image-preview:large","max-video-preview":"max-video-preview:-1"},"canonical":"https:\/\/www.kilians.com\/de\/news\/2018\/christmas-message-from-the-principal\/","og_locale":"de_DE","og_type":"article","og_title":"Weihnachtsnachricht der Schulleiterin - St. Kilian&#039;s German School, Dublin","og_description":"Liebe Eltern, Sch\u00fcler und Mitarbeiter von St. Kilian&#8217;s, Ein weiteres Jahr neigt sich dem Ende zu und wir freuen uns alle auf unsere Ferien und... Weiterlesen","og_url":"https:\/\/www.kilians.com\/de\/news\/2018\/christmas-message-from-the-principal\/","og_site_name":"St. Kilian&#039;s German School, Dublin","article_published_time":"2018-12-21T13:28:43+00:00","article_modified_time":"2018-12-21T13:55:24+00:00","og_image":[{"width":336,"height":240,"url":"https:\/\/www.kilians.com\/wp-content\/uploads\/2018\/12\/wreath.jpg","path":"\/nas\/content\/live\/kilians\/wp-content\/uploads\/2018\/12\/wreath.jpg","size":"full","id":32244,"alt":"","pixels":80640,"type":"image\/jpeg"}],"twitter_card":"summary","twitter_misc":{"Verfasst von":"marketingadmin","Gesch\u00e4tzte Lesezeit":"1 minute"},"schema":{"@context":"https:\/\/schema.org","@graph":[{"@type":"Organization","@id":"https:\/\/www.kilians.com\/#organization","name":"St. Kilian's","url":"https:\/\/www.kilians.com\/","sameAs":[],"logo":{"@type":"ImageObject","@id":"https:\/\/www.kilians.com\/#logo","inLanguage":"de-DE","url":"https:\/\/www.kilians.com\/wp-content\/uploads\/2017\/02\/StKilians_MasterLogo_Colour-1.png","contentUrl":"https:\/\/www.kilians.com\/wp-content\/uploads\/2017\/02\/StKilians_MasterLogo_Colour-1.png","width":768,"height":1240,"caption":"St. Kilian's"},"image":{"@id":"https:\/\/www.kilians.com\/#logo"}},{"@type":"WebSite","@id":"https:\/\/www.kilians.com\/#website","url":"https:\/\/www.kilians.com\/","name":"St. Kilian&#039;s German School, Dublin","description":"","publisher":{"@id":"https:\/\/www.kilians.com\/#organization"},"potentialAction":[{"@type":"SearchAction","target":{"@type":"EntryPoint","urlTemplate":"https:\/\/www.kilians.com\/?s={search_term_string}"},"query-input":"required name=search_term_string"}],"inLanguage":"de-DE"},{"@type":"ImageObject","@id":"https:\/\/www.kilians.com\/de\/news\/2018\/christmas-message-from-the-principal\/#primaryimage","inLanguage":"de-DE","url":"https:\/\/www.kilians.com\/wp-content\/uploads\/2018\/12\/wreath.jpg","contentUrl":"https:\/\/www.kilians.com\/wp-content\/uploads\/2018\/12\/wreath.jpg","width":336,"height":240},{"@type":"WebPage","@id":"https:\/\/www.kilians.com\/de\/news\/2018\/christmas-message-from-the-principal\/#webpage","url":"https:\/\/www.kilians.com\/de\/news\/2018\/christmas-message-from-the-principal\/","name":"Weihnachtsnachricht der Schulleiterin - St. Kilian&#039;s German School, Dublin","isPartOf":{"@id":"https:\/\/www.kilians.com\/#website"},"primaryImageOfPage":{"@id":"https:\/\/www.kilians.com\/de\/news\/2018\/christmas-message-from-the-principal\/#primaryimage"},"datePublished":"2018-12-21T13:28:43+00:00","dateModified":"2018-12-21T13:55:24+00:00","breadcrumb":{"@id":"https:\/\/www.kilians.com\/de\/news\/2018\/christmas-message-from-the-principal\/#breadcrumb"},"inLanguage":"de-DE","potentialAction":[{"@type":"ReadAction","target":["https:\/\/www.kilians.com\/de\/news\/2018\/christmas-message-from-the-principal\/"]}]},{"@type":"BreadcrumbList","@id":"https:\/\/www.kilians.com\/de\/news\/2018\/christmas-message-from-the-principal\/#breadcrumb","itemListElement":[{"@type":"ListItem","position":1,"name":"Home","item":"https:\/\/www.kilians.com\/de\/"},{"@type":"ListItem","position":2,"name":"Weihnachtsnachricht der Schulleiterin"}]},{"@type":"Article","@id":"https:\/\/www.kilians.com\/de\/news\/2018\/christmas-message-from-the-principal\/#article","isPartOf":{"@id":"https:\/\/www.kilians.com\/de\/news\/2018\/christmas-message-from-the-principal\/#webpage"},"author":{"@id":"https:\/\/www.kilians.com\/#\/schema\/person\/d66fd270fc10b6a48b300e500c5f9edd"},"headline":"Weihnachtsnachricht der Schulleiterin","datePublished":"2018-12-21T13:28:43+00:00","dateModified":"2018-12-21T13:55:24+00:00","mainEntityOfPage":{"@id":"https:\/\/www.kilians.com\/de\/news\/2018\/christmas-message-from-the-principal\/#webpage"},"wordCount":216,"publisher":{"@id":"https:\/\/www.kilians.com\/#organization"},"image":{"@id":"https:\/\/www.kilians.com\/de\/news\/2018\/christmas-message-from-the-principal\/#primaryimage"},"thumbnailUrl":"https:\/\/www.kilians.com\/wp-content\/uploads\/2018\/12\/wreath.jpg","articleSection":["Nachrichten"],"inLanguage":"de-DE"},{"@type":"Person","@id":"https:\/\/www.kilians.com\/#\/schema\/person\/d66fd270fc10b6a48b300e500c5f9edd","name":"marketingadmin","url":"https:\/\/www.kilians.com\/de\/news\/author\/marketingadmin\/"}]}},"_links":{"self":[{"href":"https:\/\/www.kilians.com\/de\/wp-json\/wp\/v2\/posts\/32245\/"}],"collection":[{"href":"https:\/\/www.kilians.com\/de\/wp-json\/wp\/v2\/posts\/"}],"about":[{"href":"https:\/\/www.kilians.com\/de\/wp-json\/wp\/v2\/types\/post\/"}],"author":[{"embeddable":true,"href":"https:\/\/www.kilians.com\/de\/wp-json\/wp\/v2\/users\/1\/"}],"replies":[{"embeddable":true,"href":"https:\/\/www.kilians.com\/de\/wp-json\/wp\/v2\/comments\/?post=32245"}],"version-history":[{"count":0,"href":"https:\/\/www.kilians.com\/de\/wp-json\/wp\/v2\/posts\/32245\/revisions\/"}],"wp:featuredmedia":[{"embeddable":true,"href":"https:\/\/www.kilians.com\/de\/wp-json\/wp\/v2\/media\/32244\/"}],"wp:attachment":[{"href":"https:\/\/www.kilians.com\/de\/wp-json\/wp\/v2\/media\/?parent=32245"}],"wp:term":[{"taxonomy":"category","embeddable":true,"href":"https:\/\/www.kilians.com\/de\/wp-json\/wp\/v2\/categories\/?post=32245"},{"taxonomy":"post_tag","embeddable":true,"href":"https:\/\/www.kilians.com\/de\/wp-json\/wp\/v2\/tags\/?post=32245"}],"curies":[{"name":"wp","href":"https:\/\/api.w.org\/{rel}","templated":true}]}}