{"id":32348,"date":"2019-01-28T15:01:32","date_gmt":"2019-01-28T15:01:32","guid":{"rendered":"https:\/\/www.kilians.com\/jugend-musiziert-kinder-musizieren-2019\/"},"modified":"2019-02-14T14:06:35","modified_gmt":"2019-02-14T14:06:35","slug":"jugend-musiziert-kinder-musizieren-2019","status":"publish","type":"post","link":"https:\/\/www.kilians.com\/de\/news\/2019\/jugend-musiziert-kinder-musizieren-2019\/","title":{"rendered":"Jugend musiziert &#038; Kinder musizieren 2019"},"content":{"rendered":"<p>Fast f\u00fcnfzig unserer Sch\u00fcler nahmen am diesj\u00e4hrigen Jumu- und Kimu-Musikwettbewerb am 24. und 25. Januar 2019 teil, der letzten Freitagabend mit einem gro\u00dfartigen Konzert abgeschlossen wurden.<\/p>\n<p>Die Schulgemeinschaft h\u00f6rte wundervolle Gesangs- und Instrumentaldarbietungen von Sch\u00fclern aller Altersgruppen, von den j\u00fcngsten bis hin zu Sch\u00fclern der 12. Klasse. Au\u00dferdem gab es eine wundersch\u00f6ne Darbietung von Pocahontas-Liedern von unserem Grundschulchor.<\/p>\n<p>Jumu\/Kimu ist eine der gr\u00f6\u00dften und beliebtesten Veranstaltungen in unserem Schulkalender. Ein gro\u00dfes Dankesch\u00f6n geht an Frau Thielemans und Ms Brennan, die sich jedes Jahr sehr viel M\u00fche geben, diesen Wettbewerb und dieses Konzert zu organisieren. Vielen Dank auch an die deutsche Botschaft, die die Veranstaltung gesponsert hat, und an unsere Schulkantine f\u00fcr die Zubereitung von Snacks f\u00fcr den Empfang nach dem Konzert.<\/p>\n<p>Vielen Dank an Maedhbh und Leah, die das Konzert geleitet haben und nat\u00fcrlich an alle teilnehmenden Sch\u00fcler. In ihren abschlie\u00dfenden Worten dankte unsere Schulleiterin Alice Lynch auch den Eltern, die sich f\u00fcr die Musikausbildung ihrer Kinder engagieren, und dadurch das Leben in St. Kilian f\u00fcr alle bereichern.<\/p>\n<p>Die folgenden Sch\u00fcler haben einen 1. Preis in ihrer Kategorie gewonnen und sich ein Ticket f\u00fcr die zweite Runde von Jumu gesichert, die im M\u00e4rz in Prag stattfinden wird:<\/p>\n<p><strong>Tristan Spellman Molphy<\/strong><br \/>\n<strong>Daniel Partridge<\/strong><br \/>\n<strong>Nora Lawlor<\/strong><br \/>\n<strong>Caspar Duignan<\/strong><br \/>\n<strong>Federico Handl<\/strong><br \/>\n<strong>Tristan Loncle de Forville<\/strong><br \/>\n<strong>Johanna Fl\u00fcr<\/strong><\/p>\n<p><strong>Der Jumu-Wanderpokal<\/strong> wurde dieses Jahr an Tristan Spellman Molphy und Daniel Partridge \u00fcbergeben, die beide \u00fcber die letzten Jahre zum Erfolg des Jumu-Wettbewerbs beigetragen haben. Ein herzliches Dankesch\u00f6n f\u00fcr euer gro\u00dfartiges Engagement!<\/p>\n<p>Weitere Informationen zu Jumu und Kimu finden Sie <a href=\"https:\/\/www.kilians.com\/de\/annual_events\/jugend-musiziert-secondary\/\">hier<\/a>.<\/p>\n<p><a title=\"Jumu &amp; Kimu Music Competition 2019\" href=\"https:\/\/www.flickr.com\/photos\/157368007@N08\/albums\/72157706264813174\" data-flickr-embed=\"true\"><img loading=\"lazy\" decoding=\"async\" src=\"https:\/\/farm8.staticflickr.com\/7884\/46853885582_d0402e773e_z.jpg\" alt=\"Jumu &amp; Kimu Music Competition 2019\" width=\"640\" height=\"427\" \/><\/a><script async src=\"\/\/embedr.flickr.com\/assets\/client-code.js\" charset=\"utf-8\"><\/script><\/p>\n","protected":false},"excerpt":{"rendered":"<p>Fast f\u00fcnfzig unserer Sch\u00fcler nahmen am diesj\u00e4hrigen Jumu- und Kimu-Musikwettbewerb am 24. und 25. Januar 2019 teil, der letzten Freitagabend mit einem gro\u00dfartigen Konzert abgeschlossen&#8230; <a class=\"find-out-more-link\" href=\"https:\/\/www.kilians.com\/de\/news\/2019\/jugend-musiziert-kinder-musizieren-2019\/\">Weiterlesen<\/a> <\/p>\n","protected":false},"author":1,"featured_media":32347,"comment_status":"closed","ping_status":"closed","sticky":false,"template":"","format":"standard","meta":{"footnotes":""},"categories":[6],"tags":[],"class_list":{"0":"post-32348","1":"post","2":"type-post","3":"status-publish","4":"format-standard","5":"has-post-thumbnail","7":"category-nachrichten","8":"entry"},"yoast_head":"<!-- This site is optimized with the Yoast SEO plugin v17.2.1 - https:\/\/yoast.com\/wordpress\/plugins\/seo\/ -->\n<meta name=\"robots\" content=\"index, follow, max-snippet:-1, max-image-preview:large, max-video-preview:-1\" \/>\n<link rel=\"canonical\" href=\"https:\/\/www.kilians.com\/de\/news\/2019\/jugend-musiziert-kinder-musizieren-2019\/\" \/>\n<meta property=\"og:locale\" content=\"de_DE\" \/>\n<meta property=\"og:type\" content=\"article\" \/>\n<meta property=\"og:title\" content=\"Jugend musiziert &amp; Kinder musizieren 2019 - St. Kilian&#039;s German School, Dublin\" \/>\n<meta property=\"og:description\" content=\"Fast f\u00fcnfzig unserer Sch\u00fcler nahmen am diesj\u00e4hrigen Jumu- und Kimu-Musikwettbewerb am 24. und 25. Januar 2019 teil, der letzten Freitagabend mit einem gro\u00dfartigen Konzert abgeschlossen... Weiterlesen\" \/>\n<meta property=\"og:url\" content=\"https:\/\/www.kilians.com\/de\/news\/2019\/jugend-musiziert-kinder-musizieren-2019\/\" \/>\n<meta property=\"og:site_name\" content=\"St. Kilian&#039;s German School, Dublin\" \/>\n<meta property=\"article:published_time\" content=\"2019-01-28T15:01:32+00:00\" \/>\n<meta property=\"article:modified_time\" content=\"2019-02-14T14:06:35+00:00\" \/>\n<meta property=\"og:image\" content=\"https:\/\/www.kilians.com\/wp-content\/uploads\/2019\/01\/IMG_0660-1024x683.jpg\" \/>\n\t<meta property=\"og:image:width\" content=\"1024\" \/>\n\t<meta property=\"og:image:height\" content=\"683\" \/>\n<meta name=\"twitter:card\" content=\"summary\" \/>\n<meta name=\"twitter:label1\" content=\"Verfasst von\" \/>\n\t<meta name=\"twitter:data1\" content=\"marketingadmin\" \/>\n\t<meta name=\"twitter:label2\" content=\"Gesch\u00e4tzte Lesezeit\" \/>\n\t<meta name=\"twitter:data2\" content=\"1 minute\" \/>\n<script type=\"application\/ld+json\" class=\"yoast-schema-graph\">{\"@context\":\"https:\/\/schema.org\",\"@graph\":[{\"@type\":\"Organization\",\"@id\":\"https:\/\/www.kilians.com\/#organization\",\"name\":\"St. Kilian's\",\"url\":\"https:\/\/www.kilians.com\/\",\"sameAs\":[],\"logo\":{\"@type\":\"ImageObject\",\"@id\":\"https:\/\/www.kilians.com\/#logo\",\"inLanguage\":\"de-DE\",\"url\":\"https:\/\/www.kilians.com\/wp-content\/uploads\/2017\/02\/StKilians_MasterLogo_Colour-1.png\",\"contentUrl\":\"https:\/\/www.kilians.com\/wp-content\/uploads\/2017\/02\/StKilians_MasterLogo_Colour-1.png\",\"width\":768,\"height\":1240,\"caption\":\"St. Kilian's\"},\"image\":{\"@id\":\"https:\/\/www.kilians.com\/#logo\"}},{\"@type\":\"WebSite\",\"@id\":\"https:\/\/www.kilians.com\/#website\",\"url\":\"https:\/\/www.kilians.com\/\",\"name\":\"St. Kilian&#039;s German School, Dublin\",\"description\":\"\",\"publisher\":{\"@id\":\"https:\/\/www.kilians.com\/#organization\"},\"potentialAction\":[{\"@type\":\"SearchAction\",\"target\":{\"@type\":\"EntryPoint\",\"urlTemplate\":\"https:\/\/www.kilians.com\/?s={search_term_string}\"},\"query-input\":\"required name=search_term_string\"}],\"inLanguage\":\"de-DE\"},{\"@type\":\"ImageObject\",\"@id\":\"https:\/\/www.kilians.com\/de\/news\/2019\/jugend-musiziert-kinder-musizieren-2019\/#primaryimage\",\"inLanguage\":\"de-DE\",\"url\":\"https:\/\/www.kilians.com\/wp-content\/uploads\/2019\/01\/IMG_0660.jpg\",\"contentUrl\":\"https:\/\/www.kilians.com\/wp-content\/uploads\/2019\/01\/IMG_0660.jpg\",\"width\":5472,\"height\":3648},{\"@type\":\"WebPage\",\"@id\":\"https:\/\/www.kilians.com\/de\/news\/2019\/jugend-musiziert-kinder-musizieren-2019\/#webpage\",\"url\":\"https:\/\/www.kilians.com\/de\/news\/2019\/jugend-musiziert-kinder-musizieren-2019\/\",\"name\":\"Jugend musiziert & Kinder musizieren 2019 - St. Kilian&#039;s German School, Dublin\",\"isPartOf\":{\"@id\":\"https:\/\/www.kilians.com\/#website\"},\"primaryImageOfPage\":{\"@id\":\"https:\/\/www.kilians.com\/de\/news\/2019\/jugend-musiziert-kinder-musizieren-2019\/#primaryimage\"},\"datePublished\":\"2019-01-28T15:01:32+00:00\",\"dateModified\":\"2019-02-14T14:06:35+00:00\",\"breadcrumb\":{\"@id\":\"https:\/\/www.kilians.com\/de\/news\/2019\/jugend-musiziert-kinder-musizieren-2019\/#breadcrumb\"},\"inLanguage\":\"de-DE\",\"potentialAction\":[{\"@type\":\"ReadAction\",\"target\":[\"https:\/\/www.kilians.com\/de\/news\/2019\/jugend-musiziert-kinder-musizieren-2019\/\"]}]},{\"@type\":\"BreadcrumbList\",\"@id\":\"https:\/\/www.kilians.com\/de\/news\/2019\/jugend-musiziert-kinder-musizieren-2019\/#breadcrumb\",\"itemListElement\":[{\"@type\":\"ListItem\",\"position\":1,\"name\":\"Home\",\"item\":\"https:\/\/www.kilians.com\/de\/\"},{\"@type\":\"ListItem\",\"position\":2,\"name\":\"Jugend musiziert &#038; Kinder musizieren 2019\"}]},{\"@type\":\"Article\",\"@id\":\"https:\/\/www.kilians.com\/de\/news\/2019\/jugend-musiziert-kinder-musizieren-2019\/#article\",\"isPartOf\":{\"@id\":\"https:\/\/www.kilians.com\/de\/news\/2019\/jugend-musiziert-kinder-musizieren-2019\/#webpage\"},\"author\":{\"@id\":\"https:\/\/www.kilians.com\/#\/schema\/person\/d66fd270fc10b6a48b300e500c5f9edd\"},\"headline\":\"Jugend musiziert &#038; Kinder musizieren 2019\",\"datePublished\":\"2019-01-28T15:01:32+00:00\",\"dateModified\":\"2019-02-14T14:06:35+00:00\",\"mainEntityOfPage\":{\"@id\":\"https:\/\/www.kilians.com\/de\/news\/2019\/jugend-musiziert-kinder-musizieren-2019\/#webpage\"},\"wordCount\":283,\"publisher\":{\"@id\":\"https:\/\/www.kilians.com\/#organization\"},\"image\":{\"@id\":\"https:\/\/www.kilians.com\/de\/news\/2019\/jugend-musiziert-kinder-musizieren-2019\/#primaryimage\"},\"thumbnailUrl\":\"https:\/\/www.kilians.com\/wp-content\/uploads\/2019\/01\/IMG_0660.jpg\",\"articleSection\":[\"Nachrichten\"],\"inLanguage\":\"de-DE\"},{\"@type\":\"Person\",\"@id\":\"https:\/\/www.kilians.com\/#\/schema\/person\/d66fd270fc10b6a48b300e500c5f9edd\",\"name\":\"marketingadmin\",\"url\":\"https:\/\/www.kilians.com\/de\/news\/author\/marketingadmin\/\"}]}<\/script>\n<!-- \/ Yoast SEO plugin. -->","yoast_head_json":{"robots":{"index":"index","follow":"follow","max-snippet":"max-snippet:-1","max-image-preview":"max-image-preview:large","max-video-preview":"max-video-preview:-1"},"canonical":"https:\/\/www.kilians.com\/de\/news\/2019\/jugend-musiziert-kinder-musizieren-2019\/","og_locale":"de_DE","og_type":"article","og_title":"Jugend musiziert & Kinder musizieren 2019 - St. Kilian&#039;s German School, Dublin","og_description":"Fast f\u00fcnfzig unserer Sch\u00fcler nahmen am diesj\u00e4hrigen Jumu- und Kimu-Musikwettbewerb am 24. und 25. Januar 2019 teil, der letzten Freitagabend mit einem gro\u00dfartigen Konzert abgeschlossen... Weiterlesen","og_url":"https:\/\/www.kilians.com\/de\/news\/2019\/jugend-musiziert-kinder-musizieren-2019\/","og_site_name":"St. Kilian&#039;s German School, Dublin","article_published_time":"2019-01-28T15:01:32+00:00","article_modified_time":"2019-02-14T14:06:35+00:00","og_image":[{"width":1024,"height":683,"path":"2019\/01\/IMG_0660-1024x683.jpg","url":"https:\/\/www.kilians.com\/wp-content\/uploads\/2019\/01\/IMG_0660-1024x683.jpg","size":"large","id":32347,"alt":"","pixels":699392,"type":"image\/jpeg"}],"twitter_card":"summary","twitter_misc":{"Verfasst von":"marketingadmin","Gesch\u00e4tzte Lesezeit":"1 minute"},"schema":{"@context":"https:\/\/schema.org","@graph":[{"@type":"Organization","@id":"https:\/\/www.kilians.com\/#organization","name":"St. Kilian's","url":"https:\/\/www.kilians.com\/","sameAs":[],"logo":{"@type":"ImageObject","@id":"https:\/\/www.kilians.com\/#logo","inLanguage":"de-DE","url":"https:\/\/www.kilians.com\/wp-content\/uploads\/2017\/02\/StKilians_MasterLogo_Colour-1.png","contentUrl":"https:\/\/www.kilians.com\/wp-content\/uploads\/2017\/02\/StKilians_MasterLogo_Colour-1.png","width":768,"height":1240,"caption":"St. Kilian's"},"image":{"@id":"https:\/\/www.kilians.com\/#logo"}},{"@type":"WebSite","@id":"https:\/\/www.kilians.com\/#website","url":"https:\/\/www.kilians.com\/","name":"St. Kilian&#039;s German School, Dublin","description":"","publisher":{"@id":"https:\/\/www.kilians.com\/#organization"},"potentialAction":[{"@type":"SearchAction","target":{"@type":"EntryPoint","urlTemplate":"https:\/\/www.kilians.com\/?s={search_term_string}"},"query-input":"required name=search_term_string"}],"inLanguage":"de-DE"},{"@type":"ImageObject","@id":"https:\/\/www.kilians.com\/de\/news\/2019\/jugend-musiziert-kinder-musizieren-2019\/#primaryimage","inLanguage":"de-DE","url":"https:\/\/www.kilians.com\/wp-content\/uploads\/2019\/01\/IMG_0660.jpg","contentUrl":"https:\/\/www.kilians.com\/wp-content\/uploads\/2019\/01\/IMG_0660.jpg","width":5472,"height":3648},{"@type":"WebPage","@id":"https:\/\/www.kilians.com\/de\/news\/2019\/jugend-musiziert-kinder-musizieren-2019\/#webpage","url":"https:\/\/www.kilians.com\/de\/news\/2019\/jugend-musiziert-kinder-musizieren-2019\/","name":"Jugend musiziert & Kinder musizieren 2019 - St. Kilian&#039;s German School, Dublin","isPartOf":{"@id":"https:\/\/www.kilians.com\/#website"},"primaryImageOfPage":{"@id":"https:\/\/www.kilians.com\/de\/news\/2019\/jugend-musiziert-kinder-musizieren-2019\/#primaryimage"},"datePublished":"2019-01-28T15:01:32+00:00","dateModified":"2019-02-14T14:06:35+00:00","breadcrumb":{"@id":"https:\/\/www.kilians.com\/de\/news\/2019\/jugend-musiziert-kinder-musizieren-2019\/#breadcrumb"},"inLanguage":"de-DE","potentialAction":[{"@type":"ReadAction","target":["https:\/\/www.kilians.com\/de\/news\/2019\/jugend-musiziert-kinder-musizieren-2019\/"]}]},{"@type":"BreadcrumbList","@id":"https:\/\/www.kilians.com\/de\/news\/2019\/jugend-musiziert-kinder-musizieren-2019\/#breadcrumb","itemListElement":[{"@type":"ListItem","position":1,"name":"Home","item":"https:\/\/www.kilians.com\/de\/"},{"@type":"ListItem","position":2,"name":"Jugend musiziert &#038; Kinder musizieren 2019"}]},{"@type":"Article","@id":"https:\/\/www.kilians.com\/de\/news\/2019\/jugend-musiziert-kinder-musizieren-2019\/#article","isPartOf":{"@id":"https:\/\/www.kilians.com\/de\/news\/2019\/jugend-musiziert-kinder-musizieren-2019\/#webpage"},"author":{"@id":"https:\/\/www.kilians.com\/#\/schema\/person\/d66fd270fc10b6a48b300e500c5f9edd"},"headline":"Jugend musiziert &#038; Kinder musizieren 2019","datePublished":"2019-01-28T15:01:32+00:00","dateModified":"2019-02-14T14:06:35+00:00","mainEntityOfPage":{"@id":"https:\/\/www.kilians.com\/de\/news\/2019\/jugend-musiziert-kinder-musizieren-2019\/#webpage"},"wordCount":283,"publisher":{"@id":"https:\/\/www.kilians.com\/#organization"},"image":{"@id":"https:\/\/www.kilians.com\/de\/news\/2019\/jugend-musiziert-kinder-musizieren-2019\/#primaryimage"},"thumbnailUrl":"https:\/\/www.kilians.com\/wp-content\/uploads\/2019\/01\/IMG_0660.jpg","articleSection":["Nachrichten"],"inLanguage":"de-DE"},{"@type":"Person","@id":"https:\/\/www.kilians.com\/#\/schema\/person\/d66fd270fc10b6a48b300e500c5f9edd","name":"marketingadmin","url":"https:\/\/www.kilians.com\/de\/news\/author\/marketingadmin\/"}]}},"_links":{"self":[{"href":"https:\/\/www.kilians.com\/de\/wp-json\/wp\/v2\/posts\/32348\/"}],"collection":[{"href":"https:\/\/www.kilians.com\/de\/wp-json\/wp\/v2\/posts\/"}],"about":[{"href":"https:\/\/www.kilians.com\/de\/wp-json\/wp\/v2\/types\/post\/"}],"author":[{"embeddable":true,"href":"https:\/\/www.kilians.com\/de\/wp-json\/wp\/v2\/users\/1\/"}],"replies":[{"embeddable":true,"href":"https:\/\/www.kilians.com\/de\/wp-json\/wp\/v2\/comments\/?post=32348"}],"version-history":[{"count":0,"href":"https:\/\/www.kilians.com\/de\/wp-json\/wp\/v2\/posts\/32348\/revisions\/"}],"wp:featuredmedia":[{"embeddable":true,"href":"https:\/\/www.kilians.com\/de\/wp-json\/wp\/v2\/media\/32347\/"}],"wp:attachment":[{"href":"https:\/\/www.kilians.com\/de\/wp-json\/wp\/v2\/media\/?parent=32348"}],"wp:term":[{"taxonomy":"category","embeddable":true,"href":"https:\/\/www.kilians.com\/de\/wp-json\/wp\/v2\/categories\/?post=32348"},{"taxonomy":"post_tag","embeddable":true,"href":"https:\/\/www.kilians.com\/de\/wp-json\/wp\/v2\/tags\/?post=32348"}],"curies":[{"name":"wp","href":"https:\/\/api.w.org\/{rel}","templated":true}]}}