{"id":32416,"date":"2019-02-01T11:17:33","date_gmt":"2019-02-01T11:17:33","guid":{"rendered":"https:\/\/www.kilians.com\/new-initiatives-to-keep-pupils-active\/"},"modified":"2019-02-01T11:45:33","modified_gmt":"2019-02-01T11:45:33","slug":"new-initiatives-to-keep-pupils-active","status":"publish","type":"post","link":"https:\/\/www.kilians.com\/de\/news\/2019\/new-initiatives-to-keep-pupils-active\/","title":{"rendered":"Neues Sportprogramm f\u00fcr unsere Grundsch\u00fcler"},"content":{"rendered":"<p>In diesem Semester f\u00fchrt die Fachschaft Sport der Grundschule einige neue Aktivit\u00e4ten in das Sport-Curriculum ein.<\/p>\n<p>Unsere Sch\u00fcler der 3. Klasse haben die fantastische Gelegenheit, einmal in der Woche an einer kombinierten Zumba- und Poundfit-Klasse mit <a href=\"https:\/\/www.facebook.com\/carla.roberts.714655\" target=\"_blank\" rel=\"noopener\">Carla Roberts<\/a> teilzunehmen. Die Sch\u00fcler haben bereits drei Wochen hinter sich und alle sind begeistert von diesem neuen, abwechslungsreichen Fitnessprogramm.<\/p>\n<div style=\"width: 854px;\" class=\"wp-video\"><video class=\"wp-video-shortcode\" id=\"video-32416-1\" width=\"854\" height=\"480\" preload=\"metadata\" controls=\"controls\"><source type=\"video\/mp4\" src=\"http:\/\/www.kilians.com\/wp-content\/uploads\/2019\/02\/Poundfit.mp4?_=1\" \/><a href=\"http:\/\/www.kilians.com\/wp-content\/uploads\/2019\/02\/Poundfit.mp4\">http:\/\/www.kilians.com\/wp-content\/uploads\/2019\/02\/Poundfit.mp4<\/a><\/video><\/div>\n<p>Unsere Viertkl\u00e4ssler beginnen im M\u00e4rz ihr Schwimmprogramm, das im Schwimmbad des UCD stattfinden wird. Wir haben erfahrene Schwimmlehrer f\u00fcr alle Stufen, so dass jeder Sch\u00fcler Erfolge im Wasser haben und bis zum Ende der acht Wochen zu einem gewissen Grad schwimmen k\u00f6nnen wird.<\/p>\n<p>Unsere Sch\u00fcler der 5. Klasse haben freitagmorgens ein Yoga-Programm mit unserem Sekundarschullehrer Donal Earls begonnen. Dies ist eine neue Erfahrung f\u00fcr die meisten Sch\u00fcler, und sie zeigen Spa\u00df daran, \u00fcber K\u00f6rperbewegungen und die Wichtigkeit des Dehnens zu lernen; das gesamte Yogaprogramm f\u00fcr Kinder beruht auf dem Geschichtenerz\u00e4hlen und diese Aktivit\u00e4t kann auch leicht zu Hause ge\u00fcbt werden!<\/p>\n<p>Die 6. Klasse hat ihr Fahrradsicherheitstraining gestartet. W\u00e4hrend der ersten Wochen absolvieren sie diverse \u00dcbungen auf dem Schulgel\u00e4nde und dann in Woche 5 und 6 begeben sie sich auf die Stra\u00dfe und lernen, wie man im Verkehr sicher Fahrrad f\u00e4hrt. Nach Abschluss des Kurses sollen Sch\u00fcler kompetent und sicher von und zur Schule radeln k\u00f6nnen.<\/p>\n<p>Ms Collins und die Sportfachschaft der Grundschule sind immer auf der Suche nach neuen Aktivit\u00e4ten, die die Kinder fit und aktiv halten, ihnen gleichzeitig aber auch Spa\u00df machen.<\/p>\n","protected":false},"excerpt":{"rendered":"<p>In diesem Semester f\u00fchrt die Fachschaft Sport der Grundschule einige neue Aktivit\u00e4ten in das Sport-Curriculum ein. Unsere Sch\u00fcler der 3. Klasse haben die fantastische Gelegenheit,&#8230; <a class=\"find-out-more-link\" href=\"https:\/\/www.kilians.com\/de\/news\/2019\/new-initiatives-to-keep-pupils-active\/\">Weiterlesen<\/a> <\/p>\n","protected":false},"author":1,"featured_media":32415,"comment_status":"closed","ping_status":"closed","sticky":false,"template":"","format":"standard","meta":{"footnotes":""},"categories":[6,192,42],"tags":[],"class_list":{"0":"post-32416","1":"post","2":"type-post","3":"status-publish","4":"format-standard","5":"has-post-thumbnail","7":"category-nachrichten","8":"category-primary-school-de","9":"category-sportnachrichten","10":"entry"},"yoast_head":"<!-- This site is optimized with the Yoast SEO plugin v17.2.1 - https:\/\/yoast.com\/wordpress\/plugins\/seo\/ -->\n<meta name=\"robots\" content=\"index, follow, max-snippet:-1, max-image-preview:large, max-video-preview:-1\" \/>\n<link rel=\"canonical\" href=\"https:\/\/www.kilians.com\/de\/news\/2019\/new-initiatives-to-keep-pupils-active\/\" \/>\n<meta property=\"og:locale\" content=\"de_DE\" \/>\n<meta property=\"og:type\" content=\"article\" \/>\n<meta property=\"og:title\" content=\"Neues Sportprogramm f\u00fcr unsere Grundsch\u00fcler - St. Kilian&#039;s German School, Dublin\" \/>\n<meta property=\"og:description\" content=\"In diesem Semester f\u00fchrt die Fachschaft Sport der Grundschule einige neue Aktivit\u00e4ten in das Sport-Curriculum ein. Unsere Sch\u00fcler der 3. Klasse haben die fantastische Gelegenheit,... Weiterlesen\" \/>\n<meta property=\"og:url\" content=\"https:\/\/www.kilians.com\/de\/news\/2019\/new-initiatives-to-keep-pupils-active\/\" \/>\n<meta property=\"og:site_name\" content=\"St. Kilian&#039;s German School, Dublin\" \/>\n<meta property=\"article:published_time\" content=\"2019-02-01T11:17:33+00:00\" \/>\n<meta property=\"article:modified_time\" content=\"2019-02-01T11:45:33+00:00\" \/>\n<meta property=\"og:image\" content=\"https:\/\/www.kilians.com\/wp-content\/uploads\/2019\/02\/IMG_0433.jpg\" \/>\n\t<meta property=\"og:image:width\" content=\"5472\" \/>\n\t<meta property=\"og:image:height\" content=\"3648\" \/>\n<meta name=\"twitter:card\" content=\"summary\" \/>\n<meta name=\"twitter:label1\" content=\"Verfasst von\" \/>\n\t<meta name=\"twitter:data1\" content=\"marketingadmin\" \/>\n\t<meta name=\"twitter:label2\" content=\"Gesch\u00e4tzte Lesezeit\" \/>\n\t<meta name=\"twitter:data2\" content=\"1 minute\" \/>\n<script type=\"application\/ld+json\" class=\"yoast-schema-graph\">{\"@context\":\"https:\/\/schema.org\",\"@graph\":[{\"@type\":\"Organization\",\"@id\":\"https:\/\/www.kilians.com\/#organization\",\"name\":\"St. Kilian's\",\"url\":\"https:\/\/www.kilians.com\/\",\"sameAs\":[],\"logo\":{\"@type\":\"ImageObject\",\"@id\":\"https:\/\/www.kilians.com\/#logo\",\"inLanguage\":\"de-DE\",\"url\":\"https:\/\/www.kilians.com\/wp-content\/uploads\/2017\/02\/StKilians_MasterLogo_Colour-1.png\",\"contentUrl\":\"https:\/\/www.kilians.com\/wp-content\/uploads\/2017\/02\/StKilians_MasterLogo_Colour-1.png\",\"width\":768,\"height\":1240,\"caption\":\"St. Kilian's\"},\"image\":{\"@id\":\"https:\/\/www.kilians.com\/#logo\"}},{\"@type\":\"WebSite\",\"@id\":\"https:\/\/www.kilians.com\/#website\",\"url\":\"https:\/\/www.kilians.com\/\",\"name\":\"St. Kilian&#039;s German School, Dublin\",\"description\":\"\",\"publisher\":{\"@id\":\"https:\/\/www.kilians.com\/#organization\"},\"potentialAction\":[{\"@type\":\"SearchAction\",\"target\":{\"@type\":\"EntryPoint\",\"urlTemplate\":\"https:\/\/www.kilians.com\/?s={search_term_string}\"},\"query-input\":\"required name=search_term_string\"}],\"inLanguage\":\"de-DE\"},{\"@type\":\"ImageObject\",\"@id\":\"https:\/\/www.kilians.com\/de\/news\/2019\/new-initiatives-to-keep-pupils-active\/#primaryimage\",\"inLanguage\":\"de-DE\",\"url\":\"https:\/\/www.kilians.com\/wp-content\/uploads\/2019\/02\/IMG_0433.jpg\",\"contentUrl\":\"https:\/\/www.kilians.com\/wp-content\/uploads\/2019\/02\/IMG_0433.jpg\",\"width\":5472,\"height\":3648},{\"@type\":\"WebPage\",\"@id\":\"https:\/\/www.kilians.com\/de\/news\/2019\/new-initiatives-to-keep-pupils-active\/#webpage\",\"url\":\"https:\/\/www.kilians.com\/de\/news\/2019\/new-initiatives-to-keep-pupils-active\/\",\"name\":\"Neues Sportprogramm f\\u00fcr unsere Grundsch\\u00fcler - St. Kilian&#039;s German School, Dublin\",\"isPartOf\":{\"@id\":\"https:\/\/www.kilians.com\/#website\"},\"primaryImageOfPage\":{\"@id\":\"https:\/\/www.kilians.com\/de\/news\/2019\/new-initiatives-to-keep-pupils-active\/#primaryimage\"},\"datePublished\":\"2019-02-01T11:17:33+00:00\",\"dateModified\":\"2019-02-01T11:45:33+00:00\",\"breadcrumb\":{\"@id\":\"https:\/\/www.kilians.com\/de\/news\/2019\/new-initiatives-to-keep-pupils-active\/#breadcrumb\"},\"inLanguage\":\"de-DE\",\"potentialAction\":[{\"@type\":\"ReadAction\",\"target\":[\"https:\/\/www.kilians.com\/de\/news\/2019\/new-initiatives-to-keep-pupils-active\/\"]}]},{\"@type\":\"BreadcrumbList\",\"@id\":\"https:\/\/www.kilians.com\/de\/news\/2019\/new-initiatives-to-keep-pupils-active\/#breadcrumb\",\"itemListElement\":[{\"@type\":\"ListItem\",\"position\":1,\"name\":\"Home\",\"item\":\"https:\/\/www.kilians.com\/de\/\"},{\"@type\":\"ListItem\",\"position\":2,\"name\":\"Neues Sportprogramm f\\u00fcr unsere Grundsch\\u00fcler\"}]},{\"@type\":\"Article\",\"@id\":\"https:\/\/www.kilians.com\/de\/news\/2019\/new-initiatives-to-keep-pupils-active\/#article\",\"isPartOf\":{\"@id\":\"https:\/\/www.kilians.com\/de\/news\/2019\/new-initiatives-to-keep-pupils-active\/#webpage\"},\"author\":{\"@id\":\"https:\/\/www.kilians.com\/#\/schema\/person\/d66fd270fc10b6a48b300e500c5f9edd\"},\"headline\":\"Neues Sportprogramm f\\u00fcr unsere Grundsch\\u00fcler\",\"datePublished\":\"2019-02-01T11:17:33+00:00\",\"dateModified\":\"2019-02-01T11:45:33+00:00\",\"mainEntityOfPage\":{\"@id\":\"https:\/\/www.kilians.com\/de\/news\/2019\/new-initiatives-to-keep-pupils-active\/#webpage\"},\"wordCount\":278,\"publisher\":{\"@id\":\"https:\/\/www.kilians.com\/#organization\"},\"image\":{\"@id\":\"https:\/\/www.kilians.com\/de\/news\/2019\/new-initiatives-to-keep-pupils-active\/#primaryimage\"},\"thumbnailUrl\":\"https:\/\/www.kilians.com\/wp-content\/uploads\/2019\/02\/IMG_0433.jpg\",\"articleSection\":[\"Nachrichten\",\"Primary School\",\"Sportnachrichten\"],\"inLanguage\":\"de-DE\"},{\"@type\":\"Person\",\"@id\":\"https:\/\/www.kilians.com\/#\/schema\/person\/d66fd270fc10b6a48b300e500c5f9edd\",\"name\":\"marketingadmin\",\"url\":\"https:\/\/www.kilians.com\/de\/news\/author\/marketingadmin\/\"}]}<\/script>\n<!-- \/ Yoast SEO plugin. -->","yoast_head_json":{"robots":{"index":"index","follow":"follow","max-snippet":"max-snippet:-1","max-image-preview":"max-image-preview:large","max-video-preview":"max-video-preview:-1"},"canonical":"https:\/\/www.kilians.com\/de\/news\/2019\/new-initiatives-to-keep-pupils-active\/","og_locale":"de_DE","og_type":"article","og_title":"Neues Sportprogramm f\u00fcr unsere Grundsch\u00fcler - St. Kilian&#039;s German School, Dublin","og_description":"In diesem Semester f\u00fchrt die Fachschaft Sport der Grundschule einige neue Aktivit\u00e4ten in das Sport-Curriculum ein. Unsere Sch\u00fcler der 3. Klasse haben die fantastische Gelegenheit,... Weiterlesen","og_url":"https:\/\/www.kilians.com\/de\/news\/2019\/new-initiatives-to-keep-pupils-active\/","og_site_name":"St. Kilian&#039;s German School, Dublin","article_published_time":"2019-02-01T11:17:33+00:00","article_modified_time":"2019-02-01T11:45:33+00:00","og_image":[{"width":5472,"height":3648,"url":"https:\/\/www.kilians.com\/wp-content\/uploads\/2019\/02\/IMG_0433.jpg","path":"\/nas\/content\/live\/kilians\/wp-content\/uploads\/2019\/02\/IMG_0433.jpg","size":"full","id":32415,"alt":"","pixels":19961856,"type":"image\/jpeg"}],"twitter_card":"summary","twitter_misc":{"Verfasst von":"marketingadmin","Gesch\u00e4tzte Lesezeit":"1 minute"},"schema":{"@context":"https:\/\/schema.org","@graph":[{"@type":"Organization","@id":"https:\/\/www.kilians.com\/#organization","name":"St. Kilian's","url":"https:\/\/www.kilians.com\/","sameAs":[],"logo":{"@type":"ImageObject","@id":"https:\/\/www.kilians.com\/#logo","inLanguage":"de-DE","url":"https:\/\/www.kilians.com\/wp-content\/uploads\/2017\/02\/StKilians_MasterLogo_Colour-1.png","contentUrl":"https:\/\/www.kilians.com\/wp-content\/uploads\/2017\/02\/StKilians_MasterLogo_Colour-1.png","width":768,"height":1240,"caption":"St. Kilian's"},"image":{"@id":"https:\/\/www.kilians.com\/#logo"}},{"@type":"WebSite","@id":"https:\/\/www.kilians.com\/#website","url":"https:\/\/www.kilians.com\/","name":"St. Kilian&#039;s German School, Dublin","description":"","publisher":{"@id":"https:\/\/www.kilians.com\/#organization"},"potentialAction":[{"@type":"SearchAction","target":{"@type":"EntryPoint","urlTemplate":"https:\/\/www.kilians.com\/?s={search_term_string}"},"query-input":"required name=search_term_string"}],"inLanguage":"de-DE"},{"@type":"ImageObject","@id":"https:\/\/www.kilians.com\/de\/news\/2019\/new-initiatives-to-keep-pupils-active\/#primaryimage","inLanguage":"de-DE","url":"https:\/\/www.kilians.com\/wp-content\/uploads\/2019\/02\/IMG_0433.jpg","contentUrl":"https:\/\/www.kilians.com\/wp-content\/uploads\/2019\/02\/IMG_0433.jpg","width":5472,"height":3648},{"@type":"WebPage","@id":"https:\/\/www.kilians.com\/de\/news\/2019\/new-initiatives-to-keep-pupils-active\/#webpage","url":"https:\/\/www.kilians.com\/de\/news\/2019\/new-initiatives-to-keep-pupils-active\/","name":"Neues Sportprogramm f\u00fcr unsere Grundsch\u00fcler - St. Kilian&#039;s German School, Dublin","isPartOf":{"@id":"https:\/\/www.kilians.com\/#website"},"primaryImageOfPage":{"@id":"https:\/\/www.kilians.com\/de\/news\/2019\/new-initiatives-to-keep-pupils-active\/#primaryimage"},"datePublished":"2019-02-01T11:17:33+00:00","dateModified":"2019-02-01T11:45:33+00:00","breadcrumb":{"@id":"https:\/\/www.kilians.com\/de\/news\/2019\/new-initiatives-to-keep-pupils-active\/#breadcrumb"},"inLanguage":"de-DE","potentialAction":[{"@type":"ReadAction","target":["https:\/\/www.kilians.com\/de\/news\/2019\/new-initiatives-to-keep-pupils-active\/"]}]},{"@type":"BreadcrumbList","@id":"https:\/\/www.kilians.com\/de\/news\/2019\/new-initiatives-to-keep-pupils-active\/#breadcrumb","itemListElement":[{"@type":"ListItem","position":1,"name":"Home","item":"https:\/\/www.kilians.com\/de\/"},{"@type":"ListItem","position":2,"name":"Neues Sportprogramm f\u00fcr unsere Grundsch\u00fcler"}]},{"@type":"Article","@id":"https:\/\/www.kilians.com\/de\/news\/2019\/new-initiatives-to-keep-pupils-active\/#article","isPartOf":{"@id":"https:\/\/www.kilians.com\/de\/news\/2019\/new-initiatives-to-keep-pupils-active\/#webpage"},"author":{"@id":"https:\/\/www.kilians.com\/#\/schema\/person\/d66fd270fc10b6a48b300e500c5f9edd"},"headline":"Neues Sportprogramm f\u00fcr unsere Grundsch\u00fcler","datePublished":"2019-02-01T11:17:33+00:00","dateModified":"2019-02-01T11:45:33+00:00","mainEntityOfPage":{"@id":"https:\/\/www.kilians.com\/de\/news\/2019\/new-initiatives-to-keep-pupils-active\/#webpage"},"wordCount":278,"publisher":{"@id":"https:\/\/www.kilians.com\/#organization"},"image":{"@id":"https:\/\/www.kilians.com\/de\/news\/2019\/new-initiatives-to-keep-pupils-active\/#primaryimage"},"thumbnailUrl":"https:\/\/www.kilians.com\/wp-content\/uploads\/2019\/02\/IMG_0433.jpg","articleSection":["Nachrichten","Primary School","Sportnachrichten"],"inLanguage":"de-DE"},{"@type":"Person","@id":"https:\/\/www.kilians.com\/#\/schema\/person\/d66fd270fc10b6a48b300e500c5f9edd","name":"marketingadmin","url":"https:\/\/www.kilians.com\/de\/news\/author\/marketingadmin\/"}]}},"_links":{"self":[{"href":"https:\/\/www.kilians.com\/de\/wp-json\/wp\/v2\/posts\/32416\/"}],"collection":[{"href":"https:\/\/www.kilians.com\/de\/wp-json\/wp\/v2\/posts\/"}],"about":[{"href":"https:\/\/www.kilians.com\/de\/wp-json\/wp\/v2\/types\/post\/"}],"author":[{"embeddable":true,"href":"https:\/\/www.kilians.com\/de\/wp-json\/wp\/v2\/users\/1\/"}],"replies":[{"embeddable":true,"href":"https:\/\/www.kilians.com\/de\/wp-json\/wp\/v2\/comments\/?post=32416"}],"version-history":[{"count":0,"href":"https:\/\/www.kilians.com\/de\/wp-json\/wp\/v2\/posts\/32416\/revisions\/"}],"wp:featuredmedia":[{"embeddable":true,"href":"https:\/\/www.kilians.com\/de\/wp-json\/wp\/v2\/media\/32415\/"}],"wp:attachment":[{"href":"https:\/\/www.kilians.com\/de\/wp-json\/wp\/v2\/media\/?parent=32416"}],"wp:term":[{"taxonomy":"category","embeddable":true,"href":"https:\/\/www.kilians.com\/de\/wp-json\/wp\/v2\/categories\/?post=32416"},{"taxonomy":"post_tag","embeddable":true,"href":"https:\/\/www.kilians.com\/de\/wp-json\/wp\/v2\/tags\/?post=32416"}],"curies":[{"name":"wp","href":"https:\/\/api.w.org\/{rel}","templated":true}]}}