{"id":32865,"date":"2019-04-05T10:14:28","date_gmt":"2019-04-05T09:14:28","guid":{"rendered":"https:\/\/www.kilians.com\/primary-drama-evening\/"},"modified":"2019-04-05T12:04:34","modified_gmt":"2019-04-05T11:04:34","slug":"primary-drama-evening","status":"publish","type":"post","link":"https:\/\/www.kilians.com\/de\/news\/2019\/primary-drama-evening\/","title":{"rendered":"Theaterabend der Grundschule"},"content":{"rendered":"\n<p>Am 2. April 2019 war die Schulgemeinschaft von St. Kilian\u2019s zu einem wundervollen Theaterabend eingeladen. Insgesamt \u00fcber 90 Kinder, von der 2. bis zur 6. Klasse, f\u00fchrten vier verschiedene St\u00fccke auf, die von ihrem Schauspiellehrer William Mansfield geleitet wurden. <\/p>\n\n\n\n<p>Die&nbsp;Theaterst\u00fccke&nbsp;waren:&nbsp;<\/p>\n\n\n\n<p>2.\u00a0Klasse: <em>Robbing Hood<\/em>\u00a0<br>3. Klasse: <em>Alex in Blunderlan<\/em>d\u00a0 <br>4. Klasse: <em>Der Junge, der die \u201cHeebee Jeebees\u201d haben wollte<\/em>\u00a0 <br>5.\/6. Klasse: <em>Die Br\u00fccke<\/em> (mit diesem St\u00fcck gewann die Gruppe vor Kurzem auch den <a href=\"https:\/\/www.kilians.com\/de\/winners-of-primary-schools-drama-competition\/\">Primary Drama-Wettbewerb<\/a> des Terenure College)\u00a0 <\/p>\n\n\n\n<p>Das Talent und die Begeisterung auf der B\u00fchne waren bemerkenswert und der Abend wurde von allen Zuschauern genossen. Vielen Dank an die wunderbaren Darsteller, an Mr. Mansfield f\u00fcr die Zeit und M\u00fche, die er in seine Schauspielgruppen investiert, und an alle Eltern, die mit Kost\u00fcmen, Requisiten und B\u00fchnenbild geholfen haben. <\/p>\n\n\n\n<p><br><\/p> <a data-flickr-embed=\"true\"  href=\"https:\/\/www.flickr.com\/photos\/157368007@N08\/albums\/72157679722758338\" title=\"Evening of Drama\"><img loading=\"lazy\" decoding=\"async\" src=\"https:\/\/live.staticflickr.com\/7879\/47487986902_9ffbd9e652_z.jpg\" width=\"640\" height=\"427\" alt=\"Evening of Drama\"><\/a><script async src=\"\/\/embedr.flickr.com\/assets\/client-code.js\" charset=\"utf-8\"><\/script>\n","protected":false},"excerpt":{"rendered":"<p>Am 2. April 2019 war die Schulgemeinschaft von St. Kilian\u2019s zu einem wundervollen Theaterabend eingeladen. Insgesamt \u00fcber 90 Kinder, von der 2. bis zur 6&#8230;. <a class=\"find-out-more-link\" href=\"https:\/\/www.kilians.com\/de\/news\/2019\/primary-drama-evening\/\">Weiterlesen<\/a> <\/p>\n","protected":false},"author":1,"featured_media":32864,"comment_status":"closed","ping_status":"closed","sticky":false,"template":"","format":"standard","meta":{"footnotes":""},"categories":[6,192],"tags":[],"class_list":{"0":"post-32865","1":"post","2":"type-post","3":"status-publish","4":"format-standard","5":"has-post-thumbnail","7":"category-nachrichten","8":"category-primary-school-de","9":"entry"},"yoast_head":"<!-- This site is optimized with the Yoast SEO plugin v17.2.1 - https:\/\/yoast.com\/wordpress\/plugins\/seo\/ -->\n<meta name=\"robots\" content=\"index, follow, max-snippet:-1, max-image-preview:large, max-video-preview:-1\" \/>\n<link rel=\"canonical\" href=\"https:\/\/www.kilians.com\/de\/news\/2019\/primary-drama-evening\/\" \/>\n<meta property=\"og:locale\" content=\"de_DE\" \/>\n<meta property=\"og:type\" content=\"article\" \/>\n<meta property=\"og:title\" content=\"Theaterabend der Grundschule - St. Kilian&#039;s German School, Dublin\" \/>\n<meta property=\"og:description\" content=\"Am 2. April 2019 war die Schulgemeinschaft von St. Kilian\u2019s zu einem wundervollen Theaterabend eingeladen. Insgesamt \u00fcber 90 Kinder, von der 2. bis zur 6.... Weiterlesen\" \/>\n<meta property=\"og:url\" content=\"https:\/\/www.kilians.com\/de\/news\/2019\/primary-drama-evening\/\" \/>\n<meta property=\"og:site_name\" content=\"St. Kilian&#039;s German School, Dublin\" \/>\n<meta property=\"article:published_time\" content=\"2019-04-05T09:14:28+00:00\" \/>\n<meta property=\"article:modified_time\" content=\"2019-04-05T11:04:34+00:00\" \/>\n<meta property=\"og:image\" content=\"https:\/\/www.kilians.com\/wp-content\/uploads\/2019\/04\/IMG_1368.jpg\" \/>\n\t<meta property=\"og:image:width\" content=\"5472\" \/>\n\t<meta property=\"og:image:height\" content=\"3648\" \/>\n<meta name=\"twitter:card\" content=\"summary\" \/>\n<meta name=\"twitter:label1\" content=\"Verfasst von\" \/>\n\t<meta name=\"twitter:data1\" content=\"marketingadmin\" \/>\n\t<meta name=\"twitter:label2\" content=\"Gesch\u00e4tzte Lesezeit\" \/>\n\t<meta name=\"twitter:data2\" content=\"1 minute\" \/>\n<script type=\"application\/ld+json\" class=\"yoast-schema-graph\">{\"@context\":\"https:\/\/schema.org\",\"@graph\":[{\"@type\":\"Organization\",\"@id\":\"https:\/\/www.kilians.com\/#organization\",\"name\":\"St. Kilian's\",\"url\":\"https:\/\/www.kilians.com\/\",\"sameAs\":[],\"logo\":{\"@type\":\"ImageObject\",\"@id\":\"https:\/\/www.kilians.com\/#logo\",\"inLanguage\":\"de-DE\",\"url\":\"https:\/\/www.kilians.com\/wp-content\/uploads\/2017\/02\/StKilians_MasterLogo_Colour-1.png\",\"contentUrl\":\"https:\/\/www.kilians.com\/wp-content\/uploads\/2017\/02\/StKilians_MasterLogo_Colour-1.png\",\"width\":768,\"height\":1240,\"caption\":\"St. Kilian's\"},\"image\":{\"@id\":\"https:\/\/www.kilians.com\/#logo\"}},{\"@type\":\"WebSite\",\"@id\":\"https:\/\/www.kilians.com\/#website\",\"url\":\"https:\/\/www.kilians.com\/\",\"name\":\"St. Kilian&#039;s German School, Dublin\",\"description\":\"\",\"publisher\":{\"@id\":\"https:\/\/www.kilians.com\/#organization\"},\"potentialAction\":[{\"@type\":\"SearchAction\",\"target\":{\"@type\":\"EntryPoint\",\"urlTemplate\":\"https:\/\/www.kilians.com\/?s={search_term_string}\"},\"query-input\":\"required name=search_term_string\"}],\"inLanguage\":\"de-DE\"},{\"@type\":\"ImageObject\",\"@id\":\"https:\/\/www.kilians.com\/de\/news\/2019\/primary-drama-evening\/#primaryimage\",\"inLanguage\":\"de-DE\",\"url\":\"https:\/\/www.kilians.com\/wp-content\/uploads\/2019\/04\/IMG_1368.jpg\",\"contentUrl\":\"https:\/\/www.kilians.com\/wp-content\/uploads\/2019\/04\/IMG_1368.jpg\",\"width\":5472,\"height\":3648},{\"@type\":\"WebPage\",\"@id\":\"https:\/\/www.kilians.com\/de\/news\/2019\/primary-drama-evening\/#webpage\",\"url\":\"https:\/\/www.kilians.com\/de\/news\/2019\/primary-drama-evening\/\",\"name\":\"Theaterabend der Grundschule - St. Kilian&#039;s German School, Dublin\",\"isPartOf\":{\"@id\":\"https:\/\/www.kilians.com\/#website\"},\"primaryImageOfPage\":{\"@id\":\"https:\/\/www.kilians.com\/de\/news\/2019\/primary-drama-evening\/#primaryimage\"},\"datePublished\":\"2019-04-05T09:14:28+00:00\",\"dateModified\":\"2019-04-05T11:04:34+00:00\",\"breadcrumb\":{\"@id\":\"https:\/\/www.kilians.com\/de\/news\/2019\/primary-drama-evening\/#breadcrumb\"},\"inLanguage\":\"de-DE\",\"potentialAction\":[{\"@type\":\"ReadAction\",\"target\":[\"https:\/\/www.kilians.com\/de\/news\/2019\/primary-drama-evening\/\"]}]},{\"@type\":\"BreadcrumbList\",\"@id\":\"https:\/\/www.kilians.com\/de\/news\/2019\/primary-drama-evening\/#breadcrumb\",\"itemListElement\":[{\"@type\":\"ListItem\",\"position\":1,\"name\":\"Home\",\"item\":\"https:\/\/www.kilians.com\/de\/\"},{\"@type\":\"ListItem\",\"position\":2,\"name\":\"Theaterabend der Grundschule\"}]},{\"@type\":\"Article\",\"@id\":\"https:\/\/www.kilians.com\/de\/news\/2019\/primary-drama-evening\/#article\",\"isPartOf\":{\"@id\":\"https:\/\/www.kilians.com\/de\/news\/2019\/primary-drama-evening\/#webpage\"},\"author\":{\"@id\":\"https:\/\/www.kilians.com\/#\/schema\/person\/d66fd270fc10b6a48b300e500c5f9edd\"},\"headline\":\"Theaterabend der Grundschule\",\"datePublished\":\"2019-04-05T09:14:28+00:00\",\"dateModified\":\"2019-04-05T11:04:34+00:00\",\"mainEntityOfPage\":{\"@id\":\"https:\/\/www.kilians.com\/de\/news\/2019\/primary-drama-evening\/#webpage\"},\"wordCount\":138,\"publisher\":{\"@id\":\"https:\/\/www.kilians.com\/#organization\"},\"image\":{\"@id\":\"https:\/\/www.kilians.com\/de\/news\/2019\/primary-drama-evening\/#primaryimage\"},\"thumbnailUrl\":\"https:\/\/www.kilians.com\/wp-content\/uploads\/2019\/04\/IMG_1368.jpg\",\"articleSection\":[\"Nachrichten\",\"Primary School\"],\"inLanguage\":\"de-DE\"},{\"@type\":\"Person\",\"@id\":\"https:\/\/www.kilians.com\/#\/schema\/person\/d66fd270fc10b6a48b300e500c5f9edd\",\"name\":\"marketingadmin\",\"url\":\"https:\/\/www.kilians.com\/de\/news\/author\/marketingadmin\/\"}]}<\/script>\n<!-- \/ Yoast SEO plugin. -->","yoast_head_json":{"robots":{"index":"index","follow":"follow","max-snippet":"max-snippet:-1","max-image-preview":"max-image-preview:large","max-video-preview":"max-video-preview:-1"},"canonical":"https:\/\/www.kilians.com\/de\/news\/2019\/primary-drama-evening\/","og_locale":"de_DE","og_type":"article","og_title":"Theaterabend der Grundschule - St. Kilian&#039;s German School, Dublin","og_description":"Am 2. April 2019 war die Schulgemeinschaft von St. Kilian\u2019s zu einem wundervollen Theaterabend eingeladen. Insgesamt \u00fcber 90 Kinder, von der 2. bis zur 6.... Weiterlesen","og_url":"https:\/\/www.kilians.com\/de\/news\/2019\/primary-drama-evening\/","og_site_name":"St. Kilian&#039;s German School, Dublin","article_published_time":"2019-04-05T09:14:28+00:00","article_modified_time":"2019-04-05T11:04:34+00:00","og_image":[{"width":5472,"height":3648,"url":"https:\/\/www.kilians.com\/wp-content\/uploads\/2019\/04\/IMG_1368.jpg","path":"\/nas\/content\/live\/kilians\/wp-content\/uploads\/2019\/04\/IMG_1368.jpg","size":"full","id":32864,"alt":"","pixels":19961856,"type":"image\/jpeg"}],"twitter_card":"summary","twitter_misc":{"Verfasst von":"marketingadmin","Gesch\u00e4tzte Lesezeit":"1 minute"},"schema":{"@context":"https:\/\/schema.org","@graph":[{"@type":"Organization","@id":"https:\/\/www.kilians.com\/#organization","name":"St. Kilian's","url":"https:\/\/www.kilians.com\/","sameAs":[],"logo":{"@type":"ImageObject","@id":"https:\/\/www.kilians.com\/#logo","inLanguage":"de-DE","url":"https:\/\/www.kilians.com\/wp-content\/uploads\/2017\/02\/StKilians_MasterLogo_Colour-1.png","contentUrl":"https:\/\/www.kilians.com\/wp-content\/uploads\/2017\/02\/StKilians_MasterLogo_Colour-1.png","width":768,"height":1240,"caption":"St. Kilian's"},"image":{"@id":"https:\/\/www.kilians.com\/#logo"}},{"@type":"WebSite","@id":"https:\/\/www.kilians.com\/#website","url":"https:\/\/www.kilians.com\/","name":"St. Kilian&#039;s German School, Dublin","description":"","publisher":{"@id":"https:\/\/www.kilians.com\/#organization"},"potentialAction":[{"@type":"SearchAction","target":{"@type":"EntryPoint","urlTemplate":"https:\/\/www.kilians.com\/?s={search_term_string}"},"query-input":"required name=search_term_string"}],"inLanguage":"de-DE"},{"@type":"ImageObject","@id":"https:\/\/www.kilians.com\/de\/news\/2019\/primary-drama-evening\/#primaryimage","inLanguage":"de-DE","url":"https:\/\/www.kilians.com\/wp-content\/uploads\/2019\/04\/IMG_1368.jpg","contentUrl":"https:\/\/www.kilians.com\/wp-content\/uploads\/2019\/04\/IMG_1368.jpg","width":5472,"height":3648},{"@type":"WebPage","@id":"https:\/\/www.kilians.com\/de\/news\/2019\/primary-drama-evening\/#webpage","url":"https:\/\/www.kilians.com\/de\/news\/2019\/primary-drama-evening\/","name":"Theaterabend der Grundschule - St. Kilian&#039;s German School, Dublin","isPartOf":{"@id":"https:\/\/www.kilians.com\/#website"},"primaryImageOfPage":{"@id":"https:\/\/www.kilians.com\/de\/news\/2019\/primary-drama-evening\/#primaryimage"},"datePublished":"2019-04-05T09:14:28+00:00","dateModified":"2019-04-05T11:04:34+00:00","breadcrumb":{"@id":"https:\/\/www.kilians.com\/de\/news\/2019\/primary-drama-evening\/#breadcrumb"},"inLanguage":"de-DE","potentialAction":[{"@type":"ReadAction","target":["https:\/\/www.kilians.com\/de\/news\/2019\/primary-drama-evening\/"]}]},{"@type":"BreadcrumbList","@id":"https:\/\/www.kilians.com\/de\/news\/2019\/primary-drama-evening\/#breadcrumb","itemListElement":[{"@type":"ListItem","position":1,"name":"Home","item":"https:\/\/www.kilians.com\/de\/"},{"@type":"ListItem","position":2,"name":"Theaterabend der Grundschule"}]},{"@type":"Article","@id":"https:\/\/www.kilians.com\/de\/news\/2019\/primary-drama-evening\/#article","isPartOf":{"@id":"https:\/\/www.kilians.com\/de\/news\/2019\/primary-drama-evening\/#webpage"},"author":{"@id":"https:\/\/www.kilians.com\/#\/schema\/person\/d66fd270fc10b6a48b300e500c5f9edd"},"headline":"Theaterabend der Grundschule","datePublished":"2019-04-05T09:14:28+00:00","dateModified":"2019-04-05T11:04:34+00:00","mainEntityOfPage":{"@id":"https:\/\/www.kilians.com\/de\/news\/2019\/primary-drama-evening\/#webpage"},"wordCount":138,"publisher":{"@id":"https:\/\/www.kilians.com\/#organization"},"image":{"@id":"https:\/\/www.kilians.com\/de\/news\/2019\/primary-drama-evening\/#primaryimage"},"thumbnailUrl":"https:\/\/www.kilians.com\/wp-content\/uploads\/2019\/04\/IMG_1368.jpg","articleSection":["Nachrichten","Primary School"],"inLanguage":"de-DE"},{"@type":"Person","@id":"https:\/\/www.kilians.com\/#\/schema\/person\/d66fd270fc10b6a48b300e500c5f9edd","name":"marketingadmin","url":"https:\/\/www.kilians.com\/de\/news\/author\/marketingadmin\/"}]}},"_links":{"self":[{"href":"https:\/\/www.kilians.com\/de\/wp-json\/wp\/v2\/posts\/32865\/"}],"collection":[{"href":"https:\/\/www.kilians.com\/de\/wp-json\/wp\/v2\/posts\/"}],"about":[{"href":"https:\/\/www.kilians.com\/de\/wp-json\/wp\/v2\/types\/post\/"}],"author":[{"embeddable":true,"href":"https:\/\/www.kilians.com\/de\/wp-json\/wp\/v2\/users\/1\/"}],"replies":[{"embeddable":true,"href":"https:\/\/www.kilians.com\/de\/wp-json\/wp\/v2\/comments\/?post=32865"}],"version-history":[{"count":0,"href":"https:\/\/www.kilians.com\/de\/wp-json\/wp\/v2\/posts\/32865\/revisions\/"}],"wp:featuredmedia":[{"embeddable":true,"href":"https:\/\/www.kilians.com\/de\/wp-json\/wp\/v2\/media\/32864\/"}],"wp:attachment":[{"href":"https:\/\/www.kilians.com\/de\/wp-json\/wp\/v2\/media\/?parent=32865"}],"wp:term":[{"taxonomy":"category","embeddable":true,"href":"https:\/\/www.kilians.com\/de\/wp-json\/wp\/v2\/categories\/?post=32865"},{"taxonomy":"post_tag","embeddable":true,"href":"https:\/\/www.kilians.com\/de\/wp-json\/wp\/v2\/tags\/?post=32865"}],"curies":[{"name":"wp","href":"https:\/\/api.w.org\/{rel}","templated":true}]}}