{"id":32935,"date":"2019-05-01T13:17:04","date_gmt":"2019-05-01T12:17:04","guid":{"rendered":"https:\/\/www.kilians.com\/thinker-ultranetz-and-digitisation\/"},"modified":"2019-05-01T13:24:29","modified_gmt":"2019-05-01T12:24:29","slug":"thinker-ultranetz-and-digitisation","status":"publish","type":"post","link":"https:\/\/www.kilians.com\/de\/news\/2019\/thinker-ultranetz-and-digitisation\/","title":{"rendered":"\u201cDenker\u201d, \u201cUltranetz\u201d und Digitalisierung"},"content":{"rendered":"\n<p>Dieses waren einige der spannenden Themen der Lesung von Martin Sch\u00e4uble aus seinem aktuellen Buch &#8220;Die Gescannten&#8221;. In diesem schreibt er unter dem Pseudonym Robert M. Sonntag von einer digitalisierten Welt im Jahr 2048, in der die Menschen und besonders ihre Gedanken von dem Riesenkonzern &#8220;Ultranetz&#8221; mittels des sogenannten &#8220;Denkers&#8221; kontrolliert und beeinflusst werden &#8211; ein Thema, das von den Sch\u00fclerinnen und Sch\u00fclern der achten Jahrgangsstufe sehr gut angenommen wurde. <\/p>\n\n\n\n<p>Martin Sch\u00e4uble hat Textstellen aus dem Roman vorgetragen und die Sch\u00fclerschaft konnte reagieren: &#8220;Glauben Sie, dass es in Zukunft wirklich so etwas geben wird?&#8221;, &#8220;Wie l\u00e4d der Denker seinen Akku auf&#8221; oder auch &#8220;Wieviel verdient man so als Autor&#8221; sind nur ein paar der zahlreich gestellten Fragen. Schon w\u00e4hrend und auch noch nach der Lesung kam es zu einem regen Austausch zwischen Autor und den Sch\u00fclerinnen und Sch\u00fclern! <\/p>\n\n\n\n<p>Vielen Dank an Martin Sch\u00e4uble f\u00fcr diesen spannenden und faszinierenden Einblick in eine Welt, die vielleicht auf uns alle in \u00e4hnlicher Art und Weise einmal zukommen wird! <\/p>\n\n\n\n<p><em>Kristina Spieker, Deutsch-Praktikantin<\/em> <\/p>\n","protected":false},"excerpt":{"rendered":"<p>Dieses waren einige der spannenden Themen der Lesung von Martin Sch\u00e4uble aus seinem aktuellen Buch &#8220;Die Gescannten&#8221;. In diesem schreibt er unter dem Pseudonym Robert&#8230; <a class=\"find-out-more-link\" href=\"https:\/\/www.kilians.com\/de\/news\/2019\/thinker-ultranetz-and-digitisation\/\">Weiterlesen<\/a> <\/p>\n","protected":false},"author":1,"featured_media":32930,"comment_status":"closed","ping_status":"closed","sticky":false,"template":"","format":"standard","meta":{"footnotes":""},"categories":[6,52],"tags":[],"class_list":{"0":"post-32935","1":"post","2":"type-post","3":"status-publish","4":"format-standard","5":"has-post-thumbnail","7":"category-nachrichten","8":"category-sekundarstufe","9":"entry"},"yoast_head":"<!-- This site is optimized with the Yoast SEO plugin v17.2.1 - https:\/\/yoast.com\/wordpress\/plugins\/seo\/ -->\n<meta name=\"robots\" content=\"index, follow, max-snippet:-1, max-image-preview:large, max-video-preview:-1\" \/>\n<link rel=\"canonical\" href=\"https:\/\/www.kilians.com\/de\/news\/2019\/thinker-ultranetz-and-digitisation\/\" \/>\n<meta property=\"og:locale\" content=\"de_DE\" \/>\n<meta property=\"og:type\" content=\"article\" \/>\n<meta property=\"og:title\" content=\"\u201cDenker\u201d, \u201cUltranetz\u201d und Digitalisierung - St. Kilian&#039;s German School, Dublin\" \/>\n<meta property=\"og:description\" content=\"Dieses waren einige der spannenden Themen der Lesung von Martin Sch\u00e4uble aus seinem aktuellen Buch &#8220;Die Gescannten&#8221;. In diesem schreibt er unter dem Pseudonym Robert... Weiterlesen\" \/>\n<meta property=\"og:url\" content=\"https:\/\/www.kilians.com\/de\/news\/2019\/thinker-ultranetz-and-digitisation\/\" \/>\n<meta property=\"og:site_name\" content=\"St. Kilian&#039;s German School, Dublin\" \/>\n<meta property=\"article:published_time\" content=\"2019-05-01T12:17:04+00:00\" \/>\n<meta property=\"article:modified_time\" content=\"2019-05-01T12:24:29+00:00\" \/>\n<meta property=\"og:image\" content=\"https:\/\/www.kilians.com\/wp-content\/uploads\/2019\/05\/IMG_1659small.jpg\" \/>\n\t<meta property=\"og:image:width\" content=\"960\" \/>\n\t<meta property=\"og:image:height\" content=\"640\" \/>\n<meta name=\"twitter:card\" content=\"summary\" \/>\n<meta name=\"twitter:label1\" content=\"Verfasst von\" \/>\n\t<meta name=\"twitter:data1\" content=\"marketingadmin\" \/>\n\t<meta name=\"twitter:label2\" content=\"Gesch\u00e4tzte Lesezeit\" \/>\n\t<meta name=\"twitter:data2\" content=\"1 minute\" \/>\n<script type=\"application\/ld+json\" class=\"yoast-schema-graph\">{\"@context\":\"https:\/\/schema.org\",\"@graph\":[{\"@type\":\"Organization\",\"@id\":\"https:\/\/www.kilians.com\/#organization\",\"name\":\"St. Kilian's\",\"url\":\"https:\/\/www.kilians.com\/\",\"sameAs\":[],\"logo\":{\"@type\":\"ImageObject\",\"@id\":\"https:\/\/www.kilians.com\/#logo\",\"inLanguage\":\"de-DE\",\"url\":\"https:\/\/www.kilians.com\/wp-content\/uploads\/2017\/02\/StKilians_MasterLogo_Colour-1.png\",\"contentUrl\":\"https:\/\/www.kilians.com\/wp-content\/uploads\/2017\/02\/StKilians_MasterLogo_Colour-1.png\",\"width\":768,\"height\":1240,\"caption\":\"St. Kilian's\"},\"image\":{\"@id\":\"https:\/\/www.kilians.com\/#logo\"}},{\"@type\":\"WebSite\",\"@id\":\"https:\/\/www.kilians.com\/#website\",\"url\":\"https:\/\/www.kilians.com\/\",\"name\":\"St. Kilian&#039;s German School, Dublin\",\"description\":\"\",\"publisher\":{\"@id\":\"https:\/\/www.kilians.com\/#organization\"},\"potentialAction\":[{\"@type\":\"SearchAction\",\"target\":{\"@type\":\"EntryPoint\",\"urlTemplate\":\"https:\/\/www.kilians.com\/?s={search_term_string}\"},\"query-input\":\"required name=search_term_string\"}],\"inLanguage\":\"de-DE\"},{\"@type\":\"ImageObject\",\"@id\":\"https:\/\/www.kilians.com\/de\/news\/2019\/thinker-ultranetz-and-digitisation\/#primaryimage\",\"inLanguage\":\"de-DE\",\"url\":\"https:\/\/www.kilians.com\/wp-content\/uploads\/2019\/05\/IMG_1659small.jpg\",\"contentUrl\":\"https:\/\/www.kilians.com\/wp-content\/uploads\/2019\/05\/IMG_1659small.jpg\",\"width\":960,\"height\":640},{\"@type\":\"WebPage\",\"@id\":\"https:\/\/www.kilians.com\/de\/news\/2019\/thinker-ultranetz-and-digitisation\/#webpage\",\"url\":\"https:\/\/www.kilians.com\/de\/news\/2019\/thinker-ultranetz-and-digitisation\/\",\"name\":\"\\u201cDenker\\u201d, \\u201cUltranetz\\u201d und Digitalisierung - St. Kilian&#039;s German School, Dublin\",\"isPartOf\":{\"@id\":\"https:\/\/www.kilians.com\/#website\"},\"primaryImageOfPage\":{\"@id\":\"https:\/\/www.kilians.com\/de\/news\/2019\/thinker-ultranetz-and-digitisation\/#primaryimage\"},\"datePublished\":\"2019-05-01T12:17:04+00:00\",\"dateModified\":\"2019-05-01T12:24:29+00:00\",\"breadcrumb\":{\"@id\":\"https:\/\/www.kilians.com\/de\/news\/2019\/thinker-ultranetz-and-digitisation\/#breadcrumb\"},\"inLanguage\":\"de-DE\",\"potentialAction\":[{\"@type\":\"ReadAction\",\"target\":[\"https:\/\/www.kilians.com\/de\/news\/2019\/thinker-ultranetz-and-digitisation\/\"]}]},{\"@type\":\"BreadcrumbList\",\"@id\":\"https:\/\/www.kilians.com\/de\/news\/2019\/thinker-ultranetz-and-digitisation\/#breadcrumb\",\"itemListElement\":[{\"@type\":\"ListItem\",\"position\":1,\"name\":\"Home\",\"item\":\"https:\/\/www.kilians.com\/de\/\"},{\"@type\":\"ListItem\",\"position\":2,\"name\":\"\\u201cDenker\\u201d, \\u201cUltranetz\\u201d und Digitalisierung\"}]},{\"@type\":\"Article\",\"@id\":\"https:\/\/www.kilians.com\/de\/news\/2019\/thinker-ultranetz-and-digitisation\/#article\",\"isPartOf\":{\"@id\":\"https:\/\/www.kilians.com\/de\/news\/2019\/thinker-ultranetz-and-digitisation\/#webpage\"},\"author\":{\"@id\":\"https:\/\/www.kilians.com\/#\/schema\/person\/d66fd270fc10b6a48b300e500c5f9edd\"},\"headline\":\"\\u201cDenker\\u201d, \\u201cUltranetz\\u201d und Digitalisierung\",\"datePublished\":\"2019-05-01T12:17:04+00:00\",\"dateModified\":\"2019-05-01T12:24:29+00:00\",\"mainEntityOfPage\":{\"@id\":\"https:\/\/www.kilians.com\/de\/news\/2019\/thinker-ultranetz-and-digitisation\/#webpage\"},\"wordCount\":182,\"publisher\":{\"@id\":\"https:\/\/www.kilians.com\/#organization\"},\"image\":{\"@id\":\"https:\/\/www.kilians.com\/de\/news\/2019\/thinker-ultranetz-and-digitisation\/#primaryimage\"},\"thumbnailUrl\":\"https:\/\/www.kilians.com\/wp-content\/uploads\/2019\/05\/IMG_1659small.jpg\",\"articleSection\":[\"Nachrichten\",\"Sekundarstufe\"],\"inLanguage\":\"de-DE\"},{\"@type\":\"Person\",\"@id\":\"https:\/\/www.kilians.com\/#\/schema\/person\/d66fd270fc10b6a48b300e500c5f9edd\",\"name\":\"marketingadmin\",\"url\":\"https:\/\/www.kilians.com\/de\/news\/author\/marketingadmin\/\"}]}<\/script>\n<!-- \/ Yoast SEO plugin. -->","yoast_head_json":{"robots":{"index":"index","follow":"follow","max-snippet":"max-snippet:-1","max-image-preview":"max-image-preview:large","max-video-preview":"max-video-preview:-1"},"canonical":"https:\/\/www.kilians.com\/de\/news\/2019\/thinker-ultranetz-and-digitisation\/","og_locale":"de_DE","og_type":"article","og_title":"\u201cDenker\u201d, \u201cUltranetz\u201d und Digitalisierung - St. Kilian&#039;s German School, Dublin","og_description":"Dieses waren einige der spannenden Themen der Lesung von Martin Sch\u00e4uble aus seinem aktuellen Buch &#8220;Die Gescannten&#8221;. In diesem schreibt er unter dem Pseudonym Robert... Weiterlesen","og_url":"https:\/\/www.kilians.com\/de\/news\/2019\/thinker-ultranetz-and-digitisation\/","og_site_name":"St. Kilian&#039;s German School, Dublin","article_published_time":"2019-05-01T12:17:04+00:00","article_modified_time":"2019-05-01T12:24:29+00:00","og_image":[{"width":960,"height":640,"url":"https:\/\/www.kilians.com\/wp-content\/uploads\/2019\/05\/IMG_1659small.jpg","path":"\/nas\/content\/live\/kilians\/wp-content\/uploads\/2019\/05\/IMG_1659small.jpg","size":"full","id":32930,"alt":"","pixels":614400,"type":"image\/jpeg"}],"twitter_card":"summary","twitter_misc":{"Verfasst von":"marketingadmin","Gesch\u00e4tzte Lesezeit":"1 minute"},"schema":{"@context":"https:\/\/schema.org","@graph":[{"@type":"Organization","@id":"https:\/\/www.kilians.com\/#organization","name":"St. Kilian's","url":"https:\/\/www.kilians.com\/","sameAs":[],"logo":{"@type":"ImageObject","@id":"https:\/\/www.kilians.com\/#logo","inLanguage":"de-DE","url":"https:\/\/www.kilians.com\/wp-content\/uploads\/2017\/02\/StKilians_MasterLogo_Colour-1.png","contentUrl":"https:\/\/www.kilians.com\/wp-content\/uploads\/2017\/02\/StKilians_MasterLogo_Colour-1.png","width":768,"height":1240,"caption":"St. Kilian's"},"image":{"@id":"https:\/\/www.kilians.com\/#logo"}},{"@type":"WebSite","@id":"https:\/\/www.kilians.com\/#website","url":"https:\/\/www.kilians.com\/","name":"St. Kilian&#039;s German School, Dublin","description":"","publisher":{"@id":"https:\/\/www.kilians.com\/#organization"},"potentialAction":[{"@type":"SearchAction","target":{"@type":"EntryPoint","urlTemplate":"https:\/\/www.kilians.com\/?s={search_term_string}"},"query-input":"required name=search_term_string"}],"inLanguage":"de-DE"},{"@type":"ImageObject","@id":"https:\/\/www.kilians.com\/de\/news\/2019\/thinker-ultranetz-and-digitisation\/#primaryimage","inLanguage":"de-DE","url":"https:\/\/www.kilians.com\/wp-content\/uploads\/2019\/05\/IMG_1659small.jpg","contentUrl":"https:\/\/www.kilians.com\/wp-content\/uploads\/2019\/05\/IMG_1659small.jpg","width":960,"height":640},{"@type":"WebPage","@id":"https:\/\/www.kilians.com\/de\/news\/2019\/thinker-ultranetz-and-digitisation\/#webpage","url":"https:\/\/www.kilians.com\/de\/news\/2019\/thinker-ultranetz-and-digitisation\/","name":"\u201cDenker\u201d, \u201cUltranetz\u201d und Digitalisierung - St. Kilian&#039;s German School, Dublin","isPartOf":{"@id":"https:\/\/www.kilians.com\/#website"},"primaryImageOfPage":{"@id":"https:\/\/www.kilians.com\/de\/news\/2019\/thinker-ultranetz-and-digitisation\/#primaryimage"},"datePublished":"2019-05-01T12:17:04+00:00","dateModified":"2019-05-01T12:24:29+00:00","breadcrumb":{"@id":"https:\/\/www.kilians.com\/de\/news\/2019\/thinker-ultranetz-and-digitisation\/#breadcrumb"},"inLanguage":"de-DE","potentialAction":[{"@type":"ReadAction","target":["https:\/\/www.kilians.com\/de\/news\/2019\/thinker-ultranetz-and-digitisation\/"]}]},{"@type":"BreadcrumbList","@id":"https:\/\/www.kilians.com\/de\/news\/2019\/thinker-ultranetz-and-digitisation\/#breadcrumb","itemListElement":[{"@type":"ListItem","position":1,"name":"Home","item":"https:\/\/www.kilians.com\/de\/"},{"@type":"ListItem","position":2,"name":"\u201cDenker\u201d, \u201cUltranetz\u201d und Digitalisierung"}]},{"@type":"Article","@id":"https:\/\/www.kilians.com\/de\/news\/2019\/thinker-ultranetz-and-digitisation\/#article","isPartOf":{"@id":"https:\/\/www.kilians.com\/de\/news\/2019\/thinker-ultranetz-and-digitisation\/#webpage"},"author":{"@id":"https:\/\/www.kilians.com\/#\/schema\/person\/d66fd270fc10b6a48b300e500c5f9edd"},"headline":"\u201cDenker\u201d, \u201cUltranetz\u201d und Digitalisierung","datePublished":"2019-05-01T12:17:04+00:00","dateModified":"2019-05-01T12:24:29+00:00","mainEntityOfPage":{"@id":"https:\/\/www.kilians.com\/de\/news\/2019\/thinker-ultranetz-and-digitisation\/#webpage"},"wordCount":182,"publisher":{"@id":"https:\/\/www.kilians.com\/#organization"},"image":{"@id":"https:\/\/www.kilians.com\/de\/news\/2019\/thinker-ultranetz-and-digitisation\/#primaryimage"},"thumbnailUrl":"https:\/\/www.kilians.com\/wp-content\/uploads\/2019\/05\/IMG_1659small.jpg","articleSection":["Nachrichten","Sekundarstufe"],"inLanguage":"de-DE"},{"@type":"Person","@id":"https:\/\/www.kilians.com\/#\/schema\/person\/d66fd270fc10b6a48b300e500c5f9edd","name":"marketingadmin","url":"https:\/\/www.kilians.com\/de\/news\/author\/marketingadmin\/"}]}},"_links":{"self":[{"href":"https:\/\/www.kilians.com\/de\/wp-json\/wp\/v2\/posts\/32935\/"}],"collection":[{"href":"https:\/\/www.kilians.com\/de\/wp-json\/wp\/v2\/posts\/"}],"about":[{"href":"https:\/\/www.kilians.com\/de\/wp-json\/wp\/v2\/types\/post\/"}],"author":[{"embeddable":true,"href":"https:\/\/www.kilians.com\/de\/wp-json\/wp\/v2\/users\/1\/"}],"replies":[{"embeddable":true,"href":"https:\/\/www.kilians.com\/de\/wp-json\/wp\/v2\/comments\/?post=32935"}],"version-history":[{"count":0,"href":"https:\/\/www.kilians.com\/de\/wp-json\/wp\/v2\/posts\/32935\/revisions\/"}],"wp:featuredmedia":[{"embeddable":true,"href":"https:\/\/www.kilians.com\/de\/wp-json\/wp\/v2\/media\/32930\/"}],"wp:attachment":[{"href":"https:\/\/www.kilians.com\/de\/wp-json\/wp\/v2\/media\/?parent=32935"}],"wp:term":[{"taxonomy":"category","embeddable":true,"href":"https:\/\/www.kilians.com\/de\/wp-json\/wp\/v2\/categories\/?post=32935"},{"taxonomy":"post_tag","embeddable":true,"href":"https:\/\/www.kilians.com\/de\/wp-json\/wp\/v2\/tags\/?post=32935"}],"curies":[{"name":"wp","href":"https:\/\/api.w.org\/{rel}","templated":true}]}}