{"id":33145,"date":"2019-05-20T11:09:03","date_gmt":"2019-05-20T10:09:03","guid":{"rendered":"https:\/\/www.kilians.com\/uefa-under-17-championships\/"},"modified":"2019-05-20T15:12:08","modified_gmt":"2019-05-20T14:12:08","slug":"uefa-under-17-championships","status":"publish","type":"post","link":"https:\/\/www.kilians.com\/de\/news\/2019\/uefa-under-17-championships\/","title":{"rendered":"Flaggentr\u00e4ger bei den U17 UEFA-Meisterschaften"},"content":{"rendered":"\n<p>Einige unserer Sch\u00fcler hatte k\u00fcrzlich die fantastische Gelegenheit, an den Unter-17 Meisterschaft der UEFA, die im Mai 2019 in Irland stattfand, teilzunehmen. Mit Hilfe unseres Fu\u00dfballtrainers der Jungenmannschaften, Al Sugg, haben wir Einladungen bekommen, die unseren Sch\u00fclern die Teilnahme als Ballkinder, Maskottchen und Flaggentr\u00e4ger erm\u00f6glichte.<\/p>\n\n\n\n<figure class=\"wp-block-image\"><img loading=\"lazy\" decoding=\"async\" width=\"1024\" height=\"768\" src=\"http:\/\/www.kilians.com\/wp-content\/uploads\/2019\/05\/Celebrating-with-Victorious-Hungary-team-1024x768.jpg\" alt=\"\" class=\"wp-image-33125\" srcset=\"https:\/\/www.kilians.com\/wp-content\/uploads\/2019\/05\/Celebrating-with-Victorious-Hungary-team-1024x768.jpg 1024w, https:\/\/www.kilians.com\/wp-content\/uploads\/2019\/05\/Celebrating-with-Victorious-Hungary-team-768x576.jpg 768w, https:\/\/www.kilians.com\/wp-content\/uploads\/2019\/05\/Celebrating-with-Victorious-Hungary-team-750x563.jpg 750w\" sizes=\"auto, (max-width: 1024px) 100vw, 1024px\" \/><\/figure>\n\n\n\n<p>Unser erstes Spiel war am Samstag, 4.Mai, Portugal gegen Ungarn. In einem etwas unruhigen Spiel gewann Ungarn durch ein einzelnes Tor gegen Ende der 2. H\u00e4lfte und unsere Sch\u00fcler konnten anschlie\u00dfend mit dem Siegerteam feiern.<\/p>\n\n\n\n<p>Andere Spiele, an denen unsere Sch\u00fcler mit dabei waren, waren Portugal gegen Russland, ein wunderbares Italien gegen Spanien und das Halbfinale Holland gegen Spanien.<\/p>\n\n\n\n<p>Bei jedem Spiel mussten unsere Sch\u00fcler zwei Stunden vor Spielbeginn vor Ort sein, um an der Generalprobe der Maskottchen und Flaggentr\u00e4ger f\u00fcr das Fernsehen und f\u00fcr die UEFA mitwirken zu k\u00f6nnen. Danach erhielten sie von der UEFA gestellten Snacks, gefolgt von einer Besprechung f\u00fcr die zu den Regeln und Positionen der Ballkinder auf dem Spielfeld. W\u00e4hrend der Aufw\u00e4rmrunde konnten die Ballkinder ihre eigenen F\u00e4higkeiten unter Beweis stellen. Diese Spiele gaben den Sch\u00fclern die Gelegenheit, eine solche Veranstaltung einmal ganz aus der N\u00e4he zu sehen &#8211; eine tolle Erfahrung! <\/p>\n\n\n\n<figure class=\"wp-block-image\"><img loading=\"lazy\" decoding=\"async\" width=\"1024\" height=\"768\" src=\"http:\/\/www.kilians.com\/wp-content\/uploads\/2019\/05\/file2-14-1024x768.jpeg\" alt=\"\" class=\"wp-image-33141\" srcset=\"https:\/\/www.kilians.com\/wp-content\/uploads\/2019\/05\/file2-14-1024x768.jpeg 1024w, https:\/\/www.kilians.com\/wp-content\/uploads\/2019\/05\/file2-14-768x576.jpeg 768w, https:\/\/www.kilians.com\/wp-content\/uploads\/2019\/05\/file2-14-750x563.jpeg 750w, https:\/\/www.kilians.com\/wp-content\/uploads\/2019\/05\/file2-14.jpeg 1600w\" sizes=\"auto, (max-width: 1024px) 100vw, 1024px\" \/><\/figure>\n\n\n\n<p>Wir bekamen au\u00dferdem eine Einladung vom DFB, w\u00e4hrend der Meisterschaften eine Trainingsrunde ihrer Mannschaft im Hauptquartier des FAI in Abbotstown mitzuerleben, was unserer Gruppe von Siebtkl\u00e4sslern sehr gefiel. Die Sch\u00fcler konnten die Spieler am Ende des Trainings treffen und bekamen Fotos und Autogramme.<\/p>\n\n\n\n<figure class=\"wp-block-image\"><img loading=\"lazy\" decoding=\"async\" width=\"1024\" height=\"768\" src=\"http:\/\/www.kilians.com\/wp-content\/uploads\/2019\/05\/7th-class-with-the-DFB-U17-team-1024x768.jpeg\" alt=\"\" class=\"wp-image-33107\" srcset=\"https:\/\/www.kilians.com\/wp-content\/uploads\/2019\/05\/7th-class-with-the-DFB-U17-team-1024x768.jpeg 1024w, https:\/\/www.kilians.com\/wp-content\/uploads\/2019\/05\/7th-class-with-the-DFB-U17-team-768x576.jpeg 768w, https:\/\/www.kilians.com\/wp-content\/uploads\/2019\/05\/7th-class-with-the-DFB-U17-team-750x563.jpeg 750w, https:\/\/www.kilians.com\/wp-content\/uploads\/2019\/05\/7th-class-with-the-DFB-U17-team.jpeg 1600w\" sizes=\"auto, (max-width: 1024px) 100vw, 1024px\" \/><\/figure>\n\n\n\n<p>Die UEFA hat unsere Sch\u00fcler sehr gelobt \u2013 sie waren gut organisiert, aufmerksam und enthusiastisch. <\/p>\n\n\n\n<p><em>Al Sugg, Trainer der St. Kilian&#8217;s Jungen-Fu\u00dfballmannschaften<\/em><\/p>\n","protected":false},"excerpt":{"rendered":"<p>Einige unserer Sch\u00fcler hatte k\u00fcrzlich die fantastische Gelegenheit, an den Unter-17 Meisterschaft der UEFA, die im Mai 2019 in Irland stattfand, teilzunehmen. Mit Hilfe unseres&#8230; <a class=\"find-out-more-link\" href=\"https:\/\/www.kilians.com\/de\/news\/2019\/uefa-under-17-championships\/\">Weiterlesen<\/a> <\/p>\n","protected":false},"author":1,"featured_media":33126,"comment_status":"closed","ping_status":"closed","sticky":false,"template":"","format":"standard","meta":{"footnotes":""},"categories":[6,192,52,42],"tags":[],"class_list":{"0":"post-33145","1":"post","2":"type-post","3":"status-publish","4":"format-standard","5":"has-post-thumbnail","7":"category-nachrichten","8":"category-primary-school-de","9":"category-sekundarstufe","10":"category-sportnachrichten","11":"entry"},"yoast_head":"<!-- This site is optimized with the Yoast SEO plugin v17.2.1 - https:\/\/yoast.com\/wordpress\/plugins\/seo\/ -->\n<meta name=\"robots\" content=\"index, follow, max-snippet:-1, max-image-preview:large, max-video-preview:-1\" \/>\n<link rel=\"canonical\" href=\"https:\/\/www.kilians.com\/de\/news\/2019\/uefa-under-17-championships\/\" \/>\n<meta property=\"og:locale\" content=\"de_DE\" \/>\n<meta property=\"og:type\" content=\"article\" \/>\n<meta property=\"og:title\" content=\"Flaggentr\u00e4ger bei den U17 UEFA-Meisterschaften - St. Kilian&#039;s German School, Dublin\" \/>\n<meta property=\"og:description\" content=\"Einige unserer Sch\u00fcler hatte k\u00fcrzlich die fantastische Gelegenheit, an den Unter-17 Meisterschaft der UEFA, die im Mai 2019 in Irland stattfand, teilzunehmen. Mit Hilfe unseres... Weiterlesen\" \/>\n<meta property=\"og:url\" content=\"https:\/\/www.kilians.com\/de\/news\/2019\/uefa-under-17-championships\/\" \/>\n<meta property=\"og:site_name\" content=\"St. Kilian&#039;s German School, Dublin\" \/>\n<meta property=\"article:published_time\" content=\"2019-05-20T10:09:03+00:00\" \/>\n<meta property=\"article:modified_time\" content=\"2019-05-20T14:12:08+00:00\" \/>\n<meta property=\"og:image\" content=\"https:\/\/www.kilians.com\/wp-content\/uploads\/2019\/05\/Celebrating-with-Victorious-Hungary-team-1024x768.jpg\" \/>\n\t<meta property=\"og:image:width\" content=\"1024\" \/>\n\t<meta property=\"og:image:height\" content=\"768\" \/>\n<meta name=\"twitter:card\" content=\"summary\" \/>\n<meta name=\"twitter:label1\" content=\"Verfasst von\" \/>\n\t<meta name=\"twitter:data1\" content=\"marketingadmin\" \/>\n\t<meta name=\"twitter:label2\" content=\"Gesch\u00e4tzte Lesezeit\" \/>\n\t<meta name=\"twitter:data2\" content=\"1 minute\" \/>\n<script type=\"application\/ld+json\" class=\"yoast-schema-graph\">{\"@context\":\"https:\/\/schema.org\",\"@graph\":[{\"@type\":\"Organization\",\"@id\":\"https:\/\/www.kilians.com\/#organization\",\"name\":\"St. Kilian's\",\"url\":\"https:\/\/www.kilians.com\/\",\"sameAs\":[],\"logo\":{\"@type\":\"ImageObject\",\"@id\":\"https:\/\/www.kilians.com\/#logo\",\"inLanguage\":\"de-DE\",\"url\":\"https:\/\/www.kilians.com\/wp-content\/uploads\/2017\/02\/StKilians_MasterLogo_Colour-1.png\",\"contentUrl\":\"https:\/\/www.kilians.com\/wp-content\/uploads\/2017\/02\/StKilians_MasterLogo_Colour-1.png\",\"width\":768,\"height\":1240,\"caption\":\"St. Kilian's\"},\"image\":{\"@id\":\"https:\/\/www.kilians.com\/#logo\"}},{\"@type\":\"WebSite\",\"@id\":\"https:\/\/www.kilians.com\/#website\",\"url\":\"https:\/\/www.kilians.com\/\",\"name\":\"St. Kilian&#039;s German School, Dublin\",\"description\":\"\",\"publisher\":{\"@id\":\"https:\/\/www.kilians.com\/#organization\"},\"potentialAction\":[{\"@type\":\"SearchAction\",\"target\":{\"@type\":\"EntryPoint\",\"urlTemplate\":\"https:\/\/www.kilians.com\/?s={search_term_string}\"},\"query-input\":\"required name=search_term_string\"}],\"inLanguage\":\"de-DE\"},{\"@type\":\"ImageObject\",\"@id\":\"https:\/\/www.kilians.com\/de\/news\/2019\/uefa-under-17-championships\/#primaryimage\",\"inLanguage\":\"de-DE\",\"url\":\"https:\/\/www.kilians.com\/wp-content\/uploads\/2019\/05\/Celebrating-with-Victorious-Hungary-team.jpg\",\"contentUrl\":\"https:\/\/www.kilians.com\/wp-content\/uploads\/2019\/05\/Celebrating-with-Victorious-Hungary-team.jpg\",\"width\":3968,\"height\":2976,\"caption\":\"cof\"},{\"@type\":\"WebPage\",\"@id\":\"https:\/\/www.kilians.com\/de\/news\/2019\/uefa-under-17-championships\/#webpage\",\"url\":\"https:\/\/www.kilians.com\/de\/news\/2019\/uefa-under-17-championships\/\",\"name\":\"Flaggentr\\u00e4ger bei den U17 UEFA-Meisterschaften - St. Kilian&#039;s German School, Dublin\",\"isPartOf\":{\"@id\":\"https:\/\/www.kilians.com\/#website\"},\"primaryImageOfPage\":{\"@id\":\"https:\/\/www.kilians.com\/de\/news\/2019\/uefa-under-17-championships\/#primaryimage\"},\"datePublished\":\"2019-05-20T10:09:03+00:00\",\"dateModified\":\"2019-05-20T14:12:08+00:00\",\"breadcrumb\":{\"@id\":\"https:\/\/www.kilians.com\/de\/news\/2019\/uefa-under-17-championships\/#breadcrumb\"},\"inLanguage\":\"de-DE\",\"potentialAction\":[{\"@type\":\"ReadAction\",\"target\":[\"https:\/\/www.kilians.com\/de\/news\/2019\/uefa-under-17-championships\/\"]}]},{\"@type\":\"BreadcrumbList\",\"@id\":\"https:\/\/www.kilians.com\/de\/news\/2019\/uefa-under-17-championships\/#breadcrumb\",\"itemListElement\":[{\"@type\":\"ListItem\",\"position\":1,\"name\":\"Home\",\"item\":\"https:\/\/www.kilians.com\/de\/\"},{\"@type\":\"ListItem\",\"position\":2,\"name\":\"Flaggentr\\u00e4ger bei den U17 UEFA-Meisterschaften\"}]},{\"@type\":\"Article\",\"@id\":\"https:\/\/www.kilians.com\/de\/news\/2019\/uefa-under-17-championships\/#article\",\"isPartOf\":{\"@id\":\"https:\/\/www.kilians.com\/de\/news\/2019\/uefa-under-17-championships\/#webpage\"},\"author\":{\"@id\":\"https:\/\/www.kilians.com\/#\/schema\/person\/d66fd270fc10b6a48b300e500c5f9edd\"},\"headline\":\"Flaggentr\\u00e4ger bei den U17 UEFA-Meisterschaften\",\"datePublished\":\"2019-05-20T10:09:03+00:00\",\"dateModified\":\"2019-05-20T14:12:08+00:00\",\"mainEntityOfPage\":{\"@id\":\"https:\/\/www.kilians.com\/de\/news\/2019\/uefa-under-17-championships\/#webpage\"},\"wordCount\":287,\"publisher\":{\"@id\":\"https:\/\/www.kilians.com\/#organization\"},\"image\":{\"@id\":\"https:\/\/www.kilians.com\/de\/news\/2019\/uefa-under-17-championships\/#primaryimage\"},\"thumbnailUrl\":\"https:\/\/www.kilians.com\/wp-content\/uploads\/2019\/05\/Celebrating-with-Victorious-Hungary-team.jpg\",\"articleSection\":[\"Nachrichten\",\"Primary School\",\"Sekundarstufe\",\"Sportnachrichten\"],\"inLanguage\":\"de-DE\"},{\"@type\":\"Person\",\"@id\":\"https:\/\/www.kilians.com\/#\/schema\/person\/d66fd270fc10b6a48b300e500c5f9edd\",\"name\":\"marketingadmin\",\"url\":\"https:\/\/www.kilians.com\/de\/news\/author\/marketingadmin\/\"}]}<\/script>\n<!-- \/ Yoast SEO plugin. -->","yoast_head_json":{"robots":{"index":"index","follow":"follow","max-snippet":"max-snippet:-1","max-image-preview":"max-image-preview:large","max-video-preview":"max-video-preview:-1"},"canonical":"https:\/\/www.kilians.com\/de\/news\/2019\/uefa-under-17-championships\/","og_locale":"de_DE","og_type":"article","og_title":"Flaggentr\u00e4ger bei den U17 UEFA-Meisterschaften - St. Kilian&#039;s German School, Dublin","og_description":"Einige unserer Sch\u00fcler hatte k\u00fcrzlich die fantastische Gelegenheit, an den Unter-17 Meisterschaft der UEFA, die im Mai 2019 in Irland stattfand, teilzunehmen. Mit Hilfe unseres... Weiterlesen","og_url":"https:\/\/www.kilians.com\/de\/news\/2019\/uefa-under-17-championships\/","og_site_name":"St. Kilian&#039;s German School, Dublin","article_published_time":"2019-05-20T10:09:03+00:00","article_modified_time":"2019-05-20T14:12:08+00:00","og_image":[{"width":1024,"height":768,"path":"2019\/05\/Celebrating-with-Victorious-Hungary-team-1024x768.jpg","url":"https:\/\/www.kilians.com\/wp-content\/uploads\/2019\/05\/Celebrating-with-Victorious-Hungary-team-1024x768.jpg","size":"large","id":33126,"alt":"","pixels":786432,"type":"image\/jpeg"}],"twitter_card":"summary","twitter_misc":{"Verfasst von":"marketingadmin","Gesch\u00e4tzte Lesezeit":"1 minute"},"schema":{"@context":"https:\/\/schema.org","@graph":[{"@type":"Organization","@id":"https:\/\/www.kilians.com\/#organization","name":"St. Kilian's","url":"https:\/\/www.kilians.com\/","sameAs":[],"logo":{"@type":"ImageObject","@id":"https:\/\/www.kilians.com\/#logo","inLanguage":"de-DE","url":"https:\/\/www.kilians.com\/wp-content\/uploads\/2017\/02\/StKilians_MasterLogo_Colour-1.png","contentUrl":"https:\/\/www.kilians.com\/wp-content\/uploads\/2017\/02\/StKilians_MasterLogo_Colour-1.png","width":768,"height":1240,"caption":"St. Kilian's"},"image":{"@id":"https:\/\/www.kilians.com\/#logo"}},{"@type":"WebSite","@id":"https:\/\/www.kilians.com\/#website","url":"https:\/\/www.kilians.com\/","name":"St. Kilian&#039;s German School, Dublin","description":"","publisher":{"@id":"https:\/\/www.kilians.com\/#organization"},"potentialAction":[{"@type":"SearchAction","target":{"@type":"EntryPoint","urlTemplate":"https:\/\/www.kilians.com\/?s={search_term_string}"},"query-input":"required name=search_term_string"}],"inLanguage":"de-DE"},{"@type":"ImageObject","@id":"https:\/\/www.kilians.com\/de\/news\/2019\/uefa-under-17-championships\/#primaryimage","inLanguage":"de-DE","url":"https:\/\/www.kilians.com\/wp-content\/uploads\/2019\/05\/Celebrating-with-Victorious-Hungary-team.jpg","contentUrl":"https:\/\/www.kilians.com\/wp-content\/uploads\/2019\/05\/Celebrating-with-Victorious-Hungary-team.jpg","width":3968,"height":2976,"caption":"cof"},{"@type":"WebPage","@id":"https:\/\/www.kilians.com\/de\/news\/2019\/uefa-under-17-championships\/#webpage","url":"https:\/\/www.kilians.com\/de\/news\/2019\/uefa-under-17-championships\/","name":"Flaggentr\u00e4ger bei den U17 UEFA-Meisterschaften - St. Kilian&#039;s German School, Dublin","isPartOf":{"@id":"https:\/\/www.kilians.com\/#website"},"primaryImageOfPage":{"@id":"https:\/\/www.kilians.com\/de\/news\/2019\/uefa-under-17-championships\/#primaryimage"},"datePublished":"2019-05-20T10:09:03+00:00","dateModified":"2019-05-20T14:12:08+00:00","breadcrumb":{"@id":"https:\/\/www.kilians.com\/de\/news\/2019\/uefa-under-17-championships\/#breadcrumb"},"inLanguage":"de-DE","potentialAction":[{"@type":"ReadAction","target":["https:\/\/www.kilians.com\/de\/news\/2019\/uefa-under-17-championships\/"]}]},{"@type":"BreadcrumbList","@id":"https:\/\/www.kilians.com\/de\/news\/2019\/uefa-under-17-championships\/#breadcrumb","itemListElement":[{"@type":"ListItem","position":1,"name":"Home","item":"https:\/\/www.kilians.com\/de\/"},{"@type":"ListItem","position":2,"name":"Flaggentr\u00e4ger bei den U17 UEFA-Meisterschaften"}]},{"@type":"Article","@id":"https:\/\/www.kilians.com\/de\/news\/2019\/uefa-under-17-championships\/#article","isPartOf":{"@id":"https:\/\/www.kilians.com\/de\/news\/2019\/uefa-under-17-championships\/#webpage"},"author":{"@id":"https:\/\/www.kilians.com\/#\/schema\/person\/d66fd270fc10b6a48b300e500c5f9edd"},"headline":"Flaggentr\u00e4ger bei den U17 UEFA-Meisterschaften","datePublished":"2019-05-20T10:09:03+00:00","dateModified":"2019-05-20T14:12:08+00:00","mainEntityOfPage":{"@id":"https:\/\/www.kilians.com\/de\/news\/2019\/uefa-under-17-championships\/#webpage"},"wordCount":287,"publisher":{"@id":"https:\/\/www.kilians.com\/#organization"},"image":{"@id":"https:\/\/www.kilians.com\/de\/news\/2019\/uefa-under-17-championships\/#primaryimage"},"thumbnailUrl":"https:\/\/www.kilians.com\/wp-content\/uploads\/2019\/05\/Celebrating-with-Victorious-Hungary-team.jpg","articleSection":["Nachrichten","Primary School","Sekundarstufe","Sportnachrichten"],"inLanguage":"de-DE"},{"@type":"Person","@id":"https:\/\/www.kilians.com\/#\/schema\/person\/d66fd270fc10b6a48b300e500c5f9edd","name":"marketingadmin","url":"https:\/\/www.kilians.com\/de\/news\/author\/marketingadmin\/"}]}},"_links":{"self":[{"href":"https:\/\/www.kilians.com\/de\/wp-json\/wp\/v2\/posts\/33145\/"}],"collection":[{"href":"https:\/\/www.kilians.com\/de\/wp-json\/wp\/v2\/posts\/"}],"about":[{"href":"https:\/\/www.kilians.com\/de\/wp-json\/wp\/v2\/types\/post\/"}],"author":[{"embeddable":true,"href":"https:\/\/www.kilians.com\/de\/wp-json\/wp\/v2\/users\/1\/"}],"replies":[{"embeddable":true,"href":"https:\/\/www.kilians.com\/de\/wp-json\/wp\/v2\/comments\/?post=33145"}],"version-history":[{"count":0,"href":"https:\/\/www.kilians.com\/de\/wp-json\/wp\/v2\/posts\/33145\/revisions\/"}],"wp:featuredmedia":[{"embeddable":true,"href":"https:\/\/www.kilians.com\/de\/wp-json\/wp\/v2\/media\/33126\/"}],"wp:attachment":[{"href":"https:\/\/www.kilians.com\/de\/wp-json\/wp\/v2\/media\/?parent=33145"}],"wp:term":[{"taxonomy":"category","embeddable":true,"href":"https:\/\/www.kilians.com\/de\/wp-json\/wp\/v2\/categories\/?post=33145"},{"taxonomy":"post_tag","embeddable":true,"href":"https:\/\/www.kilians.com\/de\/wp-json\/wp\/v2\/tags\/?post=33145"}],"curies":[{"name":"wp","href":"https:\/\/api.w.org\/{rel}","templated":true}]}}