{"id":33212,"date":"2019-05-13T14:42:43","date_gmt":"2019-05-13T13:42:43","guid":{"rendered":"https:\/\/www.kilians.com\/active-school-week-2019\/"},"modified":"2019-05-27T14:51:29","modified_gmt":"2019-05-27T13:51:29","slug":"active-school-week-2019","status":"publish","type":"post","link":"https:\/\/www.kilians.com\/de\/news\/2019\/active-school-week-2019\/","title":{"rendered":"Aktive Schulwoche 2019"},"content":{"rendered":"\n<p>Ein gro\u00dfes Lob geht an alle Sch\u00fcler, die an unserem t\u00e4glichen Fr\u00fchsport zum Anlass der <em>Active School Wee<\/em>k 2019 teilgenommen haben. Es war fantastisch, jeden Morgen fast 100 Kinder zu sehen, die ihren Tag mit 30 Minuten Sport begannen, voller Energie und Enthusiasmus. <\/p>\n\n\n\n<p>Ein gro\u00dfes Dankesch\u00f6n an alle Eltern, die ihre Kinder fr\u00fcher zur Schule gebracht haben, sowie an Mr. Earls (Yoga) und Carla (Pound Fitness) f\u00fcr die Organisation dieser tollen und anregenden Aktivit\u00e4ten. Die Aktive Schulwoche soll die Wichtigkeit von t\u00e4glichem Aktivsein f\u00fcr wachsende Kinder hervorheben. Toll gemacht, St. Kilian\u2019s! <\/p>\n\n\n\n<p><em>Von Gary Goldrick,&nbsp;<\/em><em>Sportlehrer<\/em>&nbsp;<\/p>\n\n\n\n<p>Die Active School Week ist eine nationale Initiative des irischen Ministeriums f\u00fcr Bildung und Gesundheit und fand dieses Jahr vom 7. bis 10. Mai statt. Der Schwerpunkt liegt darauf, den Sch\u00fclern neue und aufregende M\u00f6glichkeiten zu zeigen, wie man aktiv und fit bleiben kann. Vielen Dank an Mr. Goldrick f\u00fcr die Organisation der diversen Aktivit\u00e4ten und an die gesamte Sportfachschaft der Grundschule f\u00fcr ihre Bem\u00fchungen! <\/p>\n","protected":false},"excerpt":{"rendered":"<p>Ein gro\u00dfes Lob geht an alle Sch\u00fcler, die an unserem t\u00e4glichen Fr\u00fchsport zum Anlass der Active School Week 2019 teilgenommen haben. Es war fantastisch, jeden&#8230; <a class=\"find-out-more-link\" href=\"https:\/\/www.kilians.com\/de\/news\/2019\/active-school-week-2019\/\">Weiterlesen<\/a> <\/p>\n","protected":false},"author":1,"featured_media":33208,"comment_status":"closed","ping_status":"closed","sticky":false,"template":"","format":"standard","meta":{"footnotes":""},"categories":[6,192,42],"tags":[],"class_list":{"0":"post-33212","1":"post","2":"type-post","3":"status-publish","4":"format-standard","5":"has-post-thumbnail","7":"category-nachrichten","8":"category-primary-school-de","9":"category-sportnachrichten","10":"entry"},"yoast_head":"<!-- This site is optimized with the Yoast SEO plugin v17.2.1 - https:\/\/yoast.com\/wordpress\/plugins\/seo\/ -->\n<meta name=\"robots\" content=\"index, follow, max-snippet:-1, max-image-preview:large, max-video-preview:-1\" \/>\n<link rel=\"canonical\" href=\"https:\/\/www.kilians.com\/de\/news\/2019\/active-school-week-2019\/\" \/>\n<meta property=\"og:locale\" content=\"de_DE\" \/>\n<meta property=\"og:type\" content=\"article\" \/>\n<meta property=\"og:title\" content=\"Aktive Schulwoche 2019 - St. Kilian&#039;s German School, Dublin\" \/>\n<meta property=\"og:description\" content=\"Ein gro\u00dfes Lob geht an alle Sch\u00fcler, die an unserem t\u00e4glichen Fr\u00fchsport zum Anlass der Active School Week 2019 teilgenommen haben. Es war fantastisch, jeden... Weiterlesen\" \/>\n<meta property=\"og:url\" content=\"https:\/\/www.kilians.com\/de\/news\/2019\/active-school-week-2019\/\" \/>\n<meta property=\"og:site_name\" content=\"St. Kilian&#039;s German School, Dublin\" \/>\n<meta property=\"article:published_time\" content=\"2019-05-13T13:42:43+00:00\" \/>\n<meta property=\"article:modified_time\" content=\"2019-05-27T13:51:29+00:00\" \/>\n<meta property=\"og:image\" content=\"https:\/\/www.kilians.com\/wp-content\/uploads\/2019\/05\/IMG_1811-1024x683.jpg\" \/>\n\t<meta property=\"og:image:width\" content=\"1024\" \/>\n\t<meta property=\"og:image:height\" content=\"683\" \/>\n<meta name=\"twitter:card\" content=\"summary\" \/>\n<meta name=\"twitter:label1\" content=\"Verfasst von\" \/>\n\t<meta name=\"twitter:data1\" content=\"marketingadmin\" \/>\n\t<meta name=\"twitter:label2\" content=\"Gesch\u00e4tzte Lesezeit\" \/>\n\t<meta name=\"twitter:data2\" content=\"1 minute\" \/>\n<script type=\"application\/ld+json\" class=\"yoast-schema-graph\">{\"@context\":\"https:\/\/schema.org\",\"@graph\":[{\"@type\":\"Organization\",\"@id\":\"https:\/\/www.kilians.com\/#organization\",\"name\":\"St. Kilian's\",\"url\":\"https:\/\/www.kilians.com\/\",\"sameAs\":[],\"logo\":{\"@type\":\"ImageObject\",\"@id\":\"https:\/\/www.kilians.com\/#logo\",\"inLanguage\":\"de-DE\",\"url\":\"https:\/\/www.kilians.com\/wp-content\/uploads\/2017\/02\/StKilians_MasterLogo_Colour-1.png\",\"contentUrl\":\"https:\/\/www.kilians.com\/wp-content\/uploads\/2017\/02\/StKilians_MasterLogo_Colour-1.png\",\"width\":768,\"height\":1240,\"caption\":\"St. Kilian's\"},\"image\":{\"@id\":\"https:\/\/www.kilians.com\/#logo\"}},{\"@type\":\"WebSite\",\"@id\":\"https:\/\/www.kilians.com\/#website\",\"url\":\"https:\/\/www.kilians.com\/\",\"name\":\"St. Kilian&#039;s German School, Dublin\",\"description\":\"\",\"publisher\":{\"@id\":\"https:\/\/www.kilians.com\/#organization\"},\"potentialAction\":[{\"@type\":\"SearchAction\",\"target\":{\"@type\":\"EntryPoint\",\"urlTemplate\":\"https:\/\/www.kilians.com\/?s={search_term_string}\"},\"query-input\":\"required name=search_term_string\"}],\"inLanguage\":\"de-DE\"},{\"@type\":\"ImageObject\",\"@id\":\"https:\/\/www.kilians.com\/de\/news\/2019\/active-school-week-2019\/#primaryimage\",\"inLanguage\":\"de-DE\",\"url\":\"https:\/\/www.kilians.com\/wp-content\/uploads\/2019\/05\/IMG_1811.jpg\",\"contentUrl\":\"https:\/\/www.kilians.com\/wp-content\/uploads\/2019\/05\/IMG_1811.jpg\",\"width\":5472,\"height\":3648},{\"@type\":\"WebPage\",\"@id\":\"https:\/\/www.kilians.com\/de\/news\/2019\/active-school-week-2019\/#webpage\",\"url\":\"https:\/\/www.kilians.com\/de\/news\/2019\/active-school-week-2019\/\",\"name\":\"Aktive Schulwoche 2019 - St. Kilian&#039;s German School, Dublin\",\"isPartOf\":{\"@id\":\"https:\/\/www.kilians.com\/#website\"},\"primaryImageOfPage\":{\"@id\":\"https:\/\/www.kilians.com\/de\/news\/2019\/active-school-week-2019\/#primaryimage\"},\"datePublished\":\"2019-05-13T13:42:43+00:00\",\"dateModified\":\"2019-05-27T13:51:29+00:00\",\"breadcrumb\":{\"@id\":\"https:\/\/www.kilians.com\/de\/news\/2019\/active-school-week-2019\/#breadcrumb\"},\"inLanguage\":\"de-DE\",\"potentialAction\":[{\"@type\":\"ReadAction\",\"target\":[\"https:\/\/www.kilians.com\/de\/news\/2019\/active-school-week-2019\/\"]}]},{\"@type\":\"BreadcrumbList\",\"@id\":\"https:\/\/www.kilians.com\/de\/news\/2019\/active-school-week-2019\/#breadcrumb\",\"itemListElement\":[{\"@type\":\"ListItem\",\"position\":1,\"name\":\"Home\",\"item\":\"https:\/\/www.kilians.com\/de\/\"},{\"@type\":\"ListItem\",\"position\":2,\"name\":\"Aktive Schulwoche 2019\"}]},{\"@type\":\"Article\",\"@id\":\"https:\/\/www.kilians.com\/de\/news\/2019\/active-school-week-2019\/#article\",\"isPartOf\":{\"@id\":\"https:\/\/www.kilians.com\/de\/news\/2019\/active-school-week-2019\/#webpage\"},\"author\":{\"@id\":\"https:\/\/www.kilians.com\/#\/schema\/person\/d66fd270fc10b6a48b300e500c5f9edd\"},\"headline\":\"Aktive Schulwoche 2019\",\"datePublished\":\"2019-05-13T13:42:43+00:00\",\"dateModified\":\"2019-05-27T13:51:29+00:00\",\"mainEntityOfPage\":{\"@id\":\"https:\/\/www.kilians.com\/de\/news\/2019\/active-school-week-2019\/#webpage\"},\"wordCount\":178,\"publisher\":{\"@id\":\"https:\/\/www.kilians.com\/#organization\"},\"image\":{\"@id\":\"https:\/\/www.kilians.com\/de\/news\/2019\/active-school-week-2019\/#primaryimage\"},\"thumbnailUrl\":\"https:\/\/www.kilians.com\/wp-content\/uploads\/2019\/05\/IMG_1811.jpg\",\"articleSection\":[\"Nachrichten\",\"Primary School\",\"Sportnachrichten\"],\"inLanguage\":\"de-DE\"},{\"@type\":\"Person\",\"@id\":\"https:\/\/www.kilians.com\/#\/schema\/person\/d66fd270fc10b6a48b300e500c5f9edd\",\"name\":\"marketingadmin\",\"url\":\"https:\/\/www.kilians.com\/de\/news\/author\/marketingadmin\/\"}]}<\/script>\n<!-- \/ Yoast SEO plugin. -->","yoast_head_json":{"robots":{"index":"index","follow":"follow","max-snippet":"max-snippet:-1","max-image-preview":"max-image-preview:large","max-video-preview":"max-video-preview:-1"},"canonical":"https:\/\/www.kilians.com\/de\/news\/2019\/active-school-week-2019\/","og_locale":"de_DE","og_type":"article","og_title":"Aktive Schulwoche 2019 - St. Kilian&#039;s German School, Dublin","og_description":"Ein gro\u00dfes Lob geht an alle Sch\u00fcler, die an unserem t\u00e4glichen Fr\u00fchsport zum Anlass der Active School Week 2019 teilgenommen haben. Es war fantastisch, jeden... Weiterlesen","og_url":"https:\/\/www.kilians.com\/de\/news\/2019\/active-school-week-2019\/","og_site_name":"St. Kilian&#039;s German School, Dublin","article_published_time":"2019-05-13T13:42:43+00:00","article_modified_time":"2019-05-27T13:51:29+00:00","og_image":[{"width":1024,"height":683,"path":"2019\/05\/IMG_1811-1024x683.jpg","url":"https:\/\/www.kilians.com\/wp-content\/uploads\/2019\/05\/IMG_1811-1024x683.jpg","size":"large","id":33208,"alt":"","pixels":699392,"type":"image\/jpeg"}],"twitter_card":"summary","twitter_misc":{"Verfasst von":"marketingadmin","Gesch\u00e4tzte Lesezeit":"1 minute"},"schema":{"@context":"https:\/\/schema.org","@graph":[{"@type":"Organization","@id":"https:\/\/www.kilians.com\/#organization","name":"St. Kilian's","url":"https:\/\/www.kilians.com\/","sameAs":[],"logo":{"@type":"ImageObject","@id":"https:\/\/www.kilians.com\/#logo","inLanguage":"de-DE","url":"https:\/\/www.kilians.com\/wp-content\/uploads\/2017\/02\/StKilians_MasterLogo_Colour-1.png","contentUrl":"https:\/\/www.kilians.com\/wp-content\/uploads\/2017\/02\/StKilians_MasterLogo_Colour-1.png","width":768,"height":1240,"caption":"St. Kilian's"},"image":{"@id":"https:\/\/www.kilians.com\/#logo"}},{"@type":"WebSite","@id":"https:\/\/www.kilians.com\/#website","url":"https:\/\/www.kilians.com\/","name":"St. Kilian&#039;s German School, Dublin","description":"","publisher":{"@id":"https:\/\/www.kilians.com\/#organization"},"potentialAction":[{"@type":"SearchAction","target":{"@type":"EntryPoint","urlTemplate":"https:\/\/www.kilians.com\/?s={search_term_string}"},"query-input":"required name=search_term_string"}],"inLanguage":"de-DE"},{"@type":"ImageObject","@id":"https:\/\/www.kilians.com\/de\/news\/2019\/active-school-week-2019\/#primaryimage","inLanguage":"de-DE","url":"https:\/\/www.kilians.com\/wp-content\/uploads\/2019\/05\/IMG_1811.jpg","contentUrl":"https:\/\/www.kilians.com\/wp-content\/uploads\/2019\/05\/IMG_1811.jpg","width":5472,"height":3648},{"@type":"WebPage","@id":"https:\/\/www.kilians.com\/de\/news\/2019\/active-school-week-2019\/#webpage","url":"https:\/\/www.kilians.com\/de\/news\/2019\/active-school-week-2019\/","name":"Aktive Schulwoche 2019 - St. Kilian&#039;s German School, Dublin","isPartOf":{"@id":"https:\/\/www.kilians.com\/#website"},"primaryImageOfPage":{"@id":"https:\/\/www.kilians.com\/de\/news\/2019\/active-school-week-2019\/#primaryimage"},"datePublished":"2019-05-13T13:42:43+00:00","dateModified":"2019-05-27T13:51:29+00:00","breadcrumb":{"@id":"https:\/\/www.kilians.com\/de\/news\/2019\/active-school-week-2019\/#breadcrumb"},"inLanguage":"de-DE","potentialAction":[{"@type":"ReadAction","target":["https:\/\/www.kilians.com\/de\/news\/2019\/active-school-week-2019\/"]}]},{"@type":"BreadcrumbList","@id":"https:\/\/www.kilians.com\/de\/news\/2019\/active-school-week-2019\/#breadcrumb","itemListElement":[{"@type":"ListItem","position":1,"name":"Home","item":"https:\/\/www.kilians.com\/de\/"},{"@type":"ListItem","position":2,"name":"Aktive Schulwoche 2019"}]},{"@type":"Article","@id":"https:\/\/www.kilians.com\/de\/news\/2019\/active-school-week-2019\/#article","isPartOf":{"@id":"https:\/\/www.kilians.com\/de\/news\/2019\/active-school-week-2019\/#webpage"},"author":{"@id":"https:\/\/www.kilians.com\/#\/schema\/person\/d66fd270fc10b6a48b300e500c5f9edd"},"headline":"Aktive Schulwoche 2019","datePublished":"2019-05-13T13:42:43+00:00","dateModified":"2019-05-27T13:51:29+00:00","mainEntityOfPage":{"@id":"https:\/\/www.kilians.com\/de\/news\/2019\/active-school-week-2019\/#webpage"},"wordCount":178,"publisher":{"@id":"https:\/\/www.kilians.com\/#organization"},"image":{"@id":"https:\/\/www.kilians.com\/de\/news\/2019\/active-school-week-2019\/#primaryimage"},"thumbnailUrl":"https:\/\/www.kilians.com\/wp-content\/uploads\/2019\/05\/IMG_1811.jpg","articleSection":["Nachrichten","Primary School","Sportnachrichten"],"inLanguage":"de-DE"},{"@type":"Person","@id":"https:\/\/www.kilians.com\/#\/schema\/person\/d66fd270fc10b6a48b300e500c5f9edd","name":"marketingadmin","url":"https:\/\/www.kilians.com\/de\/news\/author\/marketingadmin\/"}]}},"_links":{"self":[{"href":"https:\/\/www.kilians.com\/de\/wp-json\/wp\/v2\/posts\/33212\/"}],"collection":[{"href":"https:\/\/www.kilians.com\/de\/wp-json\/wp\/v2\/posts\/"}],"about":[{"href":"https:\/\/www.kilians.com\/de\/wp-json\/wp\/v2\/types\/post\/"}],"author":[{"embeddable":true,"href":"https:\/\/www.kilians.com\/de\/wp-json\/wp\/v2\/users\/1\/"}],"replies":[{"embeddable":true,"href":"https:\/\/www.kilians.com\/de\/wp-json\/wp\/v2\/comments\/?post=33212"}],"version-history":[{"count":0,"href":"https:\/\/www.kilians.com\/de\/wp-json\/wp\/v2\/posts\/33212\/revisions\/"}],"wp:featuredmedia":[{"embeddable":true,"href":"https:\/\/www.kilians.com\/de\/wp-json\/wp\/v2\/media\/33208\/"}],"wp:attachment":[{"href":"https:\/\/www.kilians.com\/de\/wp-json\/wp\/v2\/media\/?parent=33212"}],"wp:term":[{"taxonomy":"category","embeddable":true,"href":"https:\/\/www.kilians.com\/de\/wp-json\/wp\/v2\/categories\/?post=33212"},{"taxonomy":"post_tag","embeddable":true,"href":"https:\/\/www.kilians.com\/de\/wp-json\/wp\/v2\/tags\/?post=33212"}],"curies":[{"name":"wp","href":"https:\/\/api.w.org\/{rel}","templated":true}]}}