{"id":33380,"date":"2019-06-11T15:22:03","date_gmt":"2019-06-11T14:22:03","guid":{"rendered":"https:\/\/www.kilians.com\/green-school-week\/"},"modified":"2019-06-11T15:26:35","modified_gmt":"2019-06-11T14:26:35","slug":"green-school-week","status":"publish","type":"post","link":"https:\/\/www.kilians.com\/de\/news\/2019\/green-school-week\/","title":{"rendered":"Gr\u00fcne Schulwoche"},"content":{"rendered":"\n<p>Von 4.-7. Juni veranstaltete die Grundschule eine Gr\u00fcne Woche, w\u00e4hrend der alle Sch\u00fcler dazu angehalten wurden, zu Fu\u00df, mit Fahrrad oder Scooter zur Schule zu kommen. Als Anerkennung erhielt jeder Teilnehmer ein Lotterielos und damit die Chance, am Ende der Woche einen Preis zu gewinnen. <\/p>\n\n\n\n<p>Gratulation an die Sch\u00fcler der Klassen 2A und 4A, die den Goldenen Stiefel f\u00fcr ihre gemeinsame Leistung gewonnen haben &#8211; sie haben im Laufe der Woche die meisten Lotterielose gesammelt. Dar\u00fcber hinaus gewannen f\u00fcnf gl\u00fcckliche Sch\u00fcler B\u00fcchergutscheine f\u00fcr ihre Teilnahme. <\/p>\n\n\n\n<p>Ein gro\u00dfes Dankesch\u00f6n geht an Frau Thielemans, die diese Initiative gemeinsam mit dem Green School Committee durchgef\u00fchrt hat. <\/p>\n\n\n\n<ul class=\"wp-block-gallery columns-3 is-cropped wp-block-gallery-1 is-layout-flex wp-block-gallery-is-layout-flex\"><li class=\"blocks-gallery-item\"><figure><img loading=\"lazy\" decoding=\"async\" width=\"1024\" height=\"683\" src=\"https:\/\/www.kilians.com\/wp-content\/uploads\/2019\/06\/62217310_2397699750308059_614252818080989184_o-1024x683.jpg\" alt=\"\" data-id=\"33374\" data-link=\"https:\/\/www.kilians.com\/?attachment_id=33374\" class=\"wp-image-33374\" srcset=\"https:\/\/www.kilians.com\/wp-content\/uploads\/2019\/06\/62217310_2397699750308059_614252818080989184_o-1024x683.jpg 1024w, https:\/\/www.kilians.com\/wp-content\/uploads\/2019\/06\/62217310_2397699750308059_614252818080989184_o-768x512.jpg 768w, https:\/\/www.kilians.com\/wp-content\/uploads\/2019\/06\/62217310_2397699750308059_614252818080989184_o-150x100.jpg 150w, https:\/\/www.kilians.com\/wp-content\/uploads\/2019\/06\/62217310_2397699750308059_614252818080989184_o-750x500.jpg 750w, https:\/\/www.kilians.com\/wp-content\/uploads\/2019\/06\/62217310_2397699750308059_614252818080989184_o.jpg 2048w\" sizes=\"auto, (max-width: 1024px) 100vw, 1024px\" \/><\/figure><\/li><li class=\"blocks-gallery-item\"><figure><img loading=\"lazy\" decoding=\"async\" width=\"1024\" height=\"683\" src=\"https:\/\/www.kilians.com\/wp-content\/uploads\/2019\/06\/62462365_2397699760308058_6806594261518123008_o-1024x683.jpg\" alt=\"\" data-id=\"33376\" data-link=\"https:\/\/www.kilians.com\/?attachment_id=33376\" class=\"wp-image-33376\" srcset=\"https:\/\/www.kilians.com\/wp-content\/uploads\/2019\/06\/62462365_2397699760308058_6806594261518123008_o-1024x683.jpg 1024w, https:\/\/www.kilians.com\/wp-content\/uploads\/2019\/06\/62462365_2397699760308058_6806594261518123008_o-768x512.jpg 768w, https:\/\/www.kilians.com\/wp-content\/uploads\/2019\/06\/62462365_2397699760308058_6806594261518123008_o-150x100.jpg 150w, https:\/\/www.kilians.com\/wp-content\/uploads\/2019\/06\/62462365_2397699760308058_6806594261518123008_o-750x500.jpg 750w, https:\/\/www.kilians.com\/wp-content\/uploads\/2019\/06\/62462365_2397699760308058_6806594261518123008_o.jpg 2048w\" sizes=\"auto, (max-width: 1024px) 100vw, 1024px\" \/><\/figure><\/li><li class=\"blocks-gallery-item\"><figure><img loading=\"lazy\" decoding=\"async\" width=\"1024\" height=\"683\" src=\"https:\/\/www.kilians.com\/wp-content\/uploads\/2019\/06\/62478161_2397699830308051_5531331657161768960_o-1024x683.jpg\" alt=\"\" data-id=\"33378\" data-link=\"https:\/\/www.kilians.com\/?attachment_id=33378\" class=\"wp-image-33378\" srcset=\"https:\/\/www.kilians.com\/wp-content\/uploads\/2019\/06\/62478161_2397699830308051_5531331657161768960_o-1024x683.jpg 1024w, https:\/\/www.kilians.com\/wp-content\/uploads\/2019\/06\/62478161_2397699830308051_5531331657161768960_o-768x512.jpg 768w, https:\/\/www.kilians.com\/wp-content\/uploads\/2019\/06\/62478161_2397699830308051_5531331657161768960_o-150x100.jpg 150w, https:\/\/www.kilians.com\/wp-content\/uploads\/2019\/06\/62478161_2397699830308051_5531331657161768960_o-750x500.jpg 750w, https:\/\/www.kilians.com\/wp-content\/uploads\/2019\/06\/62478161_2397699830308051_5531331657161768960_o.jpg 2048w\" sizes=\"auto, (max-width: 1024px) 100vw, 1024px\" \/><\/figure><\/li><\/ul>\n","protected":false},"excerpt":{"rendered":"<p>Von 4.-7. Juni veranstaltete die Grundschule eine Gr\u00fcne Woche, w\u00e4hrend der alle Sch\u00fcler dazu angehalten wurden, zu Fu\u00df, mit Fahrrad oder Scooter zur Schule zu&#8230; <a class=\"find-out-more-link\" href=\"https:\/\/www.kilians.com\/de\/news\/2019\/green-school-week\/\">Weiterlesen<\/a> <\/p>\n","protected":false},"author":1,"featured_media":33377,"comment_status":"closed","ping_status":"closed","sticky":false,"template":"","format":"standard","meta":{"footnotes":""},"categories":[188,6,192],"tags":[],"class_list":{"0":"post-33380","1":"post","2":"type-post","3":"status-publish","4":"format-standard","5":"has-post-thumbnail","7":"category-gruene-schule","8":"category-nachrichten","9":"category-primary-school-de","10":"entry"},"yoast_head":"<!-- This site is optimized with the Yoast SEO plugin v17.2.1 - https:\/\/yoast.com\/wordpress\/plugins\/seo\/ -->\n<meta name=\"robots\" content=\"index, follow, max-snippet:-1, max-image-preview:large, max-video-preview:-1\" \/>\n<link rel=\"canonical\" href=\"https:\/\/www.kilians.com\/de\/news\/2019\/green-school-week\/\" \/>\n<meta property=\"og:locale\" content=\"de_DE\" \/>\n<meta property=\"og:type\" content=\"article\" \/>\n<meta property=\"og:title\" content=\"Gr\u00fcne Schulwoche - St. Kilian&#039;s German School, Dublin\" \/>\n<meta property=\"og:description\" content=\"Von 4.-7. Juni veranstaltete die Grundschule eine Gr\u00fcne Woche, w\u00e4hrend der alle Sch\u00fcler dazu angehalten wurden, zu Fu\u00df, mit Fahrrad oder Scooter zur Schule zu... Weiterlesen\" \/>\n<meta property=\"og:url\" content=\"https:\/\/www.kilians.com\/de\/news\/2019\/green-school-week\/\" \/>\n<meta property=\"og:site_name\" content=\"St. Kilian&#039;s German School, Dublin\" \/>\n<meta property=\"article:published_time\" content=\"2019-06-11T14:22:03+00:00\" \/>\n<meta property=\"article:modified_time\" content=\"2019-06-11T14:26:35+00:00\" \/>\n<meta property=\"og:image\" content=\"https:\/\/www.kilians.com\/wp-content\/uploads\/2019\/06\/62462365_2397699760308058_6806594261518123008_o.jpg\" \/>\n\t<meta property=\"og:image:width\" content=\"2048\" \/>\n\t<meta property=\"og:image:height\" content=\"1365\" \/>\n<meta name=\"twitter:card\" content=\"summary\" \/>\n<meta name=\"twitter:label1\" content=\"Verfasst von\" \/>\n\t<meta name=\"twitter:data1\" content=\"marketingadmin\" \/>\n\t<meta name=\"twitter:label2\" content=\"Gesch\u00e4tzte Lesezeit\" \/>\n\t<meta name=\"twitter:data2\" content=\"1 minute\" \/>\n<script type=\"application\/ld+json\" class=\"yoast-schema-graph\">{\"@context\":\"https:\/\/schema.org\",\"@graph\":[{\"@type\":\"Organization\",\"@id\":\"https:\/\/www.kilians.com\/#organization\",\"name\":\"St. Kilian's\",\"url\":\"https:\/\/www.kilians.com\/\",\"sameAs\":[],\"logo\":{\"@type\":\"ImageObject\",\"@id\":\"https:\/\/www.kilians.com\/#logo\",\"inLanguage\":\"de-DE\",\"url\":\"https:\/\/www.kilians.com\/wp-content\/uploads\/2017\/02\/StKilians_MasterLogo_Colour-1.png\",\"contentUrl\":\"https:\/\/www.kilians.com\/wp-content\/uploads\/2017\/02\/StKilians_MasterLogo_Colour-1.png\",\"width\":768,\"height\":1240,\"caption\":\"St. Kilian's\"},\"image\":{\"@id\":\"https:\/\/www.kilians.com\/#logo\"}},{\"@type\":\"WebSite\",\"@id\":\"https:\/\/www.kilians.com\/#website\",\"url\":\"https:\/\/www.kilians.com\/\",\"name\":\"St. Kilian&#039;s German School, Dublin\",\"description\":\"\",\"publisher\":{\"@id\":\"https:\/\/www.kilians.com\/#organization\"},\"potentialAction\":[{\"@type\":\"SearchAction\",\"target\":{\"@type\":\"EntryPoint\",\"urlTemplate\":\"https:\/\/www.kilians.com\/?s={search_term_string}\"},\"query-input\":\"required name=search_term_string\"}],\"inLanguage\":\"de-DE\"},{\"@type\":\"ImageObject\",\"@id\":\"https:\/\/www.kilians.com\/de\/news\/2019\/green-school-week\/#primaryimage\",\"inLanguage\":\"de-DE\",\"url\":\"https:\/\/www.kilians.com\/wp-content\/uploads\/2019\/06\/62462365_2397699760308058_6806594261518123008_o.jpg\",\"contentUrl\":\"https:\/\/www.kilians.com\/wp-content\/uploads\/2019\/06\/62462365_2397699760308058_6806594261518123008_o.jpg\",\"width\":2048,\"height\":1365},{\"@type\":\"WebPage\",\"@id\":\"https:\/\/www.kilians.com\/de\/news\/2019\/green-school-week\/#webpage\",\"url\":\"https:\/\/www.kilians.com\/de\/news\/2019\/green-school-week\/\",\"name\":\"Gr\\u00fcne Schulwoche - St. Kilian&#039;s German School, Dublin\",\"isPartOf\":{\"@id\":\"https:\/\/www.kilians.com\/#website\"},\"primaryImageOfPage\":{\"@id\":\"https:\/\/www.kilians.com\/de\/news\/2019\/green-school-week\/#primaryimage\"},\"datePublished\":\"2019-06-11T14:22:03+00:00\",\"dateModified\":\"2019-06-11T14:26:35+00:00\",\"breadcrumb\":{\"@id\":\"https:\/\/www.kilians.com\/de\/news\/2019\/green-school-week\/#breadcrumb\"},\"inLanguage\":\"de-DE\",\"potentialAction\":[{\"@type\":\"ReadAction\",\"target\":[\"https:\/\/www.kilians.com\/de\/news\/2019\/green-school-week\/\"]}]},{\"@type\":\"BreadcrumbList\",\"@id\":\"https:\/\/www.kilians.com\/de\/news\/2019\/green-school-week\/#breadcrumb\",\"itemListElement\":[{\"@type\":\"ListItem\",\"position\":1,\"name\":\"Home\",\"item\":\"https:\/\/www.kilians.com\/de\/\"},{\"@type\":\"ListItem\",\"position\":2,\"name\":\"Gr\\u00fcne Schulwoche\"}]},{\"@type\":\"Article\",\"@id\":\"https:\/\/www.kilians.com\/de\/news\/2019\/green-school-week\/#article\",\"isPartOf\":{\"@id\":\"https:\/\/www.kilians.com\/de\/news\/2019\/green-school-week\/#webpage\"},\"author\":{\"@id\":\"https:\/\/www.kilians.com\/#\/schema\/person\/d66fd270fc10b6a48b300e500c5f9edd\"},\"headline\":\"Gr\\u00fcne Schulwoche\",\"datePublished\":\"2019-06-11T14:22:03+00:00\",\"dateModified\":\"2019-06-11T14:26:35+00:00\",\"mainEntityOfPage\":{\"@id\":\"https:\/\/www.kilians.com\/de\/news\/2019\/green-school-week\/#webpage\"},\"wordCount\":120,\"publisher\":{\"@id\":\"https:\/\/www.kilians.com\/#organization\"},\"image\":{\"@id\":\"https:\/\/www.kilians.com\/de\/news\/2019\/green-school-week\/#primaryimage\"},\"thumbnailUrl\":\"https:\/\/www.kilians.com\/wp-content\/uploads\/2019\/06\/62462365_2397699760308058_6806594261518123008_o.jpg\",\"articleSection\":[\"Gr\\u00fcne Schule\",\"Nachrichten\",\"Primary School\"],\"inLanguage\":\"de-DE\"},{\"@type\":\"Person\",\"@id\":\"https:\/\/www.kilians.com\/#\/schema\/person\/d66fd270fc10b6a48b300e500c5f9edd\",\"name\":\"marketingadmin\",\"url\":\"https:\/\/www.kilians.com\/de\/news\/author\/marketingadmin\/\"}]}<\/script>\n<!-- \/ Yoast SEO plugin. -->","yoast_head_json":{"robots":{"index":"index","follow":"follow","max-snippet":"max-snippet:-1","max-image-preview":"max-image-preview:large","max-video-preview":"max-video-preview:-1"},"canonical":"https:\/\/www.kilians.com\/de\/news\/2019\/green-school-week\/","og_locale":"de_DE","og_type":"article","og_title":"Gr\u00fcne Schulwoche - St. Kilian&#039;s German School, Dublin","og_description":"Von 4.-7. Juni veranstaltete die Grundschule eine Gr\u00fcne Woche, w\u00e4hrend der alle Sch\u00fcler dazu angehalten wurden, zu Fu\u00df, mit Fahrrad oder Scooter zur Schule zu... Weiterlesen","og_url":"https:\/\/www.kilians.com\/de\/news\/2019\/green-school-week\/","og_site_name":"St. Kilian&#039;s German School, Dublin","article_published_time":"2019-06-11T14:22:03+00:00","article_modified_time":"2019-06-11T14:26:35+00:00","og_image":[{"width":2048,"height":1365,"url":"https:\/\/www.kilians.com\/wp-content\/uploads\/2019\/06\/62462365_2397699760308058_6806594261518123008_o.jpg","path":"\/nas\/content\/live\/kilians\/wp-content\/uploads\/2019\/06\/62462365_2397699760308058_6806594261518123008_o.jpg","size":"full","id":33377,"alt":"","pixels":2795520,"type":"image\/jpeg"}],"twitter_card":"summary","twitter_misc":{"Verfasst von":"marketingadmin","Gesch\u00e4tzte Lesezeit":"1 minute"},"schema":{"@context":"https:\/\/schema.org","@graph":[{"@type":"Organization","@id":"https:\/\/www.kilians.com\/#organization","name":"St. Kilian's","url":"https:\/\/www.kilians.com\/","sameAs":[],"logo":{"@type":"ImageObject","@id":"https:\/\/www.kilians.com\/#logo","inLanguage":"de-DE","url":"https:\/\/www.kilians.com\/wp-content\/uploads\/2017\/02\/StKilians_MasterLogo_Colour-1.png","contentUrl":"https:\/\/www.kilians.com\/wp-content\/uploads\/2017\/02\/StKilians_MasterLogo_Colour-1.png","width":768,"height":1240,"caption":"St. Kilian's"},"image":{"@id":"https:\/\/www.kilians.com\/#logo"}},{"@type":"WebSite","@id":"https:\/\/www.kilians.com\/#website","url":"https:\/\/www.kilians.com\/","name":"St. Kilian&#039;s German School, Dublin","description":"","publisher":{"@id":"https:\/\/www.kilians.com\/#organization"},"potentialAction":[{"@type":"SearchAction","target":{"@type":"EntryPoint","urlTemplate":"https:\/\/www.kilians.com\/?s={search_term_string}"},"query-input":"required name=search_term_string"}],"inLanguage":"de-DE"},{"@type":"ImageObject","@id":"https:\/\/www.kilians.com\/de\/news\/2019\/green-school-week\/#primaryimage","inLanguage":"de-DE","url":"https:\/\/www.kilians.com\/wp-content\/uploads\/2019\/06\/62462365_2397699760308058_6806594261518123008_o.jpg","contentUrl":"https:\/\/www.kilians.com\/wp-content\/uploads\/2019\/06\/62462365_2397699760308058_6806594261518123008_o.jpg","width":2048,"height":1365},{"@type":"WebPage","@id":"https:\/\/www.kilians.com\/de\/news\/2019\/green-school-week\/#webpage","url":"https:\/\/www.kilians.com\/de\/news\/2019\/green-school-week\/","name":"Gr\u00fcne Schulwoche - St. Kilian&#039;s German School, Dublin","isPartOf":{"@id":"https:\/\/www.kilians.com\/#website"},"primaryImageOfPage":{"@id":"https:\/\/www.kilians.com\/de\/news\/2019\/green-school-week\/#primaryimage"},"datePublished":"2019-06-11T14:22:03+00:00","dateModified":"2019-06-11T14:26:35+00:00","breadcrumb":{"@id":"https:\/\/www.kilians.com\/de\/news\/2019\/green-school-week\/#breadcrumb"},"inLanguage":"de-DE","potentialAction":[{"@type":"ReadAction","target":["https:\/\/www.kilians.com\/de\/news\/2019\/green-school-week\/"]}]},{"@type":"BreadcrumbList","@id":"https:\/\/www.kilians.com\/de\/news\/2019\/green-school-week\/#breadcrumb","itemListElement":[{"@type":"ListItem","position":1,"name":"Home","item":"https:\/\/www.kilians.com\/de\/"},{"@type":"ListItem","position":2,"name":"Gr\u00fcne Schulwoche"}]},{"@type":"Article","@id":"https:\/\/www.kilians.com\/de\/news\/2019\/green-school-week\/#article","isPartOf":{"@id":"https:\/\/www.kilians.com\/de\/news\/2019\/green-school-week\/#webpage"},"author":{"@id":"https:\/\/www.kilians.com\/#\/schema\/person\/d66fd270fc10b6a48b300e500c5f9edd"},"headline":"Gr\u00fcne Schulwoche","datePublished":"2019-06-11T14:22:03+00:00","dateModified":"2019-06-11T14:26:35+00:00","mainEntityOfPage":{"@id":"https:\/\/www.kilians.com\/de\/news\/2019\/green-school-week\/#webpage"},"wordCount":120,"publisher":{"@id":"https:\/\/www.kilians.com\/#organization"},"image":{"@id":"https:\/\/www.kilians.com\/de\/news\/2019\/green-school-week\/#primaryimage"},"thumbnailUrl":"https:\/\/www.kilians.com\/wp-content\/uploads\/2019\/06\/62462365_2397699760308058_6806594261518123008_o.jpg","articleSection":["Gr\u00fcne Schule","Nachrichten","Primary School"],"inLanguage":"de-DE"},{"@type":"Person","@id":"https:\/\/www.kilians.com\/#\/schema\/person\/d66fd270fc10b6a48b300e500c5f9edd","name":"marketingadmin","url":"https:\/\/www.kilians.com\/de\/news\/author\/marketingadmin\/"}]}},"_links":{"self":[{"href":"https:\/\/www.kilians.com\/de\/wp-json\/wp\/v2\/posts\/33380\/"}],"collection":[{"href":"https:\/\/www.kilians.com\/de\/wp-json\/wp\/v2\/posts\/"}],"about":[{"href":"https:\/\/www.kilians.com\/de\/wp-json\/wp\/v2\/types\/post\/"}],"author":[{"embeddable":true,"href":"https:\/\/www.kilians.com\/de\/wp-json\/wp\/v2\/users\/1\/"}],"replies":[{"embeddable":true,"href":"https:\/\/www.kilians.com\/de\/wp-json\/wp\/v2\/comments\/?post=33380"}],"version-history":[{"count":0,"href":"https:\/\/www.kilians.com\/de\/wp-json\/wp\/v2\/posts\/33380\/revisions\/"}],"wp:featuredmedia":[{"embeddable":true,"href":"https:\/\/www.kilians.com\/de\/wp-json\/wp\/v2\/media\/33377\/"}],"wp:attachment":[{"href":"https:\/\/www.kilians.com\/de\/wp-json\/wp\/v2\/media\/?parent=33380"}],"wp:term":[{"taxonomy":"category","embeddable":true,"href":"https:\/\/www.kilians.com\/de\/wp-json\/wp\/v2\/categories\/?post=33380"},{"taxonomy":"post_tag","embeddable":true,"href":"https:\/\/www.kilians.com\/de\/wp-json\/wp\/v2\/tags\/?post=33380"}],"curies":[{"name":"wp","href":"https:\/\/api.w.org\/{rel}","templated":true}]}}