{"id":33414,"date":"2019-06-14T11:13:30","date_gmt":"2019-06-14T10:13:30","guid":{"rendered":"https:\/\/www.kilians.com\/news\/2019\/irish-college-2019\/"},"modified":"2019-06-14T11:21:59","modified_gmt":"2019-06-14T10:21:59","slug":"irish-college-2019","status":"publish","type":"post","link":"https:\/\/www.kilians.com\/de\/news\/2019\/irish-college-2019\/","title":{"rendered":"Schulwoche im irischsprachigen Donegal 2019"},"content":{"rendered":"\n<p>An einem\nstrahlenden Morgen im Mai machten sich die 6A und 6B auf den Weg nach Col\u00e1iste\nna Rosann in Annagry, County Donegal. <\/p>\n\n\n\n<p>42 Kinder str\u00f6mten gut gelaunt in den Bus und stellten kaum die gef\u00fcrchtete Frage \u201eSind wir schon da?\u201c. Nach einer kurzen Pause in Monaghan setzten wir unsere Reise nach Donegal fort. Wir hielten in der wundersch\u00f6nen Umgebung des Glenveagh-Nationalparks an, wo wir trotz des Regens die 4 km zum Schloss spazierten, bevor wir die letzte Etappen der Reise nach Annagry antraten, wo die Kinder zu ihren Gastfamilien gebracht wurden.<\/p>\n\n\n\n<p>Die Woche verlief\nvoller Aktivit\u00e4ten, mit Unterricht am Morgen und unterhaltsamem Nachmittags-\nund Abendprogramm. Am Dienstag machten die Kinder einen Besuch zum Dunlewey\nActivity Center und verbrachten ihre Zeit mit Tretbooten, Seilrutschen,\nZorb-B\u00e4llen, Klettern und vielem mehr. Am Abend war Quiznacht angesagt und ein\nTeam von St. Kilian\u2018s (Teach Fionnuala) gewann den ersten Preis. Gratulation!<\/p>\n\n\n\n<p>Leider war das\nWetter nicht besonders gut und als der Regen am Mittwoch einsetzte, h\u00f6rte er\nf\u00fcr den Rest der Woche nicht mehr auf. Unbeirrt nahmen wir die F\u00e4hre nach\nArranmore und verbrachten ein paar Stunden am Strand. Unter dem Motto, dass man\nirgendwann nicht mehr nasser werden kann, liefen die Kinder sorglos in die\nWellen und hatten einen Riesenspa\u00df. <\/p>\n\n\n\n<p>Der Regen hat auch\ndie Begeisterung des Abends nicht ged\u00e4mpft und die Talentshow war ein gro\u00dfer\nErfolg. Unsere Kinder setzten ihre F\u00e4higkeiten und ihren Sinn f\u00fcr Humor ein und\nkonnten zwei Preise gewinnen &#8211; einen f\u00fcr Graspfeifen und einen f\u00fcr die\ntraditionelle irische Melodie \u201eDas Fliegerlied\u201c.<\/p>\n\n\n\n<p>Am letzten Tag blieben\nwir augrund des Regens zuhause, spielten Spiele und hatte trotz allem Spa\u00df und\ngenossen die Disco am Abend. <\/p>\n\n\n\n<p>Viel zu fr\u00fch am\nn\u00e4chsten Morgen war es Zeit, sich vom Mn\u00e1 T\u00ed und all den neuen Freunden zu\nverabschieden, die man w\u00e4hrend der Woche kennengelernt hatte. Schl\u00e4frige, ruhige\nKinder traten die Heimreise im Bus an. Die Ruhe hielt allerdings nicht lange an\nund als wir Monaghan erreichten, war die Laune schon wieder angestiegen.<\/p>\n\n\n\n<p>Die Kinder und\nLehrerinnen kamen am Freitagmittag m\u00fcde, aber gl\u00fccklich zur\u00fcck.<\/p>\n\n\n\n<p><em>Sin\u00e9ad Barry<\/em><\/p>\n\n\n\n<ul class=\"wp-block-gallery columns-3 is-cropped wp-block-gallery-1 is-layout-flex wp-block-gallery-is-layout-flex\"><li class=\"blocks-gallery-item\"><figure><img loading=\"lazy\" decoding=\"async\" width=\"768\" height=\"1024\" src=\"https:\/\/www.kilians.com\/wp-content\/uploads\/2019\/06\/file8-8-768x1024.jpeg\" alt=\"\" data-id=\"33398\" data-link=\"https:\/\/www.kilians.com\/?attachment_id=33398\" class=\"wp-image-33398\" srcset=\"https:\/\/www.kilians.com\/wp-content\/uploads\/2019\/06\/file8-8-768x1024.jpeg 768w, https:\/\/www.kilians.com\/wp-content\/uploads\/2019\/06\/file8-8-750x1000.jpeg 750w, https:\/\/www.kilians.com\/wp-content\/uploads\/2019\/06\/file8-8.jpeg 1200w\" sizes=\"auto, (max-width: 768px) 100vw, 768px\" \/><\/figure><\/li><li class=\"blocks-gallery-item\"><figure><img loading=\"lazy\" decoding=\"async\" width=\"768\" height=\"1024\" src=\"https:\/\/www.kilians.com\/wp-content\/uploads\/2019\/06\/file9-3-768x1024.jpeg\" alt=\"\" data-id=\"33400\" data-link=\"https:\/\/www.kilians.com\/?attachment_id=33400\" class=\"wp-image-33400\" srcset=\"https:\/\/www.kilians.com\/wp-content\/uploads\/2019\/06\/file9-3-768x1024.jpeg 768w, https:\/\/www.kilians.com\/wp-content\/uploads\/2019\/06\/file9-3-750x1000.jpeg 750w, https:\/\/www.kilians.com\/wp-content\/uploads\/2019\/06\/file9-3.jpeg 1200w\" sizes=\"auto, (max-width: 768px) 100vw, 768px\" \/><\/figure><\/li><li class=\"blocks-gallery-item\"><figure><img loading=\"lazy\" decoding=\"async\" width=\"1024\" height=\"768\" src=\"https:\/\/www.kilians.com\/wp-content\/uploads\/2019\/06\/file10-3-1024x768.jpeg\" alt=\"\" data-id=\"33402\" data-link=\"https:\/\/www.kilians.com\/?attachment_id=33402\" class=\"wp-image-33402\" srcset=\"https:\/\/www.kilians.com\/wp-content\/uploads\/2019\/06\/file10-3-1024x768.jpeg 1024w, https:\/\/www.kilians.com\/wp-content\/uploads\/2019\/06\/file10-3-768x576.jpeg 768w, https:\/\/www.kilians.com\/wp-content\/uploads\/2019\/06\/file10-3-750x563.jpeg 750w, https:\/\/www.kilians.com\/wp-content\/uploads\/2019\/06\/file10-3.jpeg 1600w\" sizes=\"auto, (max-width: 1024px) 100vw, 1024px\" \/><\/figure><\/li><li class=\"blocks-gallery-item\"><figure><img loading=\"lazy\" decoding=\"async\" width=\"1024\" height=\"768\" src=\"https:\/\/www.kilians.com\/wp-content\/uploads\/2019\/06\/file1-18-1024x768.jpeg\" alt=\"\" data-id=\"33404\" data-link=\"https:\/\/www.kilians.com\/?attachment_id=33404\" class=\"wp-image-33404\" srcset=\"https:\/\/www.kilians.com\/wp-content\/uploads\/2019\/06\/file1-18-1024x768.jpeg 1024w, https:\/\/www.kilians.com\/wp-content\/uploads\/2019\/06\/file1-18-768x576.jpeg 768w, https:\/\/www.kilians.com\/wp-content\/uploads\/2019\/06\/file1-18-750x563.jpeg 750w, https:\/\/www.kilians.com\/wp-content\/uploads\/2019\/06\/file1-18.jpeg 1600w\" sizes=\"auto, (max-width: 1024px) 100vw, 1024px\" \/><\/figure><\/li><li class=\"blocks-gallery-item\"><figure><img loading=\"lazy\" decoding=\"async\" width=\"1024\" height=\"768\" src=\"https:\/\/www.kilians.com\/wp-content\/uploads\/2019\/06\/file4-15-1024x768.jpeg\" alt=\"\" data-id=\"33406\" data-link=\"https:\/\/www.kilians.com\/?attachment_id=33406\" class=\"wp-image-33406\" srcset=\"https:\/\/www.kilians.com\/wp-content\/uploads\/2019\/06\/file4-15-1024x768.jpeg 1024w, https:\/\/www.kilians.com\/wp-content\/uploads\/2019\/06\/file4-15-768x576.jpeg 768w, https:\/\/www.kilians.com\/wp-content\/uploads\/2019\/06\/file4-15-750x563.jpeg 750w, https:\/\/www.kilians.com\/wp-content\/uploads\/2019\/06\/file4-15.jpeg 1600w\" sizes=\"auto, (max-width: 1024px) 100vw, 1024px\" \/><\/figure><\/li><li class=\"blocks-gallery-item\"><figure><img loading=\"lazy\" decoding=\"async\" width=\"1024\" height=\"768\" src=\"https:\/\/www.kilians.com\/wp-content\/uploads\/2019\/06\/file5-14-1024x768.jpeg\" alt=\"\" data-id=\"33408\" data-link=\"https:\/\/www.kilians.com\/?attachment_id=33408\" class=\"wp-image-33408\" srcset=\"https:\/\/www.kilians.com\/wp-content\/uploads\/2019\/06\/file5-14-1024x768.jpeg 1024w, https:\/\/www.kilians.com\/wp-content\/uploads\/2019\/06\/file5-14-768x576.jpeg 768w, https:\/\/www.kilians.com\/wp-content\/uploads\/2019\/06\/file5-14-750x563.jpeg 750w, https:\/\/www.kilians.com\/wp-content\/uploads\/2019\/06\/file5-14.jpeg 1600w\" sizes=\"auto, (max-width: 1024px) 100vw, 1024px\" \/><\/figure><\/li><li class=\"blocks-gallery-item\"><figure><img loading=\"lazy\" decoding=\"async\" width=\"640\" height=\"427\" src=\"https:\/\/www.kilians.com\/wp-content\/uploads\/2019\/06\/IMG_2525_best-640x427-1.jpg\" alt=\"\" data-id=\"33412\" data-link=\"https:\/\/www.kilians.com\/?attachment_id=33412\" class=\"wp-image-33412\" srcset=\"https:\/\/www.kilians.com\/wp-content\/uploads\/2019\/06\/IMG_2525_best-640x427-1.jpg 640w, https:\/\/www.kilians.com\/wp-content\/uploads\/2019\/06\/IMG_2525_best-640x427-1-150x100.jpg 150w\" sizes=\"auto, (max-width: 640px) 100vw, 640px\" \/><\/figure><\/li><\/ul>\n\n\n\n<p><em>Sin\u00e9ad Barry<\/em><\/p>\n","protected":false},"excerpt":{"rendered":"<p>An einem strahlenden Morgen im Mai machten sich die 6A und 6B auf den Weg nach Col\u00e1iste na Rosann in Annagry, County Donegal. 42 Kinder&#8230; <a class=\"find-out-more-link\" href=\"https:\/\/www.kilians.com\/de\/news\/2019\/irish-college-2019\/\">Weiterlesen<\/a> <\/p>\n","protected":false},"author":1,"featured_media":33405,"comment_status":"closed","ping_status":"closed","sticky":false,"template":"","format":"standard","meta":{"footnotes":""},"categories":[6,192],"tags":[],"class_list":{"0":"post-33414","1":"post","2":"type-post","3":"status-publish","4":"format-standard","5":"has-post-thumbnail","7":"category-nachrichten","8":"category-primary-school-de","9":"entry"},"yoast_head":"<!-- This site is optimized with the Yoast SEO plugin v17.2.1 - https:\/\/yoast.com\/wordpress\/plugins\/seo\/ -->\n<meta name=\"robots\" content=\"index, follow, max-snippet:-1, max-image-preview:large, max-video-preview:-1\" \/>\n<link rel=\"canonical\" href=\"https:\/\/www.kilians.com\/de\/news\/2019\/irish-college-2019\/\" \/>\n<meta property=\"og:locale\" content=\"de_DE\" \/>\n<meta property=\"og:type\" content=\"article\" \/>\n<meta property=\"og:title\" content=\"Schulwoche im irischsprachigen Donegal 2019 - St. Kilian&#039;s German School, Dublin\" \/>\n<meta property=\"og:description\" content=\"An einem strahlenden Morgen im Mai machten sich die 6A und 6B auf den Weg nach Col\u00e1iste na Rosann in Annagry, County Donegal. 42 Kinder... Weiterlesen\" \/>\n<meta property=\"og:url\" content=\"https:\/\/www.kilians.com\/de\/news\/2019\/irish-college-2019\/\" \/>\n<meta property=\"og:site_name\" content=\"St. Kilian&#039;s German School, Dublin\" \/>\n<meta property=\"article:published_time\" content=\"2019-06-14T10:13:30+00:00\" \/>\n<meta property=\"article:modified_time\" content=\"2019-06-14T10:21:59+00:00\" \/>\n<meta property=\"og:image\" content=\"https:\/\/www.kilians.com\/wp-content\/uploads\/2019\/06\/file1-18.jpeg\" \/>\n\t<meta property=\"og:image:width\" content=\"1600\" \/>\n\t<meta property=\"og:image:height\" content=\"1200\" \/>\n<meta name=\"twitter:card\" content=\"summary\" \/>\n<meta name=\"twitter:label1\" content=\"Verfasst von\" \/>\n\t<meta name=\"twitter:data1\" content=\"marketingadmin\" \/>\n\t<meta name=\"twitter:label2\" content=\"Gesch\u00e4tzte Lesezeit\" \/>\n\t<meta name=\"twitter:data2\" content=\"2 minutes\" \/>\n<script type=\"application\/ld+json\" class=\"yoast-schema-graph\">{\"@context\":\"https:\/\/schema.org\",\"@graph\":[{\"@type\":\"Organization\",\"@id\":\"https:\/\/www.kilians.com\/#organization\",\"name\":\"St. Kilian's\",\"url\":\"https:\/\/www.kilians.com\/\",\"sameAs\":[],\"logo\":{\"@type\":\"ImageObject\",\"@id\":\"https:\/\/www.kilians.com\/#logo\",\"inLanguage\":\"de-DE\",\"url\":\"https:\/\/www.kilians.com\/wp-content\/uploads\/2017\/02\/StKilians_MasterLogo_Colour-1.png\",\"contentUrl\":\"https:\/\/www.kilians.com\/wp-content\/uploads\/2017\/02\/StKilians_MasterLogo_Colour-1.png\",\"width\":768,\"height\":1240,\"caption\":\"St. Kilian's\"},\"image\":{\"@id\":\"https:\/\/www.kilians.com\/#logo\"}},{\"@type\":\"WebSite\",\"@id\":\"https:\/\/www.kilians.com\/#website\",\"url\":\"https:\/\/www.kilians.com\/\",\"name\":\"St. Kilian&#039;s German School, Dublin\",\"description\":\"\",\"publisher\":{\"@id\":\"https:\/\/www.kilians.com\/#organization\"},\"potentialAction\":[{\"@type\":\"SearchAction\",\"target\":{\"@type\":\"EntryPoint\",\"urlTemplate\":\"https:\/\/www.kilians.com\/?s={search_term_string}\"},\"query-input\":\"required name=search_term_string\"}],\"inLanguage\":\"de-DE\"},{\"@type\":\"ImageObject\",\"@id\":\"https:\/\/www.kilians.com\/de\/news\/2019\/irish-college-2019\/#primaryimage\",\"inLanguage\":\"de-DE\",\"url\":\"https:\/\/www.kilians.com\/wp-content\/uploads\/2019\/06\/file1-18.jpeg\",\"contentUrl\":\"https:\/\/www.kilians.com\/wp-content\/uploads\/2019\/06\/file1-18.jpeg\",\"width\":1600,\"height\":1200},{\"@type\":\"WebPage\",\"@id\":\"https:\/\/www.kilians.com\/de\/news\/2019\/irish-college-2019\/#webpage\",\"url\":\"https:\/\/www.kilians.com\/de\/news\/2019\/irish-college-2019\/\",\"name\":\"Schulwoche im irischsprachigen Donegal 2019 - St. Kilian&#039;s German School, Dublin\",\"isPartOf\":{\"@id\":\"https:\/\/www.kilians.com\/#website\"},\"primaryImageOfPage\":{\"@id\":\"https:\/\/www.kilians.com\/de\/news\/2019\/irish-college-2019\/#primaryimage\"},\"datePublished\":\"2019-06-14T10:13:30+00:00\",\"dateModified\":\"2019-06-14T10:21:59+00:00\",\"breadcrumb\":{\"@id\":\"https:\/\/www.kilians.com\/de\/news\/2019\/irish-college-2019\/#breadcrumb\"},\"inLanguage\":\"de-DE\",\"potentialAction\":[{\"@type\":\"ReadAction\",\"target\":[\"https:\/\/www.kilians.com\/de\/news\/2019\/irish-college-2019\/\"]}]},{\"@type\":\"BreadcrumbList\",\"@id\":\"https:\/\/www.kilians.com\/de\/news\/2019\/irish-college-2019\/#breadcrumb\",\"itemListElement\":[{\"@type\":\"ListItem\",\"position\":1,\"name\":\"Home\",\"item\":\"https:\/\/www.kilians.com\/de\/\"},{\"@type\":\"ListItem\",\"position\":2,\"name\":\"Schulwoche im irischsprachigen Donegal 2019\"}]},{\"@type\":\"Article\",\"@id\":\"https:\/\/www.kilians.com\/de\/news\/2019\/irish-college-2019\/#article\",\"isPartOf\":{\"@id\":\"https:\/\/www.kilians.com\/de\/news\/2019\/irish-college-2019\/#webpage\"},\"author\":{\"@id\":\"https:\/\/www.kilians.com\/#\/schema\/person\/d66fd270fc10b6a48b300e500c5f9edd\"},\"headline\":\"Schulwoche im irischsprachigen Donegal 2019\",\"datePublished\":\"2019-06-14T10:13:30+00:00\",\"dateModified\":\"2019-06-14T10:21:59+00:00\",\"mainEntityOfPage\":{\"@id\":\"https:\/\/www.kilians.com\/de\/news\/2019\/irish-college-2019\/#webpage\"},\"wordCount\":371,\"publisher\":{\"@id\":\"https:\/\/www.kilians.com\/#organization\"},\"image\":{\"@id\":\"https:\/\/www.kilians.com\/de\/news\/2019\/irish-college-2019\/#primaryimage\"},\"thumbnailUrl\":\"https:\/\/www.kilians.com\/wp-content\/uploads\/2019\/06\/file1-18.jpeg\",\"articleSection\":[\"Nachrichten\",\"Primary School\"],\"inLanguage\":\"de-DE\"},{\"@type\":\"Person\",\"@id\":\"https:\/\/www.kilians.com\/#\/schema\/person\/d66fd270fc10b6a48b300e500c5f9edd\",\"name\":\"marketingadmin\",\"url\":\"https:\/\/www.kilians.com\/de\/news\/author\/marketingadmin\/\"}]}<\/script>\n<!-- \/ Yoast SEO plugin. -->","yoast_head_json":{"robots":{"index":"index","follow":"follow","max-snippet":"max-snippet:-1","max-image-preview":"max-image-preview:large","max-video-preview":"max-video-preview:-1"},"canonical":"https:\/\/www.kilians.com\/de\/news\/2019\/irish-college-2019\/","og_locale":"de_DE","og_type":"article","og_title":"Schulwoche im irischsprachigen Donegal 2019 - St. Kilian&#039;s German School, Dublin","og_description":"An einem strahlenden Morgen im Mai machten sich die 6A und 6B auf den Weg nach Col\u00e1iste na Rosann in Annagry, County Donegal. 42 Kinder... Weiterlesen","og_url":"https:\/\/www.kilians.com\/de\/news\/2019\/irish-college-2019\/","og_site_name":"St. Kilian&#039;s German School, Dublin","article_published_time":"2019-06-14T10:13:30+00:00","article_modified_time":"2019-06-14T10:21:59+00:00","og_image":[{"width":1600,"height":1200,"url":"https:\/\/www.kilians.com\/wp-content\/uploads\/2019\/06\/file1-18.jpeg","path":"\/nas\/content\/live\/kilians\/wp-content\/uploads\/2019\/06\/file1-18.jpeg","size":"full","id":33405,"alt":"","pixels":1920000,"type":"image\/jpeg"}],"twitter_card":"summary","twitter_misc":{"Verfasst von":"marketingadmin","Gesch\u00e4tzte Lesezeit":"2 minutes"},"schema":{"@context":"https:\/\/schema.org","@graph":[{"@type":"Organization","@id":"https:\/\/www.kilians.com\/#organization","name":"St. Kilian's","url":"https:\/\/www.kilians.com\/","sameAs":[],"logo":{"@type":"ImageObject","@id":"https:\/\/www.kilians.com\/#logo","inLanguage":"de-DE","url":"https:\/\/www.kilians.com\/wp-content\/uploads\/2017\/02\/StKilians_MasterLogo_Colour-1.png","contentUrl":"https:\/\/www.kilians.com\/wp-content\/uploads\/2017\/02\/StKilians_MasterLogo_Colour-1.png","width":768,"height":1240,"caption":"St. Kilian's"},"image":{"@id":"https:\/\/www.kilians.com\/#logo"}},{"@type":"WebSite","@id":"https:\/\/www.kilians.com\/#website","url":"https:\/\/www.kilians.com\/","name":"St. Kilian&#039;s German School, Dublin","description":"","publisher":{"@id":"https:\/\/www.kilians.com\/#organization"},"potentialAction":[{"@type":"SearchAction","target":{"@type":"EntryPoint","urlTemplate":"https:\/\/www.kilians.com\/?s={search_term_string}"},"query-input":"required name=search_term_string"}],"inLanguage":"de-DE"},{"@type":"ImageObject","@id":"https:\/\/www.kilians.com\/de\/news\/2019\/irish-college-2019\/#primaryimage","inLanguage":"de-DE","url":"https:\/\/www.kilians.com\/wp-content\/uploads\/2019\/06\/file1-18.jpeg","contentUrl":"https:\/\/www.kilians.com\/wp-content\/uploads\/2019\/06\/file1-18.jpeg","width":1600,"height":1200},{"@type":"WebPage","@id":"https:\/\/www.kilians.com\/de\/news\/2019\/irish-college-2019\/#webpage","url":"https:\/\/www.kilians.com\/de\/news\/2019\/irish-college-2019\/","name":"Schulwoche im irischsprachigen Donegal 2019 - St. Kilian&#039;s German School, Dublin","isPartOf":{"@id":"https:\/\/www.kilians.com\/#website"},"primaryImageOfPage":{"@id":"https:\/\/www.kilians.com\/de\/news\/2019\/irish-college-2019\/#primaryimage"},"datePublished":"2019-06-14T10:13:30+00:00","dateModified":"2019-06-14T10:21:59+00:00","breadcrumb":{"@id":"https:\/\/www.kilians.com\/de\/news\/2019\/irish-college-2019\/#breadcrumb"},"inLanguage":"de-DE","potentialAction":[{"@type":"ReadAction","target":["https:\/\/www.kilians.com\/de\/news\/2019\/irish-college-2019\/"]}]},{"@type":"BreadcrumbList","@id":"https:\/\/www.kilians.com\/de\/news\/2019\/irish-college-2019\/#breadcrumb","itemListElement":[{"@type":"ListItem","position":1,"name":"Home","item":"https:\/\/www.kilians.com\/de\/"},{"@type":"ListItem","position":2,"name":"Schulwoche im irischsprachigen Donegal 2019"}]},{"@type":"Article","@id":"https:\/\/www.kilians.com\/de\/news\/2019\/irish-college-2019\/#article","isPartOf":{"@id":"https:\/\/www.kilians.com\/de\/news\/2019\/irish-college-2019\/#webpage"},"author":{"@id":"https:\/\/www.kilians.com\/#\/schema\/person\/d66fd270fc10b6a48b300e500c5f9edd"},"headline":"Schulwoche im irischsprachigen Donegal 2019","datePublished":"2019-06-14T10:13:30+00:00","dateModified":"2019-06-14T10:21:59+00:00","mainEntityOfPage":{"@id":"https:\/\/www.kilians.com\/de\/news\/2019\/irish-college-2019\/#webpage"},"wordCount":371,"publisher":{"@id":"https:\/\/www.kilians.com\/#organization"},"image":{"@id":"https:\/\/www.kilians.com\/de\/news\/2019\/irish-college-2019\/#primaryimage"},"thumbnailUrl":"https:\/\/www.kilians.com\/wp-content\/uploads\/2019\/06\/file1-18.jpeg","articleSection":["Nachrichten","Primary School"],"inLanguage":"de-DE"},{"@type":"Person","@id":"https:\/\/www.kilians.com\/#\/schema\/person\/d66fd270fc10b6a48b300e500c5f9edd","name":"marketingadmin","url":"https:\/\/www.kilians.com\/de\/news\/author\/marketingadmin\/"}]}},"_links":{"self":[{"href":"https:\/\/www.kilians.com\/de\/wp-json\/wp\/v2\/posts\/33414\/"}],"collection":[{"href":"https:\/\/www.kilians.com\/de\/wp-json\/wp\/v2\/posts\/"}],"about":[{"href":"https:\/\/www.kilians.com\/de\/wp-json\/wp\/v2\/types\/post\/"}],"author":[{"embeddable":true,"href":"https:\/\/www.kilians.com\/de\/wp-json\/wp\/v2\/users\/1\/"}],"replies":[{"embeddable":true,"href":"https:\/\/www.kilians.com\/de\/wp-json\/wp\/v2\/comments\/?post=33414"}],"version-history":[{"count":0,"href":"https:\/\/www.kilians.com\/de\/wp-json\/wp\/v2\/posts\/33414\/revisions\/"}],"wp:featuredmedia":[{"embeddable":true,"href":"https:\/\/www.kilians.com\/de\/wp-json\/wp\/v2\/media\/33405\/"}],"wp:attachment":[{"href":"https:\/\/www.kilians.com\/de\/wp-json\/wp\/v2\/media\/?parent=33414"}],"wp:term":[{"taxonomy":"category","embeddable":true,"href":"https:\/\/www.kilians.com\/de\/wp-json\/wp\/v2\/categories\/?post=33414"},{"taxonomy":"post_tag","embeddable":true,"href":"https:\/\/www.kilians.com\/de\/wp-json\/wp\/v2\/tags\/?post=33414"}],"curies":[{"name":"wp","href":"https:\/\/api.w.org\/{rel}","templated":true}]}}