{"id":34791,"date":"2020-03-17T12:22:08","date_gmt":"2020-03-17T12:22:08","guid":{"rendered":"https:\/\/www.kilians.com\/news\/2020\/happy-st-patricks-day\/"},"modified":"2020-03-17T12:27:51","modified_gmt":"2020-03-17T12:27:51","slug":"happy-st-patricks-day","status":"publish","type":"post","link":"https:\/\/www.kilians.com\/de\/news\/2020\/happy-st-patricks-day\/","title":{"rendered":"Happy St. Patrick&#8217;s Day"},"content":{"rendered":"\n<p class=\"wp-block-paragraph\">Trotz der ungew\u00f6hnlichen Situation, in der wir uns alle befinden, hat unsere Ms Black die Sch\u00fclerinnen und Sch\u00fcler ermutigt, das Beste daraus zu machen und an diesem St. Patrick&#8217;s Day kreativ zu sein, indem sie sich der Online-Initiative #VirtualParade anschlie\u00dfen. <\/p>\n\n\n\n<p class=\"wp-block-paragraph\">Kinder vom Kindergarten bis zur 6. Klasse haben ein Foto oder Poster entworfen &#8211; gro\u00dfen Dank an alle. Wir konnten dieses Jahr nicht unsere \u00fcbliche lustige, laute Schulversammlung abhalten; dieses Jahr ist etwas leiser, bringt uns aber trotzdem alle zusammen. <\/p>\n\n\n\n<p class=\"wp-block-paragraph\">Nachstehend die sch\u00f6nen Kunstwerke unserer Grundsch\u00fcler &#8211; wir hoffen, Sie genie\u00dfen unsere virtuelle Parade! Wir w\u00fcnschen einen sch\u00f6nen St. Patrick&#8217;s Day.<\/p>\n\n\n\n<figure class=\"wp-block-embed-slideshare wp-block-embed is-type-rich is-provider-slideshare wp-embed-aspect-1-1 wp-has-aspect-ratio\"><div class=\"wp-block-embed__wrapper\">\n<iframe loading=\"lazy\" title=\"Happy St. Patrick&#039;s Day\" src=\"https:\/\/www.slideshare.net\/slideshow\/embed_code\/key\/wseIWy0dhU7cYX\" width=\"427\" height=\"356\" frameborder=\"0\" marginwidth=\"0\" marginheight=\"0\" scrolling=\"no\" style=\"border:1px solid #CCC; border-width:1px; margin-bottom:5px; max-width: 100%;\" allowfullscreen> <\/iframe> <div style=\"margin-bottom:5px\"> <strong> <a href=\"https:\/\/www.slideshare.net\/annetteblack6\/happy-st-patricks-day-230392036\" title=\"Happy St. Patrick&#x27;s Day\" target=\"_blank\">Happy St. Patrick&#x27;s Day<\/a> <\/strong> from <strong><a href=\"https:\/\/www.slideshare.net\/annetteblack6\" target=\"_blank\">annetteblack6<\/a><\/strong> <\/div>\n<\/div><\/figure>\n\n\n\n<p class=\"wp-block-paragraph\"><\/p>\n","protected":false},"excerpt":{"rendered":"<p>Trotz der ungew\u00f6hnlichen Situation, in der wir uns alle befinden, hat unsere Ms Black die Sch\u00fclerinnen und Sch\u00fcler ermutigt, das Beste daraus zu machen und&#8230; <a class=\"find-out-more-link\" href=\"https:\/\/www.kilians.com\/de\/news\/2020\/happy-st-patricks-day\/\">Weiterlesen<\/a> <\/p>\n","protected":false},"author":1,"featured_media":34790,"comment_status":"closed","ping_status":"closed","sticky":false,"template":"","format":"standard","meta":{"footnotes":""},"categories":[6],"tags":[],"class_list":["post-34791","post","type-post","status-publish","format-standard","has-post-thumbnail","category-nachrichten","entry"],"yoast_head":"<!-- This site is optimized with the Yoast SEO plugin v17.2.1 - https:\/\/yoast.com\/wordpress\/plugins\/seo\/ -->\n<meta name=\"robots\" content=\"index, follow, max-snippet:-1, max-image-preview:large, max-video-preview:-1\" \/>\n<link rel=\"canonical\" href=\"https:\/\/www.kilians.com\/de\/news\/2020\/happy-st-patricks-day\/\" \/>\n<meta property=\"og:locale\" content=\"de_DE\" \/>\n<meta property=\"og:type\" content=\"article\" \/>\n<meta property=\"og:title\" content=\"Happy St. Patrick&#039;s Day - St. Kilian&#039;s German School, Dublin\" \/>\n<meta property=\"og:description\" content=\"Trotz der ungew\u00f6hnlichen Situation, in der wir uns alle befinden, hat unsere Ms Black die Sch\u00fclerinnen und Sch\u00fcler ermutigt, das Beste daraus zu machen und... Weiterlesen\" \/>\n<meta property=\"og:url\" content=\"https:\/\/www.kilians.com\/de\/news\/2020\/happy-st-patricks-day\/\" \/>\n<meta property=\"og:site_name\" content=\"St. Kilian&#039;s German School, Dublin\" \/>\n<meta property=\"article:published_time\" content=\"2020-03-17T12:22:08+00:00\" \/>\n<meta property=\"article:modified_time\" content=\"2020-03-17T12:27:51+00:00\" \/>\n<meta property=\"og:image\" content=\"https:\/\/www.kilians.com\/wp-content\/uploads\/2020\/03\/paddys.png\" \/>\n\t<meta property=\"og:image:width\" content=\"939\" \/>\n\t<meta property=\"og:image:height\" content=\"656\" \/>\n<meta name=\"twitter:card\" content=\"summary\" \/>\n<meta name=\"twitter:label1\" content=\"Verfasst von\" \/>\n\t<meta name=\"twitter:data1\" content=\"marketingadmin\" \/>\n\t<meta name=\"twitter:label2\" content=\"Gesch\u00e4tzte Lesezeit\" \/>\n\t<meta name=\"twitter:data2\" content=\"1 minute\" \/>\n<script type=\"application\/ld+json\" class=\"yoast-schema-graph\">{\"@context\":\"https:\/\/schema.org\",\"@graph\":[{\"@type\":\"Organization\",\"@id\":\"https:\/\/www.kilians.com\/#organization\",\"name\":\"St. Kilian's\",\"url\":\"https:\/\/www.kilians.com\/\",\"sameAs\":[],\"logo\":{\"@type\":\"ImageObject\",\"@id\":\"https:\/\/www.kilians.com\/#logo\",\"inLanguage\":\"de-DE\",\"url\":\"https:\/\/www.kilians.com\/wp-content\/uploads\/2017\/02\/StKilians_MasterLogo_Colour-1.png\",\"contentUrl\":\"https:\/\/www.kilians.com\/wp-content\/uploads\/2017\/02\/StKilians_MasterLogo_Colour-1.png\",\"width\":768,\"height\":1240,\"caption\":\"St. Kilian's\"},\"image\":{\"@id\":\"https:\/\/www.kilians.com\/#logo\"}},{\"@type\":\"WebSite\",\"@id\":\"https:\/\/www.kilians.com\/#website\",\"url\":\"https:\/\/www.kilians.com\/\",\"name\":\"St. Kilian&#039;s German School, Dublin\",\"description\":\"\",\"publisher\":{\"@id\":\"https:\/\/www.kilians.com\/#organization\"},\"potentialAction\":[{\"@type\":\"SearchAction\",\"target\":{\"@type\":\"EntryPoint\",\"urlTemplate\":\"https:\/\/www.kilians.com\/?s={search_term_string}\"},\"query-input\":\"required name=search_term_string\"}],\"inLanguage\":\"de-DE\"},{\"@type\":\"ImageObject\",\"@id\":\"https:\/\/www.kilians.com\/de\/news\/2020\/happy-st-patricks-day\/#primaryimage\",\"inLanguage\":\"de-DE\",\"url\":\"https:\/\/www.kilians.com\/wp-content\/uploads\/2020\/03\/paddys.png\",\"contentUrl\":\"https:\/\/www.kilians.com\/wp-content\/uploads\/2020\/03\/paddys.png\",\"width\":939,\"height\":656},{\"@type\":\"WebPage\",\"@id\":\"https:\/\/www.kilians.com\/de\/news\/2020\/happy-st-patricks-day\/#webpage\",\"url\":\"https:\/\/www.kilians.com\/de\/news\/2020\/happy-st-patricks-day\/\",\"name\":\"Happy St. Patrick's Day - St. Kilian&#039;s German School, Dublin\",\"isPartOf\":{\"@id\":\"https:\/\/www.kilians.com\/#website\"},\"primaryImageOfPage\":{\"@id\":\"https:\/\/www.kilians.com\/de\/news\/2020\/happy-st-patricks-day\/#primaryimage\"},\"datePublished\":\"2020-03-17T12:22:08+00:00\",\"dateModified\":\"2020-03-17T12:27:51+00:00\",\"breadcrumb\":{\"@id\":\"https:\/\/www.kilians.com\/de\/news\/2020\/happy-st-patricks-day\/#breadcrumb\"},\"inLanguage\":\"de-DE\",\"potentialAction\":[{\"@type\":\"ReadAction\",\"target\":[\"https:\/\/www.kilians.com\/de\/news\/2020\/happy-st-patricks-day\/\"]}]},{\"@type\":\"BreadcrumbList\",\"@id\":\"https:\/\/www.kilians.com\/de\/news\/2020\/happy-st-patricks-day\/#breadcrumb\",\"itemListElement\":[{\"@type\":\"ListItem\",\"position\":1,\"name\":\"Home\",\"item\":\"https:\/\/www.kilians.com\/de\/\"},{\"@type\":\"ListItem\",\"position\":2,\"name\":\"Happy St. Patrick&#8217;s Day\"}]},{\"@type\":\"Article\",\"@id\":\"https:\/\/www.kilians.com\/de\/news\/2020\/happy-st-patricks-day\/#article\",\"isPartOf\":{\"@id\":\"https:\/\/www.kilians.com\/de\/news\/2020\/happy-st-patricks-day\/#webpage\"},\"author\":{\"@id\":\"https:\/\/www.kilians.com\/#\/schema\/person\/d66fd270fc10b6a48b300e500c5f9edd\"},\"headline\":\"Happy St. Patrick&#8217;s Day\",\"datePublished\":\"2020-03-17T12:22:08+00:00\",\"dateModified\":\"2020-03-17T12:27:51+00:00\",\"mainEntityOfPage\":{\"@id\":\"https:\/\/www.kilians.com\/de\/news\/2020\/happy-st-patricks-day\/#webpage\"},\"wordCount\":120,\"publisher\":{\"@id\":\"https:\/\/www.kilians.com\/#organization\"},\"image\":{\"@id\":\"https:\/\/www.kilians.com\/de\/news\/2020\/happy-st-patricks-day\/#primaryimage\"},\"thumbnailUrl\":\"https:\/\/www.kilians.com\/wp-content\/uploads\/2020\/03\/paddys.png\",\"articleSection\":[\"Nachrichten\"],\"inLanguage\":\"de-DE\"},{\"@type\":\"Person\",\"@id\":\"https:\/\/www.kilians.com\/#\/schema\/person\/d66fd270fc10b6a48b300e500c5f9edd\",\"name\":\"marketingadmin\",\"url\":\"https:\/\/www.kilians.com\/de\/news\/author\/marketingadmin\/\"}]}<\/script>\n<!-- \/ Yoast SEO plugin. -->","yoast_head_json":{"robots":{"index":"index","follow":"follow","max-snippet":"max-snippet:-1","max-image-preview":"max-image-preview:large","max-video-preview":"max-video-preview:-1"},"canonical":"https:\/\/www.kilians.com\/de\/news\/2020\/happy-st-patricks-day\/","og_locale":"de_DE","og_type":"article","og_title":"Happy St. Patrick's Day - St. Kilian&#039;s German School, Dublin","og_description":"Trotz der ungew\u00f6hnlichen Situation, in der wir uns alle befinden, hat unsere Ms Black die Sch\u00fclerinnen und Sch\u00fcler ermutigt, das Beste daraus zu machen und... Weiterlesen","og_url":"https:\/\/www.kilians.com\/de\/news\/2020\/happy-st-patricks-day\/","og_site_name":"St. Kilian&#039;s German School, Dublin","article_published_time":"2020-03-17T12:22:08+00:00","article_modified_time":"2020-03-17T12:27:51+00:00","og_image":[{"width":939,"height":656,"url":"https:\/\/www.kilians.com\/wp-content\/uploads\/2020\/03\/paddys.png","path":"\/nas\/content\/live\/kilians\/wp-content\/uploads\/2020\/03\/paddys.png","size":"full","id":34790,"alt":"","pixels":615984,"type":"image\/png"}],"twitter_card":"summary","twitter_misc":{"Verfasst von":"marketingadmin","Gesch\u00e4tzte Lesezeit":"1 minute"},"schema":{"@context":"https:\/\/schema.org","@graph":[{"@type":"Organization","@id":"https:\/\/www.kilians.com\/#organization","name":"St. Kilian's","url":"https:\/\/www.kilians.com\/","sameAs":[],"logo":{"@type":"ImageObject","@id":"https:\/\/www.kilians.com\/#logo","inLanguage":"de-DE","url":"https:\/\/www.kilians.com\/wp-content\/uploads\/2017\/02\/StKilians_MasterLogo_Colour-1.png","contentUrl":"https:\/\/www.kilians.com\/wp-content\/uploads\/2017\/02\/StKilians_MasterLogo_Colour-1.png","width":768,"height":1240,"caption":"St. Kilian's"},"image":{"@id":"https:\/\/www.kilians.com\/#logo"}},{"@type":"WebSite","@id":"https:\/\/www.kilians.com\/#website","url":"https:\/\/www.kilians.com\/","name":"St. Kilian&#039;s German School, Dublin","description":"","publisher":{"@id":"https:\/\/www.kilians.com\/#organization"},"potentialAction":[{"@type":"SearchAction","target":{"@type":"EntryPoint","urlTemplate":"https:\/\/www.kilians.com\/?s={search_term_string}"},"query-input":"required name=search_term_string"}],"inLanguage":"de-DE"},{"@type":"ImageObject","@id":"https:\/\/www.kilians.com\/de\/news\/2020\/happy-st-patricks-day\/#primaryimage","inLanguage":"de-DE","url":"https:\/\/www.kilians.com\/wp-content\/uploads\/2020\/03\/paddys.png","contentUrl":"https:\/\/www.kilians.com\/wp-content\/uploads\/2020\/03\/paddys.png","width":939,"height":656},{"@type":"WebPage","@id":"https:\/\/www.kilians.com\/de\/news\/2020\/happy-st-patricks-day\/#webpage","url":"https:\/\/www.kilians.com\/de\/news\/2020\/happy-st-patricks-day\/","name":"Happy St. Patrick's Day - St. Kilian&#039;s German School, Dublin","isPartOf":{"@id":"https:\/\/www.kilians.com\/#website"},"primaryImageOfPage":{"@id":"https:\/\/www.kilians.com\/de\/news\/2020\/happy-st-patricks-day\/#primaryimage"},"datePublished":"2020-03-17T12:22:08+00:00","dateModified":"2020-03-17T12:27:51+00:00","breadcrumb":{"@id":"https:\/\/www.kilians.com\/de\/news\/2020\/happy-st-patricks-day\/#breadcrumb"},"inLanguage":"de-DE","potentialAction":[{"@type":"ReadAction","target":["https:\/\/www.kilians.com\/de\/news\/2020\/happy-st-patricks-day\/"]}]},{"@type":"BreadcrumbList","@id":"https:\/\/www.kilians.com\/de\/news\/2020\/happy-st-patricks-day\/#breadcrumb","itemListElement":[{"@type":"ListItem","position":1,"name":"Home","item":"https:\/\/www.kilians.com\/de\/"},{"@type":"ListItem","position":2,"name":"Happy St. Patrick&#8217;s Day"}]},{"@type":"Article","@id":"https:\/\/www.kilians.com\/de\/news\/2020\/happy-st-patricks-day\/#article","isPartOf":{"@id":"https:\/\/www.kilians.com\/de\/news\/2020\/happy-st-patricks-day\/#webpage"},"author":{"@id":"https:\/\/www.kilians.com\/#\/schema\/person\/d66fd270fc10b6a48b300e500c5f9edd"},"headline":"Happy St. Patrick&#8217;s Day","datePublished":"2020-03-17T12:22:08+00:00","dateModified":"2020-03-17T12:27:51+00:00","mainEntityOfPage":{"@id":"https:\/\/www.kilians.com\/de\/news\/2020\/happy-st-patricks-day\/#webpage"},"wordCount":120,"publisher":{"@id":"https:\/\/www.kilians.com\/#organization"},"image":{"@id":"https:\/\/www.kilians.com\/de\/news\/2020\/happy-st-patricks-day\/#primaryimage"},"thumbnailUrl":"https:\/\/www.kilians.com\/wp-content\/uploads\/2020\/03\/paddys.png","articleSection":["Nachrichten"],"inLanguage":"de-DE"},{"@type":"Person","@id":"https:\/\/www.kilians.com\/#\/schema\/person\/d66fd270fc10b6a48b300e500c5f9edd","name":"marketingadmin","url":"https:\/\/www.kilians.com\/de\/news\/author\/marketingadmin\/"}]}},"_links":{"self":[{"href":"https:\/\/www.kilians.com\/de\/wp-json\/wp\/v2\/posts\/34791\/"}],"collection":[{"href":"https:\/\/www.kilians.com\/de\/wp-json\/wp\/v2\/posts\/"}],"about":[{"href":"https:\/\/www.kilians.com\/de\/wp-json\/wp\/v2\/types\/post\/"}],"author":[{"embeddable":true,"href":"https:\/\/www.kilians.com\/de\/wp-json\/wp\/v2\/users\/1\/"}],"replies":[{"embeddable":true,"href":"https:\/\/www.kilians.com\/de\/wp-json\/wp\/v2\/comments\/?post=34791"}],"version-history":[{"count":0,"href":"https:\/\/www.kilians.com\/de\/wp-json\/wp\/v2\/posts\/34791\/revisions\/"}],"wp:featuredmedia":[{"embeddable":true,"href":"https:\/\/www.kilians.com\/de\/wp-json\/wp\/v2\/media\/34790\/"}],"wp:attachment":[{"href":"https:\/\/www.kilians.com\/de\/wp-json\/wp\/v2\/media\/?parent=34791"}],"wp:term":[{"taxonomy":"category","embeddable":true,"href":"https:\/\/www.kilians.com\/de\/wp-json\/wp\/v2\/categories\/?post=34791"},{"taxonomy":"post_tag","embeddable":true,"href":"https:\/\/www.kilians.com\/de\/wp-json\/wp\/v2\/tags\/?post=34791"}],"curies":[{"name":"wp","href":"https:\/\/api.w.org\/{rel}","templated":true}]}}