{"id":35646,"date":"2020-11-09T20:38:31","date_gmt":"2020-11-09T20:38:31","guid":{"rendered":"https:\/\/www.kilians.com\/news\/2020\/award-winning-journalist-speaks-to-ty\/"},"modified":"2020-11-09T20:48:23","modified_gmt":"2020-11-09T20:48:23","slug":"award-winning-journalist-speaks-to-ty","status":"publish","type":"post","link":"https:\/\/www.kilians.com\/de\/news\/2020\/award-winning-journalist-speaks-to-ty\/","title":{"rendered":"Spitzenjournalistin im Gespr\u00e4ch mit der 10. Klasse"},"content":{"rendered":"\n<p>Ein gro\u00dfes Dankesch\u00f6n an Sally Hayden, freie Journalistin und ehemalige Sch\u00fclerin von St. Kilian&#8217;s, f\u00fcr ihren heutigen faszinierenden Vortrag f\u00fcr unsere Sch\u00fcler*innen der 10. Klasse.<\/p>\n\n\n\n<p>Sally sprach \u00fcber ihre aufregende Karriere, von Praktika bei verschiedenen Zeitungen und Nachrichtensendern wie CNN und <em>Financial Times <\/em>bis hin zu ihrer derzeitigen Situation als freiberufliche Journalistin, die \u00fcber wichtige weltweite Themen berichtet. Sie erz\u00e4hlte uns, wie sie Weihnachten auf einem Fl\u00fcchtlingsschiff verbracht hatte, und sprach \u00fcber die Besessenheit vieler afrikanischer L\u00e4nder mit der irischen Boy-Band Westlife. Ihre Arbeit hat sie bereits an Orte wie Syrien, Malawi und zuletzt Uganda gebracht; zum Letzteren wird sie im Januar zur\u00fcckkehren, um \u00fcber die dann stattfindenden Wahlen zu berichten.<\/p>\n\n\n\n<p>Wir waren erfreut zu erfahren, dass Sallys erster \u201ejournalistischer Erfolg\u201c auf ihr \u00dcbergangsjahr zur\u00fcckzuf\u00fchren ist, als ihr Klassenlehrer in St. Kilian&#8217;s, der verstorbene Connell Doris, sie ermutigte, an einem Wettbewerb des <em>Irish Daily Star<\/em> teilzunehmen, der zum Gewinn einer Kamera und ihrer ersten Berufserfahrung als Journalistin f\u00fchrte: \u201eEr war so ein freundlicher, hilfsbereiter Lehrer\u201c.<\/p>\n\n\n\n<p>Sally schreibt derzeit an ihrem ersten Buch, das Anfang 2022 ver\u00f6ffentlicht werden soll. Mehr \u00fcber Sally und ihre Erfolge finden Sie <a rel=\"noreferrer noopener\" href=\"https:\/\/sallyhayden.net\" target=\"_blank\">auf ihrer Website<\/a>. <\/p>\n\n\n\n<figure class=\"wp-block-image size-large\"><img loading=\"lazy\" decoding=\"async\" width=\"1024\" height=\"768\" src=\"http:\/\/www.kilians.com\/wp-content\/uploads\/2020\/11\/IMG_1424-1024x768.jpg\" alt=\"\" class=\"wp-image-35645\" srcset=\"https:\/\/www.kilians.com\/wp-content\/uploads\/2020\/11\/IMG_1424-1024x768.jpg 1024w, https:\/\/www.kilians.com\/wp-content\/uploads\/2020\/11\/IMG_1424-768x576.jpg 768w, https:\/\/www.kilians.com\/wp-content\/uploads\/2020\/11\/IMG_1424-1536x1152.jpg 1536w, https:\/\/www.kilians.com\/wp-content\/uploads\/2020\/11\/IMG_1424-2048x1536.jpg 2048w, https:\/\/www.kilians.com\/wp-content\/uploads\/2020\/11\/IMG_1424-750x563.jpg 750w\" sizes=\"auto, (max-width: 1024px) 100vw, 1024px\" \/><\/figure>\n","protected":false},"excerpt":{"rendered":"<p>Ein gro\u00dfes Dankesch\u00f6n an Sally Hayden, freie Journalistin und ehemalige Sch\u00fclerin von St. Kilian&#8217;s, f\u00fcr ihren heutigen faszinierenden Vortrag f\u00fcr unsere Sch\u00fcler*innen der 10. Klasse&#8230;. <a class=\"find-out-more-link\" href=\"https:\/\/www.kilians.com\/de\/news\/2020\/award-winning-journalist-speaks-to-ty\/\">Weiterlesen<\/a> <\/p>\n","protected":false},"author":1,"featured_media":35645,"comment_status":"closed","ping_status":"closed","sticky":false,"template":"","format":"standard","meta":{"footnotes":""},"categories":[6],"tags":[],"class_list":{"0":"post-35646","1":"post","2":"type-post","3":"status-publish","4":"format-standard","5":"has-post-thumbnail","7":"category-nachrichten","8":"entry"},"yoast_head":"<!-- This site is optimized with the Yoast SEO plugin v17.2.1 - https:\/\/yoast.com\/wordpress\/plugins\/seo\/ -->\n<meta name=\"robots\" content=\"index, follow, max-snippet:-1, max-image-preview:large, max-video-preview:-1\" \/>\n<link rel=\"canonical\" href=\"https:\/\/www.kilians.com\/de\/news\/2020\/award-winning-journalist-speaks-to-ty\/\" \/>\n<meta property=\"og:locale\" content=\"de_DE\" \/>\n<meta property=\"og:type\" content=\"article\" \/>\n<meta property=\"og:title\" content=\"Spitzenjournalistin im Gespr\u00e4ch mit der 10. Klasse - St. Kilian&#039;s German School, Dublin\" \/>\n<meta property=\"og:description\" content=\"Ein gro\u00dfes Dankesch\u00f6n an Sally Hayden, freie Journalistin und ehemalige Sch\u00fclerin von St. Kilian&#8217;s, f\u00fcr ihren heutigen faszinierenden Vortrag f\u00fcr unsere Sch\u00fcler*innen der 10. Klasse.... Weiterlesen\" \/>\n<meta property=\"og:url\" content=\"https:\/\/www.kilians.com\/de\/news\/2020\/award-winning-journalist-speaks-to-ty\/\" \/>\n<meta property=\"og:site_name\" content=\"St. Kilian&#039;s German School, Dublin\" \/>\n<meta property=\"article:published_time\" content=\"2020-11-09T20:38:31+00:00\" \/>\n<meta property=\"article:modified_time\" content=\"2020-11-09T20:48:23+00:00\" \/>\n<meta property=\"og:image\" content=\"https:\/\/www.kilians.com\/wp-content\/uploads\/2020\/11\/IMG_1424.jpg\" \/>\n\t<meta property=\"og:image:width\" content=\"2560\" \/>\n\t<meta property=\"og:image:height\" content=\"1920\" \/>\n<meta name=\"twitter:card\" content=\"summary\" \/>\n<meta name=\"twitter:label1\" content=\"Verfasst von\" \/>\n\t<meta name=\"twitter:data1\" content=\"marketingadmin\" \/>\n\t<meta name=\"twitter:label2\" content=\"Gesch\u00e4tzte Lesezeit\" \/>\n\t<meta name=\"twitter:data2\" content=\"1 minute\" \/>\n<script type=\"application\/ld+json\" class=\"yoast-schema-graph\">{\"@context\":\"https:\/\/schema.org\",\"@graph\":[{\"@type\":\"Organization\",\"@id\":\"https:\/\/www.kilians.com\/#organization\",\"name\":\"St. Kilian's\",\"url\":\"https:\/\/www.kilians.com\/\",\"sameAs\":[],\"logo\":{\"@type\":\"ImageObject\",\"@id\":\"https:\/\/www.kilians.com\/#logo\",\"inLanguage\":\"de-DE\",\"url\":\"https:\/\/www.kilians.com\/wp-content\/uploads\/2017\/02\/StKilians_MasterLogo_Colour-1.png\",\"contentUrl\":\"https:\/\/www.kilians.com\/wp-content\/uploads\/2017\/02\/StKilians_MasterLogo_Colour-1.png\",\"width\":768,\"height\":1240,\"caption\":\"St. Kilian's\"},\"image\":{\"@id\":\"https:\/\/www.kilians.com\/#logo\"}},{\"@type\":\"WebSite\",\"@id\":\"https:\/\/www.kilians.com\/#website\",\"url\":\"https:\/\/www.kilians.com\/\",\"name\":\"St. Kilian&#039;s German School, Dublin\",\"description\":\"\",\"publisher\":{\"@id\":\"https:\/\/www.kilians.com\/#organization\"},\"potentialAction\":[{\"@type\":\"SearchAction\",\"target\":{\"@type\":\"EntryPoint\",\"urlTemplate\":\"https:\/\/www.kilians.com\/?s={search_term_string}\"},\"query-input\":\"required name=search_term_string\"}],\"inLanguage\":\"de-DE\"},{\"@type\":\"ImageObject\",\"@id\":\"https:\/\/www.kilians.com\/de\/news\/2020\/award-winning-journalist-speaks-to-ty\/#primaryimage\",\"inLanguage\":\"de-DE\",\"url\":\"https:\/\/www.kilians.com\/wp-content\/uploads\/2020\/11\/IMG_1424.jpg\",\"contentUrl\":\"https:\/\/www.kilians.com\/wp-content\/uploads\/2020\/11\/IMG_1424.jpg\",\"width\":2560,\"height\":1920},{\"@type\":\"WebPage\",\"@id\":\"https:\/\/www.kilians.com\/de\/news\/2020\/award-winning-journalist-speaks-to-ty\/#webpage\",\"url\":\"https:\/\/www.kilians.com\/de\/news\/2020\/award-winning-journalist-speaks-to-ty\/\",\"name\":\"Spitzenjournalistin im Gespr\\u00e4ch mit der 10. Klasse - St. Kilian&#039;s German School, Dublin\",\"isPartOf\":{\"@id\":\"https:\/\/www.kilians.com\/#website\"},\"primaryImageOfPage\":{\"@id\":\"https:\/\/www.kilians.com\/de\/news\/2020\/award-winning-journalist-speaks-to-ty\/#primaryimage\"},\"datePublished\":\"2020-11-09T20:38:31+00:00\",\"dateModified\":\"2020-11-09T20:48:23+00:00\",\"breadcrumb\":{\"@id\":\"https:\/\/www.kilians.com\/de\/news\/2020\/award-winning-journalist-speaks-to-ty\/#breadcrumb\"},\"inLanguage\":\"de-DE\",\"potentialAction\":[{\"@type\":\"ReadAction\",\"target\":[\"https:\/\/www.kilians.com\/de\/news\/2020\/award-winning-journalist-speaks-to-ty\/\"]}]},{\"@type\":\"BreadcrumbList\",\"@id\":\"https:\/\/www.kilians.com\/de\/news\/2020\/award-winning-journalist-speaks-to-ty\/#breadcrumb\",\"itemListElement\":[{\"@type\":\"ListItem\",\"position\":1,\"name\":\"Home\",\"item\":\"https:\/\/www.kilians.com\/de\/\"},{\"@type\":\"ListItem\",\"position\":2,\"name\":\"Spitzenjournalistin im Gespr\\u00e4ch mit der 10. Klasse\"}]},{\"@type\":\"Article\",\"@id\":\"https:\/\/www.kilians.com\/de\/news\/2020\/award-winning-journalist-speaks-to-ty\/#article\",\"isPartOf\":{\"@id\":\"https:\/\/www.kilians.com\/de\/news\/2020\/award-winning-journalist-speaks-to-ty\/#webpage\"},\"author\":{\"@id\":\"https:\/\/www.kilians.com\/#\/schema\/person\/d66fd270fc10b6a48b300e500c5f9edd\"},\"headline\":\"Spitzenjournalistin im Gespr\\u00e4ch mit der 10. Klasse\",\"datePublished\":\"2020-11-09T20:38:31+00:00\",\"dateModified\":\"2020-11-09T20:48:23+00:00\",\"mainEntityOfPage\":{\"@id\":\"https:\/\/www.kilians.com\/de\/news\/2020\/award-winning-journalist-speaks-to-ty\/#webpage\"},\"wordCount\":209,\"publisher\":{\"@id\":\"https:\/\/www.kilians.com\/#organization\"},\"image\":{\"@id\":\"https:\/\/www.kilians.com\/de\/news\/2020\/award-winning-journalist-speaks-to-ty\/#primaryimage\"},\"thumbnailUrl\":\"https:\/\/www.kilians.com\/wp-content\/uploads\/2020\/11\/IMG_1424.jpg\",\"articleSection\":[\"Nachrichten\"],\"inLanguage\":\"de-DE\"},{\"@type\":\"Person\",\"@id\":\"https:\/\/www.kilians.com\/#\/schema\/person\/d66fd270fc10b6a48b300e500c5f9edd\",\"name\":\"marketingadmin\",\"url\":\"https:\/\/www.kilians.com\/de\/news\/author\/marketingadmin\/\"}]}<\/script>\n<!-- \/ Yoast SEO plugin. -->","yoast_head_json":{"robots":{"index":"index","follow":"follow","max-snippet":"max-snippet:-1","max-image-preview":"max-image-preview:large","max-video-preview":"max-video-preview:-1"},"canonical":"https:\/\/www.kilians.com\/de\/news\/2020\/award-winning-journalist-speaks-to-ty\/","og_locale":"de_DE","og_type":"article","og_title":"Spitzenjournalistin im Gespr\u00e4ch mit der 10. Klasse - St. Kilian&#039;s German School, Dublin","og_description":"Ein gro\u00dfes Dankesch\u00f6n an Sally Hayden, freie Journalistin und ehemalige Sch\u00fclerin von St. Kilian&#8217;s, f\u00fcr ihren heutigen faszinierenden Vortrag f\u00fcr unsere Sch\u00fcler*innen der 10. Klasse.... Weiterlesen","og_url":"https:\/\/www.kilians.com\/de\/news\/2020\/award-winning-journalist-speaks-to-ty\/","og_site_name":"St. Kilian&#039;s German School, Dublin","article_published_time":"2020-11-09T20:38:31+00:00","article_modified_time":"2020-11-09T20:48:23+00:00","og_image":[{"width":2560,"height":1920,"url":"https:\/\/www.kilians.com\/wp-content\/uploads\/2020\/11\/IMG_1424.jpg","path":"\/nas\/content\/live\/kilians\/wp-content\/uploads\/2020\/11\/IMG_1424.jpg","size":"full","id":35645,"alt":"","pixels":4915200,"type":"image\/jpeg"}],"twitter_card":"summary","twitter_misc":{"Verfasst von":"marketingadmin","Gesch\u00e4tzte Lesezeit":"1 minute"},"schema":{"@context":"https:\/\/schema.org","@graph":[{"@type":"Organization","@id":"https:\/\/www.kilians.com\/#organization","name":"St. Kilian's","url":"https:\/\/www.kilians.com\/","sameAs":[],"logo":{"@type":"ImageObject","@id":"https:\/\/www.kilians.com\/#logo","inLanguage":"de-DE","url":"https:\/\/www.kilians.com\/wp-content\/uploads\/2017\/02\/StKilians_MasterLogo_Colour-1.png","contentUrl":"https:\/\/www.kilians.com\/wp-content\/uploads\/2017\/02\/StKilians_MasterLogo_Colour-1.png","width":768,"height":1240,"caption":"St. Kilian's"},"image":{"@id":"https:\/\/www.kilians.com\/#logo"}},{"@type":"WebSite","@id":"https:\/\/www.kilians.com\/#website","url":"https:\/\/www.kilians.com\/","name":"St. Kilian&#039;s German School, Dublin","description":"","publisher":{"@id":"https:\/\/www.kilians.com\/#organization"},"potentialAction":[{"@type":"SearchAction","target":{"@type":"EntryPoint","urlTemplate":"https:\/\/www.kilians.com\/?s={search_term_string}"},"query-input":"required name=search_term_string"}],"inLanguage":"de-DE"},{"@type":"ImageObject","@id":"https:\/\/www.kilians.com\/de\/news\/2020\/award-winning-journalist-speaks-to-ty\/#primaryimage","inLanguage":"de-DE","url":"https:\/\/www.kilians.com\/wp-content\/uploads\/2020\/11\/IMG_1424.jpg","contentUrl":"https:\/\/www.kilians.com\/wp-content\/uploads\/2020\/11\/IMG_1424.jpg","width":2560,"height":1920},{"@type":"WebPage","@id":"https:\/\/www.kilians.com\/de\/news\/2020\/award-winning-journalist-speaks-to-ty\/#webpage","url":"https:\/\/www.kilians.com\/de\/news\/2020\/award-winning-journalist-speaks-to-ty\/","name":"Spitzenjournalistin im Gespr\u00e4ch mit der 10. Klasse - St. Kilian&#039;s German School, Dublin","isPartOf":{"@id":"https:\/\/www.kilians.com\/#website"},"primaryImageOfPage":{"@id":"https:\/\/www.kilians.com\/de\/news\/2020\/award-winning-journalist-speaks-to-ty\/#primaryimage"},"datePublished":"2020-11-09T20:38:31+00:00","dateModified":"2020-11-09T20:48:23+00:00","breadcrumb":{"@id":"https:\/\/www.kilians.com\/de\/news\/2020\/award-winning-journalist-speaks-to-ty\/#breadcrumb"},"inLanguage":"de-DE","potentialAction":[{"@type":"ReadAction","target":["https:\/\/www.kilians.com\/de\/news\/2020\/award-winning-journalist-speaks-to-ty\/"]}]},{"@type":"BreadcrumbList","@id":"https:\/\/www.kilians.com\/de\/news\/2020\/award-winning-journalist-speaks-to-ty\/#breadcrumb","itemListElement":[{"@type":"ListItem","position":1,"name":"Home","item":"https:\/\/www.kilians.com\/de\/"},{"@type":"ListItem","position":2,"name":"Spitzenjournalistin im Gespr\u00e4ch mit der 10. Klasse"}]},{"@type":"Article","@id":"https:\/\/www.kilians.com\/de\/news\/2020\/award-winning-journalist-speaks-to-ty\/#article","isPartOf":{"@id":"https:\/\/www.kilians.com\/de\/news\/2020\/award-winning-journalist-speaks-to-ty\/#webpage"},"author":{"@id":"https:\/\/www.kilians.com\/#\/schema\/person\/d66fd270fc10b6a48b300e500c5f9edd"},"headline":"Spitzenjournalistin im Gespr\u00e4ch mit der 10. Klasse","datePublished":"2020-11-09T20:38:31+00:00","dateModified":"2020-11-09T20:48:23+00:00","mainEntityOfPage":{"@id":"https:\/\/www.kilians.com\/de\/news\/2020\/award-winning-journalist-speaks-to-ty\/#webpage"},"wordCount":209,"publisher":{"@id":"https:\/\/www.kilians.com\/#organization"},"image":{"@id":"https:\/\/www.kilians.com\/de\/news\/2020\/award-winning-journalist-speaks-to-ty\/#primaryimage"},"thumbnailUrl":"https:\/\/www.kilians.com\/wp-content\/uploads\/2020\/11\/IMG_1424.jpg","articleSection":["Nachrichten"],"inLanguage":"de-DE"},{"@type":"Person","@id":"https:\/\/www.kilians.com\/#\/schema\/person\/d66fd270fc10b6a48b300e500c5f9edd","name":"marketingadmin","url":"https:\/\/www.kilians.com\/de\/news\/author\/marketingadmin\/"}]}},"_links":{"self":[{"href":"https:\/\/www.kilians.com\/de\/wp-json\/wp\/v2\/posts\/35646\/"}],"collection":[{"href":"https:\/\/www.kilians.com\/de\/wp-json\/wp\/v2\/posts\/"}],"about":[{"href":"https:\/\/www.kilians.com\/de\/wp-json\/wp\/v2\/types\/post\/"}],"author":[{"embeddable":true,"href":"https:\/\/www.kilians.com\/de\/wp-json\/wp\/v2\/users\/1\/"}],"replies":[{"embeddable":true,"href":"https:\/\/www.kilians.com\/de\/wp-json\/wp\/v2\/comments\/?post=35646"}],"version-history":[{"count":0,"href":"https:\/\/www.kilians.com\/de\/wp-json\/wp\/v2\/posts\/35646\/revisions\/"}],"wp:featuredmedia":[{"embeddable":true,"href":"https:\/\/www.kilians.com\/de\/wp-json\/wp\/v2\/media\/35645\/"}],"wp:attachment":[{"href":"https:\/\/www.kilians.com\/de\/wp-json\/wp\/v2\/media\/?parent=35646"}],"wp:term":[{"taxonomy":"category","embeddable":true,"href":"https:\/\/www.kilians.com\/de\/wp-json\/wp\/v2\/categories\/?post=35646"},{"taxonomy":"post_tag","embeddable":true,"href":"https:\/\/www.kilians.com\/de\/wp-json\/wp\/v2\/tags\/?post=35646"}],"curies":[{"name":"wp","href":"https:\/\/api.w.org\/{rel}","templated":true}]}}