{"id":35710,"date":"2020-11-16T07:36:40","date_gmt":"2020-11-16T07:36:40","guid":{"rendered":"https:\/\/www.kilians.com\/?p=35710"},"modified":"2020-11-20T13:18:36","modified_gmt":"2020-11-20T13:18:36","slug":"german-reunification-quiz-week-6","status":"publish","type":"post","link":"https:\/\/www.kilians.com\/de\/news\/2020\/german-reunification-quiz-week-6\/","title":{"rendered":"Quiz zur Deutschen Wiedervereinigung &#8211; Woche 6"},"content":{"rendered":"\n<p>Wir beginnen heute mit der letzten Woche der Quizfragen. Ein Lob an alle Sch\u00fcler*innen, die unerm\u00fcdlich ihre Antworten an Frau Niederpr\u00fcm senden &#8211; eine tolle Gelegenheit, die j\u00fcngste Geschichte Deutschlands zu recherchieren und jeden Tag etwas dazuzulernen.<\/p>\n\n\n\n<p>Diese Woche gibt es Fragen zu den Jahren 2015-2019 &#8211; viel Spa\u00df!<\/p>\n\n\n\n<hr class=\"wp-block-separator\"\/>\n\n\n\n<h4 class=\"has-text-color wp-block-heading\" style=\"color:#ff0000\">Montag 16. November<\/h4>\n\n\n\n<figure class=\"wp-block-image size-large\"><img loading=\"lazy\" decoding=\"async\" width=\"940\" height=\"788\" src=\"http:\/\/www.kilians.com\/wp-content\/uploads\/2020\/11\/Q26DE.png\" alt=\"\" class=\"wp-image-35707\" srcset=\"https:\/\/www.kilians.com\/wp-content\/uploads\/2020\/11\/Q26DE.png 940w, https:\/\/www.kilians.com\/wp-content\/uploads\/2020\/11\/Q26DE-768x644.png 768w, https:\/\/www.kilians.com\/wp-content\/uploads\/2020\/11\/Q26DE-750x629.png 750w\" sizes=\"auto, (max-width: 940px) 100vw, 940px\" \/><\/figure>\n\n\n\n<p><strong>Antwort<\/strong>: Wir schaffen das!<\/p>\n\n\n\n<hr class=\"wp-block-separator\"\/>\n\n\n\n<h4 class=\"has-text-color wp-block-heading\" style=\"color:#ff0000\">Dienstag 17. November<\/h4>\n\n\n\n<figure class=\"wp-block-image size-large\"><img loading=\"lazy\" decoding=\"async\" width=\"940\" height=\"788\" src=\"http:\/\/www.kilians.com\/wp-content\/uploads\/2020\/11\/Q27DE.png\" alt=\"\" class=\"wp-image-35713\" srcset=\"https:\/\/www.kilians.com\/wp-content\/uploads\/2020\/11\/Q27DE.png 940w, https:\/\/www.kilians.com\/wp-content\/uploads\/2020\/11\/Q27DE-768x644.png 768w, https:\/\/www.kilians.com\/wp-content\/uploads\/2020\/11\/Q27DE-750x629.png 750w\" sizes=\"auto, (max-width: 940px) 100vw, 940px\" \/><\/figure>\n\n\n\n<p><strong>Antwort:<\/strong> Anschlag auf den Berliner Weihnachtsmarkt durch Anis Amri<\/p>\n\n\n\n<hr class=\"wp-block-separator\"\/>\n\n\n\n<h4 class=\"has-text-color wp-block-heading\" style=\"color:#ff0000\">Mittwoch 18. November<\/h4>\n\n\n\n<figure class=\"wp-block-image size-large\"><img loading=\"lazy\" decoding=\"async\" width=\"940\" height=\"788\" src=\"http:\/\/www.kilians.com\/wp-content\/uploads\/2020\/11\/Q28DE.png\" alt=\"\" class=\"wp-image-35733\" srcset=\"https:\/\/www.kilians.com\/wp-content\/uploads\/2020\/11\/Q28DE.png 940w, https:\/\/www.kilians.com\/wp-content\/uploads\/2020\/11\/Q28DE-768x644.png 768w, https:\/\/www.kilians.com\/wp-content\/uploads\/2020\/11\/Q28DE-750x629.png 750w\" sizes=\"auto, (max-width: 940px) 100vw, 940px\" \/><\/figure>\n\n\n\n<p><strong>Antwort<\/strong>: Frank Walter Steinmeier<\/p>\n\n\n\n<hr class=\"wp-block-separator\"\/>\n\n\n\n<h4 class=\"has-text-color wp-block-heading\" style=\"color:#ff0000\">Donnerstag 19. November<\/h4>\n\n\n\n<figure class=\"wp-block-image size-large\"><img loading=\"lazy\" decoding=\"async\" width=\"940\" height=\"788\" src=\"http:\/\/www.kilians.com\/wp-content\/uploads\/2020\/11\/Q29DE.png\" alt=\"\" class=\"wp-image-35729\" srcset=\"https:\/\/www.kilians.com\/wp-content\/uploads\/2020\/11\/Q29DE.png 940w, https:\/\/www.kilians.com\/wp-content\/uploads\/2020\/11\/Q29DE-768x644.png 768w, https:\/\/www.kilians.com\/wp-content\/uploads\/2020\/11\/Q29DE-750x629.png 750w\" sizes=\"auto, (max-width: 940px) 100vw, 940px\" \/><\/figure>\n\n\n\n<p><strong>Antwort<\/strong>: der Echo Musikpreis<\/p>\n\n\n\n<hr class=\"wp-block-separator\"\/>\n\n\n\n<h4 class=\"has-text-color wp-block-heading\" style=\"color:#ff0000\">Freitag 20. November<\/h4>\n\n\n\n<figure class=\"wp-block-image size-large\"><img loading=\"lazy\" decoding=\"async\" width=\"940\" height=\"788\" src=\"http:\/\/www.kilians.com\/wp-content\/uploads\/2020\/11\/Q30DE.png\" alt=\"\" class=\"wp-image-35724\" srcset=\"https:\/\/www.kilians.com\/wp-content\/uploads\/2020\/11\/Q30DE.png 940w, https:\/\/www.kilians.com\/wp-content\/uploads\/2020\/11\/Q30DE-768x644.png 768w, https:\/\/www.kilians.com\/wp-content\/uploads\/2020\/11\/Q30DE-750x629.png 750w\" sizes=\"auto, (max-width: 940px) 100vw, 940px\" \/><\/figure>\n\n\n\n<hr class=\"wp-block-separator\"\/>\n\n\n\n<p><\/p>\n","protected":false},"excerpt":{"rendered":"<p>Wir beginnen heute mit der letzten Woche der Quizfragen. Ein Lob an alle Sch\u00fcler*innen, die unerm\u00fcdlich ihre Antworten an Frau Niederpr\u00fcm senden &#8211; eine tolle&#8230; <a class=\"find-out-more-link\" href=\"https:\/\/www.kilians.com\/de\/news\/2020\/german-reunification-quiz-week-6\/\">Weiterlesen<\/a> <\/p>\n","protected":false},"author":1,"featured_media":35705,"comment_status":"closed","ping_status":"closed","sticky":false,"template":"","format":"standard","meta":{"footnotes":""},"categories":[6,52],"tags":[],"class_list":{"0":"post-35710","1":"post","2":"type-post","3":"status-publish","4":"format-standard","5":"has-post-thumbnail","7":"category-nachrichten","8":"category-sekundarstufe","9":"entry"},"yoast_head":"<!-- This site is optimized with the Yoast SEO plugin v17.2.1 - https:\/\/yoast.com\/wordpress\/plugins\/seo\/ -->\n<meta name=\"robots\" content=\"index, follow, max-snippet:-1, max-image-preview:large, max-video-preview:-1\" \/>\n<link rel=\"canonical\" href=\"https:\/\/www.kilians.com\/de\/news\/2020\/german-reunification-quiz-week-6\/\" \/>\n<meta property=\"og:locale\" content=\"de_DE\" \/>\n<meta property=\"og:type\" content=\"article\" \/>\n<meta property=\"og:title\" content=\"Quiz zur Deutschen Wiedervereinigung - Woche 6 - St. Kilian&#039;s German School, Dublin\" \/>\n<meta property=\"og:description\" content=\"Wir beginnen heute mit der letzten Woche der Quizfragen. Ein Lob an alle Sch\u00fcler*innen, die unerm\u00fcdlich ihre Antworten an Frau Niederpr\u00fcm senden &#8211; eine tolle... Weiterlesen\" \/>\n<meta property=\"og:url\" content=\"https:\/\/www.kilians.com\/de\/news\/2020\/german-reunification-quiz-week-6\/\" \/>\n<meta property=\"og:site_name\" content=\"St. Kilian&#039;s German School, Dublin\" \/>\n<meta property=\"article:published_time\" content=\"2020-11-16T07:36:40+00:00\" \/>\n<meta property=\"article:modified_time\" content=\"2020-11-20T13:18:36+00:00\" \/>\n<meta property=\"og:image\" content=\"https:\/\/www.kilians.com\/wp-content\/uploads\/2020\/11\/WP-pic-for-quiz-Week-6.jpg\" \/>\n\t<meta property=\"og:image:width\" content=\"1753\" \/>\n\t<meta property=\"og:image:height\" content=\"1240\" \/>\n<meta name=\"twitter:card\" content=\"summary\" \/>\n<meta name=\"twitter:label1\" content=\"Verfasst von\" \/>\n\t<meta name=\"twitter:data1\" content=\"marketingadmin\" \/>\n<script type=\"application\/ld+json\" class=\"yoast-schema-graph\">{\"@context\":\"https:\/\/schema.org\",\"@graph\":[{\"@type\":\"Organization\",\"@id\":\"https:\/\/www.kilians.com\/#organization\",\"name\":\"St. Kilian's\",\"url\":\"https:\/\/www.kilians.com\/\",\"sameAs\":[],\"logo\":{\"@type\":\"ImageObject\",\"@id\":\"https:\/\/www.kilians.com\/#logo\",\"inLanguage\":\"de-DE\",\"url\":\"https:\/\/www.kilians.com\/wp-content\/uploads\/2017\/02\/StKilians_MasterLogo_Colour-1.png\",\"contentUrl\":\"https:\/\/www.kilians.com\/wp-content\/uploads\/2017\/02\/StKilians_MasterLogo_Colour-1.png\",\"width\":768,\"height\":1240,\"caption\":\"St. Kilian's\"},\"image\":{\"@id\":\"https:\/\/www.kilians.com\/#logo\"}},{\"@type\":\"WebSite\",\"@id\":\"https:\/\/www.kilians.com\/#website\",\"url\":\"https:\/\/www.kilians.com\/\",\"name\":\"St. Kilian&#039;s German School, Dublin\",\"description\":\"\",\"publisher\":{\"@id\":\"https:\/\/www.kilians.com\/#organization\"},\"potentialAction\":[{\"@type\":\"SearchAction\",\"target\":{\"@type\":\"EntryPoint\",\"urlTemplate\":\"https:\/\/www.kilians.com\/?s={search_term_string}\"},\"query-input\":\"required name=search_term_string\"}],\"inLanguage\":\"de-DE\"},{\"@type\":\"ImageObject\",\"@id\":\"https:\/\/www.kilians.com\/de\/news\/2020\/german-reunification-quiz-week-6\/#primaryimage\",\"inLanguage\":\"de-DE\",\"url\":\"https:\/\/www.kilians.com\/wp-content\/uploads\/2020\/11\/WP-pic-for-quiz-Week-6.jpg\",\"contentUrl\":\"https:\/\/www.kilians.com\/wp-content\/uploads\/2020\/11\/WP-pic-for-quiz-Week-6.jpg\",\"width\":1753,\"height\":1240},{\"@type\":\"WebPage\",\"@id\":\"https:\/\/www.kilians.com\/de\/news\/2020\/german-reunification-quiz-week-6\/#webpage\",\"url\":\"https:\/\/www.kilians.com\/de\/news\/2020\/german-reunification-quiz-week-6\/\",\"name\":\"Quiz zur Deutschen Wiedervereinigung - Woche 6 - St. Kilian&#039;s German School, Dublin\",\"isPartOf\":{\"@id\":\"https:\/\/www.kilians.com\/#website\"},\"primaryImageOfPage\":{\"@id\":\"https:\/\/www.kilians.com\/de\/news\/2020\/german-reunification-quiz-week-6\/#primaryimage\"},\"datePublished\":\"2020-11-16T07:36:40+00:00\",\"dateModified\":\"2020-11-20T13:18:36+00:00\",\"breadcrumb\":{\"@id\":\"https:\/\/www.kilians.com\/de\/news\/2020\/german-reunification-quiz-week-6\/#breadcrumb\"},\"inLanguage\":\"de-DE\",\"potentialAction\":[{\"@type\":\"ReadAction\",\"target\":[\"https:\/\/www.kilians.com\/de\/news\/2020\/german-reunification-quiz-week-6\/\"]}]},{\"@type\":\"BreadcrumbList\",\"@id\":\"https:\/\/www.kilians.com\/de\/news\/2020\/german-reunification-quiz-week-6\/#breadcrumb\",\"itemListElement\":[{\"@type\":\"ListItem\",\"position\":1,\"name\":\"Home\",\"item\":\"https:\/\/www.kilians.com\/de\/\"},{\"@type\":\"ListItem\",\"position\":2,\"name\":\"Quiz zur Deutschen Wiedervereinigung &#8211; Woche 6\"}]},{\"@type\":\"Article\",\"@id\":\"https:\/\/www.kilians.com\/de\/news\/2020\/german-reunification-quiz-week-6\/#article\",\"isPartOf\":{\"@id\":\"https:\/\/www.kilians.com\/de\/news\/2020\/german-reunification-quiz-week-6\/#webpage\"},\"author\":{\"@id\":\"https:\/\/www.kilians.com\/#\/schema\/person\/d66fd270fc10b6a48b300e500c5f9edd\"},\"headline\":\"Quiz zur Deutschen Wiedervereinigung &#8211; Woche 6\",\"datePublished\":\"2020-11-16T07:36:40+00:00\",\"dateModified\":\"2020-11-20T13:18:36+00:00\",\"mainEntityOfPage\":{\"@id\":\"https:\/\/www.kilians.com\/de\/news\/2020\/german-reunification-quiz-week-6\/#webpage\"},\"wordCount\":91,\"publisher\":{\"@id\":\"https:\/\/www.kilians.com\/#organization\"},\"image\":{\"@id\":\"https:\/\/www.kilians.com\/de\/news\/2020\/german-reunification-quiz-week-6\/#primaryimage\"},\"thumbnailUrl\":\"https:\/\/www.kilians.com\/wp-content\/uploads\/2020\/11\/WP-pic-for-quiz-Week-6.jpg\",\"articleSection\":[\"Nachrichten\",\"Sekundarstufe\"],\"inLanguage\":\"de-DE\"},{\"@type\":\"Person\",\"@id\":\"https:\/\/www.kilians.com\/#\/schema\/person\/d66fd270fc10b6a48b300e500c5f9edd\",\"name\":\"marketingadmin\",\"url\":\"https:\/\/www.kilians.com\/de\/news\/author\/marketingadmin\/\"}]}<\/script>\n<!-- \/ Yoast SEO plugin. -->","yoast_head_json":{"robots":{"index":"index","follow":"follow","max-snippet":"max-snippet:-1","max-image-preview":"max-image-preview:large","max-video-preview":"max-video-preview:-1"},"canonical":"https:\/\/www.kilians.com\/de\/news\/2020\/german-reunification-quiz-week-6\/","og_locale":"de_DE","og_type":"article","og_title":"Quiz zur Deutschen Wiedervereinigung - Woche 6 - St. Kilian&#039;s German School, Dublin","og_description":"Wir beginnen heute mit der letzten Woche der Quizfragen. Ein Lob an alle Sch\u00fcler*innen, die unerm\u00fcdlich ihre Antworten an Frau Niederpr\u00fcm senden &#8211; eine tolle... Weiterlesen","og_url":"https:\/\/www.kilians.com\/de\/news\/2020\/german-reunification-quiz-week-6\/","og_site_name":"St. Kilian&#039;s German School, Dublin","article_published_time":"2020-11-16T07:36:40+00:00","article_modified_time":"2020-11-20T13:18:36+00:00","og_image":[{"width":1753,"height":1240,"url":"https:\/\/www.kilians.com\/wp-content\/uploads\/2020\/11\/WP-pic-for-quiz-Week-6.jpg","path":"\/nas\/content\/live\/kilians\/wp-content\/uploads\/2020\/11\/WP-pic-for-quiz-Week-6.jpg","size":"full","id":35705,"alt":"","pixels":2173720,"type":"image\/jpeg"}],"twitter_card":"summary","twitter_misc":{"Verfasst von":"marketingadmin"},"schema":{"@context":"https:\/\/schema.org","@graph":[{"@type":"Organization","@id":"https:\/\/www.kilians.com\/#organization","name":"St. Kilian's","url":"https:\/\/www.kilians.com\/","sameAs":[],"logo":{"@type":"ImageObject","@id":"https:\/\/www.kilians.com\/#logo","inLanguage":"de-DE","url":"https:\/\/www.kilians.com\/wp-content\/uploads\/2017\/02\/StKilians_MasterLogo_Colour-1.png","contentUrl":"https:\/\/www.kilians.com\/wp-content\/uploads\/2017\/02\/StKilians_MasterLogo_Colour-1.png","width":768,"height":1240,"caption":"St. Kilian's"},"image":{"@id":"https:\/\/www.kilians.com\/#logo"}},{"@type":"WebSite","@id":"https:\/\/www.kilians.com\/#website","url":"https:\/\/www.kilians.com\/","name":"St. Kilian&#039;s German School, Dublin","description":"","publisher":{"@id":"https:\/\/www.kilians.com\/#organization"},"potentialAction":[{"@type":"SearchAction","target":{"@type":"EntryPoint","urlTemplate":"https:\/\/www.kilians.com\/?s={search_term_string}"},"query-input":"required name=search_term_string"}],"inLanguage":"de-DE"},{"@type":"ImageObject","@id":"https:\/\/www.kilians.com\/de\/news\/2020\/german-reunification-quiz-week-6\/#primaryimage","inLanguage":"de-DE","url":"https:\/\/www.kilians.com\/wp-content\/uploads\/2020\/11\/WP-pic-for-quiz-Week-6.jpg","contentUrl":"https:\/\/www.kilians.com\/wp-content\/uploads\/2020\/11\/WP-pic-for-quiz-Week-6.jpg","width":1753,"height":1240},{"@type":"WebPage","@id":"https:\/\/www.kilians.com\/de\/news\/2020\/german-reunification-quiz-week-6\/#webpage","url":"https:\/\/www.kilians.com\/de\/news\/2020\/german-reunification-quiz-week-6\/","name":"Quiz zur Deutschen Wiedervereinigung - Woche 6 - St. Kilian&#039;s German School, Dublin","isPartOf":{"@id":"https:\/\/www.kilians.com\/#website"},"primaryImageOfPage":{"@id":"https:\/\/www.kilians.com\/de\/news\/2020\/german-reunification-quiz-week-6\/#primaryimage"},"datePublished":"2020-11-16T07:36:40+00:00","dateModified":"2020-11-20T13:18:36+00:00","breadcrumb":{"@id":"https:\/\/www.kilians.com\/de\/news\/2020\/german-reunification-quiz-week-6\/#breadcrumb"},"inLanguage":"de-DE","potentialAction":[{"@type":"ReadAction","target":["https:\/\/www.kilians.com\/de\/news\/2020\/german-reunification-quiz-week-6\/"]}]},{"@type":"BreadcrumbList","@id":"https:\/\/www.kilians.com\/de\/news\/2020\/german-reunification-quiz-week-6\/#breadcrumb","itemListElement":[{"@type":"ListItem","position":1,"name":"Home","item":"https:\/\/www.kilians.com\/de\/"},{"@type":"ListItem","position":2,"name":"Quiz zur Deutschen Wiedervereinigung &#8211; Woche 6"}]},{"@type":"Article","@id":"https:\/\/www.kilians.com\/de\/news\/2020\/german-reunification-quiz-week-6\/#article","isPartOf":{"@id":"https:\/\/www.kilians.com\/de\/news\/2020\/german-reunification-quiz-week-6\/#webpage"},"author":{"@id":"https:\/\/www.kilians.com\/#\/schema\/person\/d66fd270fc10b6a48b300e500c5f9edd"},"headline":"Quiz zur Deutschen Wiedervereinigung &#8211; Woche 6","datePublished":"2020-11-16T07:36:40+00:00","dateModified":"2020-11-20T13:18:36+00:00","mainEntityOfPage":{"@id":"https:\/\/www.kilians.com\/de\/news\/2020\/german-reunification-quiz-week-6\/#webpage"},"wordCount":91,"publisher":{"@id":"https:\/\/www.kilians.com\/#organization"},"image":{"@id":"https:\/\/www.kilians.com\/de\/news\/2020\/german-reunification-quiz-week-6\/#primaryimage"},"thumbnailUrl":"https:\/\/www.kilians.com\/wp-content\/uploads\/2020\/11\/WP-pic-for-quiz-Week-6.jpg","articleSection":["Nachrichten","Sekundarstufe"],"inLanguage":"de-DE"},{"@type":"Person","@id":"https:\/\/www.kilians.com\/#\/schema\/person\/d66fd270fc10b6a48b300e500c5f9edd","name":"marketingadmin","url":"https:\/\/www.kilians.com\/de\/news\/author\/marketingadmin\/"}]}},"_links":{"self":[{"href":"https:\/\/www.kilians.com\/de\/wp-json\/wp\/v2\/posts\/35710\/"}],"collection":[{"href":"https:\/\/www.kilians.com\/de\/wp-json\/wp\/v2\/posts\/"}],"about":[{"href":"https:\/\/www.kilians.com\/de\/wp-json\/wp\/v2\/types\/post\/"}],"author":[{"embeddable":true,"href":"https:\/\/www.kilians.com\/de\/wp-json\/wp\/v2\/users\/1\/"}],"replies":[{"embeddable":true,"href":"https:\/\/www.kilians.com\/de\/wp-json\/wp\/v2\/comments\/?post=35710"}],"version-history":[{"count":0,"href":"https:\/\/www.kilians.com\/de\/wp-json\/wp\/v2\/posts\/35710\/revisions\/"}],"wp:featuredmedia":[{"embeddable":true,"href":"https:\/\/www.kilians.com\/de\/wp-json\/wp\/v2\/media\/35705\/"}],"wp:attachment":[{"href":"https:\/\/www.kilians.com\/de\/wp-json\/wp\/v2\/media\/?parent=35710"}],"wp:term":[{"taxonomy":"category","embeddable":true,"href":"https:\/\/www.kilians.com\/de\/wp-json\/wp\/v2\/categories\/?post=35710"},{"taxonomy":"post_tag","embeddable":true,"href":"https:\/\/www.kilians.com\/de\/wp-json\/wp\/v2\/tags\/?post=35710"}],"curies":[{"name":"wp","href":"https:\/\/api.w.org\/{rel}","templated":true}]}}