{"id":35834,"date":"2020-12-18T11:56:01","date_gmt":"2020-12-18T11:56:01","guid":{"rendered":"https:\/\/www.kilians.com\/news\/2020\/christmas-message-from-the-principal-2\/"},"modified":"2020-12-18T12:29:26","modified_gmt":"2020-12-18T12:29:26","slug":"christmas-message-from-the-principal-2","status":"publish","type":"post","link":"https:\/\/www.kilians.com\/de\/news\/2020\/christmas-message-from-the-principal-2\/","title":{"rendered":"Weihnachtsnachricht von der Schulleiterin"},"content":{"rendered":"\n<p>Liebe Eltern, Erziehungsberechtigte und Sch\u00fcler*innen,<\/p>\n\n\n\n<p>ich m\u00f6chte diese Gelegenheit nutzen, um der gesamten St. Kilian&#8217;s-Gemeinschaft f\u00fcr Ihre Unterst\u00fctzung w\u00e4hrend eines sehr herausfordernden ersten Halbjahres zu danken. Die Bem\u00fchungen unserer Sch\u00fcler, mit ihren Lehrern und der Schulleitung zusammenzuarbeiten, um Covid-19 aus der Schule fernzuhalten, waren lobenswert. Seit unserer R\u00fcckkehr im September hat sich der Schulalltag ziemlich ver\u00e4ndert, aber wir haben versucht, die Kernarbeit kontinuierlich und ohne Unterbrechung fortzusetzen. Ja, wir haben schon viele der Aktivit\u00e4ten vermisst, die unsere Schule zu einer einzigartigen Gemeinschaft machen. Ich denke an den Weihnachtsbasar, den Career-Abend, die Sprachdiplomfeier, die Hamburger Sch\u00fcler in Dublin und die TY-Praktikumswoche, die alle den neuen Gegebenheiten zum Opfer gefallen sind, unter denen wir jetzt arbeiten. Wir freuen uns jedoch auf ein neues Jahr, das die Hoffnung auf einen Impfstoff und Licht am Ende des Covid-19-Tunnels mit sich bringt.<\/p>\n\n\n\n<p>W\u00e4hrend wir uns in die Weihnachtsferien verabschieden, denken wir an Keiths Familie, die ihr erstes Weihnachten ohne ihn erleben wird. Wir denken an diejenigen in unserer Schulgemeinschaft, die Krankheit oder Verlust erlitten haben, und hoffen, dass die M\u00f6glichkeit, \u00fcber die Weihnachtszeit zusammenzukommen, etwas Trost spendet. <\/p>\n\n\n\n<p>Am Dienstag, den 22. Dezember, werden wir in der Sekundarschule um 13.30 Uhr nach einem virtuellen K-Faktor-Konzert f\u00fcr die Ferien schlie\u03b2en. Wenn wir im Januar wiederkommen, wird Frau Finnegan in die ersten Tage ihres Ruhestandes eintreten, nachdem sie 40 Jahre lang hervorragende Dienste f\u00fcr die St. Kilian&#8217;s Primary School und den Kindergarten geleistet hat. Im Namen aller w\u00fcnsche ich ihr viel Gl\u00fcck und Freude in dem n\u00e4chsten Abschnitt ihres Lebens.<\/p>\n\n\n\n<p><em>Ich w\u00fcnsche allen Familien und Freunden der Schule ein fr\u00f6hliches und friedliches Weihnachten und ein gutes neues Jahr. <\/em><\/p>\n\n\n\n<p><strong>Fr\u00f6hliche Weihnachten, Happy Christmas, Nollaig Shona.<\/strong><\/p>\n\n\n\n<p>Alice Lynch<br>Schulleiterin<\/p>\n\n\n\n<figure class=\"wp-block-image size-large\"><img loading=\"lazy\" decoding=\"async\" width=\"1024\" height=\"683\" src=\"http:\/\/www.kilians.com\/wp-content\/uploads\/2020\/12\/pexels-freestocksorg-839462-1024x683-1.jpg\" alt=\"\" class=\"wp-image-35830\" srcset=\"https:\/\/www.kilians.com\/wp-content\/uploads\/2020\/12\/pexels-freestocksorg-839462-1024x683-1.jpg 1024w, https:\/\/www.kilians.com\/wp-content\/uploads\/2020\/12\/pexels-freestocksorg-839462-1024x683-1-768x512.jpg 768w, https:\/\/www.kilians.com\/wp-content\/uploads\/2020\/12\/pexels-freestocksorg-839462-1024x683-1-150x100.jpg 150w, https:\/\/www.kilians.com\/wp-content\/uploads\/2020\/12\/pexels-freestocksorg-839462-1024x683-1-750x500.jpg 750w\" sizes=\"auto, (max-width: 1024px) 100vw, 1024px\" \/><\/figure>\n","protected":false},"excerpt":{"rendered":"<p>Liebe Eltern, Erziehungsberechtigte und Sch\u00fcler*innen, ich m\u00f6chte diese Gelegenheit nutzen, um der gesamten St. Kilian&#8217;s-Gemeinschaft f\u00fcr Ihre Unterst\u00fctzung w\u00e4hrend eines sehr herausfordernden ersten Halbjahres zu&#8230; <a class=\"find-out-more-link\" href=\"https:\/\/www.kilians.com\/de\/news\/2020\/christmas-message-from-the-principal-2\/\">Weiterlesen<\/a> <\/p>\n","protected":false},"author":1,"featured_media":35831,"comment_status":"closed","ping_status":"closed","sticky":false,"template":"","format":"standard","meta":{"footnotes":""},"categories":[6,52],"tags":[],"class_list":{"0":"post-35834","1":"post","2":"type-post","3":"status-publish","4":"format-standard","5":"has-post-thumbnail","7":"category-nachrichten","8":"category-sekundarstufe","9":"entry"},"yoast_head":"<!-- This site is optimized with the Yoast SEO plugin v17.2.1 - https:\/\/yoast.com\/wordpress\/plugins\/seo\/ -->\n<meta name=\"robots\" content=\"index, follow, max-snippet:-1, max-image-preview:large, max-video-preview:-1\" \/>\n<link rel=\"canonical\" href=\"https:\/\/www.kilians.com\/de\/news\/2020\/christmas-message-from-the-principal-2\/\" \/>\n<meta property=\"og:locale\" content=\"de_DE\" \/>\n<meta property=\"og:type\" content=\"article\" \/>\n<meta property=\"og:title\" content=\"Weihnachtsnachricht von der Schulleiterin - St. Kilian&#039;s German School, Dublin\" \/>\n<meta property=\"og:description\" content=\"Liebe Eltern, Erziehungsberechtigte und Sch\u00fcler*innen, ich m\u00f6chte diese Gelegenheit nutzen, um der gesamten St. Kilian&#8217;s-Gemeinschaft f\u00fcr Ihre Unterst\u00fctzung w\u00e4hrend eines sehr herausfordernden ersten Halbjahres zu... Weiterlesen\" \/>\n<meta property=\"og:url\" content=\"https:\/\/www.kilians.com\/de\/news\/2020\/christmas-message-from-the-principal-2\/\" \/>\n<meta property=\"og:site_name\" content=\"St. Kilian&#039;s German School, Dublin\" \/>\n<meta property=\"article:published_time\" content=\"2020-12-18T11:56:01+00:00\" \/>\n<meta property=\"article:modified_time\" content=\"2020-12-18T12:29:26+00:00\" \/>\n<meta property=\"og:image\" content=\"https:\/\/www.kilians.com\/wp-content\/uploads\/2020\/12\/pexels-freestocksorg-839462-1024x683-1.jpg\" \/>\n\t<meta property=\"og:image:width\" content=\"1024\" \/>\n\t<meta property=\"og:image:height\" content=\"683\" \/>\n<meta name=\"twitter:card\" content=\"summary\" \/>\n<meta name=\"twitter:label1\" content=\"Verfasst von\" \/>\n\t<meta name=\"twitter:data1\" content=\"marketingadmin\" \/>\n\t<meta name=\"twitter:label2\" content=\"Gesch\u00e4tzte Lesezeit\" \/>\n\t<meta name=\"twitter:data2\" content=\"1 minute\" \/>\n<script type=\"application\/ld+json\" class=\"yoast-schema-graph\">{\"@context\":\"https:\/\/schema.org\",\"@graph\":[{\"@type\":\"Organization\",\"@id\":\"https:\/\/www.kilians.com\/#organization\",\"name\":\"St. Kilian's\",\"url\":\"https:\/\/www.kilians.com\/\",\"sameAs\":[],\"logo\":{\"@type\":\"ImageObject\",\"@id\":\"https:\/\/www.kilians.com\/#logo\",\"inLanguage\":\"de-DE\",\"url\":\"https:\/\/www.kilians.com\/wp-content\/uploads\/2017\/02\/StKilians_MasterLogo_Colour-1.png\",\"contentUrl\":\"https:\/\/www.kilians.com\/wp-content\/uploads\/2017\/02\/StKilians_MasterLogo_Colour-1.png\",\"width\":768,\"height\":1240,\"caption\":\"St. Kilian's\"},\"image\":{\"@id\":\"https:\/\/www.kilians.com\/#logo\"}},{\"@type\":\"WebSite\",\"@id\":\"https:\/\/www.kilians.com\/#website\",\"url\":\"https:\/\/www.kilians.com\/\",\"name\":\"St. Kilian&#039;s German School, Dublin\",\"description\":\"\",\"publisher\":{\"@id\":\"https:\/\/www.kilians.com\/#organization\"},\"potentialAction\":[{\"@type\":\"SearchAction\",\"target\":{\"@type\":\"EntryPoint\",\"urlTemplate\":\"https:\/\/www.kilians.com\/?s={search_term_string}\"},\"query-input\":\"required name=search_term_string\"}],\"inLanguage\":\"de-DE\"},{\"@type\":\"ImageObject\",\"@id\":\"https:\/\/www.kilians.com\/de\/news\/2020\/christmas-message-from-the-principal-2\/#primaryimage\",\"inLanguage\":\"de-DE\",\"url\":\"https:\/\/www.kilians.com\/wp-content\/uploads\/2020\/12\/pexels-freestocksorg-839462-1024x683-1.jpg\",\"contentUrl\":\"https:\/\/www.kilians.com\/wp-content\/uploads\/2020\/12\/pexels-freestocksorg-839462-1024x683-1.jpg\",\"width\":1024,\"height\":683},{\"@type\":\"WebPage\",\"@id\":\"https:\/\/www.kilians.com\/de\/news\/2020\/christmas-message-from-the-principal-2\/#webpage\",\"url\":\"https:\/\/www.kilians.com\/de\/news\/2020\/christmas-message-from-the-principal-2\/\",\"name\":\"Weihnachtsnachricht von der Schulleiterin - St. Kilian&#039;s German School, Dublin\",\"isPartOf\":{\"@id\":\"https:\/\/www.kilians.com\/#website\"},\"primaryImageOfPage\":{\"@id\":\"https:\/\/www.kilians.com\/de\/news\/2020\/christmas-message-from-the-principal-2\/#primaryimage\"},\"datePublished\":\"2020-12-18T11:56:01+00:00\",\"dateModified\":\"2020-12-18T12:29:26+00:00\",\"breadcrumb\":{\"@id\":\"https:\/\/www.kilians.com\/de\/news\/2020\/christmas-message-from-the-principal-2\/#breadcrumb\"},\"inLanguage\":\"de-DE\",\"potentialAction\":[{\"@type\":\"ReadAction\",\"target\":[\"https:\/\/www.kilians.com\/de\/news\/2020\/christmas-message-from-the-principal-2\/\"]}]},{\"@type\":\"BreadcrumbList\",\"@id\":\"https:\/\/www.kilians.com\/de\/news\/2020\/christmas-message-from-the-principal-2\/#breadcrumb\",\"itemListElement\":[{\"@type\":\"ListItem\",\"position\":1,\"name\":\"Home\",\"item\":\"https:\/\/www.kilians.com\/de\/\"},{\"@type\":\"ListItem\",\"position\":2,\"name\":\"Weihnachtsnachricht von der Schulleiterin\"}]},{\"@type\":\"Article\",\"@id\":\"https:\/\/www.kilians.com\/de\/news\/2020\/christmas-message-from-the-principal-2\/#article\",\"isPartOf\":{\"@id\":\"https:\/\/www.kilians.com\/de\/news\/2020\/christmas-message-from-the-principal-2\/#webpage\"},\"author\":{\"@id\":\"https:\/\/www.kilians.com\/#\/schema\/person\/d66fd270fc10b6a48b300e500c5f9edd\"},\"headline\":\"Weihnachtsnachricht von der Schulleiterin\",\"datePublished\":\"2020-12-18T11:56:01+00:00\",\"dateModified\":\"2020-12-18T12:29:26+00:00\",\"mainEntityOfPage\":{\"@id\":\"https:\/\/www.kilians.com\/de\/news\/2020\/christmas-message-from-the-principal-2\/#webpage\"},\"wordCount\":303,\"publisher\":{\"@id\":\"https:\/\/www.kilians.com\/#organization\"},\"image\":{\"@id\":\"https:\/\/www.kilians.com\/de\/news\/2020\/christmas-message-from-the-principal-2\/#primaryimage\"},\"thumbnailUrl\":\"https:\/\/www.kilians.com\/wp-content\/uploads\/2020\/12\/pexels-freestocksorg-839462-1024x683-1.jpg\",\"articleSection\":[\"Nachrichten\",\"Sekundarstufe\"],\"inLanguage\":\"de-DE\"},{\"@type\":\"Person\",\"@id\":\"https:\/\/www.kilians.com\/#\/schema\/person\/d66fd270fc10b6a48b300e500c5f9edd\",\"name\":\"marketingadmin\",\"url\":\"https:\/\/www.kilians.com\/de\/news\/author\/marketingadmin\/\"}]}<\/script>\n<!-- \/ Yoast SEO plugin. -->","yoast_head_json":{"robots":{"index":"index","follow":"follow","max-snippet":"max-snippet:-1","max-image-preview":"max-image-preview:large","max-video-preview":"max-video-preview:-1"},"canonical":"https:\/\/www.kilians.com\/de\/news\/2020\/christmas-message-from-the-principal-2\/","og_locale":"de_DE","og_type":"article","og_title":"Weihnachtsnachricht von der Schulleiterin - St. Kilian&#039;s German School, Dublin","og_description":"Liebe Eltern, Erziehungsberechtigte und Sch\u00fcler*innen, ich m\u00f6chte diese Gelegenheit nutzen, um der gesamten St. Kilian&#8217;s-Gemeinschaft f\u00fcr Ihre Unterst\u00fctzung w\u00e4hrend eines sehr herausfordernden ersten Halbjahres zu... Weiterlesen","og_url":"https:\/\/www.kilians.com\/de\/news\/2020\/christmas-message-from-the-principal-2\/","og_site_name":"St. Kilian&#039;s German School, Dublin","article_published_time":"2020-12-18T11:56:01+00:00","article_modified_time":"2020-12-18T12:29:26+00:00","og_image":[{"width":1024,"height":683,"url":"https:\/\/www.kilians.com\/wp-content\/uploads\/2020\/12\/pexels-freestocksorg-839462-1024x683-1.jpg","path":"\/nas\/content\/live\/kilians\/wp-content\/uploads\/2020\/12\/pexels-freestocksorg-839462-1024x683-1.jpg","size":"full","id":35831,"alt":"","pixels":699392,"type":"image\/jpeg"}],"twitter_card":"summary","twitter_misc":{"Verfasst von":"marketingadmin","Gesch\u00e4tzte Lesezeit":"1 minute"},"schema":{"@context":"https:\/\/schema.org","@graph":[{"@type":"Organization","@id":"https:\/\/www.kilians.com\/#organization","name":"St. Kilian's","url":"https:\/\/www.kilians.com\/","sameAs":[],"logo":{"@type":"ImageObject","@id":"https:\/\/www.kilians.com\/#logo","inLanguage":"de-DE","url":"https:\/\/www.kilians.com\/wp-content\/uploads\/2017\/02\/StKilians_MasterLogo_Colour-1.png","contentUrl":"https:\/\/www.kilians.com\/wp-content\/uploads\/2017\/02\/StKilians_MasterLogo_Colour-1.png","width":768,"height":1240,"caption":"St. Kilian's"},"image":{"@id":"https:\/\/www.kilians.com\/#logo"}},{"@type":"WebSite","@id":"https:\/\/www.kilians.com\/#website","url":"https:\/\/www.kilians.com\/","name":"St. Kilian&#039;s German School, Dublin","description":"","publisher":{"@id":"https:\/\/www.kilians.com\/#organization"},"potentialAction":[{"@type":"SearchAction","target":{"@type":"EntryPoint","urlTemplate":"https:\/\/www.kilians.com\/?s={search_term_string}"},"query-input":"required name=search_term_string"}],"inLanguage":"de-DE"},{"@type":"ImageObject","@id":"https:\/\/www.kilians.com\/de\/news\/2020\/christmas-message-from-the-principal-2\/#primaryimage","inLanguage":"de-DE","url":"https:\/\/www.kilians.com\/wp-content\/uploads\/2020\/12\/pexels-freestocksorg-839462-1024x683-1.jpg","contentUrl":"https:\/\/www.kilians.com\/wp-content\/uploads\/2020\/12\/pexels-freestocksorg-839462-1024x683-1.jpg","width":1024,"height":683},{"@type":"WebPage","@id":"https:\/\/www.kilians.com\/de\/news\/2020\/christmas-message-from-the-principal-2\/#webpage","url":"https:\/\/www.kilians.com\/de\/news\/2020\/christmas-message-from-the-principal-2\/","name":"Weihnachtsnachricht von der Schulleiterin - St. Kilian&#039;s German School, Dublin","isPartOf":{"@id":"https:\/\/www.kilians.com\/#website"},"primaryImageOfPage":{"@id":"https:\/\/www.kilians.com\/de\/news\/2020\/christmas-message-from-the-principal-2\/#primaryimage"},"datePublished":"2020-12-18T11:56:01+00:00","dateModified":"2020-12-18T12:29:26+00:00","breadcrumb":{"@id":"https:\/\/www.kilians.com\/de\/news\/2020\/christmas-message-from-the-principal-2\/#breadcrumb"},"inLanguage":"de-DE","potentialAction":[{"@type":"ReadAction","target":["https:\/\/www.kilians.com\/de\/news\/2020\/christmas-message-from-the-principal-2\/"]}]},{"@type":"BreadcrumbList","@id":"https:\/\/www.kilians.com\/de\/news\/2020\/christmas-message-from-the-principal-2\/#breadcrumb","itemListElement":[{"@type":"ListItem","position":1,"name":"Home","item":"https:\/\/www.kilians.com\/de\/"},{"@type":"ListItem","position":2,"name":"Weihnachtsnachricht von der Schulleiterin"}]},{"@type":"Article","@id":"https:\/\/www.kilians.com\/de\/news\/2020\/christmas-message-from-the-principal-2\/#article","isPartOf":{"@id":"https:\/\/www.kilians.com\/de\/news\/2020\/christmas-message-from-the-principal-2\/#webpage"},"author":{"@id":"https:\/\/www.kilians.com\/#\/schema\/person\/d66fd270fc10b6a48b300e500c5f9edd"},"headline":"Weihnachtsnachricht von der Schulleiterin","datePublished":"2020-12-18T11:56:01+00:00","dateModified":"2020-12-18T12:29:26+00:00","mainEntityOfPage":{"@id":"https:\/\/www.kilians.com\/de\/news\/2020\/christmas-message-from-the-principal-2\/#webpage"},"wordCount":303,"publisher":{"@id":"https:\/\/www.kilians.com\/#organization"},"image":{"@id":"https:\/\/www.kilians.com\/de\/news\/2020\/christmas-message-from-the-principal-2\/#primaryimage"},"thumbnailUrl":"https:\/\/www.kilians.com\/wp-content\/uploads\/2020\/12\/pexels-freestocksorg-839462-1024x683-1.jpg","articleSection":["Nachrichten","Sekundarstufe"],"inLanguage":"de-DE"},{"@type":"Person","@id":"https:\/\/www.kilians.com\/#\/schema\/person\/d66fd270fc10b6a48b300e500c5f9edd","name":"marketingadmin","url":"https:\/\/www.kilians.com\/de\/news\/author\/marketingadmin\/"}]}},"_links":{"self":[{"href":"https:\/\/www.kilians.com\/de\/wp-json\/wp\/v2\/posts\/35834\/"}],"collection":[{"href":"https:\/\/www.kilians.com\/de\/wp-json\/wp\/v2\/posts\/"}],"about":[{"href":"https:\/\/www.kilians.com\/de\/wp-json\/wp\/v2\/types\/post\/"}],"author":[{"embeddable":true,"href":"https:\/\/www.kilians.com\/de\/wp-json\/wp\/v2\/users\/1\/"}],"replies":[{"embeddable":true,"href":"https:\/\/www.kilians.com\/de\/wp-json\/wp\/v2\/comments\/?post=35834"}],"version-history":[{"count":0,"href":"https:\/\/www.kilians.com\/de\/wp-json\/wp\/v2\/posts\/35834\/revisions\/"}],"wp:featuredmedia":[{"embeddable":true,"href":"https:\/\/www.kilians.com\/de\/wp-json\/wp\/v2\/media\/35831\/"}],"wp:attachment":[{"href":"https:\/\/www.kilians.com\/de\/wp-json\/wp\/v2\/media\/?parent=35834"}],"wp:term":[{"taxonomy":"category","embeddable":true,"href":"https:\/\/www.kilians.com\/de\/wp-json\/wp\/v2\/categories\/?post=35834"},{"taxonomy":"post_tag","embeddable":true,"href":"https:\/\/www.kilians.com\/de\/wp-json\/wp\/v2\/tags\/?post=35834"}],"curies":[{"name":"wp","href":"https:\/\/api.w.org\/{rel}","templated":true}]}}