{"id":35845,"date":"2020-12-21T21:49:00","date_gmt":"2020-12-21T21:49:00","guid":{"rendered":"https:\/\/www.kilians.com\/news\/2020\/christmas-fundraiser\/"},"modified":"2020-12-21T21:51:37","modified_gmt":"2020-12-21T21:51:37","slug":"christmas-fundraiser","status":"publish","type":"post","link":"https:\/\/www.kilians.com\/de\/news\/2020\/christmas-fundraiser\/","title":{"rendered":"Weihnachts-Fundraiser"},"content":{"rendered":"\n<p>Wie so viele andere Veranstaltungen konnte unser Weihnachtsbasar &#8211; der wichtigste Fundraiser des Schuljahres &#8211; dieses Jahr leider nicht stattfinden.<\/p>\n\n\n\n<p>Anstelle dieser gro\u00dfen Veranstaltung organisierte die Schule eine Verlosung f\u00fcr die gesamte Schule und einen Weihnachtsmannbesuch f\u00fcr unsere j\u00fcngeren Kinder. Vielen Dank an alle Eltern und Sch\u00fcler, die diese Initiative unterst\u00fctzt und uns geholfen haben, \u20ac3.700 &nbsp;zu sammeln. Diese Mittel werden verwendet, um unseren Sch\u00fclern zus\u00e4tzliche Sitzbereiche im Freien zur Verf\u00fcgung zu stellen, damit sie ihre Pausen an der frischen Luft und mit sozialer Distanz genie\u00dfen k\u00f6nnen.<\/p>\n\n\n\n<p>Ein gro\u00dfes Dankesch\u00f6n geht an Olivia Scully, Juliette O\u2019Grady und Jonathan Kelly, die diesen Fundraiser organisiert haben, und nat\u00fcrlich an unseren Weihnachtsmann! Vielen Dank auch an unsere Sch\u00fclerinnen der 10. Klasse, Amy, Eva, Maite, Nour und Aifric, die wunderbare &#8216;Elfen&#8217; waren und bei der Koordination des Weihnachtsmannbesuchs f\u00fcr \u00fcber 200 Kindergarten- und Grundschulkinder geholfen haben.<\/p>\n\n\n\n<figure class=\"wp-block-image size-large\"><img loading=\"lazy\" decoding=\"async\" width=\"1024\" height=\"683\" src=\"https:\/\/www.kilians.com\/wp-content\/uploads\/2020\/12\/santaty.jpg\" alt=\"\" class=\"wp-image-35843\" srcset=\"https:\/\/www.kilians.com\/wp-content\/uploads\/2020\/12\/santaty.jpg 1024w, https:\/\/www.kilians.com\/wp-content\/uploads\/2020\/12\/santaty-768x512.jpg 768w, https:\/\/www.kilians.com\/wp-content\/uploads\/2020\/12\/santaty-150x100.jpg 150w, https:\/\/www.kilians.com\/wp-content\/uploads\/2020\/12\/santaty-750x500.jpg 750w\" sizes=\"auto, (max-width: 1024px) 100vw, 1024px\" \/><\/figure>\n","protected":false},"excerpt":{"rendered":"<p>Wie so viele andere Veranstaltungen konnte unser Weihnachtsbasar &#8211; der wichtigste Fundraiser des Schuljahres &#8211; dieses Jahr leider nicht stattfinden. Anstelle dieser gro\u00dfen Veranstaltung organisierte&#8230; <a class=\"find-out-more-link\" href=\"https:\/\/www.kilians.com\/de\/news\/2020\/christmas-fundraiser\/\">Weiterlesen<\/a> <\/p>\n","protected":false},"author":1,"featured_media":35844,"comment_status":"closed","ping_status":"closed","sticky":false,"template":"","format":"standard","meta":{"footnotes":""},"categories":[6,192,52],"tags":[],"class_list":{"0":"post-35845","1":"post","2":"type-post","3":"status-publish","4":"format-standard","5":"has-post-thumbnail","7":"category-nachrichten","8":"category-primary-school-de","9":"category-sekundarstufe","10":"entry"},"yoast_head":"<!-- This site is optimized with the Yoast SEO plugin v17.2.1 - https:\/\/yoast.com\/wordpress\/plugins\/seo\/ -->\n<meta name=\"robots\" content=\"index, follow, max-snippet:-1, max-image-preview:large, max-video-preview:-1\" \/>\n<link rel=\"canonical\" href=\"https:\/\/www.kilians.com\/de\/news\/2020\/christmas-fundraiser\/\" \/>\n<meta property=\"og:locale\" content=\"de_DE\" \/>\n<meta property=\"og:type\" content=\"article\" \/>\n<meta property=\"og:title\" content=\"Weihnachts-Fundraiser - St. Kilian&#039;s German School, Dublin\" \/>\n<meta property=\"og:description\" content=\"Wie so viele andere Veranstaltungen konnte unser Weihnachtsbasar &#8211; der wichtigste Fundraiser des Schuljahres &#8211; dieses Jahr leider nicht stattfinden. Anstelle dieser gro\u00dfen Veranstaltung organisierte... Weiterlesen\" \/>\n<meta property=\"og:url\" content=\"https:\/\/www.kilians.com\/de\/news\/2020\/christmas-fundraiser\/\" \/>\n<meta property=\"og:site_name\" content=\"St. Kilian&#039;s German School, Dublin\" \/>\n<meta property=\"article:published_time\" content=\"2020-12-21T21:49:00+00:00\" \/>\n<meta property=\"article:modified_time\" content=\"2020-12-21T21:51:37+00:00\" \/>\n<meta property=\"og:image\" content=\"https:\/\/www.kilians.com\/wp-content\/uploads\/2020\/12\/santaty.jpg\" \/>\n\t<meta property=\"og:image:width\" content=\"1024\" \/>\n\t<meta property=\"og:image:height\" content=\"683\" \/>\n<meta name=\"twitter:card\" content=\"summary\" \/>\n<meta name=\"twitter:label1\" content=\"Verfasst von\" \/>\n\t<meta name=\"twitter:data1\" content=\"marketingadmin\" \/>\n\t<meta name=\"twitter:label2\" content=\"Gesch\u00e4tzte Lesezeit\" \/>\n\t<meta name=\"twitter:data2\" content=\"1 minute\" \/>\n<script type=\"application\/ld+json\" class=\"yoast-schema-graph\">{\"@context\":\"https:\/\/schema.org\",\"@graph\":[{\"@type\":\"Organization\",\"@id\":\"https:\/\/www.kilians.com\/#organization\",\"name\":\"St. Kilian's\",\"url\":\"https:\/\/www.kilians.com\/\",\"sameAs\":[],\"logo\":{\"@type\":\"ImageObject\",\"@id\":\"https:\/\/www.kilians.com\/#logo\",\"inLanguage\":\"de-DE\",\"url\":\"https:\/\/www.kilians.com\/wp-content\/uploads\/2017\/02\/StKilians_MasterLogo_Colour-1.png\",\"contentUrl\":\"https:\/\/www.kilians.com\/wp-content\/uploads\/2017\/02\/StKilians_MasterLogo_Colour-1.png\",\"width\":768,\"height\":1240,\"caption\":\"St. Kilian's\"},\"image\":{\"@id\":\"https:\/\/www.kilians.com\/#logo\"}},{\"@type\":\"WebSite\",\"@id\":\"https:\/\/www.kilians.com\/#website\",\"url\":\"https:\/\/www.kilians.com\/\",\"name\":\"St. Kilian&#039;s German School, Dublin\",\"description\":\"\",\"publisher\":{\"@id\":\"https:\/\/www.kilians.com\/#organization\"},\"potentialAction\":[{\"@type\":\"SearchAction\",\"target\":{\"@type\":\"EntryPoint\",\"urlTemplate\":\"https:\/\/www.kilians.com\/?s={search_term_string}\"},\"query-input\":\"required name=search_term_string\"}],\"inLanguage\":\"de-DE\"},{\"@type\":\"ImageObject\",\"@id\":\"https:\/\/www.kilians.com\/de\/news\/2020\/christmas-fundraiser\/#primaryimage\",\"inLanguage\":\"de-DE\",\"url\":\"https:\/\/www.kilians.com\/wp-content\/uploads\/2020\/12\/santaty.jpg\",\"contentUrl\":\"https:\/\/www.kilians.com\/wp-content\/uploads\/2020\/12\/santaty.jpg\",\"width\":1024,\"height\":683},{\"@type\":\"WebPage\",\"@id\":\"https:\/\/www.kilians.com\/de\/news\/2020\/christmas-fundraiser\/#webpage\",\"url\":\"https:\/\/www.kilians.com\/de\/news\/2020\/christmas-fundraiser\/\",\"name\":\"Weihnachts-Fundraiser - St. Kilian&#039;s German School, Dublin\",\"isPartOf\":{\"@id\":\"https:\/\/www.kilians.com\/#website\"},\"primaryImageOfPage\":{\"@id\":\"https:\/\/www.kilians.com\/de\/news\/2020\/christmas-fundraiser\/#primaryimage\"},\"datePublished\":\"2020-12-21T21:49:00+00:00\",\"dateModified\":\"2020-12-21T21:51:37+00:00\",\"breadcrumb\":{\"@id\":\"https:\/\/www.kilians.com\/de\/news\/2020\/christmas-fundraiser\/#breadcrumb\"},\"inLanguage\":\"de-DE\",\"potentialAction\":[{\"@type\":\"ReadAction\",\"target\":[\"https:\/\/www.kilians.com\/de\/news\/2020\/christmas-fundraiser\/\"]}]},{\"@type\":\"BreadcrumbList\",\"@id\":\"https:\/\/www.kilians.com\/de\/news\/2020\/christmas-fundraiser\/#breadcrumb\",\"itemListElement\":[{\"@type\":\"ListItem\",\"position\":1,\"name\":\"Home\",\"item\":\"https:\/\/www.kilians.com\/de\/\"},{\"@type\":\"ListItem\",\"position\":2,\"name\":\"Weihnachts-Fundraiser\"}]},{\"@type\":\"Article\",\"@id\":\"https:\/\/www.kilians.com\/de\/news\/2020\/christmas-fundraiser\/#article\",\"isPartOf\":{\"@id\":\"https:\/\/www.kilians.com\/de\/news\/2020\/christmas-fundraiser\/#webpage\"},\"author\":{\"@id\":\"https:\/\/www.kilians.com\/#\/schema\/person\/d66fd270fc10b6a48b300e500c5f9edd\"},\"headline\":\"Weihnachts-Fundraiser\",\"datePublished\":\"2020-12-21T21:49:00+00:00\",\"dateModified\":\"2020-12-21T21:51:37+00:00\",\"mainEntityOfPage\":{\"@id\":\"https:\/\/www.kilians.com\/de\/news\/2020\/christmas-fundraiser\/#webpage\"},\"wordCount\":158,\"publisher\":{\"@id\":\"https:\/\/www.kilians.com\/#organization\"},\"image\":{\"@id\":\"https:\/\/www.kilians.com\/de\/news\/2020\/christmas-fundraiser\/#primaryimage\"},\"thumbnailUrl\":\"https:\/\/www.kilians.com\/wp-content\/uploads\/2020\/12\/santaty.jpg\",\"articleSection\":[\"Nachrichten\",\"Primary School\",\"Sekundarstufe\"],\"inLanguage\":\"de-DE\"},{\"@type\":\"Person\",\"@id\":\"https:\/\/www.kilians.com\/#\/schema\/person\/d66fd270fc10b6a48b300e500c5f9edd\",\"name\":\"marketingadmin\",\"url\":\"https:\/\/www.kilians.com\/de\/news\/author\/marketingadmin\/\"}]}<\/script>\n<!-- \/ Yoast SEO plugin. -->","yoast_head_json":{"robots":{"index":"index","follow":"follow","max-snippet":"max-snippet:-1","max-image-preview":"max-image-preview:large","max-video-preview":"max-video-preview:-1"},"canonical":"https:\/\/www.kilians.com\/de\/news\/2020\/christmas-fundraiser\/","og_locale":"de_DE","og_type":"article","og_title":"Weihnachts-Fundraiser - St. Kilian&#039;s German School, Dublin","og_description":"Wie so viele andere Veranstaltungen konnte unser Weihnachtsbasar &#8211; der wichtigste Fundraiser des Schuljahres &#8211; dieses Jahr leider nicht stattfinden. Anstelle dieser gro\u00dfen Veranstaltung organisierte... Weiterlesen","og_url":"https:\/\/www.kilians.com\/de\/news\/2020\/christmas-fundraiser\/","og_site_name":"St. Kilian&#039;s German School, Dublin","article_published_time":"2020-12-21T21:49:00+00:00","article_modified_time":"2020-12-21T21:51:37+00:00","og_image":[{"width":1024,"height":683,"url":"https:\/\/www.kilians.com\/wp-content\/uploads\/2020\/12\/santaty.jpg","path":"\/nas\/content\/live\/kilians\/wp-content\/uploads\/2020\/12\/santaty.jpg","size":"full","id":35844,"alt":"","pixels":699392,"type":"image\/jpeg"}],"twitter_card":"summary","twitter_misc":{"Verfasst von":"marketingadmin","Gesch\u00e4tzte Lesezeit":"1 minute"},"schema":{"@context":"https:\/\/schema.org","@graph":[{"@type":"Organization","@id":"https:\/\/www.kilians.com\/#organization","name":"St. Kilian's","url":"https:\/\/www.kilians.com\/","sameAs":[],"logo":{"@type":"ImageObject","@id":"https:\/\/www.kilians.com\/#logo","inLanguage":"de-DE","url":"https:\/\/www.kilians.com\/wp-content\/uploads\/2017\/02\/StKilians_MasterLogo_Colour-1.png","contentUrl":"https:\/\/www.kilians.com\/wp-content\/uploads\/2017\/02\/StKilians_MasterLogo_Colour-1.png","width":768,"height":1240,"caption":"St. Kilian's"},"image":{"@id":"https:\/\/www.kilians.com\/#logo"}},{"@type":"WebSite","@id":"https:\/\/www.kilians.com\/#website","url":"https:\/\/www.kilians.com\/","name":"St. Kilian&#039;s German School, Dublin","description":"","publisher":{"@id":"https:\/\/www.kilians.com\/#organization"},"potentialAction":[{"@type":"SearchAction","target":{"@type":"EntryPoint","urlTemplate":"https:\/\/www.kilians.com\/?s={search_term_string}"},"query-input":"required name=search_term_string"}],"inLanguage":"de-DE"},{"@type":"ImageObject","@id":"https:\/\/www.kilians.com\/de\/news\/2020\/christmas-fundraiser\/#primaryimage","inLanguage":"de-DE","url":"https:\/\/www.kilians.com\/wp-content\/uploads\/2020\/12\/santaty.jpg","contentUrl":"https:\/\/www.kilians.com\/wp-content\/uploads\/2020\/12\/santaty.jpg","width":1024,"height":683},{"@type":"WebPage","@id":"https:\/\/www.kilians.com\/de\/news\/2020\/christmas-fundraiser\/#webpage","url":"https:\/\/www.kilians.com\/de\/news\/2020\/christmas-fundraiser\/","name":"Weihnachts-Fundraiser - St. Kilian&#039;s German School, Dublin","isPartOf":{"@id":"https:\/\/www.kilians.com\/#website"},"primaryImageOfPage":{"@id":"https:\/\/www.kilians.com\/de\/news\/2020\/christmas-fundraiser\/#primaryimage"},"datePublished":"2020-12-21T21:49:00+00:00","dateModified":"2020-12-21T21:51:37+00:00","breadcrumb":{"@id":"https:\/\/www.kilians.com\/de\/news\/2020\/christmas-fundraiser\/#breadcrumb"},"inLanguage":"de-DE","potentialAction":[{"@type":"ReadAction","target":["https:\/\/www.kilians.com\/de\/news\/2020\/christmas-fundraiser\/"]}]},{"@type":"BreadcrumbList","@id":"https:\/\/www.kilians.com\/de\/news\/2020\/christmas-fundraiser\/#breadcrumb","itemListElement":[{"@type":"ListItem","position":1,"name":"Home","item":"https:\/\/www.kilians.com\/de\/"},{"@type":"ListItem","position":2,"name":"Weihnachts-Fundraiser"}]},{"@type":"Article","@id":"https:\/\/www.kilians.com\/de\/news\/2020\/christmas-fundraiser\/#article","isPartOf":{"@id":"https:\/\/www.kilians.com\/de\/news\/2020\/christmas-fundraiser\/#webpage"},"author":{"@id":"https:\/\/www.kilians.com\/#\/schema\/person\/d66fd270fc10b6a48b300e500c5f9edd"},"headline":"Weihnachts-Fundraiser","datePublished":"2020-12-21T21:49:00+00:00","dateModified":"2020-12-21T21:51:37+00:00","mainEntityOfPage":{"@id":"https:\/\/www.kilians.com\/de\/news\/2020\/christmas-fundraiser\/#webpage"},"wordCount":158,"publisher":{"@id":"https:\/\/www.kilians.com\/#organization"},"image":{"@id":"https:\/\/www.kilians.com\/de\/news\/2020\/christmas-fundraiser\/#primaryimage"},"thumbnailUrl":"https:\/\/www.kilians.com\/wp-content\/uploads\/2020\/12\/santaty.jpg","articleSection":["Nachrichten","Primary School","Sekundarstufe"],"inLanguage":"de-DE"},{"@type":"Person","@id":"https:\/\/www.kilians.com\/#\/schema\/person\/d66fd270fc10b6a48b300e500c5f9edd","name":"marketingadmin","url":"https:\/\/www.kilians.com\/de\/news\/author\/marketingadmin\/"}]}},"_links":{"self":[{"href":"https:\/\/www.kilians.com\/de\/wp-json\/wp\/v2\/posts\/35845\/"}],"collection":[{"href":"https:\/\/www.kilians.com\/de\/wp-json\/wp\/v2\/posts\/"}],"about":[{"href":"https:\/\/www.kilians.com\/de\/wp-json\/wp\/v2\/types\/post\/"}],"author":[{"embeddable":true,"href":"https:\/\/www.kilians.com\/de\/wp-json\/wp\/v2\/users\/1\/"}],"replies":[{"embeddable":true,"href":"https:\/\/www.kilians.com\/de\/wp-json\/wp\/v2\/comments\/?post=35845"}],"version-history":[{"count":0,"href":"https:\/\/www.kilians.com\/de\/wp-json\/wp\/v2\/posts\/35845\/revisions\/"}],"wp:featuredmedia":[{"embeddable":true,"href":"https:\/\/www.kilians.com\/de\/wp-json\/wp\/v2\/media\/35844\/"}],"wp:attachment":[{"href":"https:\/\/www.kilians.com\/de\/wp-json\/wp\/v2\/media\/?parent=35845"}],"wp:term":[{"taxonomy":"category","embeddable":true,"href":"https:\/\/www.kilians.com\/de\/wp-json\/wp\/v2\/categories\/?post=35845"},{"taxonomy":"post_tag","embeddable":true,"href":"https:\/\/www.kilians.com\/de\/wp-json\/wp\/v2\/tags\/?post=35845"}],"curies":[{"name":"wp","href":"https:\/\/api.w.org\/{rel}","templated":true}]}}