{"id":36573,"date":"2021-06-17T11:23:05","date_gmt":"2021-06-17T10:23:05","guid":{"rendered":"https:\/\/www.kilians.com\/news\/2021\/transition-years-modules-week\/"},"modified":"2021-06-20T20:47:41","modified_gmt":"2021-06-20T19:47:41","slug":"transition-years-modules-week","status":"publish","type":"post","link":"https:\/\/www.kilians.com\/de\/news\/2021\/transition-years-modules-week\/","title":{"rendered":"Aktivit\u00e4tenwoche f\u00fcr die 10. Klasse"},"content":{"rendered":"\n<p>Unsere Sch\u00fclerinnen und Sch\u00fcler der 10. Klasse (Transition Year) mussten dieses Schuljahr aufgrund von COVID-19-Einschr\u00e4nkungen auf sehr viele Ausfl\u00fcge, Aktivit\u00e4ten und Erfahrungen verzichten, aber gl\u00fccklicherweise konnten in der letzten Woche vor Schuljahresende noch einige der geplanten Halbtags-Module durchgef\u00fchrt werden.<\/p>\n\n\n\n<p>Im Angebot gab es Schnupperkurse im Golf und Boxen sowie Stadtf\u00fchrungen und Fu\u00dfball-Workshops. Die Woche war ein gro\u00dfer Erfolg und gab den Sch\u00fclerinnen und Sch\u00fclern die Gelegenheit, Zeit au\u00dferhalb des Schulgeb\u00e4udes in kleinen Gruppen zu verbringen. Die Stadtbesuche beinhalteten nicht nur das Besichtigen von historischen Sehensw\u00fcrdigkeiten, sondern auch einen Besuch des Dubliner Zoos und sogar eine Bootsfahrt nach Howth!<\/p>\n\n\n\n<div class=\"wp-block-columns is-layout-flex wp-container-core-columns-is-layout-9d6595d7 wp-block-columns-is-layout-flex\">\n<div class=\"wp-block-column is-layout-flow wp-block-column-is-layout-flow\" style=\"flex-basis:100%\">\n<div class=\"wp-block-group\"><div class=\"wp-block-group__inner-container is-layout-flow wp-block-group-is-layout-flow\">\n<div class=\"wp-block-jetpack-tiled-gallery aligncenter is-style-rectangular\"><div class=\"tiled-gallery__gallery\"><div class=\"tiled-gallery__row\"><div class=\"tiled-gallery__col\" style=\"flex-basis:39.00079261714947%\"><figure class=\"tiled-gallery__item\"><img decoding=\"async\" alt=\"\" data-height=\"1500\" data-id=\"36559\" data-link=\"https:\/\/www.kilians.com\/news\/2021\/transition-years-modules-week\/microsoftteams-image-9\/\" data-url=\"https:\/\/www.kilians.com\/wp-content\/uploads\/2021\/06\/MicrosoftTeams-image-9.jpg\" data-width=\"2000\" src=\"https:\/\/i1.wp.com\/www.kilians.com\/wp-content\/uploads\/2021\/06\/MicrosoftTeams-image-9.jpg?ssl=1\" layout=\"responsive\"\/><\/figure><\/div><div class=\"tiled-gallery__col\" style=\"flex-basis:21.998414765701057%\"><figure class=\"tiled-gallery__item\"><img decoding=\"async\" alt=\"\" data-height=\"2000\" data-id=\"36561\" data-link=\"https:\/\/www.kilians.com\/news\/2021\/transition-years-modules-week\/microsoftteams-image\/\" data-url=\"https:\/\/www.kilians.com\/wp-content\/uploads\/2021\/06\/MicrosoftTeams-image.jpg\" data-width=\"1500\" src=\"https:\/\/i0.wp.com\/www.kilians.com\/wp-content\/uploads\/2021\/06\/MicrosoftTeams-image.jpg?ssl=1\" layout=\"responsive\"\/><\/figure><\/div><div class=\"tiled-gallery__col\" style=\"flex-basis:39.00079261714947%\"><figure class=\"tiled-gallery__item\"><img decoding=\"async\" alt=\"\" data-height=\"1500\" data-id=\"36563\" data-link=\"https:\/\/www.kilians.com\/news\/2021\/transition-years-modules-week\/microsoftteams-image-5\/\" data-url=\"https:\/\/www.kilians.com\/wp-content\/uploads\/2021\/06\/MicrosoftTeams-image-5.jpg\" data-width=\"2000\" src=\"https:\/\/i2.wp.com\/www.kilians.com\/wp-content\/uploads\/2021\/06\/MicrosoftTeams-image-5.jpg?ssl=1\" layout=\"responsive\"\/><\/figure><\/div><\/div><div class=\"tiled-gallery__row\"><div class=\"tiled-gallery__col\" style=\"flex-basis:64.00738323997197%\"><figure class=\"tiled-gallery__item\"><img decoding=\"async\" alt=\"\" data-height=\"1500\" data-id=\"36565\" data-link=\"https:\/\/www.kilians.com\/news\/2021\/transition-years-modules-week\/microsoftteams-image-2\/\" data-url=\"https:\/\/www.kilians.com\/wp-content\/uploads\/2021\/06\/MicrosoftTeams-image-2.jpg\" data-width=\"2000\" src=\"https:\/\/i0.wp.com\/www.kilians.com\/wp-content\/uploads\/2021\/06\/MicrosoftTeams-image-2.jpg?ssl=1\" layout=\"responsive\"\/><\/figure><\/div><div class=\"tiled-gallery__col\" style=\"flex-basis:35.99261676002802%\"><figure class=\"tiled-gallery__item\"><img decoding=\"async\" alt=\"\" data-height=\"1920\" data-id=\"36567\" data-link=\"https:\/\/www.kilians.com\/news\/2021\/transition-years-modules-week\/microsoftteams-image-1\/\" data-url=\"https:\/\/www.kilians.com\/wp-content\/uploads\/2021\/06\/MicrosoftTeams-image-1-scaled.jpg\" data-width=\"2560\" src=\"https:\/\/i2.wp.com\/www.kilians.com\/wp-content\/uploads\/2021\/06\/MicrosoftTeams-image-1-scaled.jpg?ssl=1\" layout=\"responsive\"\/><\/figure><figure class=\"tiled-gallery__item\"><img decoding=\"async\" alt=\"\" data-height=\"576\" data-id=\"36569\" data-link=\"https:\/\/www.kilians.com\/news\/2021\/transition-years-modules-week\/dsc_2230\/\" data-url=\"https:\/\/www.kilians.com\/wp-content\/uploads\/2021\/06\/DSC_2230.jpg\" data-width=\"1000\" src=\"https:\/\/i0.wp.com\/www.kilians.com\/wp-content\/uploads\/2021\/06\/DSC_2230.jpg?ssl=1\" layout=\"responsive\"\/><\/figure><\/div><\/div><div class=\"tiled-gallery__row\"><div class=\"tiled-gallery__col\" style=\"flex-basis:100%\"><figure class=\"tiled-gallery__item\"><img decoding=\"async\" alt=\"\" data-height=\"1368\" data-id=\"36571\" data-link=\"https:\/\/www.kilians.com\/news\/2021\/transition-years-modules-week\/microsoftteams-image-21\/\" data-url=\"https:\/\/www.kilians.com\/wp-content\/uploads\/2021\/06\/MicrosoftTeams-image-21.jpg\" data-width=\"1824\" src=\"https:\/\/i0.wp.com\/www.kilians.com\/wp-content\/uploads\/2021\/06\/MicrosoftTeams-image-21.jpg?ssl=1\" layout=\"responsive\"\/><\/figure><\/div><\/div><\/div><\/div>\n<\/div><\/div>\n<\/div>\n<\/div>\n\n\n\n<p><\/p>\n","protected":false},"excerpt":{"rendered":"<p>Unsere Sch\u00fclerinnen und Sch\u00fcler der 10. Klasse (Transition Year) mussten dieses Schuljahr aufgrund von COVID-19-Einschr\u00e4nkungen auf sehr viele Ausfl\u00fcge, Aktivit\u00e4ten und Erfahrungen verzichten, aber gl\u00fccklicherweise&#8230; <a class=\"find-out-more-link\" href=\"https:\/\/www.kilians.com\/de\/news\/2021\/transition-years-modules-week\/\">Weiterlesen<\/a> <\/p>\n","protected":false},"author":1,"featured_media":36552,"comment_status":"closed","ping_status":"closed","sticky":false,"template":"","format":"standard","meta":{"footnotes":""},"categories":[6,52],"tags":[],"class_list":{"0":"post-36573","1":"post","2":"type-post","3":"status-publish","4":"format-standard","5":"has-post-thumbnail","7":"category-nachrichten","8":"category-sekundarstufe","9":"entry"},"yoast_head":"<!-- This site is optimized with the Yoast SEO plugin v17.2.1 - https:\/\/yoast.com\/wordpress\/plugins\/seo\/ -->\n<meta name=\"robots\" content=\"index, follow, max-snippet:-1, max-image-preview:large, max-video-preview:-1\" \/>\n<link rel=\"canonical\" href=\"https:\/\/www.kilians.com\/de\/news\/2021\/transition-years-modules-week\/\" \/>\n<meta property=\"og:locale\" content=\"de_DE\" \/>\n<meta property=\"og:type\" content=\"article\" \/>\n<meta property=\"og:title\" content=\"Aktivit\u00e4tenwoche f\u00fcr die 10. Klasse - St. Kilian&#039;s German School, Dublin\" \/>\n<meta property=\"og:description\" content=\"Unsere Sch\u00fclerinnen und Sch\u00fcler der 10. Klasse (Transition Year) mussten dieses Schuljahr aufgrund von COVID-19-Einschr\u00e4nkungen auf sehr viele Ausfl\u00fcge, Aktivit\u00e4ten und Erfahrungen verzichten, aber gl\u00fccklicherweise... Weiterlesen\" \/>\n<meta property=\"og:url\" content=\"https:\/\/www.kilians.com\/de\/news\/2021\/transition-years-modules-week\/\" \/>\n<meta property=\"og:site_name\" content=\"St. Kilian&#039;s German School, Dublin\" \/>\n<meta property=\"article:published_time\" content=\"2021-06-17T10:23:05+00:00\" \/>\n<meta property=\"article:modified_time\" content=\"2021-06-20T19:47:41+00:00\" \/>\n<meta property=\"og:image\" content=\"https:\/\/www.kilians.com\/wp-content\/uploads\/2021\/06\/cityvisitsty1.jpg\" \/>\n\t<meta property=\"og:image:width\" content=\"1754\" \/>\n\t<meta property=\"og:image:height\" content=\"2560\" \/>\n<meta name=\"twitter:card\" content=\"summary\" \/>\n<meta name=\"twitter:label1\" content=\"Verfasst von\" \/>\n\t<meta name=\"twitter:data1\" content=\"marketingadmin\" \/>\n\t<meta name=\"twitter:label2\" content=\"Gesch\u00e4tzte Lesezeit\" \/>\n\t<meta name=\"twitter:data2\" content=\"1 minute\" \/>\n<script type=\"application\/ld+json\" class=\"yoast-schema-graph\">{\"@context\":\"https:\/\/schema.org\",\"@graph\":[{\"@type\":\"Organization\",\"@id\":\"https:\/\/www.kilians.com\/#organization\",\"name\":\"St. Kilian's\",\"url\":\"https:\/\/www.kilians.com\/\",\"sameAs\":[],\"logo\":{\"@type\":\"ImageObject\",\"@id\":\"https:\/\/www.kilians.com\/#logo\",\"inLanguage\":\"de-DE\",\"url\":\"https:\/\/www.kilians.com\/wp-content\/uploads\/2017\/02\/StKilians_MasterLogo_Colour-1.png\",\"contentUrl\":\"https:\/\/www.kilians.com\/wp-content\/uploads\/2017\/02\/StKilians_MasterLogo_Colour-1.png\",\"width\":768,\"height\":1240,\"caption\":\"St. Kilian's\"},\"image\":{\"@id\":\"https:\/\/www.kilians.com\/#logo\"}},{\"@type\":\"WebSite\",\"@id\":\"https:\/\/www.kilians.com\/#website\",\"url\":\"https:\/\/www.kilians.com\/\",\"name\":\"St. Kilian&#039;s German School, Dublin\",\"description\":\"\",\"publisher\":{\"@id\":\"https:\/\/www.kilians.com\/#organization\"},\"potentialAction\":[{\"@type\":\"SearchAction\",\"target\":{\"@type\":\"EntryPoint\",\"urlTemplate\":\"https:\/\/www.kilians.com\/?s={search_term_string}\"},\"query-input\":\"required name=search_term_string\"}],\"inLanguage\":\"de-DE\"},{\"@type\":\"ImageObject\",\"@id\":\"https:\/\/www.kilians.com\/de\/news\/2021\/transition-years-modules-week\/#primaryimage\",\"inLanguage\":\"de-DE\",\"url\":\"https:\/\/www.kilians.com\/wp-content\/uploads\/2021\/06\/cityvisitsty1.jpg\",\"contentUrl\":\"https:\/\/www.kilians.com\/wp-content\/uploads\/2021\/06\/cityvisitsty1.jpg\",\"width\":1754,\"height\":2560},{\"@type\":\"WebPage\",\"@id\":\"https:\/\/www.kilians.com\/de\/news\/2021\/transition-years-modules-week\/#webpage\",\"url\":\"https:\/\/www.kilians.com\/de\/news\/2021\/transition-years-modules-week\/\",\"name\":\"Aktivit\\u00e4tenwoche f\\u00fcr die 10. Klasse - St. Kilian&#039;s German School, Dublin\",\"isPartOf\":{\"@id\":\"https:\/\/www.kilians.com\/#website\"},\"primaryImageOfPage\":{\"@id\":\"https:\/\/www.kilians.com\/de\/news\/2021\/transition-years-modules-week\/#primaryimage\"},\"datePublished\":\"2021-06-17T10:23:05+00:00\",\"dateModified\":\"2021-06-20T19:47:41+00:00\",\"breadcrumb\":{\"@id\":\"https:\/\/www.kilians.com\/de\/news\/2021\/transition-years-modules-week\/#breadcrumb\"},\"inLanguage\":\"de-DE\",\"potentialAction\":[{\"@type\":\"ReadAction\",\"target\":[\"https:\/\/www.kilians.com\/de\/news\/2021\/transition-years-modules-week\/\"]}]},{\"@type\":\"BreadcrumbList\",\"@id\":\"https:\/\/www.kilians.com\/de\/news\/2021\/transition-years-modules-week\/#breadcrumb\",\"itemListElement\":[{\"@type\":\"ListItem\",\"position\":1,\"name\":\"Home\",\"item\":\"https:\/\/www.kilians.com\/de\/\"},{\"@type\":\"ListItem\",\"position\":2,\"name\":\"Aktivit\\u00e4tenwoche f\\u00fcr die 10. Klasse\"}]},{\"@type\":\"Article\",\"@id\":\"https:\/\/www.kilians.com\/de\/news\/2021\/transition-years-modules-week\/#article\",\"isPartOf\":{\"@id\":\"https:\/\/www.kilians.com\/de\/news\/2021\/transition-years-modules-week\/#webpage\"},\"author\":{\"@id\":\"https:\/\/www.kilians.com\/#\/schema\/person\/d66fd270fc10b6a48b300e500c5f9edd\"},\"headline\":\"Aktivit\\u00e4tenwoche f\\u00fcr die 10. Klasse\",\"datePublished\":\"2021-06-17T10:23:05+00:00\",\"dateModified\":\"2021-06-20T19:47:41+00:00\",\"mainEntityOfPage\":{\"@id\":\"https:\/\/www.kilians.com\/de\/news\/2021\/transition-years-modules-week\/#webpage\"},\"wordCount\":119,\"publisher\":{\"@id\":\"https:\/\/www.kilians.com\/#organization\"},\"image\":{\"@id\":\"https:\/\/www.kilians.com\/de\/news\/2021\/transition-years-modules-week\/#primaryimage\"},\"thumbnailUrl\":\"https:\/\/www.kilians.com\/wp-content\/uploads\/2021\/06\/cityvisitsty1.jpg\",\"articleSection\":[\"Nachrichten\",\"Sekundarstufe\"],\"inLanguage\":\"de-DE\"},{\"@type\":\"Person\",\"@id\":\"https:\/\/www.kilians.com\/#\/schema\/person\/d66fd270fc10b6a48b300e500c5f9edd\",\"name\":\"marketingadmin\",\"url\":\"https:\/\/www.kilians.com\/de\/news\/author\/marketingadmin\/\"}]}<\/script>\n<!-- \/ Yoast SEO plugin. -->","yoast_head_json":{"robots":{"index":"index","follow":"follow","max-snippet":"max-snippet:-1","max-image-preview":"max-image-preview:large","max-video-preview":"max-video-preview:-1"},"canonical":"https:\/\/www.kilians.com\/de\/news\/2021\/transition-years-modules-week\/","og_locale":"de_DE","og_type":"article","og_title":"Aktivit\u00e4tenwoche f\u00fcr die 10. Klasse - St. Kilian&#039;s German School, Dublin","og_description":"Unsere Sch\u00fclerinnen und Sch\u00fcler der 10. Klasse (Transition Year) mussten dieses Schuljahr aufgrund von COVID-19-Einschr\u00e4nkungen auf sehr viele Ausfl\u00fcge, Aktivit\u00e4ten und Erfahrungen verzichten, aber gl\u00fccklicherweise... Weiterlesen","og_url":"https:\/\/www.kilians.com\/de\/news\/2021\/transition-years-modules-week\/","og_site_name":"St. Kilian&#039;s German School, Dublin","article_published_time":"2021-06-17T10:23:05+00:00","article_modified_time":"2021-06-20T19:47:41+00:00","og_image":[{"width":1754,"height":2560,"url":"https:\/\/www.kilians.com\/wp-content\/uploads\/2021\/06\/cityvisitsty1.jpg","path":"\/nas\/content\/live\/kilians\/wp-content\/uploads\/2021\/06\/cityvisitsty1.jpg","size":"full","id":36552,"alt":"","pixels":4490240,"type":"image\/jpeg"}],"twitter_card":"summary","twitter_misc":{"Verfasst von":"marketingadmin","Gesch\u00e4tzte Lesezeit":"1 minute"},"schema":{"@context":"https:\/\/schema.org","@graph":[{"@type":"Organization","@id":"https:\/\/www.kilians.com\/#organization","name":"St. Kilian's","url":"https:\/\/www.kilians.com\/","sameAs":[],"logo":{"@type":"ImageObject","@id":"https:\/\/www.kilians.com\/#logo","inLanguage":"de-DE","url":"https:\/\/www.kilians.com\/wp-content\/uploads\/2017\/02\/StKilians_MasterLogo_Colour-1.png","contentUrl":"https:\/\/www.kilians.com\/wp-content\/uploads\/2017\/02\/StKilians_MasterLogo_Colour-1.png","width":768,"height":1240,"caption":"St. Kilian's"},"image":{"@id":"https:\/\/www.kilians.com\/#logo"}},{"@type":"WebSite","@id":"https:\/\/www.kilians.com\/#website","url":"https:\/\/www.kilians.com\/","name":"St. Kilian&#039;s German School, Dublin","description":"","publisher":{"@id":"https:\/\/www.kilians.com\/#organization"},"potentialAction":[{"@type":"SearchAction","target":{"@type":"EntryPoint","urlTemplate":"https:\/\/www.kilians.com\/?s={search_term_string}"},"query-input":"required name=search_term_string"}],"inLanguage":"de-DE"},{"@type":"ImageObject","@id":"https:\/\/www.kilians.com\/de\/news\/2021\/transition-years-modules-week\/#primaryimage","inLanguage":"de-DE","url":"https:\/\/www.kilians.com\/wp-content\/uploads\/2021\/06\/cityvisitsty1.jpg","contentUrl":"https:\/\/www.kilians.com\/wp-content\/uploads\/2021\/06\/cityvisitsty1.jpg","width":1754,"height":2560},{"@type":"WebPage","@id":"https:\/\/www.kilians.com\/de\/news\/2021\/transition-years-modules-week\/#webpage","url":"https:\/\/www.kilians.com\/de\/news\/2021\/transition-years-modules-week\/","name":"Aktivit\u00e4tenwoche f\u00fcr die 10. Klasse - St. Kilian&#039;s German School, Dublin","isPartOf":{"@id":"https:\/\/www.kilians.com\/#website"},"primaryImageOfPage":{"@id":"https:\/\/www.kilians.com\/de\/news\/2021\/transition-years-modules-week\/#primaryimage"},"datePublished":"2021-06-17T10:23:05+00:00","dateModified":"2021-06-20T19:47:41+00:00","breadcrumb":{"@id":"https:\/\/www.kilians.com\/de\/news\/2021\/transition-years-modules-week\/#breadcrumb"},"inLanguage":"de-DE","potentialAction":[{"@type":"ReadAction","target":["https:\/\/www.kilians.com\/de\/news\/2021\/transition-years-modules-week\/"]}]},{"@type":"BreadcrumbList","@id":"https:\/\/www.kilians.com\/de\/news\/2021\/transition-years-modules-week\/#breadcrumb","itemListElement":[{"@type":"ListItem","position":1,"name":"Home","item":"https:\/\/www.kilians.com\/de\/"},{"@type":"ListItem","position":2,"name":"Aktivit\u00e4tenwoche f\u00fcr die 10. Klasse"}]},{"@type":"Article","@id":"https:\/\/www.kilians.com\/de\/news\/2021\/transition-years-modules-week\/#article","isPartOf":{"@id":"https:\/\/www.kilians.com\/de\/news\/2021\/transition-years-modules-week\/#webpage"},"author":{"@id":"https:\/\/www.kilians.com\/#\/schema\/person\/d66fd270fc10b6a48b300e500c5f9edd"},"headline":"Aktivit\u00e4tenwoche f\u00fcr die 10. Klasse","datePublished":"2021-06-17T10:23:05+00:00","dateModified":"2021-06-20T19:47:41+00:00","mainEntityOfPage":{"@id":"https:\/\/www.kilians.com\/de\/news\/2021\/transition-years-modules-week\/#webpage"},"wordCount":119,"publisher":{"@id":"https:\/\/www.kilians.com\/#organization"},"image":{"@id":"https:\/\/www.kilians.com\/de\/news\/2021\/transition-years-modules-week\/#primaryimage"},"thumbnailUrl":"https:\/\/www.kilians.com\/wp-content\/uploads\/2021\/06\/cityvisitsty1.jpg","articleSection":["Nachrichten","Sekundarstufe"],"inLanguage":"de-DE"},{"@type":"Person","@id":"https:\/\/www.kilians.com\/#\/schema\/person\/d66fd270fc10b6a48b300e500c5f9edd","name":"marketingadmin","url":"https:\/\/www.kilians.com\/de\/news\/author\/marketingadmin\/"}]}},"_links":{"self":[{"href":"https:\/\/www.kilians.com\/de\/wp-json\/wp\/v2\/posts\/36573\/"}],"collection":[{"href":"https:\/\/www.kilians.com\/de\/wp-json\/wp\/v2\/posts\/"}],"about":[{"href":"https:\/\/www.kilians.com\/de\/wp-json\/wp\/v2\/types\/post\/"}],"author":[{"embeddable":true,"href":"https:\/\/www.kilians.com\/de\/wp-json\/wp\/v2\/users\/1\/"}],"replies":[{"embeddable":true,"href":"https:\/\/www.kilians.com\/de\/wp-json\/wp\/v2\/comments\/?post=36573"}],"version-history":[{"count":0,"href":"https:\/\/www.kilians.com\/de\/wp-json\/wp\/v2\/posts\/36573\/revisions\/"}],"wp:featuredmedia":[{"embeddable":true,"href":"https:\/\/www.kilians.com\/de\/wp-json\/wp\/v2\/media\/36552\/"}],"wp:attachment":[{"href":"https:\/\/www.kilians.com\/de\/wp-json\/wp\/v2\/media\/?parent=36573"}],"wp:term":[{"taxonomy":"category","embeddable":true,"href":"https:\/\/www.kilians.com\/de\/wp-json\/wp\/v2\/categories\/?post=36573"},{"taxonomy":"post_tag","embeddable":true,"href":"https:\/\/www.kilians.com\/de\/wp-json\/wp\/v2\/tags\/?post=36573"}],"curies":[{"name":"wp","href":"https:\/\/api.w.org\/{rel}","templated":true}]}}