{"id":36872,"date":"2021-10-15T13:24:00","date_gmt":"2021-10-15T12:24:00","guid":{"rendered":"https:\/\/www.kilians.com\/news\/2021\/stem-award-primary-school\/"},"modified":"2021-10-20T16:49:41","modified_gmt":"2021-10-20T15:49:41","slug":"stem-award-primary-school","status":"publish","type":"post","link":"https:\/\/www.kilians.com\/de\/news\/2021\/stem-award-primary-school\/","title":{"rendered":"MINT-Auszeichnung f\u00fcr unsere Grundschule"},"content":{"rendered":"\n<p>Herzlichen Gl\u00fcckwunsch an alle Sch\u00fcler*innen und Lehrer*innen, die im letzten Jahr so \u200b\u200bhart und effektiv an Projekten und Veranstaltungen in den Bereichen Mathematik, Informatik, Naturwissenschaften und Technik gearbeitet haben. Ein besonderer Dank geht an Ms Bowen, die all unsere Arbeit zusammengefasst und beim <strong>Discover Science and Maths Award <\/strong>von<strong> Science Ireland<\/strong> (siehe unseren Beitrag <a href=\"http:\/\/www.kilians.com\/wp-content\/uploads\/2021\/10\/Plaque-of-STEM_small.pdf\" target=\"_blank\" rel=\"noreferrer noopener\">hier<\/a>) eingereicht hat. Wir wurden nun zum zweiten Mal in Folge mit einer MINT-Plakette ausgezeichnet!<\/p>\n\n\n\n<p>Die Kinder der 3. Klasse freuten sich, bei den virtuellen Preisverleihungen dabei zu sein und den Ausruf &#8220;St. Kilian&#8217;s&#8221; zu h\u00f6ren.<\/p>\n\n\n\n<p><em><strong>Annette Black<\/strong><\/em><\/p>\n\n\n\n<figure class=\"wp-block-image size-large is-resized\"><img loading=\"lazy\" decoding=\"async\" src=\"https:\/\/www.kilians.com\/wp-content\/uploads\/2021\/10\/Screenshot-2021-10-18-at-19.05.50-1024x760.png\" alt=\"\" class=\"wp-image-36869\" width=\"512\" height=\"380\"\/><\/figure>\n","protected":false},"excerpt":{"rendered":"<p>Herzlichen Gl\u00fcckwunsch an alle Sch\u00fcler*innen und Lehrer*innen, die im letzten Jahr so \u200b\u200bhart und effektiv an Projekten und Veranstaltungen in den Bereichen Mathematik, Informatik, Naturwissenschaften&#8230; <a class=\"find-out-more-link\" href=\"https:\/\/www.kilians.com\/de\/news\/2021\/stem-award-primary-school\/\">Weiterlesen<\/a> <\/p>\n","protected":false},"author":1506,"featured_media":36870,"comment_status":"closed","ping_status":"closed","sticky":false,"template":"","format":"standard","meta":{"footnotes":""},"categories":[176,6,192],"tags":[],"class_list":{"0":"post-36872","1":"post","2":"type-post","3":"status-publish","4":"format-standard","5":"has-post-thumbnail","7":"category-auszeichnungen","8":"category-nachrichten","9":"category-primary-school-de","10":"entry"},"yoast_head":"<!-- This site is optimized with the Yoast SEO plugin v17.2.1 - https:\/\/yoast.com\/wordpress\/plugins\/seo\/ -->\n<meta name=\"robots\" content=\"index, follow, max-snippet:-1, max-image-preview:large, max-video-preview:-1\" \/>\n<link rel=\"canonical\" href=\"https:\/\/www.kilians.com\/de\/news\/2021\/stem-award-primary-school\/\" \/>\n<meta property=\"og:locale\" content=\"de_DE\" \/>\n<meta property=\"og:type\" content=\"article\" \/>\n<meta property=\"og:title\" content=\"MINT-Auszeichnung f\u00fcr unsere Grundschule - St. Kilian&#039;s German School, Dublin\" \/>\n<meta property=\"og:description\" content=\"Herzlichen Gl\u00fcckwunsch an alle Sch\u00fcler*innen und Lehrer*innen, die im letzten Jahr so \u200b\u200bhart und effektiv an Projekten und Veranstaltungen in den Bereichen Mathematik, Informatik, Naturwissenschaften... Weiterlesen\" \/>\n<meta property=\"og:url\" content=\"https:\/\/www.kilians.com\/de\/news\/2021\/stem-award-primary-school\/\" \/>\n<meta property=\"og:site_name\" content=\"St. Kilian&#039;s German School, Dublin\" \/>\n<meta property=\"article:published_time\" content=\"2021-10-15T12:24:00+00:00\" \/>\n<meta property=\"article:modified_time\" content=\"2021-10-20T15:49:41+00:00\" \/>\n<meta property=\"og:image\" content=\"http:\/\/www.kilians.com\/wp-content\/uploads\/2021\/10\/Screenshot-2021-10-18-at-19.05.50-1024x760.png\" \/>\n\t<meta property=\"og:image:width\" content=\"1024\" \/>\n\t<meta property=\"og:image:height\" content=\"760\" \/>\n<meta name=\"twitter:card\" content=\"summary\" \/>\n<meta name=\"twitter:label1\" content=\"Verfasst von\" \/>\n\t<meta name=\"twitter:data1\" content=\"Julia Bobenko\" \/>\n\t<meta name=\"twitter:label2\" content=\"Gesch\u00e4tzte Lesezeit\" \/>\n\t<meta name=\"twitter:data2\" content=\"1 minute\" \/>\n<script type=\"application\/ld+json\" class=\"yoast-schema-graph\">{\"@context\":\"https:\/\/schema.org\",\"@graph\":[{\"@type\":\"Organization\",\"@id\":\"https:\/\/www.kilians.com\/#organization\",\"name\":\"St. Kilian's\",\"url\":\"https:\/\/www.kilians.com\/\",\"sameAs\":[],\"logo\":{\"@type\":\"ImageObject\",\"@id\":\"https:\/\/www.kilians.com\/#logo\",\"inLanguage\":\"de-DE\",\"url\":\"https:\/\/www.kilians.com\/wp-content\/uploads\/2017\/02\/StKilians_MasterLogo_Colour-1.png\",\"contentUrl\":\"https:\/\/www.kilians.com\/wp-content\/uploads\/2017\/02\/StKilians_MasterLogo_Colour-1.png\",\"width\":768,\"height\":1240,\"caption\":\"St. Kilian's\"},\"image\":{\"@id\":\"https:\/\/www.kilians.com\/#logo\"}},{\"@type\":\"WebSite\",\"@id\":\"https:\/\/www.kilians.com\/#website\",\"url\":\"https:\/\/www.kilians.com\/\",\"name\":\"St. Kilian&#039;s German School, Dublin\",\"description\":\"\",\"publisher\":{\"@id\":\"https:\/\/www.kilians.com\/#organization\"},\"potentialAction\":[{\"@type\":\"SearchAction\",\"target\":{\"@type\":\"EntryPoint\",\"urlTemplate\":\"https:\/\/www.kilians.com\/?s={search_term_string}\"},\"query-input\":\"required name=search_term_string\"}],\"inLanguage\":\"de-DE\"},{\"@type\":\"ImageObject\",\"@id\":\"https:\/\/www.kilians.com\/de\/news\/2021\/stem-award-primary-school\/#primaryimage\",\"inLanguage\":\"de-DE\",\"url\":\"https:\/\/www.kilians.com\/wp-content\/uploads\/2021\/10\/Screenshot-2021-10-18-at-19.05.50.png\",\"contentUrl\":\"https:\/\/www.kilians.com\/wp-content\/uploads\/2021\/10\/Screenshot-2021-10-18-at-19.05.50.png\",\"width\":1896,\"height\":1408},{\"@type\":\"WebPage\",\"@id\":\"https:\/\/www.kilians.com\/de\/news\/2021\/stem-award-primary-school\/#webpage\",\"url\":\"https:\/\/www.kilians.com\/de\/news\/2021\/stem-award-primary-school\/\",\"name\":\"MINT-Auszeichnung f\\u00fcr unsere Grundschule - St. Kilian&#039;s German School, Dublin\",\"isPartOf\":{\"@id\":\"https:\/\/www.kilians.com\/#website\"},\"primaryImageOfPage\":{\"@id\":\"https:\/\/www.kilians.com\/de\/news\/2021\/stem-award-primary-school\/#primaryimage\"},\"datePublished\":\"2021-10-15T12:24:00+00:00\",\"dateModified\":\"2021-10-20T15:49:41+00:00\",\"breadcrumb\":{\"@id\":\"https:\/\/www.kilians.com\/de\/news\/2021\/stem-award-primary-school\/#breadcrumb\"},\"inLanguage\":\"de-DE\",\"potentialAction\":[{\"@type\":\"ReadAction\",\"target\":[\"https:\/\/www.kilians.com\/de\/news\/2021\/stem-award-primary-school\/\"]}]},{\"@type\":\"BreadcrumbList\",\"@id\":\"https:\/\/www.kilians.com\/de\/news\/2021\/stem-award-primary-school\/#breadcrumb\",\"itemListElement\":[{\"@type\":\"ListItem\",\"position\":1,\"name\":\"Home\",\"item\":\"https:\/\/www.kilians.com\/de\/\"},{\"@type\":\"ListItem\",\"position\":2,\"name\":\"MINT-Auszeichnung f\\u00fcr unsere Grundschule\"}]},{\"@type\":\"Article\",\"@id\":\"https:\/\/www.kilians.com\/de\/news\/2021\/stem-award-primary-school\/#article\",\"isPartOf\":{\"@id\":\"https:\/\/www.kilians.com\/de\/news\/2021\/stem-award-primary-school\/#webpage\"},\"author\":{\"@id\":\"https:\/\/www.kilians.com\/#\/schema\/person\/0d0ba718c246ee8eaf04df3226782e55\"},\"headline\":\"MINT-Auszeichnung f\\u00fcr unsere Grundschule\",\"datePublished\":\"2021-10-15T12:24:00+00:00\",\"dateModified\":\"2021-10-20T15:49:41+00:00\",\"mainEntityOfPage\":{\"@id\":\"https:\/\/www.kilians.com\/de\/news\/2021\/stem-award-primary-school\/#webpage\"},\"wordCount\":101,\"publisher\":{\"@id\":\"https:\/\/www.kilians.com\/#organization\"},\"image\":{\"@id\":\"https:\/\/www.kilians.com\/de\/news\/2021\/stem-award-primary-school\/#primaryimage\"},\"thumbnailUrl\":\"https:\/\/www.kilians.com\/wp-content\/uploads\/2021\/10\/Screenshot-2021-10-18-at-19.05.50.png\",\"articleSection\":[\"Erfolge &amp; Auszeichnungen\",\"Nachrichten\",\"Primary School\"],\"inLanguage\":\"de-DE\"},{\"@type\":\"Person\",\"@id\":\"https:\/\/www.kilians.com\/#\/schema\/person\/0d0ba718c246ee8eaf04df3226782e55\",\"name\":\"Julia Bobenko\",\"url\":\"https:\/\/www.kilians.com\/de\/news\/author\/julia\/\"}]}<\/script>\n<!-- \/ Yoast SEO plugin. -->","yoast_head_json":{"robots":{"index":"index","follow":"follow","max-snippet":"max-snippet:-1","max-image-preview":"max-image-preview:large","max-video-preview":"max-video-preview:-1"},"canonical":"https:\/\/www.kilians.com\/de\/news\/2021\/stem-award-primary-school\/","og_locale":"de_DE","og_type":"article","og_title":"MINT-Auszeichnung f\u00fcr unsere Grundschule - St. Kilian&#039;s German School, Dublin","og_description":"Herzlichen Gl\u00fcckwunsch an alle Sch\u00fcler*innen und Lehrer*innen, die im letzten Jahr so \u200b\u200bhart und effektiv an Projekten und Veranstaltungen in den Bereichen Mathematik, Informatik, Naturwissenschaften... Weiterlesen","og_url":"https:\/\/www.kilians.com\/de\/news\/2021\/stem-award-primary-school\/","og_site_name":"St. Kilian&#039;s German School, Dublin","article_published_time":"2021-10-15T12:24:00+00:00","article_modified_time":"2021-10-20T15:49:41+00:00","og_image":[{"width":1024,"height":760,"path":"2021\/10\/Screenshot-2021-10-18-at-19.05.50-1024x760.png","url":"http:\/\/www.kilians.com\/wp-content\/uploads\/2021\/10\/Screenshot-2021-10-18-at-19.05.50-1024x760.png","size":"large","id":36870,"alt":"","pixels":778240,"type":"image\/png"}],"twitter_card":"summary","twitter_misc":{"Verfasst von":"Julia Bobenko","Gesch\u00e4tzte Lesezeit":"1 minute"},"schema":{"@context":"https:\/\/schema.org","@graph":[{"@type":"Organization","@id":"https:\/\/www.kilians.com\/#organization","name":"St. Kilian's","url":"https:\/\/www.kilians.com\/","sameAs":[],"logo":{"@type":"ImageObject","@id":"https:\/\/www.kilians.com\/#logo","inLanguage":"de-DE","url":"https:\/\/www.kilians.com\/wp-content\/uploads\/2017\/02\/StKilians_MasterLogo_Colour-1.png","contentUrl":"https:\/\/www.kilians.com\/wp-content\/uploads\/2017\/02\/StKilians_MasterLogo_Colour-1.png","width":768,"height":1240,"caption":"St. Kilian's"},"image":{"@id":"https:\/\/www.kilians.com\/#logo"}},{"@type":"WebSite","@id":"https:\/\/www.kilians.com\/#website","url":"https:\/\/www.kilians.com\/","name":"St. Kilian&#039;s German School, Dublin","description":"","publisher":{"@id":"https:\/\/www.kilians.com\/#organization"},"potentialAction":[{"@type":"SearchAction","target":{"@type":"EntryPoint","urlTemplate":"https:\/\/www.kilians.com\/?s={search_term_string}"},"query-input":"required name=search_term_string"}],"inLanguage":"de-DE"},{"@type":"ImageObject","@id":"https:\/\/www.kilians.com\/de\/news\/2021\/stem-award-primary-school\/#primaryimage","inLanguage":"de-DE","url":"https:\/\/www.kilians.com\/wp-content\/uploads\/2021\/10\/Screenshot-2021-10-18-at-19.05.50.png","contentUrl":"https:\/\/www.kilians.com\/wp-content\/uploads\/2021\/10\/Screenshot-2021-10-18-at-19.05.50.png","width":1896,"height":1408},{"@type":"WebPage","@id":"https:\/\/www.kilians.com\/de\/news\/2021\/stem-award-primary-school\/#webpage","url":"https:\/\/www.kilians.com\/de\/news\/2021\/stem-award-primary-school\/","name":"MINT-Auszeichnung f\u00fcr unsere Grundschule - St. Kilian&#039;s German School, Dublin","isPartOf":{"@id":"https:\/\/www.kilians.com\/#website"},"primaryImageOfPage":{"@id":"https:\/\/www.kilians.com\/de\/news\/2021\/stem-award-primary-school\/#primaryimage"},"datePublished":"2021-10-15T12:24:00+00:00","dateModified":"2021-10-20T15:49:41+00:00","breadcrumb":{"@id":"https:\/\/www.kilians.com\/de\/news\/2021\/stem-award-primary-school\/#breadcrumb"},"inLanguage":"de-DE","potentialAction":[{"@type":"ReadAction","target":["https:\/\/www.kilians.com\/de\/news\/2021\/stem-award-primary-school\/"]}]},{"@type":"BreadcrumbList","@id":"https:\/\/www.kilians.com\/de\/news\/2021\/stem-award-primary-school\/#breadcrumb","itemListElement":[{"@type":"ListItem","position":1,"name":"Home","item":"https:\/\/www.kilians.com\/de\/"},{"@type":"ListItem","position":2,"name":"MINT-Auszeichnung f\u00fcr unsere Grundschule"}]},{"@type":"Article","@id":"https:\/\/www.kilians.com\/de\/news\/2021\/stem-award-primary-school\/#article","isPartOf":{"@id":"https:\/\/www.kilians.com\/de\/news\/2021\/stem-award-primary-school\/#webpage"},"author":{"@id":"https:\/\/www.kilians.com\/#\/schema\/person\/0d0ba718c246ee8eaf04df3226782e55"},"headline":"MINT-Auszeichnung f\u00fcr unsere Grundschule","datePublished":"2021-10-15T12:24:00+00:00","dateModified":"2021-10-20T15:49:41+00:00","mainEntityOfPage":{"@id":"https:\/\/www.kilians.com\/de\/news\/2021\/stem-award-primary-school\/#webpage"},"wordCount":101,"publisher":{"@id":"https:\/\/www.kilians.com\/#organization"},"image":{"@id":"https:\/\/www.kilians.com\/de\/news\/2021\/stem-award-primary-school\/#primaryimage"},"thumbnailUrl":"https:\/\/www.kilians.com\/wp-content\/uploads\/2021\/10\/Screenshot-2021-10-18-at-19.05.50.png","articleSection":["Erfolge &amp; Auszeichnungen","Nachrichten","Primary School"],"inLanguage":"de-DE"},{"@type":"Person","@id":"https:\/\/www.kilians.com\/#\/schema\/person\/0d0ba718c246ee8eaf04df3226782e55","name":"Julia Bobenko","url":"https:\/\/www.kilians.com\/de\/news\/author\/julia\/"}]}},"_links":{"self":[{"href":"https:\/\/www.kilians.com\/de\/wp-json\/wp\/v2\/posts\/36872\/"}],"collection":[{"href":"https:\/\/www.kilians.com\/de\/wp-json\/wp\/v2\/posts\/"}],"about":[{"href":"https:\/\/www.kilians.com\/de\/wp-json\/wp\/v2\/types\/post\/"}],"author":[{"embeddable":true,"href":"https:\/\/www.kilians.com\/de\/wp-json\/wp\/v2\/users\/1506\/"}],"replies":[{"embeddable":true,"href":"https:\/\/www.kilians.com\/de\/wp-json\/wp\/v2\/comments\/?post=36872"}],"version-history":[{"count":0,"href":"https:\/\/www.kilians.com\/de\/wp-json\/wp\/v2\/posts\/36872\/revisions\/"}],"wp:featuredmedia":[{"embeddable":true,"href":"https:\/\/www.kilians.com\/de\/wp-json\/wp\/v2\/media\/36870\/"}],"wp:attachment":[{"href":"https:\/\/www.kilians.com\/de\/wp-json\/wp\/v2\/media\/?parent=36872"}],"wp:term":[{"taxonomy":"category","embeddable":true,"href":"https:\/\/www.kilians.com\/de\/wp-json\/wp\/v2\/categories\/?post=36872"},{"taxonomy":"post_tag","embeddable":true,"href":"https:\/\/www.kilians.com\/de\/wp-json\/wp\/v2\/tags\/?post=36872"}],"curies":[{"name":"wp","href":"https:\/\/api.w.org\/{rel}","templated":true}]}}