{"id":36892,"date":"2021-10-18T12:43:00","date_gmt":"2021-10-18T11:43:00","guid":{"rendered":"https:\/\/www.kilians.com\/?p=36892"},"modified":"2021-10-28T12:56:53","modified_gmt":"2021-10-28T11:56:53","slug":"erstkommunion-2021","status":"publish","type":"post","link":"https:\/\/www.kilians.com\/de\/news\/2021\/erstkommunion-2021\/","title":{"rendered":"Erstkommunion 2021"},"content":{"rendered":"\n<p class=\"wp-block-paragraph\">17 Kinder feierten ihre Erstkommunion am 16. Oktober 2021 in der Clonskeagh Parish Kirche. All die M\u00fche und harte Arbeit von Frau O\u2019Brien und der der Kinder hat sich gelohnt, denn es war eine wundersch\u00f6ne und herzerw\u00e4rmende Feier. Die Kinder, ihre Eltern und ihre Familienmitglieder, wovon viele sogar aus dem Ausland angereist sind, wurden von Pater Joe und seinem Team herzlich willkommen gehei\u00dfen. <\/p>\n\n\n\n<p class=\"wp-block-paragraph\">Frau O&#8217;Brien (die auch die EFD-Leiterin ist und sich auf die kommende Wissenschaftswoche vorbereitet) sorgte nicht nur daf\u00fcr, dass die Kinder sehr gut vorbereitet waren, sondern setzte auch sch\u00f6ne individuelle Akzente. \u00a0Ein ganz gro\u00dfes Dankesch\u00f6n an Frau O\u2019Brien und an Frau Thielemans sowie die Kinder unseres Chores, die ebenfalls dazu beigetragen haben, dass die Erstkommunion f\u00fcr unsere Sch\u00fcler*innen zu einem ganz besonderen Anla\u00df wurde.<\/p>\n\n\n\n<figure class=\"wp-block-image size-large\"><img loading=\"lazy\" decoding=\"async\" width=\"1024\" height=\"768\" src=\"http:\/\/www.kilians.com\/wp-content\/uploads\/2021\/10\/IMG_2607-1-1024x768.jpg\" alt=\"\" class=\"wp-image-36887\" srcset=\"https:\/\/www.kilians.com\/wp-content\/uploads\/2021\/10\/IMG_2607-1-1024x768.jpg 1024w, https:\/\/www.kilians.com\/wp-content\/uploads\/2021\/10\/IMG_2607-1-768x576.jpg 768w, https:\/\/www.kilians.com\/wp-content\/uploads\/2021\/10\/IMG_2607-1-1536x1152.jpg 1536w, https:\/\/www.kilians.com\/wp-content\/uploads\/2021\/10\/IMG_2607-1-2048x1536.jpg 2048w, https:\/\/www.kilians.com\/wp-content\/uploads\/2021\/10\/IMG_2607-1-750x563.jpg 750w\" sizes=\"auto, (max-width: 1024px) 100vw, 1024px\" \/><\/figure>\n","protected":false},"excerpt":{"rendered":"<p>17 Kinder feierten ihre Erstkommunion am 16. Oktober 2021 in der Clonskeagh Parish Kirche. All die M\u00fche und harte Arbeit von Frau O\u2019Brien und der&#8230; <a class=\"find-out-more-link\" href=\"https:\/\/www.kilians.com\/de\/news\/2021\/erstkommunion-2021\/\">Weiterlesen<\/a> <\/p>\n","protected":false},"author":1,"featured_media":36887,"comment_status":"closed","ping_status":"closed","sticky":false,"template":"","format":"standard","meta":{"footnotes":""},"categories":[51,6,192],"tags":[],"class_list":["post-36892","post","type-post","status-publish","format-standard","has-post-thumbnail","category-kindergarten-grundschule","category-nachrichten","category-primary-school-de","entry"],"yoast_head":"<!-- This site is optimized with the Yoast SEO plugin v17.2.1 - https:\/\/yoast.com\/wordpress\/plugins\/seo\/ -->\n<meta name=\"robots\" content=\"index, follow, max-snippet:-1, max-image-preview:large, max-video-preview:-1\" \/>\n<link rel=\"canonical\" href=\"https:\/\/www.kilians.com\/de\/news\/2021\/erstkommunion-2021\/\" \/>\n<meta property=\"og:locale\" content=\"de_DE\" \/>\n<meta property=\"og:type\" content=\"article\" \/>\n<meta property=\"og:title\" content=\"Erstkommunion 2021 - St. Kilian&#039;s German School, Dublin\" \/>\n<meta property=\"og:description\" content=\"17 Kinder feierten ihre Erstkommunion am 16. Oktober 2021 in der Clonskeagh Parish Kirche. All die M\u00fche und harte Arbeit von Frau O\u2019Brien und der... Weiterlesen\" \/>\n<meta property=\"og:url\" content=\"https:\/\/www.kilians.com\/de\/news\/2021\/erstkommunion-2021\/\" \/>\n<meta property=\"og:site_name\" content=\"St. Kilian&#039;s German School, Dublin\" \/>\n<meta property=\"article:published_time\" content=\"2021-10-18T11:43:00+00:00\" \/>\n<meta property=\"article:modified_time\" content=\"2021-10-28T11:56:53+00:00\" \/>\n<meta property=\"og:image\" content=\"http:\/\/www.kilians.com\/wp-content\/uploads\/2021\/10\/IMG_2607-1-1024x768.jpg\" \/>\n\t<meta property=\"og:image:width\" content=\"1024\" \/>\n\t<meta property=\"og:image:height\" content=\"768\" \/>\n<meta name=\"twitter:card\" content=\"summary\" \/>\n<meta name=\"twitter:label1\" content=\"Verfasst von\" \/>\n\t<meta name=\"twitter:data1\" content=\"marketingadmin\" \/>\n\t<meta name=\"twitter:label2\" content=\"Gesch\u00e4tzte Lesezeit\" \/>\n\t<meta name=\"twitter:data2\" content=\"1 minute\" \/>\n<script type=\"application\/ld+json\" class=\"yoast-schema-graph\">{\"@context\":\"https:\/\/schema.org\",\"@graph\":[{\"@type\":\"Organization\",\"@id\":\"https:\/\/www.kilians.com\/#organization\",\"name\":\"St. Kilian's\",\"url\":\"https:\/\/www.kilians.com\/\",\"sameAs\":[],\"logo\":{\"@type\":\"ImageObject\",\"@id\":\"https:\/\/www.kilians.com\/#logo\",\"inLanguage\":\"de-DE\",\"url\":\"https:\/\/www.kilians.com\/wp-content\/uploads\/2017\/02\/StKilians_MasterLogo_Colour-1.png\",\"contentUrl\":\"https:\/\/www.kilians.com\/wp-content\/uploads\/2017\/02\/StKilians_MasterLogo_Colour-1.png\",\"width\":768,\"height\":1240,\"caption\":\"St. Kilian's\"},\"image\":{\"@id\":\"https:\/\/www.kilians.com\/#logo\"}},{\"@type\":\"WebSite\",\"@id\":\"https:\/\/www.kilians.com\/#website\",\"url\":\"https:\/\/www.kilians.com\/\",\"name\":\"St. Kilian&#039;s German School, Dublin\",\"description\":\"\",\"publisher\":{\"@id\":\"https:\/\/www.kilians.com\/#organization\"},\"potentialAction\":[{\"@type\":\"SearchAction\",\"target\":{\"@type\":\"EntryPoint\",\"urlTemplate\":\"https:\/\/www.kilians.com\/?s={search_term_string}\"},\"query-input\":\"required name=search_term_string\"}],\"inLanguage\":\"de-DE\"},{\"@type\":\"ImageObject\",\"@id\":\"https:\/\/www.kilians.com\/de\/news\/2021\/erstkommunion-2021\/#primaryimage\",\"inLanguage\":\"de-DE\",\"url\":\"https:\/\/www.kilians.com\/wp-content\/uploads\/2021\/10\/IMG_2607-1.jpg\",\"contentUrl\":\"https:\/\/www.kilians.com\/wp-content\/uploads\/2021\/10\/IMG_2607-1.jpg\",\"width\":2560,\"height\":1920},{\"@type\":\"WebPage\",\"@id\":\"https:\/\/www.kilians.com\/de\/news\/2021\/erstkommunion-2021\/#webpage\",\"url\":\"https:\/\/www.kilians.com\/de\/news\/2021\/erstkommunion-2021\/\",\"name\":\"Erstkommunion 2021 - St. Kilian&#039;s German School, Dublin\",\"isPartOf\":{\"@id\":\"https:\/\/www.kilians.com\/#website\"},\"primaryImageOfPage\":{\"@id\":\"https:\/\/www.kilians.com\/de\/news\/2021\/erstkommunion-2021\/#primaryimage\"},\"datePublished\":\"2021-10-18T11:43:00+00:00\",\"dateModified\":\"2021-10-28T11:56:53+00:00\",\"breadcrumb\":{\"@id\":\"https:\/\/www.kilians.com\/de\/news\/2021\/erstkommunion-2021\/#breadcrumb\"},\"inLanguage\":\"de-DE\",\"potentialAction\":[{\"@type\":\"ReadAction\",\"target\":[\"https:\/\/www.kilians.com\/de\/news\/2021\/erstkommunion-2021\/\"]}]},{\"@type\":\"BreadcrumbList\",\"@id\":\"https:\/\/www.kilians.com\/de\/news\/2021\/erstkommunion-2021\/#breadcrumb\",\"itemListElement\":[{\"@type\":\"ListItem\",\"position\":1,\"name\":\"Home\",\"item\":\"https:\/\/www.kilians.com\/de\/\"},{\"@type\":\"ListItem\",\"position\":2,\"name\":\"Erstkommunion 2021\"}]},{\"@type\":\"Article\",\"@id\":\"https:\/\/www.kilians.com\/de\/news\/2021\/erstkommunion-2021\/#article\",\"isPartOf\":{\"@id\":\"https:\/\/www.kilians.com\/de\/news\/2021\/erstkommunion-2021\/#webpage\"},\"author\":{\"@id\":\"https:\/\/www.kilians.com\/#\/schema\/person\/d66fd270fc10b6a48b300e500c5f9edd\"},\"headline\":\"Erstkommunion 2021\",\"datePublished\":\"2021-10-18T11:43:00+00:00\",\"dateModified\":\"2021-10-28T11:56:53+00:00\",\"mainEntityOfPage\":{\"@id\":\"https:\/\/www.kilians.com\/de\/news\/2021\/erstkommunion-2021\/#webpage\"},\"wordCount\":138,\"publisher\":{\"@id\":\"https:\/\/www.kilians.com\/#organization\"},\"image\":{\"@id\":\"https:\/\/www.kilians.com\/de\/news\/2021\/erstkommunion-2021\/#primaryimage\"},\"thumbnailUrl\":\"https:\/\/www.kilians.com\/wp-content\/uploads\/2021\/10\/IMG_2607-1.jpg\",\"articleSection\":[\"Kindergarten-Grundschule\",\"Nachrichten\",\"Primary School\"],\"inLanguage\":\"de-DE\"},{\"@type\":\"Person\",\"@id\":\"https:\/\/www.kilians.com\/#\/schema\/person\/d66fd270fc10b6a48b300e500c5f9edd\",\"name\":\"marketingadmin\",\"url\":\"https:\/\/www.kilians.com\/de\/news\/author\/marketingadmin\/\"}]}<\/script>\n<!-- \/ Yoast SEO plugin. -->","yoast_head_json":{"robots":{"index":"index","follow":"follow","max-snippet":"max-snippet:-1","max-image-preview":"max-image-preview:large","max-video-preview":"max-video-preview:-1"},"canonical":"https:\/\/www.kilians.com\/de\/news\/2021\/erstkommunion-2021\/","og_locale":"de_DE","og_type":"article","og_title":"Erstkommunion 2021 - St. Kilian&#039;s German School, Dublin","og_description":"17 Kinder feierten ihre Erstkommunion am 16. Oktober 2021 in der Clonskeagh Parish Kirche. All die M\u00fche und harte Arbeit von Frau O\u2019Brien und der... Weiterlesen","og_url":"https:\/\/www.kilians.com\/de\/news\/2021\/erstkommunion-2021\/","og_site_name":"St. Kilian&#039;s German School, Dublin","article_published_time":"2021-10-18T11:43:00+00:00","article_modified_time":"2021-10-28T11:56:53+00:00","og_image":[{"width":1024,"height":768,"path":"2021\/10\/IMG_2607-1-1024x768.jpg","url":"http:\/\/www.kilians.com\/wp-content\/uploads\/2021\/10\/IMG_2607-1-1024x768.jpg","size":"large","id":36887,"alt":"","pixels":786432,"type":"image\/jpeg"}],"twitter_card":"summary","twitter_misc":{"Verfasst von":"marketingadmin","Gesch\u00e4tzte Lesezeit":"1 minute"},"schema":{"@context":"https:\/\/schema.org","@graph":[{"@type":"Organization","@id":"https:\/\/www.kilians.com\/#organization","name":"St. Kilian's","url":"https:\/\/www.kilians.com\/","sameAs":[],"logo":{"@type":"ImageObject","@id":"https:\/\/www.kilians.com\/#logo","inLanguage":"de-DE","url":"https:\/\/www.kilians.com\/wp-content\/uploads\/2017\/02\/StKilians_MasterLogo_Colour-1.png","contentUrl":"https:\/\/www.kilians.com\/wp-content\/uploads\/2017\/02\/StKilians_MasterLogo_Colour-1.png","width":768,"height":1240,"caption":"St. Kilian's"},"image":{"@id":"https:\/\/www.kilians.com\/#logo"}},{"@type":"WebSite","@id":"https:\/\/www.kilians.com\/#website","url":"https:\/\/www.kilians.com\/","name":"St. Kilian&#039;s German School, Dublin","description":"","publisher":{"@id":"https:\/\/www.kilians.com\/#organization"},"potentialAction":[{"@type":"SearchAction","target":{"@type":"EntryPoint","urlTemplate":"https:\/\/www.kilians.com\/?s={search_term_string}"},"query-input":"required name=search_term_string"}],"inLanguage":"de-DE"},{"@type":"ImageObject","@id":"https:\/\/www.kilians.com\/de\/news\/2021\/erstkommunion-2021\/#primaryimage","inLanguage":"de-DE","url":"https:\/\/www.kilians.com\/wp-content\/uploads\/2021\/10\/IMG_2607-1.jpg","contentUrl":"https:\/\/www.kilians.com\/wp-content\/uploads\/2021\/10\/IMG_2607-1.jpg","width":2560,"height":1920},{"@type":"WebPage","@id":"https:\/\/www.kilians.com\/de\/news\/2021\/erstkommunion-2021\/#webpage","url":"https:\/\/www.kilians.com\/de\/news\/2021\/erstkommunion-2021\/","name":"Erstkommunion 2021 - St. Kilian&#039;s German School, Dublin","isPartOf":{"@id":"https:\/\/www.kilians.com\/#website"},"primaryImageOfPage":{"@id":"https:\/\/www.kilians.com\/de\/news\/2021\/erstkommunion-2021\/#primaryimage"},"datePublished":"2021-10-18T11:43:00+00:00","dateModified":"2021-10-28T11:56:53+00:00","breadcrumb":{"@id":"https:\/\/www.kilians.com\/de\/news\/2021\/erstkommunion-2021\/#breadcrumb"},"inLanguage":"de-DE","potentialAction":[{"@type":"ReadAction","target":["https:\/\/www.kilians.com\/de\/news\/2021\/erstkommunion-2021\/"]}]},{"@type":"BreadcrumbList","@id":"https:\/\/www.kilians.com\/de\/news\/2021\/erstkommunion-2021\/#breadcrumb","itemListElement":[{"@type":"ListItem","position":1,"name":"Home","item":"https:\/\/www.kilians.com\/de\/"},{"@type":"ListItem","position":2,"name":"Erstkommunion 2021"}]},{"@type":"Article","@id":"https:\/\/www.kilians.com\/de\/news\/2021\/erstkommunion-2021\/#article","isPartOf":{"@id":"https:\/\/www.kilians.com\/de\/news\/2021\/erstkommunion-2021\/#webpage"},"author":{"@id":"https:\/\/www.kilians.com\/#\/schema\/person\/d66fd270fc10b6a48b300e500c5f9edd"},"headline":"Erstkommunion 2021","datePublished":"2021-10-18T11:43:00+00:00","dateModified":"2021-10-28T11:56:53+00:00","mainEntityOfPage":{"@id":"https:\/\/www.kilians.com\/de\/news\/2021\/erstkommunion-2021\/#webpage"},"wordCount":138,"publisher":{"@id":"https:\/\/www.kilians.com\/#organization"},"image":{"@id":"https:\/\/www.kilians.com\/de\/news\/2021\/erstkommunion-2021\/#primaryimage"},"thumbnailUrl":"https:\/\/www.kilians.com\/wp-content\/uploads\/2021\/10\/IMG_2607-1.jpg","articleSection":["Kindergarten-Grundschule","Nachrichten","Primary School"],"inLanguage":"de-DE"},{"@type":"Person","@id":"https:\/\/www.kilians.com\/#\/schema\/person\/d66fd270fc10b6a48b300e500c5f9edd","name":"marketingadmin","url":"https:\/\/www.kilians.com\/de\/news\/author\/marketingadmin\/"}]}},"_links":{"self":[{"href":"https:\/\/www.kilians.com\/de\/wp-json\/wp\/v2\/posts\/36892\/"}],"collection":[{"href":"https:\/\/www.kilians.com\/de\/wp-json\/wp\/v2\/posts\/"}],"about":[{"href":"https:\/\/www.kilians.com\/de\/wp-json\/wp\/v2\/types\/post\/"}],"author":[{"embeddable":true,"href":"https:\/\/www.kilians.com\/de\/wp-json\/wp\/v2\/users\/1\/"}],"replies":[{"embeddable":true,"href":"https:\/\/www.kilians.com\/de\/wp-json\/wp\/v2\/comments\/?post=36892"}],"version-history":[{"count":0,"href":"https:\/\/www.kilians.com\/de\/wp-json\/wp\/v2\/posts\/36892\/revisions\/"}],"wp:featuredmedia":[{"embeddable":true,"href":"https:\/\/www.kilians.com\/de\/wp-json\/wp\/v2\/media\/36887\/"}],"wp:attachment":[{"href":"https:\/\/www.kilians.com\/de\/wp-json\/wp\/v2\/media\/?parent=36892"}],"wp:term":[{"taxonomy":"category","embeddable":true,"href":"https:\/\/www.kilians.com\/de\/wp-json\/wp\/v2\/categories\/?post=36892"},{"taxonomy":"post_tag","embeddable":true,"href":"https:\/\/www.kilians.com\/de\/wp-json\/wp\/v2\/tags\/?post=36892"}],"curies":[{"name":"wp","href":"https:\/\/api.w.org\/{rel}","templated":true}]}}