{"id":37468,"date":"2022-01-10T13:51:00","date_gmt":"2022-01-10T13:51:00","guid":{"rendered":"https:\/\/www.kilians.com\/?p=37468"},"modified":"2022-03-08T10:26:35","modified_gmt":"2022-03-08T10:26:35","slug":"fahrsicherheitstraining-fuer-die-st-kilians-grundschueler-2021","status":"publish","type":"post","link":"https:\/\/www.kilians.com\/de\/news\/2022\/fahrsicherheitstraining-fuer-die-st-kilians-grundschueler-2021\/","title":{"rendered":"Fahrsicherheitstraining f\u00fcr die St. Kilian\u2019s Grundsch\u00fcler 2022"},"content":{"rendered":"\n<p>Am Montag, den 10. Januar 2022, beginnen unsere Sch\u00fcler*innen der Grundschule ihr Fahrsicherheitstraining in Zusammenarbeit mit <a href=\"http:\/\/www.doctorbike.ie\/\" target=\"_blank\" rel=\"noreferrer noopener\">Doctor Bike<\/a>. Der Kurs ist angelehnt an <a href=\"https:\/\/www.cycleright.ie\/\" target=\"_blank\" rel=\"noreferrer noopener\">CYCLE RIGHT<\/a>, dem nationalen Standard f\u00fcr Fahrradsicherheitstraining in Irland, und wird von qualifizierten Trainern aus dem nationalen Register durchgef\u00fchrt. Das Training wird teilweise auch von RSA, Cycling Ireland, dem Ministerium f\u00fcr Verkehr, Tourismus und Sport unterst\u00fctzt.<\/p>\n\n\n\n<p>Der Kurs besteht aus insgesamt 7 Trainingseinheiten, die allen Sch\u00fclern zugutekommen, sowohl denen, die bereits zur Schule radeln sowie den Sch\u00fcler*innen, die ihr Fahrrad nur zu Hause und in den Ferien benutzen. Die Sch\u00fcler*innen erlernen Sicherheitsf\u00e4higkeiten, die erforderlich sind, um Situationen im Stra\u00dfenverkehr einzusch\u00e4tzen und entsprechend reagieren zu k\u00f6nnen. Das Programm wird den Sch\u00fclern helfen, selbstbewusste und kompetente Rennradfahrer f\u00fcr die Gegenwart und die Zukunft zu werden. Es werden Themen besprochen wie: sichere Ausr\u00fcstung; Stra\u00dfenverkehrsregeln; Starten und Stoppen; Stra\u00dfenpositionierung; Schulterkontrolle; nach links und rechts drehen; sowie \u00dcberhol- und Verkehrsman\u00f6ver.<\/p>\n\n\n\n<p>Unsere Sch\u00fcler der 6. Klasse waren sehr engagiert und hatten viel Spa\u00df beim praktischen Training auf dem Hockeyfeld sowie beim Lernen der Verkehrsregeln. Sie beendeten das Programm mit einer kurzen Fahrradtour auf der Stra\u00dfe in der N\u00e4he der Schule. Alle hielten sich an die erlernten Regeln und fuhren sicher auf der Strasse.<br><br>Ein gro\u00dfes Dankesch\u00f6n an Eoin und Amanda von Dr. Bike, die die Sch\u00fcler in den sechs Wochen so gut unterrichtet haben.<\/p>\n\n\n\n<p><\/p>\n\n\n\n<figure class=\"wp-block-gallery columns-3 is-cropped wp-block-gallery-1 is-layout-flex wp-block-gallery-is-layout-flex\"><ul class=\"blocks-gallery-grid\"><li class=\"blocks-gallery-item\"><figure><img loading=\"lazy\" decoding=\"async\" width=\"1024\" height=\"683\" src=\"http:\/\/www.kilians.com\/wp-content\/uploads\/2022\/01\/IMG_2703-1024x683.jpg\" alt=\"\" data-id=\"37464\" data-full-url=\"http:\/\/www.kilians.com\/wp-content\/uploads\/2022\/01\/IMG_2703.jpg\" data-link=\"https:\/\/www.kilians.com\/de\/img_2703-2\/\" class=\"wp-image-37464\"\/><\/figure><\/li><li class=\"blocks-gallery-item\"><figure><img loading=\"lazy\" decoding=\"async\" width=\"1024\" height=\"683\" src=\"http:\/\/www.kilians.com\/wp-content\/uploads\/2022\/01\/IMG_2702-1024x683.jpg\" alt=\"\" data-id=\"37461\" data-full-url=\"http:\/\/www.kilians.com\/wp-content\/uploads\/2022\/01\/IMG_2702.jpg\" data-link=\"https:\/\/www.kilians.com\/de\/img_2702-2\/\" class=\"wp-image-37461\"\/><\/figure><\/li><li class=\"blocks-gallery-item\"><figure><img loading=\"lazy\" decoding=\"async\" width=\"1000\" height=\"666\" src=\"http:\/\/www.kilians.com\/wp-content\/uploads\/2022\/01\/IMG_2864_copy.jpg\" alt=\"\" data-id=\"37457\" data-full-url=\"http:\/\/www.kilians.com\/wp-content\/uploads\/2022\/01\/IMG_2864_copy.jpg\" data-link=\"https:\/\/www.kilians.com\/de\/img_2864_copy-2\/\" class=\"wp-image-37457\" srcset=\"https:\/\/www.kilians.com\/wp-content\/uploads\/2022\/01\/IMG_2864_copy.jpg 1000w, https:\/\/www.kilians.com\/wp-content\/uploads\/2022\/01\/IMG_2864_copy-768x511.jpg 768w, https:\/\/www.kilians.com\/wp-content\/uploads\/2022\/01\/IMG_2864_copy-150x100.jpg 150w, https:\/\/www.kilians.com\/wp-content\/uploads\/2022\/01\/IMG_2864_copy-750x500.jpg 750w\" sizes=\"auto, (max-width: 1000px) 100vw, 1000px\" \/><\/figure><\/li><li class=\"blocks-gallery-item\"><figure><img loading=\"lazy\" decoding=\"async\" width=\"1000\" height=\"666\" src=\"http:\/\/www.kilians.com\/wp-content\/uploads\/2022\/01\/IMG_2877_copy.jpg\" alt=\"\" data-id=\"37459\" data-full-url=\"http:\/\/www.kilians.com\/wp-content\/uploads\/2022\/01\/IMG_2877_copy.jpg\" data-link=\"https:\/\/www.kilians.com\/de\/img_2877_copy-2\/\" class=\"wp-image-37459\" srcset=\"https:\/\/www.kilians.com\/wp-content\/uploads\/2022\/01\/IMG_2877_copy.jpg 1000w, https:\/\/www.kilians.com\/wp-content\/uploads\/2022\/01\/IMG_2877_copy-768x511.jpg 768w, https:\/\/www.kilians.com\/wp-content\/uploads\/2022\/01\/IMG_2877_copy-150x100.jpg 150w, https:\/\/www.kilians.com\/wp-content\/uploads\/2022\/01\/IMG_2877_copy-750x500.jpg 750w\" sizes=\"auto, (max-width: 1000px) 100vw, 1000px\" \/><\/figure><\/li><li class=\"blocks-gallery-item\"><figure><img loading=\"lazy\" decoding=\"async\" width=\"1000\" height=\"666\" src=\"http:\/\/www.kilians.com\/wp-content\/uploads\/2022\/01\/IMG_2859_copy.jpg\" alt=\"\" data-id=\"37455\" data-full-url=\"http:\/\/www.kilians.com\/wp-content\/uploads\/2022\/01\/IMG_2859_copy.jpg\" data-link=\"https:\/\/www.kilians.com\/de\/img_2859_copy-2\/\" class=\"wp-image-37455\" srcset=\"https:\/\/www.kilians.com\/wp-content\/uploads\/2022\/01\/IMG_2859_copy.jpg 1000w, https:\/\/www.kilians.com\/wp-content\/uploads\/2022\/01\/IMG_2859_copy-768x511.jpg 768w, https:\/\/www.kilians.com\/wp-content\/uploads\/2022\/01\/IMG_2859_copy-150x100.jpg 150w, https:\/\/www.kilians.com\/wp-content\/uploads\/2022\/01\/IMG_2859_copy-750x500.jpg 750w\" sizes=\"auto, (max-width: 1000px) 100vw, 1000px\" \/><\/figure><\/li><li class=\"blocks-gallery-item\"><figure><img loading=\"lazy\" decoding=\"async\" width=\"1024\" height=\"768\" src=\"http:\/\/www.kilians.com\/wp-content\/uploads\/2022\/01\/Bikesafetytraining.jpg\" alt=\"\" data-id=\"37453\" data-full-url=\"http:\/\/www.kilians.com\/wp-content\/uploads\/2022\/01\/Bikesafetytraining.jpg\" data-link=\"https:\/\/www.kilians.com\/de\/bikesafetytraining-2\/\" class=\"wp-image-37453\" srcset=\"https:\/\/www.kilians.com\/wp-content\/uploads\/2022\/01\/Bikesafetytraining.jpg 1024w, https:\/\/www.kilians.com\/wp-content\/uploads\/2022\/01\/Bikesafetytraining-768x576.jpg 768w, https:\/\/www.kilians.com\/wp-content\/uploads\/2022\/01\/Bikesafetytraining-750x563.jpg 750w\" sizes=\"auto, (max-width: 1024px) 100vw, 1024px\" \/><\/figure><\/li><\/ul><\/figure>\n\n\n\n<figure class=\"wp-block-gallery columns-3 is-cropped wp-block-gallery-2 is-layout-flex wp-block-gallery-is-layout-flex\"><ul class=\"blocks-gallery-grid\"><li class=\"blocks-gallery-item\"><figure><img loading=\"lazy\" decoding=\"async\" width=\"1024\" height=\"683\" src=\"http:\/\/www.kilians.com\/wp-content\/uploads\/2022\/03\/IMG_4181-1024x683.jpg\" alt=\"\" data-id=\"37693\" data-full-url=\"http:\/\/www.kilians.com\/wp-content\/uploads\/2022\/03\/IMG_4181-e1646733590733.jpg\" data-link=\"https:\/\/www.kilians.com\/de\/news\/2022\/fahrsicherheitstraining-fuer-die-st-kilians-grundschueler-2021\/img_4181-2\/\" class=\"wp-image-37693\"\/><\/figure><\/li><li class=\"blocks-gallery-item\"><figure><img loading=\"lazy\" decoding=\"async\" width=\"1024\" height=\"683\" src=\"http:\/\/www.kilians.com\/wp-content\/uploads\/2022\/03\/IMG_4197-1024x683.jpg\" alt=\"\" data-id=\"37695\" data-full-url=\"http:\/\/www.kilians.com\/wp-content\/uploads\/2022\/03\/IMG_4197-e1646733609789.jpg\" data-link=\"https:\/\/www.kilians.com\/de\/news\/2022\/fahrsicherheitstraining-fuer-die-st-kilians-grundschueler-2021\/img_4197-2\/\" class=\"wp-image-37695\"\/><\/figure><\/li><li class=\"blocks-gallery-item\"><figure><img loading=\"lazy\" decoding=\"async\" width=\"1024\" height=\"683\" src=\"http:\/\/www.kilians.com\/wp-content\/uploads\/2022\/03\/IMG_4204-1024x683.jpg\" alt=\"\" data-id=\"37697\" data-full-url=\"http:\/\/www.kilians.com\/wp-content\/uploads\/2022\/03\/IMG_4204-e1646733627590.jpg\" data-link=\"https:\/\/www.kilians.com\/de\/news\/2022\/fahrsicherheitstraining-fuer-die-st-kilians-grundschueler-2021\/img_4204-2\/\" class=\"wp-image-37697\"\/><\/figure><\/li><\/ul><\/figure>\n","protected":false},"excerpt":{"rendered":"<p>Am Montag, den 10. Januar 2022, beginnen unsere Sch\u00fcler*innen der Grundschule ihr Fahrsicherheitstraining in Zusammenarbeit mit Doctor Bike. Der Kurs ist angelehnt an CYCLE RIGHT,&#8230; <a class=\"find-out-more-link\" href=\"https:\/\/www.kilians.com\/de\/news\/2022\/fahrsicherheitstraining-fuer-die-st-kilians-grundschueler-2021\/\">Weiterlesen<\/a> <\/p>\n","protected":false},"author":1506,"featured_media":37459,"comment_status":"closed","ping_status":"closed","sticky":false,"template":"","format":"standard","meta":{"footnotes":""},"categories":[51,6,192,54],"tags":[],"class_list":{"0":"post-37468","1":"post","2":"type-post","3":"status-publish","4":"format-standard","5":"has-post-thumbnail","7":"category-kindergarten-grundschule","8":"category-nachrichten","9":"category-primary-school-de","10":"category-veranstaltungen-kindergarten-grundschule","11":"entry"},"yoast_head":"<!-- This site is optimized with the Yoast SEO plugin v17.2.1 - https:\/\/yoast.com\/wordpress\/plugins\/seo\/ -->\n<meta name=\"robots\" content=\"index, follow, max-snippet:-1, max-image-preview:large, max-video-preview:-1\" \/>\n<link rel=\"canonical\" href=\"https:\/\/www.kilians.com\/de\/news\/2022\/fahrsicherheitstraining-fuer-die-st-kilians-grundschueler-2021\/\" \/>\n<meta property=\"og:locale\" content=\"de_DE\" \/>\n<meta property=\"og:type\" content=\"article\" \/>\n<meta property=\"og:title\" content=\"Fahrsicherheitstraining f\u00fcr die St. Kilian\u2019s Grundsch\u00fcler 2022 - St. Kilian&#039;s German School, Dublin\" \/>\n<meta property=\"og:description\" content=\"Am Montag, den 10. Januar 2022, beginnen unsere Sch\u00fcler*innen der Grundschule ihr Fahrsicherheitstraining in Zusammenarbeit mit Doctor Bike. Der Kurs ist angelehnt an CYCLE RIGHT,... Weiterlesen\" \/>\n<meta property=\"og:url\" content=\"https:\/\/www.kilians.com\/de\/news\/2022\/fahrsicherheitstraining-fuer-die-st-kilians-grundschueler-2021\/\" \/>\n<meta property=\"og:site_name\" content=\"St. Kilian&#039;s German School, Dublin\" \/>\n<meta property=\"article:published_time\" content=\"2022-01-10T13:51:00+00:00\" \/>\n<meta property=\"article:modified_time\" content=\"2022-03-08T10:26:35+00:00\" \/>\n<meta property=\"og:image\" content=\"http:\/\/www.kilians.com\/wp-content\/uploads\/2022\/01\/IMG_2877_copy.jpg\" \/>\n\t<meta property=\"og:image:width\" content=\"1000\" \/>\n\t<meta property=\"og:image:height\" content=\"666\" \/>\n<meta name=\"twitter:card\" content=\"summary\" \/>\n<meta name=\"twitter:label1\" content=\"Verfasst von\" \/>\n\t<meta name=\"twitter:data1\" content=\"Julia Bobenko\" \/>\n\t<meta name=\"twitter:label2\" content=\"Gesch\u00e4tzte Lesezeit\" \/>\n\t<meta name=\"twitter:data2\" content=\"3 minutes\" \/>\n<script type=\"application\/ld+json\" class=\"yoast-schema-graph\">{\"@context\":\"https:\/\/schema.org\",\"@graph\":[{\"@type\":\"Organization\",\"@id\":\"https:\/\/www.kilians.com\/#organization\",\"name\":\"St. Kilian's\",\"url\":\"https:\/\/www.kilians.com\/\",\"sameAs\":[],\"logo\":{\"@type\":\"ImageObject\",\"@id\":\"https:\/\/www.kilians.com\/#logo\",\"inLanguage\":\"de-DE\",\"url\":\"https:\/\/www.kilians.com\/wp-content\/uploads\/2017\/02\/StKilians_MasterLogo_Colour-1.png\",\"contentUrl\":\"https:\/\/www.kilians.com\/wp-content\/uploads\/2017\/02\/StKilians_MasterLogo_Colour-1.png\",\"width\":768,\"height\":1240,\"caption\":\"St. Kilian's\"},\"image\":{\"@id\":\"https:\/\/www.kilians.com\/#logo\"}},{\"@type\":\"WebSite\",\"@id\":\"https:\/\/www.kilians.com\/#website\",\"url\":\"https:\/\/www.kilians.com\/\",\"name\":\"St. Kilian&#039;s German School, Dublin\",\"description\":\"\",\"publisher\":{\"@id\":\"https:\/\/www.kilians.com\/#organization\"},\"potentialAction\":[{\"@type\":\"SearchAction\",\"target\":{\"@type\":\"EntryPoint\",\"urlTemplate\":\"https:\/\/www.kilians.com\/?s={search_term_string}\"},\"query-input\":\"required name=search_term_string\"}],\"inLanguage\":\"de-DE\"},{\"@type\":\"ImageObject\",\"@id\":\"https:\/\/www.kilians.com\/de\/news\/2022\/fahrsicherheitstraining-fuer-die-st-kilians-grundschueler-2021\/#primaryimage\",\"inLanguage\":\"de-DE\",\"url\":\"https:\/\/www.kilians.com\/wp-content\/uploads\/2022\/01\/IMG_2877_copy.jpg\",\"contentUrl\":\"https:\/\/www.kilians.com\/wp-content\/uploads\/2022\/01\/IMG_2877_copy.jpg\",\"width\":1000,\"height\":666},{\"@type\":\"WebPage\",\"@id\":\"https:\/\/www.kilians.com\/de\/news\/2022\/fahrsicherheitstraining-fuer-die-st-kilians-grundschueler-2021\/#webpage\",\"url\":\"https:\/\/www.kilians.com\/de\/news\/2022\/fahrsicherheitstraining-fuer-die-st-kilians-grundschueler-2021\/\",\"name\":\"Fahrsicherheitstraining f\\u00fcr die St. Kilian\\u2019s Grundsch\\u00fcler 2022 - St. Kilian&#039;s German School, Dublin\",\"isPartOf\":{\"@id\":\"https:\/\/www.kilians.com\/#website\"},\"primaryImageOfPage\":{\"@id\":\"https:\/\/www.kilians.com\/de\/news\/2022\/fahrsicherheitstraining-fuer-die-st-kilians-grundschueler-2021\/#primaryimage\"},\"datePublished\":\"2022-01-10T13:51:00+00:00\",\"dateModified\":\"2022-03-08T10:26:35+00:00\",\"breadcrumb\":{\"@id\":\"https:\/\/www.kilians.com\/de\/news\/2022\/fahrsicherheitstraining-fuer-die-st-kilians-grundschueler-2021\/#breadcrumb\"},\"inLanguage\":\"de-DE\",\"potentialAction\":[{\"@type\":\"ReadAction\",\"target\":[\"https:\/\/www.kilians.com\/de\/news\/2022\/fahrsicherheitstraining-fuer-die-st-kilians-grundschueler-2021\/\"]}]},{\"@type\":\"BreadcrumbList\",\"@id\":\"https:\/\/www.kilians.com\/de\/news\/2022\/fahrsicherheitstraining-fuer-die-st-kilians-grundschueler-2021\/#breadcrumb\",\"itemListElement\":[{\"@type\":\"ListItem\",\"position\":1,\"name\":\"Home\",\"item\":\"https:\/\/www.kilians.com\/de\/\"},{\"@type\":\"ListItem\",\"position\":2,\"name\":\"Fahrsicherheitstraining f\\u00fcr die St. Kilian\\u2019s Grundsch\\u00fcler 2022\"}]},{\"@type\":\"Article\",\"@id\":\"https:\/\/www.kilians.com\/de\/news\/2022\/fahrsicherheitstraining-fuer-die-st-kilians-grundschueler-2021\/#article\",\"isPartOf\":{\"@id\":\"https:\/\/www.kilians.com\/de\/news\/2022\/fahrsicherheitstraining-fuer-die-st-kilians-grundschueler-2021\/#webpage\"},\"author\":{\"@id\":\"https:\/\/www.kilians.com\/#\/schema\/person\/0d0ba718c246ee8eaf04df3226782e55\"},\"headline\":\"Fahrsicherheitstraining f\\u00fcr die St. Kilian\\u2019s Grundsch\\u00fcler 2022\",\"datePublished\":\"2022-01-10T13:51:00+00:00\",\"dateModified\":\"2022-03-08T10:26:35+00:00\",\"mainEntityOfPage\":{\"@id\":\"https:\/\/www.kilians.com\/de\/news\/2022\/fahrsicherheitstraining-fuer-die-st-kilians-grundschueler-2021\/#webpage\"},\"wordCount\":253,\"publisher\":{\"@id\":\"https:\/\/www.kilians.com\/#organization\"},\"image\":{\"@id\":\"https:\/\/www.kilians.com\/de\/news\/2022\/fahrsicherheitstraining-fuer-die-st-kilians-grundschueler-2021\/#primaryimage\"},\"thumbnailUrl\":\"https:\/\/www.kilians.com\/wp-content\/uploads\/2022\/01\/IMG_2877_copy.jpg\",\"articleSection\":[\"Kindergarten-Grundschule\",\"Nachrichten\",\"Primary School\",\"Veranstaltungen Kindergarten-Grundschule\"],\"inLanguage\":\"de-DE\"},{\"@type\":\"Person\",\"@id\":\"https:\/\/www.kilians.com\/#\/schema\/person\/0d0ba718c246ee8eaf04df3226782e55\",\"name\":\"Julia Bobenko\",\"url\":\"https:\/\/www.kilians.com\/de\/news\/author\/julia\/\"}]}<\/script>\n<!-- \/ Yoast SEO plugin. -->","yoast_head_json":{"robots":{"index":"index","follow":"follow","max-snippet":"max-snippet:-1","max-image-preview":"max-image-preview:large","max-video-preview":"max-video-preview:-1"},"canonical":"https:\/\/www.kilians.com\/de\/news\/2022\/fahrsicherheitstraining-fuer-die-st-kilians-grundschueler-2021\/","og_locale":"de_DE","og_type":"article","og_title":"Fahrsicherheitstraining f\u00fcr die St. Kilian\u2019s Grundsch\u00fcler 2022 - St. Kilian&#039;s German School, Dublin","og_description":"Am Montag, den 10. Januar 2022, beginnen unsere Sch\u00fcler*innen der Grundschule ihr Fahrsicherheitstraining in Zusammenarbeit mit Doctor Bike. Der Kurs ist angelehnt an CYCLE RIGHT,... Weiterlesen","og_url":"https:\/\/www.kilians.com\/de\/news\/2022\/fahrsicherheitstraining-fuer-die-st-kilians-grundschueler-2021\/","og_site_name":"St. Kilian&#039;s German School, Dublin","article_published_time":"2022-01-10T13:51:00+00:00","article_modified_time":"2022-03-08T10:26:35+00:00","og_image":[{"width":1000,"height":666,"url":"http:\/\/www.kilians.com\/wp-content\/uploads\/2022\/01\/IMG_2877_copy.jpg","path":"\/nas\/content\/live\/kilians\/wp-content\/uploads\/2022\/01\/IMG_2877_copy.jpg","size":"full","id":37459,"alt":"","pixels":666000,"type":"image\/jpeg"}],"twitter_card":"summary","twitter_misc":{"Verfasst von":"Julia Bobenko","Gesch\u00e4tzte Lesezeit":"3 minutes"},"schema":{"@context":"https:\/\/schema.org","@graph":[{"@type":"Organization","@id":"https:\/\/www.kilians.com\/#organization","name":"St. Kilian's","url":"https:\/\/www.kilians.com\/","sameAs":[],"logo":{"@type":"ImageObject","@id":"https:\/\/www.kilians.com\/#logo","inLanguage":"de-DE","url":"https:\/\/www.kilians.com\/wp-content\/uploads\/2017\/02\/StKilians_MasterLogo_Colour-1.png","contentUrl":"https:\/\/www.kilians.com\/wp-content\/uploads\/2017\/02\/StKilians_MasterLogo_Colour-1.png","width":768,"height":1240,"caption":"St. Kilian's"},"image":{"@id":"https:\/\/www.kilians.com\/#logo"}},{"@type":"WebSite","@id":"https:\/\/www.kilians.com\/#website","url":"https:\/\/www.kilians.com\/","name":"St. Kilian&#039;s German School, Dublin","description":"","publisher":{"@id":"https:\/\/www.kilians.com\/#organization"},"potentialAction":[{"@type":"SearchAction","target":{"@type":"EntryPoint","urlTemplate":"https:\/\/www.kilians.com\/?s={search_term_string}"},"query-input":"required name=search_term_string"}],"inLanguage":"de-DE"},{"@type":"ImageObject","@id":"https:\/\/www.kilians.com\/de\/news\/2022\/fahrsicherheitstraining-fuer-die-st-kilians-grundschueler-2021\/#primaryimage","inLanguage":"de-DE","url":"https:\/\/www.kilians.com\/wp-content\/uploads\/2022\/01\/IMG_2877_copy.jpg","contentUrl":"https:\/\/www.kilians.com\/wp-content\/uploads\/2022\/01\/IMG_2877_copy.jpg","width":1000,"height":666},{"@type":"WebPage","@id":"https:\/\/www.kilians.com\/de\/news\/2022\/fahrsicherheitstraining-fuer-die-st-kilians-grundschueler-2021\/#webpage","url":"https:\/\/www.kilians.com\/de\/news\/2022\/fahrsicherheitstraining-fuer-die-st-kilians-grundschueler-2021\/","name":"Fahrsicherheitstraining f\u00fcr die St. Kilian\u2019s Grundsch\u00fcler 2022 - St. Kilian&#039;s German School, Dublin","isPartOf":{"@id":"https:\/\/www.kilians.com\/#website"},"primaryImageOfPage":{"@id":"https:\/\/www.kilians.com\/de\/news\/2022\/fahrsicherheitstraining-fuer-die-st-kilians-grundschueler-2021\/#primaryimage"},"datePublished":"2022-01-10T13:51:00+00:00","dateModified":"2022-03-08T10:26:35+00:00","breadcrumb":{"@id":"https:\/\/www.kilians.com\/de\/news\/2022\/fahrsicherheitstraining-fuer-die-st-kilians-grundschueler-2021\/#breadcrumb"},"inLanguage":"de-DE","potentialAction":[{"@type":"ReadAction","target":["https:\/\/www.kilians.com\/de\/news\/2022\/fahrsicherheitstraining-fuer-die-st-kilians-grundschueler-2021\/"]}]},{"@type":"BreadcrumbList","@id":"https:\/\/www.kilians.com\/de\/news\/2022\/fahrsicherheitstraining-fuer-die-st-kilians-grundschueler-2021\/#breadcrumb","itemListElement":[{"@type":"ListItem","position":1,"name":"Home","item":"https:\/\/www.kilians.com\/de\/"},{"@type":"ListItem","position":2,"name":"Fahrsicherheitstraining f\u00fcr die St. Kilian\u2019s Grundsch\u00fcler 2022"}]},{"@type":"Article","@id":"https:\/\/www.kilians.com\/de\/news\/2022\/fahrsicherheitstraining-fuer-die-st-kilians-grundschueler-2021\/#article","isPartOf":{"@id":"https:\/\/www.kilians.com\/de\/news\/2022\/fahrsicherheitstraining-fuer-die-st-kilians-grundschueler-2021\/#webpage"},"author":{"@id":"https:\/\/www.kilians.com\/#\/schema\/person\/0d0ba718c246ee8eaf04df3226782e55"},"headline":"Fahrsicherheitstraining f\u00fcr die St. Kilian\u2019s Grundsch\u00fcler 2022","datePublished":"2022-01-10T13:51:00+00:00","dateModified":"2022-03-08T10:26:35+00:00","mainEntityOfPage":{"@id":"https:\/\/www.kilians.com\/de\/news\/2022\/fahrsicherheitstraining-fuer-die-st-kilians-grundschueler-2021\/#webpage"},"wordCount":253,"publisher":{"@id":"https:\/\/www.kilians.com\/#organization"},"image":{"@id":"https:\/\/www.kilians.com\/de\/news\/2022\/fahrsicherheitstraining-fuer-die-st-kilians-grundschueler-2021\/#primaryimage"},"thumbnailUrl":"https:\/\/www.kilians.com\/wp-content\/uploads\/2022\/01\/IMG_2877_copy.jpg","articleSection":["Kindergarten-Grundschule","Nachrichten","Primary School","Veranstaltungen Kindergarten-Grundschule"],"inLanguage":"de-DE"},{"@type":"Person","@id":"https:\/\/www.kilians.com\/#\/schema\/person\/0d0ba718c246ee8eaf04df3226782e55","name":"Julia Bobenko","url":"https:\/\/www.kilians.com\/de\/news\/author\/julia\/"}]}},"_links":{"self":[{"href":"https:\/\/www.kilians.com\/de\/wp-json\/wp\/v2\/posts\/37468\/"}],"collection":[{"href":"https:\/\/www.kilians.com\/de\/wp-json\/wp\/v2\/posts\/"}],"about":[{"href":"https:\/\/www.kilians.com\/de\/wp-json\/wp\/v2\/types\/post\/"}],"author":[{"embeddable":true,"href":"https:\/\/www.kilians.com\/de\/wp-json\/wp\/v2\/users\/1506\/"}],"replies":[{"embeddable":true,"href":"https:\/\/www.kilians.com\/de\/wp-json\/wp\/v2\/comments\/?post=37468"}],"version-history":[{"count":0,"href":"https:\/\/www.kilians.com\/de\/wp-json\/wp\/v2\/posts\/37468\/revisions\/"}],"wp:featuredmedia":[{"embeddable":true,"href":"https:\/\/www.kilians.com\/de\/wp-json\/wp\/v2\/media\/37459\/"}],"wp:attachment":[{"href":"https:\/\/www.kilians.com\/de\/wp-json\/wp\/v2\/media\/?parent=37468"}],"wp:term":[{"taxonomy":"category","embeddable":true,"href":"https:\/\/www.kilians.com\/de\/wp-json\/wp\/v2\/categories\/?post=37468"},{"taxonomy":"post_tag","embeddable":true,"href":"https:\/\/www.kilians.com\/de\/wp-json\/wp\/v2\/tags\/?post=37468"}],"curies":[{"name":"wp","href":"https:\/\/api.w.org\/{rel}","templated":true}]}}