{"id":38190,"date":"2022-06-07T13:24:37","date_gmt":"2022-06-07T12:24:37","guid":{"rendered":"https:\/\/www.kilians.com\/?p=38190"},"modified":"2022-06-07T13:24:40","modified_gmt":"2022-06-07T12:24:40","slug":"unischnupperfahrt-nach-muenchen-wuerzburg-und-mainz-2022","status":"publish","type":"post","link":"https:\/\/www.kilians.com\/de\/news\/2022\/unischnupperfahrt-nach-muenchen-wuerzburg-und-mainz-2022\/","title":{"rendered":"Unischnupperfahrt nach M\u00fcnchen, W\u00fcrzburg und Mainz 2022"},"content":{"rendered":"\n<p>Sehr fr\u00fch ging es am 20. Mai 2022 los. 13 Sch\u00fcler*innen der DS St. Kilian\u2019s Dublin trafen sich mit ihren beiden Betreuern zum Abflug nach M\u00fcnchen. In den kommenden f\u00fcnf Tagen sollen sechs Universit\u00e4ten in M\u00fcnchen, W\u00fcrzburg und Mainz besucht werden. Diese Studienfahrt wurde von der deutschen Studienberatung der DS Dublin organisiert und soll Sch\u00fcler*innen, die sich f\u00fcr ein Studium in Deutschland interessieren, helfen, sich ein Bild von deutschen Universit\u00e4ten (Universities) und Hochschulen (Universities of Applied Sciences) zu machen, Informationen zur Bewerbung zu bekommen und Universit\u00e4tsst\u00e4dte kennenzulernen.<\/p>\n\n\n\n<figure class=\"wp-block-image size-large\"><img loading=\"lazy\" decoding=\"async\" width=\"1024\" height=\"768\" src=\"http:\/\/www.kilians.com\/wp-content\/uploads\/2022\/06\/Trip1-1024x768.jpg\" alt=\"\" class=\"wp-image-38215\" srcset=\"https:\/\/www.kilians.com\/wp-content\/uploads\/2022\/06\/Trip1-1024x768.jpg 1024w, https:\/\/www.kilians.com\/wp-content\/uploads\/2022\/06\/Trip1-768x576.jpg 768w, https:\/\/www.kilians.com\/wp-content\/uploads\/2022\/06\/Trip1-750x563.jpg 750w, https:\/\/www.kilians.com\/wp-content\/uploads\/2022\/06\/Trip1.jpg 1230w\" sizes=\"auto, (max-width: 1024px) 100vw, 1024px\" \/><\/figure>\n\n\n\n<p>Nach der \u00dcbernachtung im Salesianum (mit Schwimmbad!) war die TUM (Technische Universit\u00e4t M\u00fcnchen) am Montag die erste Station. Dort empfing uns eine Masterstudentin und f\u00fchrte uns auf einem Teil des Campus: riesige H\u00f6rs\u00e4le und beeindruckende Geb\u00e4ude.<\/p>\n\n\n\n<figure class=\"wp-block-gallery has-nested-images columns-2 is-cropped wp-block-gallery-1 is-layout-flex wp-block-gallery-is-layout-flex\">\n<figure class=\"wp-block-image size-large\"><img loading=\"lazy\" decoding=\"async\" width=\"517\" height=\"389\" data-id=\"38217\" src=\"http:\/\/www.kilians.com\/wp-content\/uploads\/2022\/06\/Trip2.jpg\" alt=\"\" class=\"wp-image-38217\"\/><\/figure>\n\n\n\n<figure class=\"wp-block-image size-large\"><img loading=\"lazy\" decoding=\"async\" width=\"547\" height=\"412\" data-id=\"38195\" src=\"http:\/\/www.kilians.com\/wp-content\/uploads\/2022\/06\/Figure-4-TUM-Geschafft.jpg\" alt=\"\" class=\"wp-image-38195\"\/><\/figure>\n\n\n\n<figure class=\"wp-block-image size-large\"><img loading=\"lazy\" decoding=\"async\" width=\"1188\" height=\"848\" data-id=\"38191\" src=\"http:\/\/www.kilians.com\/wp-content\/uploads\/2022\/06\/Figure-2-TUM-Gruppenfoto.jpg\" alt=\"\" class=\"wp-image-38191\" srcset=\"https:\/\/www.kilians.com\/wp-content\/uploads\/2022\/06\/Figure-2-TUM-Gruppenfoto.jpg 1188w, https:\/\/www.kilians.com\/wp-content\/uploads\/2022\/06\/Figure-2-TUM-Gruppenfoto-1024x731.jpg 1024w, https:\/\/www.kilians.com\/wp-content\/uploads\/2022\/06\/Figure-2-TUM-Gruppenfoto-768x548.jpg 768w, https:\/\/www.kilians.com\/wp-content\/uploads\/2022\/06\/Figure-2-TUM-Gruppenfoto-750x535.jpg 750w\" sizes=\"auto, (max-width: 1188px) 100vw, 1188px\" \/><\/figure>\n\n\n\n<figure class=\"wp-block-image size-large\"><img loading=\"lazy\" decoding=\"async\" width=\"1249\" height=\"723\" data-id=\"38193\" src=\"http:\/\/www.kilians.com\/wp-content\/uploads\/2022\/06\/Figure-3-TUM-Versuch-zur-Energiewandlung.jpg\" alt=\"\" class=\"wp-image-38193\" srcset=\"https:\/\/www.kilians.com\/wp-content\/uploads\/2022\/06\/Figure-3-TUM-Versuch-zur-Energiewandlung.jpg 1249w, https:\/\/www.kilians.com\/wp-content\/uploads\/2022\/06\/Figure-3-TUM-Versuch-zur-Energiewandlung-1024x593.jpg 1024w, https:\/\/www.kilians.com\/wp-content\/uploads\/2022\/06\/Figure-3-TUM-Versuch-zur-Energiewandlung-768x445.jpg 768w, https:\/\/www.kilians.com\/wp-content\/uploads\/2022\/06\/Figure-3-TUM-Versuch-zur-Energiewandlung-750x434.jpg 750w\" sizes=\"auto, (max-width: 1249px) 100vw, 1249px\" \/><\/figure>\n<\/figure>\n\n\n\n<p>Am n\u00e4chsten Tag stand die Ludwig Maximilian Universit\u00e4t (LMU) auf dem Programm. Nach einem sehr interessanten Vortrag \u00fcber das Studienangebot der LMU ging es auch um Zulassungsbedingungen und Studienberatung. Die Campusf\u00fchrung war ebenfalls sehr eindrucksvoll: sehr gro\u00dfe, architektonisch beeindruckende H\u00f6rs\u00e4le. Leider waren in der TUM und der LMU nur wenig Studenten zu sehen, da noch einige Veranstaltungen per Distance abgehalten wurden.<\/p>\n\n\n\n<figure class=\"wp-block-gallery has-nested-images columns-default is-cropped wp-block-gallery-2 is-layout-flex wp-block-gallery-is-layout-flex\">\n<figure class=\"wp-block-image size-large\"><img loading=\"lazy\" decoding=\"async\" width=\"1187\" height=\"810\" data-id=\"38197\" src=\"http:\/\/www.kilians.com\/wp-content\/uploads\/2022\/06\/Figure-5-LMU-Hoersaal.jpg\" alt=\"\" class=\"wp-image-38197\" srcset=\"https:\/\/www.kilians.com\/wp-content\/uploads\/2022\/06\/Figure-5-LMU-Hoersaal.jpg 1187w, https:\/\/www.kilians.com\/wp-content\/uploads\/2022\/06\/Figure-5-LMU-Hoersaal-1024x699.jpg 1024w, https:\/\/www.kilians.com\/wp-content\/uploads\/2022\/06\/Figure-5-LMU-Hoersaal-768x524.jpg 768w, https:\/\/www.kilians.com\/wp-content\/uploads\/2022\/06\/Figure-5-LMU-Hoersaal-750x512.jpg 750w\" sizes=\"auto, (max-width: 1187px) 100vw, 1187px\" \/><\/figure>\n\n\n\n<figure class=\"wp-block-image size-large\"><img loading=\"lazy\" decoding=\"async\" width=\"1263\" height=\"582\" data-id=\"38199\" src=\"http:\/\/www.kilians.com\/wp-content\/uploads\/2022\/06\/Figure-7-LMU-Wunderschoner-Horsaal.jpg\" alt=\"\" class=\"wp-image-38199\" srcset=\"https:\/\/www.kilians.com\/wp-content\/uploads\/2022\/06\/Figure-7-LMU-Wunderschoner-Horsaal.jpg 1263w, https:\/\/www.kilians.com\/wp-content\/uploads\/2022\/06\/Figure-7-LMU-Wunderschoner-Horsaal-1024x472.jpg 1024w, https:\/\/www.kilians.com\/wp-content\/uploads\/2022\/06\/Figure-7-LMU-Wunderschoner-Horsaal-768x354.jpg 768w, https:\/\/www.kilians.com\/wp-content\/uploads\/2022\/06\/Figure-7-LMU-Wunderschoner-Horsaal-750x346.jpg 750w\" sizes=\"auto, (max-width: 1263px) 100vw, 1263px\" \/><\/figure>\n<\/figure>\n\n\n\n<p>Danach ging es per Bundesbahn nach W\u00fcrzburg, wo die Unterkunft in der Jugendherberge W\u00fcrzburg bezogen wurde. Am Mittwoch trafen wir uns mit einer Mitarbeiterin von der FH W-S (Fachhochschule f\u00fcr angewandte Wissenschaften W\u00fcrzburg-Schweinfurt) und h\u00f6rten einen sehr interessanten Vortrag eines sympathischen Professors f\u00fcr Kommunikationsdesign. Zum tollen Mittagessen in der Kantine der Hochschule wurden wir eingeladen. Am Nachmittag fand die n\u00e4chste Veranstaltung auf dem Campus Hubland der FH W-S statt, auf der es um angewandte Informatik ging. Wieder hatte es sich ein Professor nicht nehmen lassen und nahm die Sch\u00fcler*innen der St. Kilian&#8217;s Schule Dublin auf eine faszinierende Reise durch das Fachgebiet Informatik. Studierende konnten beobachtet werden, wie sie eine Filmproduktion mit modernster Technik vorbereiteten.<\/p>\n\n\n\n<figure class=\"wp-block-gallery has-nested-images columns-default is-cropped wp-block-gallery-3 is-layout-flex wp-block-gallery-is-layout-flex\">\n<figure class=\"wp-block-image size-large\"><img loading=\"lazy\" decoding=\"async\" width=\"1294\" height=\"714\" data-id=\"38201\" src=\"http:\/\/www.kilians.com\/wp-content\/uploads\/2022\/06\/Figure-8-Gruppenfoto-mit-ET.jpg\" alt=\"\" class=\"wp-image-38201\" srcset=\"https:\/\/www.kilians.com\/wp-content\/uploads\/2022\/06\/Figure-8-Gruppenfoto-mit-ET.jpg 1294w, https:\/\/www.kilians.com\/wp-content\/uploads\/2022\/06\/Figure-8-Gruppenfoto-mit-ET-1024x565.jpg 1024w, https:\/\/www.kilians.com\/wp-content\/uploads\/2022\/06\/Figure-8-Gruppenfoto-mit-ET-768x424.jpg 768w, https:\/\/www.kilians.com\/wp-content\/uploads\/2022\/06\/Figure-8-Gruppenfoto-mit-ET-750x414.jpg 750w\" sizes=\"auto, (max-width: 1294px) 100vw, 1294px\" \/><\/figure>\n\n\n\n<figure class=\"wp-block-image size-large\"><img loading=\"lazy\" decoding=\"async\" width=\"1198\" height=\"552\" data-id=\"38203\" src=\"http:\/\/www.kilians.com\/wp-content\/uploads\/2022\/06\/Figure-9-Filmstudio-Kommunikationsdesign.jpg\" alt=\"\" class=\"wp-image-38203\" srcset=\"https:\/\/www.kilians.com\/wp-content\/uploads\/2022\/06\/Figure-9-Filmstudio-Kommunikationsdesign.jpg 1198w, https:\/\/www.kilians.com\/wp-content\/uploads\/2022\/06\/Figure-9-Filmstudio-Kommunikationsdesign-1024x472.jpg 1024w, https:\/\/www.kilians.com\/wp-content\/uploads\/2022\/06\/Figure-9-Filmstudio-Kommunikationsdesign-768x354.jpg 768w, https:\/\/www.kilians.com\/wp-content\/uploads\/2022\/06\/Figure-9-Filmstudio-Kommunikationsdesign-750x346.jpg 750w\" sizes=\"auto, (max-width: 1198px) 100vw, 1198px\" \/><\/figure>\n<\/figure>\n\n\n\n<p>Der Universit\u00e4t W\u00fcrzburg statteten wir am Donnerstag einen Besuch ab. Gemeinsam mit einer kroatischen Sch\u00fclergruppe, die ebenfalls auf Schnuppertrip in Bayern unterwegs war, wurden wir beg\u00fc\u00dft.<\/p>\n\n\n\n<figure class=\"wp-block-image size-large\"><img loading=\"lazy\" decoding=\"async\" width=\"1024\" height=\"433\" src=\"http:\/\/www.kilians.com\/wp-content\/uploads\/2022\/06\/Figure-11-Uni-Wurzburg-Prasentation-1-1024x433.jpg\" alt=\"\" class=\"wp-image-38223\" srcset=\"https:\/\/www.kilians.com\/wp-content\/uploads\/2022\/06\/Figure-11-Uni-Wurzburg-Prasentation-1-1024x433.jpg 1024w, https:\/\/www.kilians.com\/wp-content\/uploads\/2022\/06\/Figure-11-Uni-Wurzburg-Prasentation-1-768x325.jpg 768w, https:\/\/www.kilians.com\/wp-content\/uploads\/2022\/06\/Figure-11-Uni-Wurzburg-Prasentation-1-750x317.jpg 750w, https:\/\/www.kilians.com\/wp-content\/uploads\/2022\/06\/Figure-11-Uni-Wurzburg-Prasentation-1.jpg 1133w\" sizes=\"auto, (max-width: 1024px) 100vw, 1024px\" \/><\/figure>\n\n\n\n<p>Nach einer Pr\u00e4sentation \u00fcber die Universit\u00e4t und einer Campusf\u00fchrung gab es Mittagessen in der Uni-Mensa und schlie\u00dflich ging es per Deutsche Bundesbahn mit Versp\u00e4tung nach Mainz. Sp\u00e4t wurden die Zimmer in der Jugendherberge bezogen und in der Mainzer Altstadt hatte jeder noch die Gelegenheit f\u00fcr ein Abendessen. Am Freitag wurde die Gruppe aufgeteilt. Eine H\u00e4lfte fuhr zur Universit\u00e4t Mainz und die andere H\u00e4lfte zur Hochschule Mainz.<\/p>\n\n\n\n<p>Nach der Pr\u00e4sentation und einem Rundgang durch die Hochschule trafen wir uns an der Uni Mainz und hatten dort die sch\u00f6ne Gelegenheit, uns mit zwei Studentinnen zu unterhalten, die an einer deutschen Schule im Ausland (Brasilien und Chile) ihr Abitur bestanden hatten und dann in Mainz studiert hatten \u2013 eine willkommene Gelegenheit zum Informationsaustausch in Deutsch und Spanisch! Nach der Einladung zum Essen in der Mensa und einem Rundgang durch den Botanischen Garten der Universit\u00e4t hatten einige Sch\u00fclerinnen aus Dublin noch Lust auf ein wenig Sport und legten auf der Sportanlage einen 400-m Lauf bzw. einen Weitspring hin. Beeindruckend war das riesige Sportangebot an der Uni sowieso.<\/p>\n\n\n\n<figure class=\"wp-block-gallery has-nested-images columns-2 is-cropped wp-block-gallery-4 is-layout-flex wp-block-gallery-is-layout-flex\">\n<figure class=\"wp-block-image size-large\"><img loading=\"lazy\" decoding=\"async\" width=\"1225\" height=\"718\" data-id=\"38207\" src=\"http:\/\/www.kilians.com\/wp-content\/uploads\/2022\/06\/Figure-12-Hochschule-Mainz-Grafik-Architektur.jpg\" alt=\"\" class=\"wp-image-38207\" srcset=\"https:\/\/www.kilians.com\/wp-content\/uploads\/2022\/06\/Figure-12-Hochschule-Mainz-Grafik-Architektur.jpg 1225w, https:\/\/www.kilians.com\/wp-content\/uploads\/2022\/06\/Figure-12-Hochschule-Mainz-Grafik-Architektur-1024x600.jpg 1024w, https:\/\/www.kilians.com\/wp-content\/uploads\/2022\/06\/Figure-12-Hochschule-Mainz-Grafik-Architektur-768x450.jpg 768w, https:\/\/www.kilians.com\/wp-content\/uploads\/2022\/06\/Figure-12-Hochschule-Mainz-Grafik-Architektur-750x440.jpg 750w\" sizes=\"auto, (max-width: 1225px) 100vw, 1225px\" \/><\/figure>\n\n\n\n<figure class=\"wp-block-image size-large\"><img loading=\"lazy\" decoding=\"async\" width=\"1263\" height=\"708\" data-id=\"38209\" src=\"http:\/\/www.kilians.com\/wp-content\/uploads\/2022\/06\/Figure-13-Universitat-Mainz-Sportanlagen.jpg\" alt=\"\" class=\"wp-image-38209\" srcset=\"https:\/\/www.kilians.com\/wp-content\/uploads\/2022\/06\/Figure-13-Universitat-Mainz-Sportanlagen.jpg 1263w, https:\/\/www.kilians.com\/wp-content\/uploads\/2022\/06\/Figure-13-Universitat-Mainz-Sportanlagen-1024x574.jpg 1024w, https:\/\/www.kilians.com\/wp-content\/uploads\/2022\/06\/Figure-13-Universitat-Mainz-Sportanlagen-768x431.jpg 768w, https:\/\/www.kilians.com\/wp-content\/uploads\/2022\/06\/Figure-13-Universitat-Mainz-Sportanlagen-750x420.jpg 750w\" sizes=\"auto, (max-width: 1263px) 100vw, 1263px\" \/><\/figure>\n\n\n\n<figure class=\"wp-block-image size-large\"><img loading=\"lazy\" decoding=\"async\" width=\"1268\" height=\"584\" data-id=\"38211\" src=\"http:\/\/www.kilians.com\/wp-content\/uploads\/2022\/06\/Figure-14-Universitat-Mainz-Botanischer-Garten.jpg\" alt=\"\" class=\"wp-image-38211\" srcset=\"https:\/\/www.kilians.com\/wp-content\/uploads\/2022\/06\/Figure-14-Universitat-Mainz-Botanischer-Garten.jpg 1268w, https:\/\/www.kilians.com\/wp-content\/uploads\/2022\/06\/Figure-14-Universitat-Mainz-Botanischer-Garten-1024x472.jpg 1024w, https:\/\/www.kilians.com\/wp-content\/uploads\/2022\/06\/Figure-14-Universitat-Mainz-Botanischer-Garten-768x354.jpg 768w, https:\/\/www.kilians.com\/wp-content\/uploads\/2022\/06\/Figure-14-Universitat-Mainz-Botanischer-Garten-750x345.jpg 750w\" sizes=\"auto, (max-width: 1268px) 100vw, 1268px\" \/><\/figure>\n\n\n\n<figure class=\"wp-block-image size-large\"><img loading=\"lazy\" decoding=\"async\" width=\"1260\" height=\"676\" data-id=\"38213\" src=\"http:\/\/www.kilians.com\/wp-content\/uploads\/2022\/06\/Rueckreise-study-trip.jpg\" alt=\"\" class=\"wp-image-38213\" srcset=\"https:\/\/www.kilians.com\/wp-content\/uploads\/2022\/06\/Rueckreise-study-trip.jpg 1260w, https:\/\/www.kilians.com\/wp-content\/uploads\/2022\/06\/Rueckreise-study-trip-1024x549.jpg 1024w, https:\/\/www.kilians.com\/wp-content\/uploads\/2022\/06\/Rueckreise-study-trip-768x412.jpg 768w, https:\/\/www.kilians.com\/wp-content\/uploads\/2022\/06\/Rueckreise-study-trip-750x402.jpg 750w\" sizes=\"auto, (max-width: 1260px) 100vw, 1260px\" \/><\/figure>\n<\/figure>\n\n\n\n<p>Ziemlich m\u00fcde von der anstrengenden aber informativen Reise landete die Gruppe am Freitagabend wohlbehalten in Dublin. <\/p>\n\n\n\n<p>Alle Teilnehmer sind sich einige, dass die Fahrt jedes Jahr stattfinden sollte und man nun sehr viel mehr wei\u00df \u00fcber Unis, Studienf\u00e4cher, Bewerbungen und das Leben in Universit\u00e4tsst\u00e4dten.<\/p>\n\n\n\n<p>\u201eIch habe dank der Fahrt eine gute Ahnung, welche F\u00e4cher ich jetzt studieren will und in welche Richtung ich gehen will und wonach ich suchen muss, um eine Universit\u00e4t f\u00fcr mich zu finden.\u201c, so ein Sch\u00fcler\/ eine Sch\u00fclerin der St. Kilian&#8217;s Deutschen Schule Dublin im Feedback.<\/p>\n\n\n\n<p><em>Ernst Breuer<br>Studienberatung an der St. Kilian&#8217;s <\/em><\/p>\n","protected":false},"excerpt":{"rendered":"<p>Sehr fr\u00fch ging es am 20. Mai 2022 los. 13 Sch\u00fcler*innen der DS St. Kilian\u2019s Dublin trafen sich mit ihren beiden Betreuern zum Abflug nach&#8230; <a class=\"find-out-more-link\" href=\"https:\/\/www.kilians.com\/de\/news\/2022\/unischnupperfahrt-nach-muenchen-wuerzburg-und-mainz-2022\/\">Weiterlesen<\/a> <\/p>\n","protected":false},"author":1506,"featured_media":38215,"comment_status":"closed","ping_status":"closed","sticky":false,"template":"","format":"standard","meta":{"footnotes":""},"categories":[41,190,6,17,52],"tags":[],"class_list":{"0":"post-38190","1":"post","2":"type-post","3":"status-publish","4":"format-standard","5":"has-post-thumbnail","7":"category-allgemeine-schulnotizen","8":"category-ausserschulisches-angebot","9":"category-nachrichten","10":"category-nachrichten-archiv","11":"category-sekundarstufe","12":"entry"},"yoast_head":"<!-- This site is optimized with the Yoast SEO plugin v17.2.1 - https:\/\/yoast.com\/wordpress\/plugins\/seo\/ -->\n<meta name=\"robots\" content=\"index, follow, max-snippet:-1, max-image-preview:large, max-video-preview:-1\" \/>\n<link rel=\"canonical\" href=\"https:\/\/www.kilians.com\/de\/news\/2022\/unischnupperfahrt-nach-muenchen-wuerzburg-und-mainz-2022\/\" \/>\n<meta property=\"og:locale\" content=\"de_DE\" \/>\n<meta property=\"og:type\" content=\"article\" \/>\n<meta property=\"og:title\" content=\"Unischnupperfahrt nach M\u00fcnchen, W\u00fcrzburg und Mainz 2022 - St. Kilian&#039;s German School, Dublin\" \/>\n<meta property=\"og:description\" content=\"Sehr fr\u00fch ging es am 20. Mai 2022 los. 13 Sch\u00fcler*innen der DS St. Kilian\u2019s Dublin trafen sich mit ihren beiden Betreuern zum Abflug nach... Weiterlesen\" \/>\n<meta property=\"og:url\" content=\"https:\/\/www.kilians.com\/de\/news\/2022\/unischnupperfahrt-nach-muenchen-wuerzburg-und-mainz-2022\/\" \/>\n<meta property=\"og:site_name\" content=\"St. Kilian&#039;s German School, Dublin\" \/>\n<meta property=\"article:published_time\" content=\"2022-06-07T12:24:37+00:00\" \/>\n<meta property=\"article:modified_time\" content=\"2022-06-07T12:24:40+00:00\" \/>\n<meta property=\"og:image\" content=\"http:\/\/www.kilians.com\/wp-content\/uploads\/2022\/06\/Trip1.jpg\" \/>\n\t<meta property=\"og:image:width\" content=\"1230\" \/>\n\t<meta property=\"og:image:height\" content=\"923\" \/>\n<meta name=\"twitter:card\" content=\"summary\" \/>\n<meta name=\"twitter:label1\" content=\"Verfasst von\" \/>\n\t<meta name=\"twitter:data1\" content=\"Julia Bobenko\" \/>\n\t<meta name=\"twitter:label2\" content=\"Gesch\u00e4tzte Lesezeit\" \/>\n\t<meta name=\"twitter:data2\" content=\"6 minutes\" \/>\n<script type=\"application\/ld+json\" class=\"yoast-schema-graph\">{\"@context\":\"https:\/\/schema.org\",\"@graph\":[{\"@type\":\"Organization\",\"@id\":\"https:\/\/www.kilians.com\/#organization\",\"name\":\"St. Kilian's\",\"url\":\"https:\/\/www.kilians.com\/\",\"sameAs\":[],\"logo\":{\"@type\":\"ImageObject\",\"@id\":\"https:\/\/www.kilians.com\/#logo\",\"inLanguage\":\"de-DE\",\"url\":\"https:\/\/www.kilians.com\/wp-content\/uploads\/2017\/02\/StKilians_MasterLogo_Colour-1.png\",\"contentUrl\":\"https:\/\/www.kilians.com\/wp-content\/uploads\/2017\/02\/StKilians_MasterLogo_Colour-1.png\",\"width\":768,\"height\":1240,\"caption\":\"St. Kilian's\"},\"image\":{\"@id\":\"https:\/\/www.kilians.com\/#logo\"}},{\"@type\":\"WebSite\",\"@id\":\"https:\/\/www.kilians.com\/#website\",\"url\":\"https:\/\/www.kilians.com\/\",\"name\":\"St. Kilian&#039;s German School, Dublin\",\"description\":\"\",\"publisher\":{\"@id\":\"https:\/\/www.kilians.com\/#organization\"},\"potentialAction\":[{\"@type\":\"SearchAction\",\"target\":{\"@type\":\"EntryPoint\",\"urlTemplate\":\"https:\/\/www.kilians.com\/?s={search_term_string}\"},\"query-input\":\"required name=search_term_string\"}],\"inLanguage\":\"de-DE\"},{\"@type\":\"ImageObject\",\"@id\":\"https:\/\/www.kilians.com\/de\/news\/2022\/unischnupperfahrt-nach-muenchen-wuerzburg-und-mainz-2022\/#primaryimage\",\"inLanguage\":\"de-DE\",\"url\":\"https:\/\/www.kilians.com\/wp-content\/uploads\/2022\/06\/Trip1.jpg\",\"contentUrl\":\"https:\/\/www.kilians.com\/wp-content\/uploads\/2022\/06\/Trip1.jpg\",\"width\":1230,\"height\":923},{\"@type\":\"WebPage\",\"@id\":\"https:\/\/www.kilians.com\/de\/news\/2022\/unischnupperfahrt-nach-muenchen-wuerzburg-und-mainz-2022\/#webpage\",\"url\":\"https:\/\/www.kilians.com\/de\/news\/2022\/unischnupperfahrt-nach-muenchen-wuerzburg-und-mainz-2022\/\",\"name\":\"Unischnupperfahrt nach M\\u00fcnchen, W\\u00fcrzburg und Mainz 2022 - St. Kilian&#039;s German School, Dublin\",\"isPartOf\":{\"@id\":\"https:\/\/www.kilians.com\/#website\"},\"primaryImageOfPage\":{\"@id\":\"https:\/\/www.kilians.com\/de\/news\/2022\/unischnupperfahrt-nach-muenchen-wuerzburg-und-mainz-2022\/#primaryimage\"},\"datePublished\":\"2022-06-07T12:24:37+00:00\",\"dateModified\":\"2022-06-07T12:24:40+00:00\",\"breadcrumb\":{\"@id\":\"https:\/\/www.kilians.com\/de\/news\/2022\/unischnupperfahrt-nach-muenchen-wuerzburg-und-mainz-2022\/#breadcrumb\"},\"inLanguage\":\"de-DE\",\"potentialAction\":[{\"@type\":\"ReadAction\",\"target\":[\"https:\/\/www.kilians.com\/de\/news\/2022\/unischnupperfahrt-nach-muenchen-wuerzburg-und-mainz-2022\/\"]}]},{\"@type\":\"BreadcrumbList\",\"@id\":\"https:\/\/www.kilians.com\/de\/news\/2022\/unischnupperfahrt-nach-muenchen-wuerzburg-und-mainz-2022\/#breadcrumb\",\"itemListElement\":[{\"@type\":\"ListItem\",\"position\":1,\"name\":\"Home\",\"item\":\"https:\/\/www.kilians.com\/de\/\"},{\"@type\":\"ListItem\",\"position\":2,\"name\":\"Unischnupperfahrt nach M\\u00fcnchen, W\\u00fcrzburg und Mainz 2022\"}]},{\"@type\":\"Article\",\"@id\":\"https:\/\/www.kilians.com\/de\/news\/2022\/unischnupperfahrt-nach-muenchen-wuerzburg-und-mainz-2022\/#article\",\"isPartOf\":{\"@id\":\"https:\/\/www.kilians.com\/de\/news\/2022\/unischnupperfahrt-nach-muenchen-wuerzburg-und-mainz-2022\/#webpage\"},\"author\":{\"@id\":\"https:\/\/www.kilians.com\/#\/schema\/person\/0d0ba718c246ee8eaf04df3226782e55\"},\"headline\":\"Unischnupperfahrt nach M\\u00fcnchen, W\\u00fcrzburg und Mainz 2022\",\"datePublished\":\"2022-06-07T12:24:37+00:00\",\"dateModified\":\"2022-06-07T12:24:40+00:00\",\"mainEntityOfPage\":{\"@id\":\"https:\/\/www.kilians.com\/de\/news\/2022\/unischnupperfahrt-nach-muenchen-wuerzburg-und-mainz-2022\/#webpage\"},\"wordCount\":660,\"publisher\":{\"@id\":\"https:\/\/www.kilians.com\/#organization\"},\"image\":{\"@id\":\"https:\/\/www.kilians.com\/de\/news\/2022\/unischnupperfahrt-nach-muenchen-wuerzburg-und-mainz-2022\/#primaryimage\"},\"thumbnailUrl\":\"https:\/\/www.kilians.com\/wp-content\/uploads\/2022\/06\/Trip1.jpg\",\"articleSection\":{\"1\":\"Au\\u00dferschulisches Angebot\",\"2\":\"Nachrichten\",\"3\":\"Nachrichtenarchiv\",\"4\":\"Sekundarstufe\"},\"inLanguage\":\"de-DE\"},{\"@type\":\"Person\",\"@id\":\"https:\/\/www.kilians.com\/#\/schema\/person\/0d0ba718c246ee8eaf04df3226782e55\",\"name\":\"Julia Bobenko\",\"url\":\"https:\/\/www.kilians.com\/de\/news\/author\/julia\/\"}]}<\/script>\n<!-- \/ Yoast SEO plugin. -->","yoast_head_json":{"robots":{"index":"index","follow":"follow","max-snippet":"max-snippet:-1","max-image-preview":"max-image-preview:large","max-video-preview":"max-video-preview:-1"},"canonical":"https:\/\/www.kilians.com\/de\/news\/2022\/unischnupperfahrt-nach-muenchen-wuerzburg-und-mainz-2022\/","og_locale":"de_DE","og_type":"article","og_title":"Unischnupperfahrt nach M\u00fcnchen, W\u00fcrzburg und Mainz 2022 - St. Kilian&#039;s German School, Dublin","og_description":"Sehr fr\u00fch ging es am 20. Mai 2022 los. 13 Sch\u00fcler*innen der DS St. Kilian\u2019s Dublin trafen sich mit ihren beiden Betreuern zum Abflug nach... Weiterlesen","og_url":"https:\/\/www.kilians.com\/de\/news\/2022\/unischnupperfahrt-nach-muenchen-wuerzburg-und-mainz-2022\/","og_site_name":"St. Kilian&#039;s German School, Dublin","article_published_time":"2022-06-07T12:24:37+00:00","article_modified_time":"2022-06-07T12:24:40+00:00","og_image":[{"width":1230,"height":923,"url":"http:\/\/www.kilians.com\/wp-content\/uploads\/2022\/06\/Trip1.jpg","path":"\/nas\/content\/live\/kilians\/wp-content\/uploads\/2022\/06\/Trip1.jpg","size":"full","id":38215,"alt":"","pixels":1135290,"type":"image\/jpeg"}],"twitter_card":"summary","twitter_misc":{"Verfasst von":"Julia Bobenko","Gesch\u00e4tzte Lesezeit":"6 minutes"},"schema":{"@context":"https:\/\/schema.org","@graph":[{"@type":"Organization","@id":"https:\/\/www.kilians.com\/#organization","name":"St. Kilian's","url":"https:\/\/www.kilians.com\/","sameAs":[],"logo":{"@type":"ImageObject","@id":"https:\/\/www.kilians.com\/#logo","inLanguage":"de-DE","url":"https:\/\/www.kilians.com\/wp-content\/uploads\/2017\/02\/StKilians_MasterLogo_Colour-1.png","contentUrl":"https:\/\/www.kilians.com\/wp-content\/uploads\/2017\/02\/StKilians_MasterLogo_Colour-1.png","width":768,"height":1240,"caption":"St. Kilian's"},"image":{"@id":"https:\/\/www.kilians.com\/#logo"}},{"@type":"WebSite","@id":"https:\/\/www.kilians.com\/#website","url":"https:\/\/www.kilians.com\/","name":"St. Kilian&#039;s German School, Dublin","description":"","publisher":{"@id":"https:\/\/www.kilians.com\/#organization"},"potentialAction":[{"@type":"SearchAction","target":{"@type":"EntryPoint","urlTemplate":"https:\/\/www.kilians.com\/?s={search_term_string}"},"query-input":"required name=search_term_string"}],"inLanguage":"de-DE"},{"@type":"ImageObject","@id":"https:\/\/www.kilians.com\/de\/news\/2022\/unischnupperfahrt-nach-muenchen-wuerzburg-und-mainz-2022\/#primaryimage","inLanguage":"de-DE","url":"https:\/\/www.kilians.com\/wp-content\/uploads\/2022\/06\/Trip1.jpg","contentUrl":"https:\/\/www.kilians.com\/wp-content\/uploads\/2022\/06\/Trip1.jpg","width":1230,"height":923},{"@type":"WebPage","@id":"https:\/\/www.kilians.com\/de\/news\/2022\/unischnupperfahrt-nach-muenchen-wuerzburg-und-mainz-2022\/#webpage","url":"https:\/\/www.kilians.com\/de\/news\/2022\/unischnupperfahrt-nach-muenchen-wuerzburg-und-mainz-2022\/","name":"Unischnupperfahrt nach M\u00fcnchen, W\u00fcrzburg und Mainz 2022 - St. Kilian&#039;s German School, Dublin","isPartOf":{"@id":"https:\/\/www.kilians.com\/#website"},"primaryImageOfPage":{"@id":"https:\/\/www.kilians.com\/de\/news\/2022\/unischnupperfahrt-nach-muenchen-wuerzburg-und-mainz-2022\/#primaryimage"},"datePublished":"2022-06-07T12:24:37+00:00","dateModified":"2022-06-07T12:24:40+00:00","breadcrumb":{"@id":"https:\/\/www.kilians.com\/de\/news\/2022\/unischnupperfahrt-nach-muenchen-wuerzburg-und-mainz-2022\/#breadcrumb"},"inLanguage":"de-DE","potentialAction":[{"@type":"ReadAction","target":["https:\/\/www.kilians.com\/de\/news\/2022\/unischnupperfahrt-nach-muenchen-wuerzburg-und-mainz-2022\/"]}]},{"@type":"BreadcrumbList","@id":"https:\/\/www.kilians.com\/de\/news\/2022\/unischnupperfahrt-nach-muenchen-wuerzburg-und-mainz-2022\/#breadcrumb","itemListElement":[{"@type":"ListItem","position":1,"name":"Home","item":"https:\/\/www.kilians.com\/de\/"},{"@type":"ListItem","position":2,"name":"Unischnupperfahrt nach M\u00fcnchen, W\u00fcrzburg und Mainz 2022"}]},{"@type":"Article","@id":"https:\/\/www.kilians.com\/de\/news\/2022\/unischnupperfahrt-nach-muenchen-wuerzburg-und-mainz-2022\/#article","isPartOf":{"@id":"https:\/\/www.kilians.com\/de\/news\/2022\/unischnupperfahrt-nach-muenchen-wuerzburg-und-mainz-2022\/#webpage"},"author":{"@id":"https:\/\/www.kilians.com\/#\/schema\/person\/0d0ba718c246ee8eaf04df3226782e55"},"headline":"Unischnupperfahrt nach M\u00fcnchen, W\u00fcrzburg und Mainz 2022","datePublished":"2022-06-07T12:24:37+00:00","dateModified":"2022-06-07T12:24:40+00:00","mainEntityOfPage":{"@id":"https:\/\/www.kilians.com\/de\/news\/2022\/unischnupperfahrt-nach-muenchen-wuerzburg-und-mainz-2022\/#webpage"},"wordCount":660,"publisher":{"@id":"https:\/\/www.kilians.com\/#organization"},"image":{"@id":"https:\/\/www.kilians.com\/de\/news\/2022\/unischnupperfahrt-nach-muenchen-wuerzburg-und-mainz-2022\/#primaryimage"},"thumbnailUrl":"https:\/\/www.kilians.com\/wp-content\/uploads\/2022\/06\/Trip1.jpg","articleSection":{"1":"Au\u00dferschulisches Angebot","2":"Nachrichten","3":"Nachrichtenarchiv","4":"Sekundarstufe"},"inLanguage":"de-DE"},{"@type":"Person","@id":"https:\/\/www.kilians.com\/#\/schema\/person\/0d0ba718c246ee8eaf04df3226782e55","name":"Julia Bobenko","url":"https:\/\/www.kilians.com\/de\/news\/author\/julia\/"}]}},"_links":{"self":[{"href":"https:\/\/www.kilians.com\/de\/wp-json\/wp\/v2\/posts\/38190\/"}],"collection":[{"href":"https:\/\/www.kilians.com\/de\/wp-json\/wp\/v2\/posts\/"}],"about":[{"href":"https:\/\/www.kilians.com\/de\/wp-json\/wp\/v2\/types\/post\/"}],"author":[{"embeddable":true,"href":"https:\/\/www.kilians.com\/de\/wp-json\/wp\/v2\/users\/1506\/"}],"replies":[{"embeddable":true,"href":"https:\/\/www.kilians.com\/de\/wp-json\/wp\/v2\/comments\/?post=38190"}],"version-history":[{"count":0,"href":"https:\/\/www.kilians.com\/de\/wp-json\/wp\/v2\/posts\/38190\/revisions\/"}],"wp:featuredmedia":[{"embeddable":true,"href":"https:\/\/www.kilians.com\/de\/wp-json\/wp\/v2\/media\/38215\/"}],"wp:attachment":[{"href":"https:\/\/www.kilians.com\/de\/wp-json\/wp\/v2\/media\/?parent=38190"}],"wp:term":[{"taxonomy":"category","embeddable":true,"href":"https:\/\/www.kilians.com\/de\/wp-json\/wp\/v2\/categories\/?post=38190"},{"taxonomy":"post_tag","embeddable":true,"href":"https:\/\/www.kilians.com\/de\/wp-json\/wp\/v2\/tags\/?post=38190"}],"curies":[{"name":"wp","href":"https:\/\/api.w.org\/{rel}","templated":true}]}}