{"id":38229,"date":"2022-06-12T12:12:00","date_gmt":"2022-06-12T11:12:00","guid":{"rendered":"https:\/\/www.kilians.com\/?p=38229"},"modified":"2022-06-13T10:36:55","modified_gmt":"2022-06-13T09:36:55","slug":"st-kilians-sommerfest-2022","status":"publish","type":"post","link":"https:\/\/www.kilians.com\/de\/news\/2022\/st-kilians-sommerfest-2022\/","title":{"rendered":"St. Kilian&#8217;s Sommerfest 2022"},"content":{"rendered":"\n<p>Liebe Eltern, liebe Erziehungsberechtigte,<\/p>\n\n\n\n<p>Der Elternbeirat freut sich, nach zwei Jahren Pause das <strong>Sommerfest 2022<\/strong> mit Zauberer, Kinderschminken, Spielzeugflohmarkt, BBQ und vielem mehr anzuk\u00fcndigen! Es findet am <strong>Samstag, den 18. Juni von 12.30 bis 15.30 Uhr auf dem Schulgel\u00e4nde<\/strong> statt. &nbsp;Das Sommerfest ist immer eine tolle Veranstaltung und einer der H\u00f6hepunkte des Schuljahres f\u00fcr die Kinder. Wir m\u00f6chten alle Grundschul-, Kindergarten- und Vorschulfamilien herzlich zu unserem diesj\u00e4hrigen Sommerfesteinladen.<\/p>\n\n\n\n<p><strong>Der Eintrittspreis betr\u00e4gt 3 \u20ac pro Kind oder 5 \u20ac f\u00fcr Familien<\/strong> und beinhaltet die unbegrenzte Nutzung aller Aktivit\u00e4ten. Eltern \/ Erwachsene zahlen kein Eintrittsgeld. Alle Einnahmen gehen an den Elternbeirat. Bitte beachtet, dass alles nur in bar bezahlt werden kann!<\/p>\n\n\n\n<p>Leckere W\u00fcrste vom Grill, gek\u00fchlte Getr\u00e4nke inkl. Bier f\u00fcr die Erwachsenen!, Tee \/ Kaffee und Kuchen werden zum Verkauf (Alkohol nur gegen Spende) angeboten. <strong>\u00dc<\/strong><strong>ber eine Kuchenspende w\u00fcrden wir uns sehr freuen<\/strong>. Wer einen Kuchen spenden m\u00f6chte, schreibt bitte eine Email an <a href=\"mailto:ruth.metsch@gmx.de\">ruth.metsch@gmx.de<\/a> oder eine Textnachricht an Ruth Metsch (089 615 8539) mit Angabe des Kuchens, Namens, Klasse und Handynummer.<\/p>\n\n\n\n<p>Aus Sicherheitsgr\u00fcnden m\u00fcssen alle Sommerfestaktivit\u00e4ten von Erwachsenen beaufsichtigt werden. Wenn keine oder nur unzureichende Aufsicht durch Erwachsene besteht, muss die Aktivit\u00e4t m\u00f6glicherweise abgebrochen werden. Wir bitten euch liebe Eltern, euch fuer 1- Stunde Standbetreuung einzutragen. <strong><u>Bitte unters<\/u><\/strong><u><strong>t\u00fct<\/strong><\/u><strong><u>zt die Bem\u00fchungen des Elternbeirats und helft uns mit, damit alle Sommerfestveranstaltungen stattfinden k\u00f6nnen. Bitte tragt euren Namen in die <a href=\"https:\/\/forms.office.com\/pages\/responsepage.aspx?id=j1_IVLDK60-IphthqkNmtd6QH38vBuFNupAAVGEilK1UN1FEVU40WTFIQlpMNE5ZTEg2UVlLV1hQRC4u&amp;wdLOR=c521133B1-2898-4250-87ED-806BBD3EB750\" target=\"_blank\" rel=\"noreferrer noopener\">Helferlisten<\/a> ein oder meldet euch bei eurem Klassenvertreter.<\/u><\/strong><\/p>\n\n\n\n<p>Bei unserem Spielzeugflohmarkt k\u00f6nnen die Kinder ihre nicht mehr gebrauchten Spielzeuge und B\u00fccher verkaufen, und damit ihr Taschengeld aufbessern. <strong><u>Wer beim Spielzeugflohmarkt mitmachen m\u00f6chte, muss daf\u00fcr einen Tisch reservieren.<br><\/u><\/strong><a href=\"https:\/\/forms.office.com\/pages\/responsepage.aspx?id=j1_IVLDK60-IphthqkNmtd6QH38vBuFNupAAVGEilK1UN1BKSTNFNUJSMFdZOVdaTFpaWjBUNlNLSy4u\"><strong>Tisch reservieren<\/strong><\/a><strong><u><\/u><\/strong><\/p>\n\n\n\n<p>Bei Fragen wendet Euch bitte per E-Mail an <a href=\"mailto:pa@kilians.com\">pa@kilians.com<\/a>.<\/p>\n\n\n\n<p>Es freut sich auf Euch der St. Kilian\u2019s Elternbeirat!<\/p>\n\n\n\n<figure class=\"wp-block-image size-full\"><img loading=\"lazy\" decoding=\"async\" width=\"602\" height=\"778\" src=\"https:\/\/www.kilians.com\/wp-content\/uploads\/2022\/06\/Sommerfest-poster-DE-image.jpg\" alt=\"\" class=\"wp-image-38230\"\/><\/figure>\n","protected":false},"excerpt":{"rendered":"<p>Liebe Eltern, liebe Erziehungsberechtigte, Der Elternbeirat freut sich, nach zwei Jahren Pause das Sommerfest 2022 mit Zauberer, Kinderschminken, Spielzeugflohmarkt, BBQ und vielem mehr anzuk\u00fcndigen! Es&#8230; <a class=\"find-out-more-link\" href=\"https:\/\/www.kilians.com\/de\/news\/2022\/st-kilians-sommerfest-2022\/\">Weiterlesen<\/a> <\/p>\n","protected":false},"author":1506,"featured_media":38231,"comment_status":"closed","ping_status":"closed","sticky":false,"template":"","format":"standard","meta":{"footnotes":""},"categories":[223,6,191,192],"tags":[],"class_list":{"0":"post-38229","1":"post","2":"type-post","3":"status-publish","4":"format-standard","5":"has-post-thumbnail","7":"category-223","8":"category-nachrichten","9":"category-parents-newsde","10":"category-primary-school-de","11":"entry"},"yoast_head":"<!-- This site is optimized with the Yoast SEO plugin v17.2.1 - https:\/\/yoast.com\/wordpress\/plugins\/seo\/ -->\n<meta name=\"robots\" content=\"index, follow, max-snippet:-1, max-image-preview:large, max-video-preview:-1\" \/>\n<link rel=\"canonical\" href=\"https:\/\/www.kilians.com\/de\/news\/2022\/st-kilians-sommerfest-2022\/\" \/>\n<meta property=\"og:locale\" content=\"de_DE\" \/>\n<meta property=\"og:type\" content=\"article\" \/>\n<meta property=\"og:title\" content=\"St. Kilian&#039;s Sommerfest 2022 - St. Kilian&#039;s German School, Dublin\" \/>\n<meta property=\"og:description\" content=\"Liebe Eltern, liebe Erziehungsberechtigte, Der Elternbeirat freut sich, nach zwei Jahren Pause das Sommerfest 2022 mit Zauberer, Kinderschminken, Spielzeugflohmarkt, BBQ und vielem mehr anzuk\u00fcndigen! Es... Weiterlesen\" \/>\n<meta property=\"og:url\" content=\"https:\/\/www.kilians.com\/de\/news\/2022\/st-kilians-sommerfest-2022\/\" \/>\n<meta property=\"og:site_name\" content=\"St. Kilian&#039;s German School, Dublin\" \/>\n<meta property=\"article:published_time\" content=\"2022-06-12T11:12:00+00:00\" \/>\n<meta property=\"article:modified_time\" content=\"2022-06-13T09:36:55+00:00\" \/>\n<meta property=\"og:image\" content=\"http:\/\/www.kilians.com\/wp-content\/uploads\/2022\/06\/Sommerfest-poster-DE-image.jpg\" \/>\n\t<meta property=\"og:image:width\" content=\"602\" \/>\n\t<meta property=\"og:image:height\" content=\"778\" \/>\n<meta name=\"twitter:card\" content=\"summary\" \/>\n<meta name=\"twitter:label1\" content=\"Verfasst von\" \/>\n\t<meta name=\"twitter:data1\" content=\"Julia Bobenko\" \/>\n\t<meta name=\"twitter:label2\" content=\"Gesch\u00e4tzte Lesezeit\" \/>\n\t<meta name=\"twitter:data2\" content=\"2 minutes\" \/>\n<script type=\"application\/ld+json\" class=\"yoast-schema-graph\">{\"@context\":\"https:\/\/schema.org\",\"@graph\":[{\"@type\":\"Organization\",\"@id\":\"https:\/\/www.kilians.com\/#organization\",\"name\":\"St. Kilian's\",\"url\":\"https:\/\/www.kilians.com\/\",\"sameAs\":[],\"logo\":{\"@type\":\"ImageObject\",\"@id\":\"https:\/\/www.kilians.com\/#logo\",\"inLanguage\":\"de-DE\",\"url\":\"https:\/\/www.kilians.com\/wp-content\/uploads\/2017\/02\/StKilians_MasterLogo_Colour-1.png\",\"contentUrl\":\"https:\/\/www.kilians.com\/wp-content\/uploads\/2017\/02\/StKilians_MasterLogo_Colour-1.png\",\"width\":768,\"height\":1240,\"caption\":\"St. Kilian's\"},\"image\":{\"@id\":\"https:\/\/www.kilians.com\/#logo\"}},{\"@type\":\"WebSite\",\"@id\":\"https:\/\/www.kilians.com\/#website\",\"url\":\"https:\/\/www.kilians.com\/\",\"name\":\"St. Kilian&#039;s German School, Dublin\",\"description\":\"\",\"publisher\":{\"@id\":\"https:\/\/www.kilians.com\/#organization\"},\"potentialAction\":[{\"@type\":\"SearchAction\",\"target\":{\"@type\":\"EntryPoint\",\"urlTemplate\":\"https:\/\/www.kilians.com\/?s={search_term_string}\"},\"query-input\":\"required name=search_term_string\"}],\"inLanguage\":\"de-DE\"},{\"@type\":\"ImageObject\",\"@id\":\"https:\/\/www.kilians.com\/de\/news\/2022\/st-kilians-sommerfest-2022\/#primaryimage\",\"inLanguage\":\"de-DE\",\"url\":\"https:\/\/www.kilians.com\/wp-content\/uploads\/2022\/06\/Sommerfest-poster-DE-image.jpg\",\"contentUrl\":\"https:\/\/www.kilians.com\/wp-content\/uploads\/2022\/06\/Sommerfest-poster-DE-image.jpg\",\"width\":602,\"height\":778},{\"@type\":\"WebPage\",\"@id\":\"https:\/\/www.kilians.com\/de\/news\/2022\/st-kilians-sommerfest-2022\/#webpage\",\"url\":\"https:\/\/www.kilians.com\/de\/news\/2022\/st-kilians-sommerfest-2022\/\",\"name\":\"St. Kilian's Sommerfest 2022 - St. Kilian&#039;s German School, Dublin\",\"isPartOf\":{\"@id\":\"https:\/\/www.kilians.com\/#website\"},\"primaryImageOfPage\":{\"@id\":\"https:\/\/www.kilians.com\/de\/news\/2022\/st-kilians-sommerfest-2022\/#primaryimage\"},\"datePublished\":\"2022-06-12T11:12:00+00:00\",\"dateModified\":\"2022-06-13T09:36:55+00:00\",\"breadcrumb\":{\"@id\":\"https:\/\/www.kilians.com\/de\/news\/2022\/st-kilians-sommerfest-2022\/#breadcrumb\"},\"inLanguage\":\"de-DE\",\"potentialAction\":[{\"@type\":\"ReadAction\",\"target\":[\"https:\/\/www.kilians.com\/de\/news\/2022\/st-kilians-sommerfest-2022\/\"]}]},{\"@type\":\"BreadcrumbList\",\"@id\":\"https:\/\/www.kilians.com\/de\/news\/2022\/st-kilians-sommerfest-2022\/#breadcrumb\",\"itemListElement\":[{\"@type\":\"ListItem\",\"position\":1,\"name\":\"Home\",\"item\":\"https:\/\/www.kilians.com\/de\/\"},{\"@type\":\"ListItem\",\"position\":2,\"name\":\"St. Kilian&#8217;s Sommerfest 2022\"}]},{\"@type\":\"Article\",\"@id\":\"https:\/\/www.kilians.com\/de\/news\/2022\/st-kilians-sommerfest-2022\/#article\",\"isPartOf\":{\"@id\":\"https:\/\/www.kilians.com\/de\/news\/2022\/st-kilians-sommerfest-2022\/#webpage\"},\"author\":{\"@id\":\"https:\/\/www.kilians.com\/#\/schema\/person\/0d0ba718c246ee8eaf04df3226782e55\"},\"headline\":\"St. Kilian&#8217;s Sommerfest 2022\",\"datePublished\":\"2022-06-12T11:12:00+00:00\",\"dateModified\":\"2022-06-13T09:36:55+00:00\",\"mainEntityOfPage\":{\"@id\":\"https:\/\/www.kilians.com\/de\/news\/2022\/st-kilians-sommerfest-2022\/#webpage\"},\"wordCount\":306,\"publisher\":{\"@id\":\"https:\/\/www.kilians.com\/#organization\"},\"image\":{\"@id\":\"https:\/\/www.kilians.com\/de\/news\/2022\/st-kilians-sommerfest-2022\/#primaryimage\"},\"thumbnailUrl\":\"https:\/\/www.kilians.com\/wp-content\/uploads\/2022\/06\/Sommerfest-poster-DE-image.jpg\",\"articleSection\":[\"191\",\"Nachrichten\",\"Parent's news(de)\",\"Primary School\"],\"inLanguage\":\"de-DE\"},{\"@type\":\"Person\",\"@id\":\"https:\/\/www.kilians.com\/#\/schema\/person\/0d0ba718c246ee8eaf04df3226782e55\",\"name\":\"Julia Bobenko\",\"url\":\"https:\/\/www.kilians.com\/de\/news\/author\/julia\/\"}]}<\/script>\n<!-- \/ Yoast SEO plugin. -->","yoast_head_json":{"robots":{"index":"index","follow":"follow","max-snippet":"max-snippet:-1","max-image-preview":"max-image-preview:large","max-video-preview":"max-video-preview:-1"},"canonical":"https:\/\/www.kilians.com\/de\/news\/2022\/st-kilians-sommerfest-2022\/","og_locale":"de_DE","og_type":"article","og_title":"St. Kilian's Sommerfest 2022 - St. Kilian&#039;s German School, Dublin","og_description":"Liebe Eltern, liebe Erziehungsberechtigte, Der Elternbeirat freut sich, nach zwei Jahren Pause das Sommerfest 2022 mit Zauberer, Kinderschminken, Spielzeugflohmarkt, BBQ und vielem mehr anzuk\u00fcndigen! Es... Weiterlesen","og_url":"https:\/\/www.kilians.com\/de\/news\/2022\/st-kilians-sommerfest-2022\/","og_site_name":"St. Kilian&#039;s German School, Dublin","article_published_time":"2022-06-12T11:12:00+00:00","article_modified_time":"2022-06-13T09:36:55+00:00","og_image":[{"width":602,"height":778,"url":"http:\/\/www.kilians.com\/wp-content\/uploads\/2022\/06\/Sommerfest-poster-DE-image.jpg","path":"\/nas\/content\/live\/kilians\/wp-content\/uploads\/2022\/06\/Sommerfest-poster-DE-image.jpg","size":"full","id":38231,"alt":"","pixels":468356,"type":"image\/jpeg"}],"twitter_card":"summary","twitter_misc":{"Verfasst von":"Julia Bobenko","Gesch\u00e4tzte Lesezeit":"2 minutes"},"schema":{"@context":"https:\/\/schema.org","@graph":[{"@type":"Organization","@id":"https:\/\/www.kilians.com\/#organization","name":"St. Kilian's","url":"https:\/\/www.kilians.com\/","sameAs":[],"logo":{"@type":"ImageObject","@id":"https:\/\/www.kilians.com\/#logo","inLanguage":"de-DE","url":"https:\/\/www.kilians.com\/wp-content\/uploads\/2017\/02\/StKilians_MasterLogo_Colour-1.png","contentUrl":"https:\/\/www.kilians.com\/wp-content\/uploads\/2017\/02\/StKilians_MasterLogo_Colour-1.png","width":768,"height":1240,"caption":"St. Kilian's"},"image":{"@id":"https:\/\/www.kilians.com\/#logo"}},{"@type":"WebSite","@id":"https:\/\/www.kilians.com\/#website","url":"https:\/\/www.kilians.com\/","name":"St. Kilian&#039;s German School, Dublin","description":"","publisher":{"@id":"https:\/\/www.kilians.com\/#organization"},"potentialAction":[{"@type":"SearchAction","target":{"@type":"EntryPoint","urlTemplate":"https:\/\/www.kilians.com\/?s={search_term_string}"},"query-input":"required name=search_term_string"}],"inLanguage":"de-DE"},{"@type":"ImageObject","@id":"https:\/\/www.kilians.com\/de\/news\/2022\/st-kilians-sommerfest-2022\/#primaryimage","inLanguage":"de-DE","url":"https:\/\/www.kilians.com\/wp-content\/uploads\/2022\/06\/Sommerfest-poster-DE-image.jpg","contentUrl":"https:\/\/www.kilians.com\/wp-content\/uploads\/2022\/06\/Sommerfest-poster-DE-image.jpg","width":602,"height":778},{"@type":"WebPage","@id":"https:\/\/www.kilians.com\/de\/news\/2022\/st-kilians-sommerfest-2022\/#webpage","url":"https:\/\/www.kilians.com\/de\/news\/2022\/st-kilians-sommerfest-2022\/","name":"St. Kilian's Sommerfest 2022 - St. Kilian&#039;s German School, Dublin","isPartOf":{"@id":"https:\/\/www.kilians.com\/#website"},"primaryImageOfPage":{"@id":"https:\/\/www.kilians.com\/de\/news\/2022\/st-kilians-sommerfest-2022\/#primaryimage"},"datePublished":"2022-06-12T11:12:00+00:00","dateModified":"2022-06-13T09:36:55+00:00","breadcrumb":{"@id":"https:\/\/www.kilians.com\/de\/news\/2022\/st-kilians-sommerfest-2022\/#breadcrumb"},"inLanguage":"de-DE","potentialAction":[{"@type":"ReadAction","target":["https:\/\/www.kilians.com\/de\/news\/2022\/st-kilians-sommerfest-2022\/"]}]},{"@type":"BreadcrumbList","@id":"https:\/\/www.kilians.com\/de\/news\/2022\/st-kilians-sommerfest-2022\/#breadcrumb","itemListElement":[{"@type":"ListItem","position":1,"name":"Home","item":"https:\/\/www.kilians.com\/de\/"},{"@type":"ListItem","position":2,"name":"St. Kilian&#8217;s Sommerfest 2022"}]},{"@type":"Article","@id":"https:\/\/www.kilians.com\/de\/news\/2022\/st-kilians-sommerfest-2022\/#article","isPartOf":{"@id":"https:\/\/www.kilians.com\/de\/news\/2022\/st-kilians-sommerfest-2022\/#webpage"},"author":{"@id":"https:\/\/www.kilians.com\/#\/schema\/person\/0d0ba718c246ee8eaf04df3226782e55"},"headline":"St. Kilian&#8217;s Sommerfest 2022","datePublished":"2022-06-12T11:12:00+00:00","dateModified":"2022-06-13T09:36:55+00:00","mainEntityOfPage":{"@id":"https:\/\/www.kilians.com\/de\/news\/2022\/st-kilians-sommerfest-2022\/#webpage"},"wordCount":306,"publisher":{"@id":"https:\/\/www.kilians.com\/#organization"},"image":{"@id":"https:\/\/www.kilians.com\/de\/news\/2022\/st-kilians-sommerfest-2022\/#primaryimage"},"thumbnailUrl":"https:\/\/www.kilians.com\/wp-content\/uploads\/2022\/06\/Sommerfest-poster-DE-image.jpg","articleSection":["191","Nachrichten","Parent's news(de)","Primary School"],"inLanguage":"de-DE"},{"@type":"Person","@id":"https:\/\/www.kilians.com\/#\/schema\/person\/0d0ba718c246ee8eaf04df3226782e55","name":"Julia Bobenko","url":"https:\/\/www.kilians.com\/de\/news\/author\/julia\/"}]}},"_links":{"self":[{"href":"https:\/\/www.kilians.com\/de\/wp-json\/wp\/v2\/posts\/38229\/"}],"collection":[{"href":"https:\/\/www.kilians.com\/de\/wp-json\/wp\/v2\/posts\/"}],"about":[{"href":"https:\/\/www.kilians.com\/de\/wp-json\/wp\/v2\/types\/post\/"}],"author":[{"embeddable":true,"href":"https:\/\/www.kilians.com\/de\/wp-json\/wp\/v2\/users\/1506\/"}],"replies":[{"embeddable":true,"href":"https:\/\/www.kilians.com\/de\/wp-json\/wp\/v2\/comments\/?post=38229"}],"version-history":[{"count":0,"href":"https:\/\/www.kilians.com\/de\/wp-json\/wp\/v2\/posts\/38229\/revisions\/"}],"wp:featuredmedia":[{"embeddable":true,"href":"https:\/\/www.kilians.com\/de\/wp-json\/wp\/v2\/media\/38231\/"}],"wp:attachment":[{"href":"https:\/\/www.kilians.com\/de\/wp-json\/wp\/v2\/media\/?parent=38229"}],"wp:term":[{"taxonomy":"category","embeddable":true,"href":"https:\/\/www.kilians.com\/de\/wp-json\/wp\/v2\/categories\/?post=38229"},{"taxonomy":"post_tag","embeddable":true,"href":"https:\/\/www.kilians.com\/de\/wp-json\/wp\/v2\/tags\/?post=38229"}],"curies":[{"name":"wp","href":"https:\/\/api.w.org\/{rel}","templated":true}]}}