{"id":39077,"date":"2024-10-18T12:08:53","date_gmt":"2024-10-18T11:08:53","guid":{"rendered":"https:\/\/www.kilians.com\/?p=39077"},"modified":"2025-03-03T15:51:43","modified_gmt":"2025-03-03T15:51:43","slug":"verfuegbare-plaetze-im-kindergarten-fuer-herbst-2025-2026","status":"publish","type":"post","link":"https:\/\/www.kilians.com\/de\/news\/2024\/verfuegbare-plaetze-im-kindergarten-fuer-herbst-2025-2026\/","title":{"rendered":"Verf\u00fcgbare Pl\u00e4tze im Kindergarten f\u00fcrs Schuljahr 2025 &amp; 2026"},"content":{"rendered":"\n<p><strong>Kindergarten Start August 2025<\/strong><\/p>\n\n\n\n<p>Es gibt noch einige verf\u00fcgbare Pl\u00e4tze in unserem Kindergarten zum Start im August 2025. Sollten Sie interessiert sein, setzen Sie sich bitte unter <a href=\"mailto:secretary@kilians.com\" target=\"_blank\" rel=\"noreferrer noopener\">secretary@kilians.com<\/a> mit uns in Verbindung, um Ihr Interesse zu bekunden, sich in die E-Mail-Liste f\u00fcr die n\u00e4chsten Tage der offenen T\u00fcr einzutragen oder die Anmeldung Ihres Kindes zu vervollst\u00e4ndigen.<\/p>\n\n\n\n<p><strong>Kindergarten Start August 2026<\/strong><\/p>\n\n\n\n<p>Unsere Warteliste f\u00fcr die Aufnahme in unseren Kindergarten (Junior Infants) Ende August 2026 ist nun offen. Bitte setzen Sie sich unter <a href=\"mailto:secretary@kilians.com\">secretary@kilians.com<\/a> mit uns in Verbindung, um Ihr Interesse zu bekunden, sich in die E-Mail-Liste f\u00fcr die n\u00e4chsten Tage der offenen T\u00fcr einzutragen oder den Antrag auf Aufnahme Ihres Kindes in die Warteliste auszuf\u00fcllen.<\/p>\n\n\n\n<p>Weitere Informationen finden Sie auf unserer Website unter &#8216;<a href=\"https:\/\/www.kilians.com\/de\/anmeldung\/\">Anmeldung<\/a>&#8216;.<\/p>\n\n\n\n<div style=\"height:100px\" aria-hidden=\"true\" class=\"wp-block-spacer\"><\/div>\n\n\n\n<figure class=\"wp-block-embed is-type-video is-provider-youtube wp-block-embed-youtube wp-embed-aspect-16-9 wp-has-aspect-ratio\"><div class=\"wp-block-embed__wrapper\">\n<iframe loading=\"lazy\" title=\"St. Kilian&#039;s German School Dublin - Kindergarten 2024\" width=\"747\" height=\"420\" src=\"https:\/\/www.youtube.com\/embed\/wvtZlOCZJzg?feature=oembed\" frameborder=\"0\" allow=\"accelerometer; autoplay; clipboard-write; encrypted-media; gyroscope; picture-in-picture; web-share\" referrerpolicy=\"strict-origin-when-cross-origin\" allowfullscreen><\/iframe>\n<\/div><\/figure>\n","protected":false},"excerpt":{"rendered":"<p>Kindergarten Start August 2025 Es gibt noch einige verf\u00fcgbare Pl\u00e4tze in unserem Kindergarten zum Start im August 2025. Sollten Sie interessiert sein, setzen Sie sich&#8230; <a class=\"find-out-more-link\" href=\"https:\/\/www.kilians.com\/de\/news\/2024\/verfuegbare-plaetze-im-kindergarten-fuer-herbst-2025-2026\/\">Weiterlesen<\/a> <\/p>\n","protected":false},"author":1506,"featured_media":43259,"comment_status":"closed","ping_status":"closed","sticky":false,"template":"","format":"standard","meta":{"footnotes":""},"categories":[206,6,191,192],"tags":[],"class_list":{"0":"post-39077","1":"post","2":"type-post","3":"status-publish","4":"format-standard","5":"has-post-thumbnail","7":"category-206","8":"category-nachrichten","9":"category-parents-newsde","10":"category-primary-school-de","11":"entry"},"yoast_head":"<!-- This site is optimized with the Yoast SEO plugin v17.2.1 - https:\/\/yoast.com\/wordpress\/plugins\/seo\/ -->\n<meta name=\"robots\" content=\"index, follow, max-snippet:-1, max-image-preview:large, max-video-preview:-1\" \/>\n<link rel=\"canonical\" href=\"https:\/\/www.kilians.com\/de\/news\/2024\/verfuegbare-plaetze-im-kindergarten-fuer-herbst-2025-2026\/\" \/>\n<meta property=\"og:locale\" content=\"de_DE\" \/>\n<meta property=\"og:type\" content=\"article\" \/>\n<meta property=\"og:title\" content=\"Verf\u00fcgbare Pl\u00e4tze im Kindergarten f\u00fcrs Schuljahr 2025 &amp; 2026 - St. Kilian&#039;s German School, Dublin\" \/>\n<meta property=\"og:description\" content=\"Kindergarten Start August 2025 Es gibt noch einige verf\u00fcgbare Pl\u00e4tze in unserem Kindergarten zum Start im August 2025. Sollten Sie interessiert sein, setzen Sie sich... Weiterlesen\" \/>\n<meta property=\"og:url\" content=\"https:\/\/www.kilians.com\/de\/news\/2024\/verfuegbare-plaetze-im-kindergarten-fuer-herbst-2025-2026\/\" \/>\n<meta property=\"og:site_name\" content=\"St. Kilian&#039;s German School, Dublin\" \/>\n<meta property=\"article:published_time\" content=\"2024-10-18T11:08:53+00:00\" \/>\n<meta property=\"article:modified_time\" content=\"2025-03-03T15:51:43+00:00\" \/>\n<meta property=\"og:image\" content=\"http:\/\/www.kilians.com\/wp-content\/uploads\/2024\/10\/IMG_2984.jpg\" \/>\n\t<meta property=\"og:image:width\" content=\"2048\" \/>\n\t<meta property=\"og:image:height\" content=\"1365\" \/>\n<meta name=\"twitter:card\" content=\"summary\" \/>\n<meta name=\"twitter:label1\" content=\"Verfasst von\" \/>\n\t<meta name=\"twitter:data1\" content=\"Julia Bobenko\" \/>\n\t<meta name=\"twitter:label2\" content=\"Gesch\u00e4tzte Lesezeit\" \/>\n\t<meta name=\"twitter:data2\" content=\"1 minute\" \/>\n<script type=\"application\/ld+json\" class=\"yoast-schema-graph\">{\"@context\":\"https:\/\/schema.org\",\"@graph\":[{\"@type\":\"Organization\",\"@id\":\"https:\/\/www.kilians.com\/#organization\",\"name\":\"St. Kilian's\",\"url\":\"https:\/\/www.kilians.com\/\",\"sameAs\":[],\"logo\":{\"@type\":\"ImageObject\",\"@id\":\"https:\/\/www.kilians.com\/#logo\",\"inLanguage\":\"de-DE\",\"url\":\"https:\/\/www.kilians.com\/wp-content\/uploads\/2017\/02\/StKilians_MasterLogo_Colour-1.png\",\"contentUrl\":\"https:\/\/www.kilians.com\/wp-content\/uploads\/2017\/02\/StKilians_MasterLogo_Colour-1.png\",\"width\":768,\"height\":1240,\"caption\":\"St. Kilian's\"},\"image\":{\"@id\":\"https:\/\/www.kilians.com\/#logo\"}},{\"@type\":\"WebSite\",\"@id\":\"https:\/\/www.kilians.com\/#website\",\"url\":\"https:\/\/www.kilians.com\/\",\"name\":\"St. Kilian&#039;s German School, Dublin\",\"description\":\"\",\"publisher\":{\"@id\":\"https:\/\/www.kilians.com\/#organization\"},\"potentialAction\":[{\"@type\":\"SearchAction\",\"target\":{\"@type\":\"EntryPoint\",\"urlTemplate\":\"https:\/\/www.kilians.com\/?s={search_term_string}\"},\"query-input\":\"required name=search_term_string\"}],\"inLanguage\":\"de-DE\"},{\"@type\":\"ImageObject\",\"@id\":\"https:\/\/www.kilians.com\/de\/news\/2024\/verfuegbare-plaetze-im-kindergarten-fuer-herbst-2025-2026\/#primaryimage\",\"inLanguage\":\"de-DE\",\"url\":\"https:\/\/www.kilians.com\/wp-content\/uploads\/2024\/10\/IMG_2984.jpg\",\"contentUrl\":\"https:\/\/www.kilians.com\/wp-content\/uploads\/2024\/10\/IMG_2984.jpg\",\"width\":2048,\"height\":1365},{\"@type\":\"WebPage\",\"@id\":\"https:\/\/www.kilians.com\/de\/news\/2024\/verfuegbare-plaetze-im-kindergarten-fuer-herbst-2025-2026\/#webpage\",\"url\":\"https:\/\/www.kilians.com\/de\/news\/2024\/verfuegbare-plaetze-im-kindergarten-fuer-herbst-2025-2026\/\",\"name\":\"Verf\\u00fcgbare Pl\\u00e4tze im Kindergarten f\\u00fcrs Schuljahr 2025 &amp; 2026 - St. Kilian&#039;s German School, Dublin\",\"isPartOf\":{\"@id\":\"https:\/\/www.kilians.com\/#website\"},\"primaryImageOfPage\":{\"@id\":\"https:\/\/www.kilians.com\/de\/news\/2024\/verfuegbare-plaetze-im-kindergarten-fuer-herbst-2025-2026\/#primaryimage\"},\"datePublished\":\"2024-10-18T11:08:53+00:00\",\"dateModified\":\"2025-03-03T15:51:43+00:00\",\"breadcrumb\":{\"@id\":\"https:\/\/www.kilians.com\/de\/news\/2024\/verfuegbare-plaetze-im-kindergarten-fuer-herbst-2025-2026\/#breadcrumb\"},\"inLanguage\":\"de-DE\",\"potentialAction\":[{\"@type\":\"ReadAction\",\"target\":[\"https:\/\/www.kilians.com\/de\/news\/2024\/verfuegbare-plaetze-im-kindergarten-fuer-herbst-2025-2026\/\"]}]},{\"@type\":\"BreadcrumbList\",\"@id\":\"https:\/\/www.kilians.com\/de\/news\/2024\/verfuegbare-plaetze-im-kindergarten-fuer-herbst-2025-2026\/#breadcrumb\",\"itemListElement\":[{\"@type\":\"ListItem\",\"position\":1,\"name\":\"Home\",\"item\":\"https:\/\/www.kilians.com\/de\/\"},{\"@type\":\"ListItem\",\"position\":2,\"name\":\"Verf\\u00fcgbare Pl\\u00e4tze im Kindergarten f\\u00fcrs Schuljahr 2025 &amp; 2026\"}]},{\"@type\":\"Article\",\"@id\":\"https:\/\/www.kilians.com\/de\/news\/2024\/verfuegbare-plaetze-im-kindergarten-fuer-herbst-2025-2026\/#article\",\"isPartOf\":{\"@id\":\"https:\/\/www.kilians.com\/de\/news\/2024\/verfuegbare-plaetze-im-kindergarten-fuer-herbst-2025-2026\/#webpage\"},\"author\":{\"@id\":\"https:\/\/www.kilians.com\/#\/schema\/person\/0d0ba718c246ee8eaf04df3226782e55\"},\"headline\":\"Verf\\u00fcgbare Pl\\u00e4tze im Kindergarten f\\u00fcrs Schuljahr 2025 &amp; 2026\",\"datePublished\":\"2024-10-18T11:08:53+00:00\",\"dateModified\":\"2025-03-03T15:51:43+00:00\",\"mainEntityOfPage\":{\"@id\":\"https:\/\/www.kilians.com\/de\/news\/2024\/verfuegbare-plaetze-im-kindergarten-fuer-herbst-2025-2026\/#webpage\"},\"wordCount\":152,\"publisher\":{\"@id\":\"https:\/\/www.kilians.com\/#organization\"},\"image\":{\"@id\":\"https:\/\/www.kilians.com\/de\/news\/2024\/verfuegbare-plaetze-im-kindergarten-fuer-herbst-2025-2026\/#primaryimage\"},\"thumbnailUrl\":\"https:\/\/www.kilians.com\/wp-content\/uploads\/2024\/10\/IMG_2984.jpg\",\"articleSection\":[\"192\",\"Nachrichten\",\"Parent's news(de)\",\"Primary School\"],\"inLanguage\":\"de-DE\"},{\"@type\":\"Person\",\"@id\":\"https:\/\/www.kilians.com\/#\/schema\/person\/0d0ba718c246ee8eaf04df3226782e55\",\"name\":\"Julia Bobenko\",\"url\":\"https:\/\/www.kilians.com\/de\/news\/author\/julia\/\"}]}<\/script>\n<!-- \/ Yoast SEO plugin. -->","yoast_head_json":{"robots":{"index":"index","follow":"follow","max-snippet":"max-snippet:-1","max-image-preview":"max-image-preview:large","max-video-preview":"max-video-preview:-1"},"canonical":"https:\/\/www.kilians.com\/de\/news\/2024\/verfuegbare-plaetze-im-kindergarten-fuer-herbst-2025-2026\/","og_locale":"de_DE","og_type":"article","og_title":"Verf\u00fcgbare Pl\u00e4tze im Kindergarten f\u00fcrs Schuljahr 2025 &amp; 2026 - St. Kilian&#039;s German School, Dublin","og_description":"Kindergarten Start August 2025 Es gibt noch einige verf\u00fcgbare Pl\u00e4tze in unserem Kindergarten zum Start im August 2025. Sollten Sie interessiert sein, setzen Sie sich... Weiterlesen","og_url":"https:\/\/www.kilians.com\/de\/news\/2024\/verfuegbare-plaetze-im-kindergarten-fuer-herbst-2025-2026\/","og_site_name":"St. Kilian&#039;s German School, Dublin","article_published_time":"2024-10-18T11:08:53+00:00","article_modified_time":"2025-03-03T15:51:43+00:00","og_image":[{"width":2048,"height":1365,"filesize":441621,"url":"http:\/\/www.kilians.com\/wp-content\/uploads\/2024\/10\/IMG_2984.jpg","path":"\/nas\/content\/live\/kilians\/wp-content\/uploads\/2024\/10\/IMG_2984.jpg","size":"full","id":43259,"alt":"","pixels":2795520,"type":"image\/jpeg"}],"twitter_card":"summary","twitter_misc":{"Verfasst von":"Julia Bobenko","Gesch\u00e4tzte Lesezeit":"1 minute"},"schema":{"@context":"https:\/\/schema.org","@graph":[{"@type":"Organization","@id":"https:\/\/www.kilians.com\/#organization","name":"St. Kilian's","url":"https:\/\/www.kilians.com\/","sameAs":[],"logo":{"@type":"ImageObject","@id":"https:\/\/www.kilians.com\/#logo","inLanguage":"de-DE","url":"https:\/\/www.kilians.com\/wp-content\/uploads\/2017\/02\/StKilians_MasterLogo_Colour-1.png","contentUrl":"https:\/\/www.kilians.com\/wp-content\/uploads\/2017\/02\/StKilians_MasterLogo_Colour-1.png","width":768,"height":1240,"caption":"St. Kilian's"},"image":{"@id":"https:\/\/www.kilians.com\/#logo"}},{"@type":"WebSite","@id":"https:\/\/www.kilians.com\/#website","url":"https:\/\/www.kilians.com\/","name":"St. Kilian&#039;s German School, Dublin","description":"","publisher":{"@id":"https:\/\/www.kilians.com\/#organization"},"potentialAction":[{"@type":"SearchAction","target":{"@type":"EntryPoint","urlTemplate":"https:\/\/www.kilians.com\/?s={search_term_string}"},"query-input":"required name=search_term_string"}],"inLanguage":"de-DE"},{"@type":"ImageObject","@id":"https:\/\/www.kilians.com\/de\/news\/2024\/verfuegbare-plaetze-im-kindergarten-fuer-herbst-2025-2026\/#primaryimage","inLanguage":"de-DE","url":"https:\/\/www.kilians.com\/wp-content\/uploads\/2024\/10\/IMG_2984.jpg","contentUrl":"https:\/\/www.kilians.com\/wp-content\/uploads\/2024\/10\/IMG_2984.jpg","width":2048,"height":1365},{"@type":"WebPage","@id":"https:\/\/www.kilians.com\/de\/news\/2024\/verfuegbare-plaetze-im-kindergarten-fuer-herbst-2025-2026\/#webpage","url":"https:\/\/www.kilians.com\/de\/news\/2024\/verfuegbare-plaetze-im-kindergarten-fuer-herbst-2025-2026\/","name":"Verf\u00fcgbare Pl\u00e4tze im Kindergarten f\u00fcrs Schuljahr 2025 &amp; 2026 - St. Kilian&#039;s German School, Dublin","isPartOf":{"@id":"https:\/\/www.kilians.com\/#website"},"primaryImageOfPage":{"@id":"https:\/\/www.kilians.com\/de\/news\/2024\/verfuegbare-plaetze-im-kindergarten-fuer-herbst-2025-2026\/#primaryimage"},"datePublished":"2024-10-18T11:08:53+00:00","dateModified":"2025-03-03T15:51:43+00:00","breadcrumb":{"@id":"https:\/\/www.kilians.com\/de\/news\/2024\/verfuegbare-plaetze-im-kindergarten-fuer-herbst-2025-2026\/#breadcrumb"},"inLanguage":"de-DE","potentialAction":[{"@type":"ReadAction","target":["https:\/\/www.kilians.com\/de\/news\/2024\/verfuegbare-plaetze-im-kindergarten-fuer-herbst-2025-2026\/"]}]},{"@type":"BreadcrumbList","@id":"https:\/\/www.kilians.com\/de\/news\/2024\/verfuegbare-plaetze-im-kindergarten-fuer-herbst-2025-2026\/#breadcrumb","itemListElement":[{"@type":"ListItem","position":1,"name":"Home","item":"https:\/\/www.kilians.com\/de\/"},{"@type":"ListItem","position":2,"name":"Verf\u00fcgbare Pl\u00e4tze im Kindergarten f\u00fcrs Schuljahr 2025 &amp; 2026"}]},{"@type":"Article","@id":"https:\/\/www.kilians.com\/de\/news\/2024\/verfuegbare-plaetze-im-kindergarten-fuer-herbst-2025-2026\/#article","isPartOf":{"@id":"https:\/\/www.kilians.com\/de\/news\/2024\/verfuegbare-plaetze-im-kindergarten-fuer-herbst-2025-2026\/#webpage"},"author":{"@id":"https:\/\/www.kilians.com\/#\/schema\/person\/0d0ba718c246ee8eaf04df3226782e55"},"headline":"Verf\u00fcgbare Pl\u00e4tze im Kindergarten f\u00fcrs Schuljahr 2025 &amp; 2026","datePublished":"2024-10-18T11:08:53+00:00","dateModified":"2025-03-03T15:51:43+00:00","mainEntityOfPage":{"@id":"https:\/\/www.kilians.com\/de\/news\/2024\/verfuegbare-plaetze-im-kindergarten-fuer-herbst-2025-2026\/#webpage"},"wordCount":152,"publisher":{"@id":"https:\/\/www.kilians.com\/#organization"},"image":{"@id":"https:\/\/www.kilians.com\/de\/news\/2024\/verfuegbare-plaetze-im-kindergarten-fuer-herbst-2025-2026\/#primaryimage"},"thumbnailUrl":"https:\/\/www.kilians.com\/wp-content\/uploads\/2024\/10\/IMG_2984.jpg","articleSection":["192","Nachrichten","Parent's news(de)","Primary School"],"inLanguage":"de-DE"},{"@type":"Person","@id":"https:\/\/www.kilians.com\/#\/schema\/person\/0d0ba718c246ee8eaf04df3226782e55","name":"Julia Bobenko","url":"https:\/\/www.kilians.com\/de\/news\/author\/julia\/"}]}},"_links":{"self":[{"href":"https:\/\/www.kilians.com\/de\/wp-json\/wp\/v2\/posts\/39077\/"}],"collection":[{"href":"https:\/\/www.kilians.com\/de\/wp-json\/wp\/v2\/posts\/"}],"about":[{"href":"https:\/\/www.kilians.com\/de\/wp-json\/wp\/v2\/types\/post\/"}],"author":[{"embeddable":true,"href":"https:\/\/www.kilians.com\/de\/wp-json\/wp\/v2\/users\/1506\/"}],"replies":[{"embeddable":true,"href":"https:\/\/www.kilians.com\/de\/wp-json\/wp\/v2\/comments\/?post=39077"}],"version-history":[{"count":0,"href":"https:\/\/www.kilians.com\/de\/wp-json\/wp\/v2\/posts\/39077\/revisions\/"}],"wp:featuredmedia":[{"embeddable":true,"href":"https:\/\/www.kilians.com\/de\/wp-json\/wp\/v2\/media\/43259\/"}],"wp:attachment":[{"href":"https:\/\/www.kilians.com\/de\/wp-json\/wp\/v2\/media\/?parent=39077"}],"wp:term":[{"taxonomy":"category","embeddable":true,"href":"https:\/\/www.kilians.com\/de\/wp-json\/wp\/v2\/categories\/?post=39077"},{"taxonomy":"post_tag","embeddable":true,"href":"https:\/\/www.kilians.com\/de\/wp-json\/wp\/v2\/tags\/?post=39077"}],"curies":[{"name":"wp","href":"https:\/\/api.w.org\/{rel}","templated":true}]}}