{"id":39344,"date":"2023-01-24T18:05:48","date_gmt":"2023-01-24T18:05:48","guid":{"rendered":"https:\/\/www.kilians.com\/?p=39344"},"modified":"2023-02-09T11:46:51","modified_gmt":"2023-02-09T11:46:51","slug":"feierlichkeiten-zum-60-jahrestag-des-elysee-vertrags-und-die-elysee-vertrag-debatte-2023","status":"publish","type":"post","link":"https:\/\/www.kilians.com\/de\/news\/2023\/feierlichkeiten-zum-60-jahrestag-des-elysee-vertrags-und-die-elysee-vertrag-debatte-2023\/","title":{"rendered":"Feierlichkeiten zum 60. Jahrestag des Elys\u00e9e-Vertrags und die Elys\u00e9e-Vertrag-Debatte 2023"},"content":{"rendered":"\n<p><em>Zahlreiche G\u00e4ste, Sch\u00fcler und Lehrer feierten am 23. und 24. Januar auf dem Eurocampus in Dublin 60 Jahre deutsch-franz\u00f6sische Freundschaft und die Zukunft in einem gemeinsamen Europa. Im Mittelpunkt des Jubil\u00e4ums stand die gute und freundschaftliche p\u00e4dagogische Kooperation zwischen der Deutschen Schule Dublin St. Kilian\u2018s und dem Lyc\u00e9e Fran\u00e7ais International Samuel Beckett (LFI).&nbsp;<\/em><\/p>\n\n\n\n<p><\/p>\n\n\n\n<p>Der H\u00f6hepunkt der Feiern war eine trilinguale Debatte auf Franz\u00f6sisch, Deutsch und Englisch zum Elys\u00e9e-Vertrag, dem vor 60 Jahren in Paris geschlossenen Freundschaftsvertrag zwischen Frankreich und Deutschland. Er\u00f6ffnet wurde diese Debatte am 24. Januar von Peter Burke, dem irischen Staatsminister f\u00fcr Europa. Burke hob die Vorteile der europ\u00e4ischen Einheit insbesondere in den Bereichen Bildung und Kultur hervor und betonte: \u201eDie Bildung, die die Sch\u00fcler auf dem Eurocampus erhalten, ist von unsch\u00e4tzbarem Wert f\u00fcr das Leben als B\u00fcrger Europas.\u201c Seiner Rede wohnten nicht nur die Botschafter von Frankreich und Deutschland und die Botschafterinnen von Belgien und Luxemburg bei, sondern auch Josepha Madigan, die irische Staatsministerin f\u00fcr Sonderp\u00e4dagogik. Extra aus Frankreich und Deutschland waren die Leiter der Auslandsschulbeh\u00f6rden, Olivier Brochet von der franz\u00f6sischen AEFE und Heike Toledo von der ZfA, angereist.<\/p>\n\n\n\n<div style=\"height:48px\" aria-hidden=\"true\" class=\"wp-block-spacer\"><\/div>\n\n\n\n<figure class=\"wp-block-gallery has-nested-images columns-default is-cropped wp-block-gallery-1 is-layout-flex wp-block-gallery-is-layout-flex\">\n<figure class=\"wp-block-image size-large is-style-default\"><img loading=\"lazy\" decoding=\"async\" width=\"1024\" height=\"765\" data-id=\"39287\" src=\"https:\/\/www.kilians.com\/wp-content\/uploads\/2023\/01\/IMG_8542-1024x765.jpg\" alt=\"\" class=\"wp-image-39287\" srcset=\"https:\/\/www.kilians.com\/wp-content\/uploads\/2023\/01\/IMG_8542-1024x765.jpg 1024w, https:\/\/www.kilians.com\/wp-content\/uploads\/2023\/01\/IMG_8542-768x573.jpg 768w, https:\/\/www.kilians.com\/wp-content\/uploads\/2023\/01\/IMG_8542-750x560.jpg 750w, https:\/\/www.kilians.com\/wp-content\/uploads\/2023\/01\/IMG_8542.jpg 1125w\" sizes=\"auto, (max-width: 1024px) 100vw, 1024px\" \/><\/figure>\n\n\n\n<figure class=\"wp-block-image size-large is-style-default\"><img loading=\"lazy\" decoding=\"async\" width=\"1024\" height=\"683\" data-id=\"39313\" src=\"https:\/\/www.kilians.com\/wp-content\/uploads\/2023\/01\/IMG_1807-1024x683.jpg\" alt=\"\" class=\"wp-image-39313\" srcset=\"https:\/\/www.kilians.com\/wp-content\/uploads\/2023\/01\/IMG_1807-1024x683.jpg 1024w, https:\/\/www.kilians.com\/wp-content\/uploads\/2023\/01\/IMG_1807-768x512.jpg 768w, https:\/\/www.kilians.com\/wp-content\/uploads\/2023\/01\/IMG_1807-1536x1024.jpg 1536w, https:\/\/www.kilians.com\/wp-content\/uploads\/2023\/01\/IMG_1807-2048x1365.jpg 2048w, https:\/\/www.kilians.com\/wp-content\/uploads\/2023\/01\/IMG_1807-150x100.jpg 150w, https:\/\/www.kilians.com\/wp-content\/uploads\/2023\/01\/IMG_1807-750x500.jpg 750w\" sizes=\"auto, (max-width: 1024px) 100vw, 1024px\" \/><\/figure>\n\n\n\n<figure class=\"wp-block-image size-large is-style-default\"><img decoding=\"async\" data-id=\"39345\" src=\"http:\/\/www.kilians.com\/wp-content\/uploads\/2023\/01\/IMG_7442-1024x576.jpg\" alt=\"\" class=\"wp-image-39345\"\/><\/figure>\n\n\n\n<figure class=\"wp-block-image size-large is-style-default\"><img loading=\"lazy\" decoding=\"async\" width=\"1024\" height=\"576\" data-id=\"39316\" src=\"http:\/\/www.kilians.com\/wp-content\/uploads\/2023\/01\/IMG_7456-1024x576.jpg\" alt=\"\" class=\"wp-image-39316\" srcset=\"https:\/\/www.kilians.com\/wp-content\/uploads\/2023\/01\/IMG_7456-1024x576.jpg 1024w, https:\/\/www.kilians.com\/wp-content\/uploads\/2023\/01\/IMG_7456-768x432.jpg 768w, https:\/\/www.kilians.com\/wp-content\/uploads\/2023\/01\/IMG_7456-1536x865.jpg 1536w, https:\/\/www.kilians.com\/wp-content\/uploads\/2023\/01\/IMG_7456-2048x1153.jpg 2048w, https:\/\/www.kilians.com\/wp-content\/uploads\/2023\/01\/IMG_7456-750x422.jpg 750w\" sizes=\"auto, (max-width: 1024px) 100vw, 1024px\" \/><\/figure>\n<\/figure>\n\n\n\n<div style=\"height:62px\" aria-hidden=\"true\" class=\"wp-block-spacer\"><\/div>\n\n\n\n<p>Bereits einen Tag zuvor, am 23. Januar, waren die Feierlichkeiten in der Shamrock Hall der Deutschen Schule mit dem St. Kilian\u2019s-Grundschulchor er\u00f6ffnet worden. Philippe Luquet, Direktor des LFI, und Thorsten Henke, kommissarischer Schulleiter der Deutschen Schule Dublin, hie\u00dfen die G\u00e4ste auf dem Eurocampus willkommen. Nachdem vier Sch\u00fclerinnen den G\u00e4sten von ihren Erlebnissen und Erfahrungen auf dem Eurocampus berichtet hatten, hielten der franz\u00f6sische Botschafter Vincent Gu\u00e9rend und der deutsche Botschafter Cord Meier-Klodt Reden zur Bedeutung interkultureller Verst\u00e4ndigung. <\/p>\n\n\n\n<p><\/p>\n\n\n\n<p>Den Reden der Botschafter h\u00f6rten nicht nur zahlreiche Sch\u00fcler aus den Eurocampus-Klassen zu, sondern auch die G\u00e4ste von AEFE und ZfA. Olivier Brochet von der AEFE wurde von Philippe Lods und Isabelle Picault begleitet, Heike Toledo von der ZfA von Oliver Bientzle, dem Leiter des Referats f\u00fcr Auslandsschulen und Sport im Ausw\u00e4rtigen Amt. Auch die Direktoren von AEFE und ZfA hoben in ihren Gru\u00dfworten die deutsche, franz\u00f6sische und irische Zusammenarbeit auf dem \u201eam besten funktionierenden Eurocampus\u201c der Welt hervor, der einer von sechs weltweit ist. Brochet charakterisierte den Eurocampus in Dublin als einen \u201eau\u00dfergew\u00f6hnlichen Bildungsschmelztiegel\u201c, der die Sch\u00fcler darauf vorbereitet, \u201eaufgekl\u00e4rte, engagierte B\u00fcrger zu sein, die die Ver\u00e4nderungen vorantreiben, die unsere Welt braucht\u201c.<\/p>\n\n\n\n<p>Anschlie\u00dfend hatten die G\u00e4ste und Delegationen aus Frankreich und Deutschland die Gelegenheit, sich auf einem von Sch\u00fclern gef\u00fchrten Rundgang ein eigenes Bild vom Campus zu machen. &nbsp;Dabei trafen sich auch mit Lehrkr\u00e4ften zu einem Informationsaustausch.<\/p>\n\n\n\n<div style=\"height:50px\" aria-hidden=\"true\" class=\"wp-block-spacer\"><\/div>\n\n\n\n<figure class=\"wp-block-gallery has-nested-images columns-default is-cropped wp-block-gallery-2 is-layout-flex wp-block-gallery-is-layout-flex\">\n<figure class=\"wp-block-image size-large is-style-default\"><img loading=\"lazy\" decoding=\"async\" width=\"1024\" height=\"679\" data-id=\"39342\" src=\"https:\/\/www.kilians.com\/wp-content\/uploads\/2023\/01\/IMG_1322-1024x679.jpg\" alt=\"\" class=\"wp-image-39342\" srcset=\"https:\/\/www.kilians.com\/wp-content\/uploads\/2023\/01\/IMG_1322-1024x679.jpg 1024w, https:\/\/www.kilians.com\/wp-content\/uploads\/2023\/01\/IMG_1322-768x510.jpg 768w, https:\/\/www.kilians.com\/wp-content\/uploads\/2023\/01\/IMG_1322-1536x1019.jpg 1536w, https:\/\/www.kilians.com\/wp-content\/uploads\/2023\/01\/IMG_1322-2048x1359.jpg 2048w, https:\/\/www.kilians.com\/wp-content\/uploads\/2023\/01\/IMG_1322-150x100.jpg 150w, https:\/\/www.kilians.com\/wp-content\/uploads\/2023\/01\/IMG_1322-750x498.jpg 750w\" sizes=\"auto, (max-width: 1024px) 100vw, 1024px\" \/><\/figure>\n\n\n\n<figure class=\"wp-block-image size-large is-style-default\"><img loading=\"lazy\" decoding=\"async\" width=\"1024\" height=\"739\" data-id=\"39340\" src=\"https:\/\/www.kilians.com\/wp-content\/uploads\/2023\/01\/IMG_1357-1024x739.jpg\" alt=\"\" class=\"wp-image-39340\" srcset=\"https:\/\/www.kilians.com\/wp-content\/uploads\/2023\/01\/IMG_1357-1024x739.jpg 1024w, https:\/\/www.kilians.com\/wp-content\/uploads\/2023\/01\/IMG_1357-768x554.jpg 768w, https:\/\/www.kilians.com\/wp-content\/uploads\/2023\/01\/IMG_1357-1536x1109.jpg 1536w, https:\/\/www.kilians.com\/wp-content\/uploads\/2023\/01\/IMG_1357-2048x1478.jpg 2048w, https:\/\/www.kilians.com\/wp-content\/uploads\/2023\/01\/IMG_1357-750x541.jpg 750w\" sizes=\"auto, (max-width: 1024px) 100vw, 1024px\" \/><\/figure>\n\n\n\n<figure class=\"wp-block-image size-large is-style-default\"><img decoding=\"async\" data-id=\"39351\" src=\"https:\/\/www.kilians.com\/wp-content\/uploads\/2023\/01\/IMG_1390-1024x703.jpg\" alt=\"\" class=\"wp-image-39351\"\/><\/figure>\n\n\n\n<figure class=\"wp-block-image size-large is-style-default\"><img loading=\"lazy\" decoding=\"async\" width=\"1024\" height=\"857\" data-id=\"39328\" src=\"https:\/\/www.kilians.com\/wp-content\/uploads\/2023\/01\/IMG_1415-1024x857.jpg\" alt=\"\" class=\"wp-image-39328\" srcset=\"https:\/\/www.kilians.com\/wp-content\/uploads\/2023\/01\/IMG_1415-1024x857.jpg 1024w, https:\/\/www.kilians.com\/wp-content\/uploads\/2023\/01\/IMG_1415-768x643.jpg 768w, https:\/\/www.kilians.com\/wp-content\/uploads\/2023\/01\/IMG_1415-1536x1285.jpg 1536w, https:\/\/www.kilians.com\/wp-content\/uploads\/2023\/01\/IMG_1415-2048x1713.jpg 2048w, https:\/\/www.kilians.com\/wp-content\/uploads\/2023\/01\/IMG_1415-750x627.jpg 750w\" sizes=\"auto, (max-width: 1024px) 100vw, 1024px\" \/><\/figure>\n\n\n\n<figure class=\"wp-block-image size-large is-style-default\"><img decoding=\"async\" data-id=\"39353\" src=\"https:\/\/www.kilians.com\/wp-content\/uploads\/2023\/01\/IMG_1697-1-1024x662.jpg\" alt=\"\" class=\"wp-image-39353\"\/><\/figure>\n\n\n\n<figure class=\"wp-block-image size-large is-style-default\"><img loading=\"lazy\" decoding=\"async\" width=\"1024\" height=\"683\" data-id=\"39320\" src=\"https:\/\/www.kilians.com\/wp-content\/uploads\/2023\/01\/IMG_1459-1024x683.jpg\" alt=\"\" class=\"wp-image-39320\" srcset=\"https:\/\/www.kilians.com\/wp-content\/uploads\/2023\/01\/IMG_1459-1024x683.jpg 1024w, https:\/\/www.kilians.com\/wp-content\/uploads\/2023\/01\/IMG_1459-768x512.jpg 768w, https:\/\/www.kilians.com\/wp-content\/uploads\/2023\/01\/IMG_1459-1536x1024.jpg 1536w, https:\/\/www.kilians.com\/wp-content\/uploads\/2023\/01\/IMG_1459-2048x1366.jpg 2048w, https:\/\/www.kilians.com\/wp-content\/uploads\/2023\/01\/IMG_1459-150x100.jpg 150w, https:\/\/www.kilians.com\/wp-content\/uploads\/2023\/01\/IMG_1459-750x500.jpg 750w\" sizes=\"auto, (max-width: 1024px) 100vw, 1024px\" \/><\/figure>\n\n\n\n<figure class=\"wp-block-image size-large is-style-default\"><img loading=\"lazy\" decoding=\"async\" width=\"1024\" height=\"833\" data-id=\"39336\" src=\"https:\/\/www.kilians.com\/wp-content\/uploads\/2023\/01\/IMG_1562-1024x833.jpg\" alt=\"\" class=\"wp-image-39336\" srcset=\"https:\/\/www.kilians.com\/wp-content\/uploads\/2023\/01\/IMG_1562-1024x833.jpg 1024w, https:\/\/www.kilians.com\/wp-content\/uploads\/2023\/01\/IMG_1562-768x625.jpg 768w, https:\/\/www.kilians.com\/wp-content\/uploads\/2023\/01\/IMG_1562-1536x1250.jpg 1536w, https:\/\/www.kilians.com\/wp-content\/uploads\/2023\/01\/IMG_1562-2048x1667.jpg 2048w, https:\/\/www.kilians.com\/wp-content\/uploads\/2023\/01\/IMG_1562-750x610.jpg 750w\" sizes=\"auto, (max-width: 1024px) 100vw, 1024px\" \/><\/figure>\n\n\n\n<figure class=\"wp-block-image size-large is-style-default\"><img loading=\"lazy\" decoding=\"async\" width=\"714\" height=\"1024\" data-id=\"39338\" src=\"https:\/\/www.kilians.com\/wp-content\/uploads\/2023\/01\/IMG_1722-714x1024.jpg\" alt=\"\" class=\"wp-image-39338\" srcset=\"https:\/\/www.kilians.com\/wp-content\/uploads\/2023\/01\/IMG_1722-714x1024.jpg 714w, https:\/\/www.kilians.com\/wp-content\/uploads\/2023\/01\/IMG_1722-768x1102.jpg 768w, https:\/\/www.kilians.com\/wp-content\/uploads\/2023\/01\/IMG_1722-1071x1536.jpg 1071w, https:\/\/www.kilians.com\/wp-content\/uploads\/2023\/01\/IMG_1722-1428x2048.jpg 1428w, https:\/\/www.kilians.com\/wp-content\/uploads\/2023\/01\/IMG_1722-750x1076.jpg 750w, https:\/\/www.kilians.com\/wp-content\/uploads\/2023\/01\/IMG_1722-scaled.jpg 1784w\" sizes=\"auto, (max-width: 714px) 100vw, 714px\" \/><\/figure>\n\n\n\n<figure class=\"wp-block-image size-large is-style-default\"><img loading=\"lazy\" decoding=\"async\" width=\"1024\" height=\"683\" data-id=\"39326\" src=\"http:\/\/www.kilians.com\/wp-content\/uploads\/2023\/01\/IMG_1401-1024x683.jpg\" alt=\"\" class=\"wp-image-39326\" srcset=\"https:\/\/www.kilians.com\/wp-content\/uploads\/2023\/01\/IMG_1401-1024x683.jpg 1024w, https:\/\/www.kilians.com\/wp-content\/uploads\/2023\/01\/IMG_1401-768x512.jpg 768w, https:\/\/www.kilians.com\/wp-content\/uploads\/2023\/01\/IMG_1401-1536x1024.jpg 1536w, https:\/\/www.kilians.com\/wp-content\/uploads\/2023\/01\/IMG_1401-2048x1365.jpg 2048w, https:\/\/www.kilians.com\/wp-content\/uploads\/2023\/01\/IMG_1401-150x100.jpg 150w, https:\/\/www.kilians.com\/wp-content\/uploads\/2023\/01\/IMG_1401-750x500.jpg 750w\" sizes=\"auto, (max-width: 1024px) 100vw, 1024px\" \/><\/figure>\n<\/figure>\n\n\n\n<div style=\"height:52px\" aria-hidden=\"true\" class=\"wp-block-spacer\"><\/div>\n\n\n\n<p>Die provokative These \u201eDie heutige Generation junger Europ\u00e4er hat weniger M\u00f6glichkeiten als ihre Eltern\u201c stand dann am n\u00e4chsten Tag im Zentrum der trilingualen Debatte. Die j\u00e4hrliche Elys\u00e9e-Vertragsdebatte, an der Sch\u00fcler der Abschlussklassen beider Schulen teilnehmen fand in diesem Jahr bereits zum 10. Mal statt. Sie gilt seit 2013 als einer der H\u00f6hepunkte des Eurocampus und ist ein anschauliches Beispiel f\u00fcr eine europ\u00e4ische Bildungserfahrung durch die Sprachen Franz\u00f6sisch, Deutsch und Englisch. Zwei Teams aus insgesamt sechsehn Sch\u00fcler:innen der 11. Klassen von St. Kilian\u2019s und vom LFI f\u00fchrten vor den Augen der G\u00e4ste eine kontroverse Debatte. Die Teammitglieder waren sehr gut vorbereitet und argumentierten in insgesamt 12 Reden rhetorisch gekonnt f\u00fcr oder gegen die These. Organisiert war die Debatte in diesem Jahr von den sehr engagierten Lehrerinnen Emma Jones und Amy Scallan. Allerdings hatten die Sch\u00fcler:innen ihre Argumente in intensiver Vorbereitung selbst recherchiert und deckten ein breites Spektrum von Wirtschaft, Politik, Technologie, Kultur und Medien ab. Moderiert wurde die Debatte von zwei Sch\u00fclern, Thomas O\u2019Grady und Dylan McGowan.<\/p>\n\n\n\n<p>Alle Sch\u00fcler:innen brachten beeindruckende Argumente vor und waren in der Lage, direkt auf die Argumente ihrer Gegner einzugehen. Das betonten auch die diesj\u00e4hrigen Juroren der Debatte, die Kulturattach\u00e9s der franz\u00f6sischen und deutschen Botschaften, Frau Mariam Diallo und Herr Robert Henneberg, sowie Frau Linda Golden, eine ehemalige Lehrerin. Sie standen vor der schwierigen Aufgabe, ein Siegerteam zu bestimmen.<\/p>\n\n\n\n<p><\/p>\n\n\n\n<p>Herzlichen Gl\u00fcckwunsch an die diesj\u00e4hrigen Gewinner: Ga\u00eblle Abrard (LFI), Sophia Larionova O&#8217;Connor (St. Kilian&#8217;s), Thomas Wach\u00e9 (LFI), Else Denis (LFI), Timoth\u00e9 Nelserade (LFI), Eliska Dvorakova (St. Kilian&#8217;s), Neha Krishnan (St. Kilian&#8217;s) und Nadia Matthias (St. Kilian\u2019s), die erfolgreich und \u00fcberzeugend die Behauptung vetreten haben und mit einer Troph\u00e4e ausgezeichnet wurden.<\/p>\n\n\n\n<p>Wir gratulieren ebenfalls dem Oppositionsteam bestehend aus Anna Cantwell-Xenopoulou (LFI), Ben Taylor German (St. Kilian&#8217;s), Clemence Iglesias (LFI), Charlie Kennedy (St. Kilian&#8217;s), Shervin Sedaghat (St. Killian&#8217;s), Sara Hany Mahmoud Ibrahim Sabry (LFI), Benas Vasiliauskas (St. Kilian&#8217;s) und Rebecca Costache (St. Kilian&#8217;s).<\/p>\n\n\n\n<p>Vielen Dank an die Lehrer und alle beteiligten Sch\u00fcler, die diese Veranstaltung erm\u00f6glicht haben. Ein besonderer Dank geht an die gesch\u00e4tzten G\u00e4ste f\u00fcr ihre Teilnahme und an die deutsche und franz\u00f6sische Botschaft f\u00fcr ihre kontinuierliche Unterst\u00fctzung. <\/p>\n\n\n\n<div style=\"height:56px\" aria-hidden=\"true\" class=\"wp-block-spacer\"><\/div>\n\n\n\n<figure class=\"wp-block-gallery has-nested-images columns-default is-cropped wp-block-gallery-3 is-layout-flex wp-block-gallery-is-layout-flex\">\n<figure class=\"wp-block-image size-large is-style-default\"><img loading=\"lazy\" decoding=\"async\" width=\"1024\" height=\"683\" data-id=\"39309\" src=\"https:\/\/www.kilians.com\/wp-content\/uploads\/2023\/01\/IMG_1794-1024x683.jpg\" alt=\"\" class=\"wp-image-39309\" srcset=\"https:\/\/www.kilians.com\/wp-content\/uploads\/2023\/01\/IMG_1794-1024x683.jpg 1024w, https:\/\/www.kilians.com\/wp-content\/uploads\/2023\/01\/IMG_1794-768x512.jpg 768w, https:\/\/www.kilians.com\/wp-content\/uploads\/2023\/01\/IMG_1794-1536x1024.jpg 1536w, https:\/\/www.kilians.com\/wp-content\/uploads\/2023\/01\/IMG_1794-2048x1365.jpg 2048w, https:\/\/www.kilians.com\/wp-content\/uploads\/2023\/01\/IMG_1794-150x100.jpg 150w, https:\/\/www.kilians.com\/wp-content\/uploads\/2023\/01\/IMG_1794-750x500.jpg 750w\" sizes=\"auto, (max-width: 1024px) 100vw, 1024px\" \/><\/figure>\n\n\n\n<figure class=\"wp-block-image size-large is-style-default\"><img decoding=\"async\" data-id=\"39345\" src=\"https:\/\/www.kilians.com\/wp-content\/uploads\/2023\/01\/IMG_7442-1024x576.jpg\" alt=\"\" class=\"wp-image-39345\"\/><\/figure>\n\n\n\n<figure class=\"wp-block-image size-large is-style-default\"><img loading=\"lazy\" decoding=\"async\" width=\"1024\" height=\"683\" data-id=\"39311\" src=\"https:\/\/www.kilians.com\/wp-content\/uploads\/2023\/01\/IMG_1855-1024x683.jpg\" alt=\"\" class=\"wp-image-39311\" srcset=\"https:\/\/www.kilians.com\/wp-content\/uploads\/2023\/01\/IMG_1855-1024x683.jpg 1024w, https:\/\/www.kilians.com\/wp-content\/uploads\/2023\/01\/IMG_1855-768x512.jpg 768w, https:\/\/www.kilians.com\/wp-content\/uploads\/2023\/01\/IMG_1855-1536x1024.jpg 1536w, https:\/\/www.kilians.com\/wp-content\/uploads\/2023\/01\/IMG_1855-2048x1365.jpg 2048w, https:\/\/www.kilians.com\/wp-content\/uploads\/2023\/01\/IMG_1855-150x100.jpg 150w, https:\/\/www.kilians.com\/wp-content\/uploads\/2023\/01\/IMG_1855-750x500.jpg 750w\" sizes=\"auto, (max-width: 1024px) 100vw, 1024px\" \/><\/figure>\n\n\n\n<figure class=\"wp-block-image size-large is-style-default\"><img loading=\"lazy\" decoding=\"async\" width=\"1024\" height=\"683\" data-id=\"39255\" src=\"http:\/\/www.kilians.com\/wp-content\/uploads\/2023\/01\/IMG_1825-1024x683.jpg\" alt=\"\" class=\"wp-image-39255\" srcset=\"https:\/\/www.kilians.com\/wp-content\/uploads\/2023\/01\/IMG_1825-1024x683.jpg 1024w, https:\/\/www.kilians.com\/wp-content\/uploads\/2023\/01\/IMG_1825-768x512.jpg 768w, https:\/\/www.kilians.com\/wp-content\/uploads\/2023\/01\/IMG_1825-1536x1024.jpg 1536w, https:\/\/www.kilians.com\/wp-content\/uploads\/2023\/01\/IMG_1825-2048x1365.jpg 2048w, https:\/\/www.kilians.com\/wp-content\/uploads\/2023\/01\/IMG_1825-150x100.jpg 150w, https:\/\/www.kilians.com\/wp-content\/uploads\/2023\/01\/IMG_1825-750x500.jpg 750w\" sizes=\"auto, (max-width: 1024px) 100vw, 1024px\" \/><\/figure>\n\n\n\n<figure class=\"wp-block-image size-large is-style-default\"><img loading=\"lazy\" decoding=\"async\" width=\"1024\" height=\"768\" data-id=\"39303\" src=\"https:\/\/www.kilians.com\/wp-content\/uploads\/2023\/01\/IMG_8492-1-1024x768.jpg\" alt=\"\" class=\"wp-image-39303\" srcset=\"https:\/\/www.kilians.com\/wp-content\/uploads\/2023\/01\/IMG_8492-1-1024x768.jpg 1024w, https:\/\/www.kilians.com\/wp-content\/uploads\/2023\/01\/IMG_8492-1-768x576.jpg 768w, https:\/\/www.kilians.com\/wp-content\/uploads\/2023\/01\/IMG_8492-1-1536x1152.jpg 1536w, https:\/\/www.kilians.com\/wp-content\/uploads\/2023\/01\/IMG_8492-1-2048x1536.jpg 2048w, https:\/\/www.kilians.com\/wp-content\/uploads\/2023\/01\/IMG_8492-1-750x563.jpg 750w\" sizes=\"auto, (max-width: 1024px) 100vw, 1024px\" \/><\/figure>\n\n\n\n<figure class=\"wp-block-image size-large is-style-default\"><img loading=\"lazy\" decoding=\"async\" width=\"1024\" height=\"768\" data-id=\"39301\" src=\"http:\/\/www.kilians.com\/wp-content\/uploads\/2023\/01\/IMG_8481-1024x768.jpg\" alt=\"\" class=\"wp-image-39301\" srcset=\"https:\/\/www.kilians.com\/wp-content\/uploads\/2023\/01\/IMG_8481-1024x768.jpg 1024w, https:\/\/www.kilians.com\/wp-content\/uploads\/2023\/01\/IMG_8481-768x576.jpg 768w, https:\/\/www.kilians.com\/wp-content\/uploads\/2023\/01\/IMG_8481-1536x1152.jpg 1536w, https:\/\/www.kilians.com\/wp-content\/uploads\/2023\/01\/IMG_8481-2048x1536.jpg 2048w, https:\/\/www.kilians.com\/wp-content\/uploads\/2023\/01\/IMG_8481-750x563.jpg 750w\" sizes=\"auto, (max-width: 1024px) 100vw, 1024px\" \/><\/figure>\n\n\n\n<figure class=\"wp-block-image size-large is-style-default\"><img loading=\"lazy\" decoding=\"async\" width=\"1024\" height=\"576\" data-id=\"39305\" src=\"https:\/\/www.kilians.com\/wp-content\/uploads\/2023\/01\/IMG_7519-1024x576.jpg\" alt=\"\" class=\"wp-image-39305\" srcset=\"https:\/\/www.kilians.com\/wp-content\/uploads\/2023\/01\/IMG_7519-1024x576.jpg 1024w, https:\/\/www.kilians.com\/wp-content\/uploads\/2023\/01\/IMG_7519-768x432.jpg 768w, https:\/\/www.kilians.com\/wp-content\/uploads\/2023\/01\/IMG_7519-1536x865.jpg 1536w, https:\/\/www.kilians.com\/wp-content\/uploads\/2023\/01\/IMG_7519-2048x1153.jpg 2048w, https:\/\/www.kilians.com\/wp-content\/uploads\/2023\/01\/IMG_7519-750x422.jpg 750w\" sizes=\"auto, (max-width: 1024px) 100vw, 1024px\" \/><\/figure>\n\n\n\n<figure class=\"wp-block-image size-large is-style-default\"><img loading=\"lazy\" decoding=\"async\" width=\"1024\" height=\"576\" data-id=\"39295\" src=\"http:\/\/www.kilians.com\/wp-content\/uploads\/2023\/01\/IMG_7561-1024x576.jpg\" alt=\"\" class=\"wp-image-39295\" srcset=\"https:\/\/www.kilians.com\/wp-content\/uploads\/2023\/01\/IMG_7561-1024x576.jpg 1024w, https:\/\/www.kilians.com\/wp-content\/uploads\/2023\/01\/IMG_7561-768x432.jpg 768w, https:\/\/www.kilians.com\/wp-content\/uploads\/2023\/01\/IMG_7561-1536x865.jpg 1536w, https:\/\/www.kilians.com\/wp-content\/uploads\/2023\/01\/IMG_7561-2048x1153.jpg 2048w, https:\/\/www.kilians.com\/wp-content\/uploads\/2023\/01\/IMG_7561-750x422.jpg 750w\" sizes=\"auto, (max-width: 1024px) 100vw, 1024px\" \/><\/figure>\n\n\n\n<figure class=\"wp-block-image size-large is-style-default\"><img loading=\"lazy\" decoding=\"async\" width=\"1024\" height=\"576\" data-id=\"39267\" src=\"https:\/\/www.kilians.com\/wp-content\/uploads\/2023\/01\/IMG_7473-1024x576.jpg\" alt=\"\" class=\"wp-image-39267\" srcset=\"https:\/\/www.kilians.com\/wp-content\/uploads\/2023\/01\/IMG_7473-1024x576.jpg 1024w, https:\/\/www.kilians.com\/wp-content\/uploads\/2023\/01\/IMG_7473-768x432.jpg 768w, https:\/\/www.kilians.com\/wp-content\/uploads\/2023\/01\/IMG_7473-1536x865.jpg 1536w, https:\/\/www.kilians.com\/wp-content\/uploads\/2023\/01\/IMG_7473-2048x1153.jpg 2048w, https:\/\/www.kilians.com\/wp-content\/uploads\/2023\/01\/IMG_7473-750x422.jpg 750w\" sizes=\"auto, (max-width: 1024px) 100vw, 1024px\" \/><\/figure>\n\n\n\n<figure class=\"wp-block-image size-large is-style-default\"><img loading=\"lazy\" decoding=\"async\" width=\"1024\" height=\"576\" data-id=\"39269\" src=\"https:\/\/www.kilians.com\/wp-content\/uploads\/2023\/01\/IMG_7477-1024x576.jpg\" alt=\"\" class=\"wp-image-39269\" srcset=\"https:\/\/www.kilians.com\/wp-content\/uploads\/2023\/01\/IMG_7477-1024x576.jpg 1024w, https:\/\/www.kilians.com\/wp-content\/uploads\/2023\/01\/IMG_7477-768x432.jpg 768w, https:\/\/www.kilians.com\/wp-content\/uploads\/2023\/01\/IMG_7477-1536x865.jpg 1536w, https:\/\/www.kilians.com\/wp-content\/uploads\/2023\/01\/IMG_7477-2048x1153.jpg 2048w, https:\/\/www.kilians.com\/wp-content\/uploads\/2023\/01\/IMG_7477-750x422.jpg 750w\" sizes=\"auto, (max-width: 1024px) 100vw, 1024px\" \/><\/figure>\n\n\n\n<figure class=\"wp-block-image size-large is-style-default\"><img loading=\"lazy\" decoding=\"async\" width=\"1024\" height=\"576\" data-id=\"39273\" src=\"http:\/\/www.kilians.com\/wp-content\/uploads\/2023\/01\/IMG_7510-1024x576.jpg\" alt=\"\" class=\"wp-image-39273\" srcset=\"https:\/\/www.kilians.com\/wp-content\/uploads\/2023\/01\/IMG_7510-1024x576.jpg 1024w, https:\/\/www.kilians.com\/wp-content\/uploads\/2023\/01\/IMG_7510-768x432.jpg 768w, https:\/\/www.kilians.com\/wp-content\/uploads\/2023\/01\/IMG_7510-1536x865.jpg 1536w, https:\/\/www.kilians.com\/wp-content\/uploads\/2023\/01\/IMG_7510-2048x1153.jpg 2048w, https:\/\/www.kilians.com\/wp-content\/uploads\/2023\/01\/IMG_7510-750x422.jpg 750w\" sizes=\"auto, (max-width: 1024px) 100vw, 1024px\" \/><\/figure>\n\n\n\n<figure class=\"wp-block-image size-large is-style-default\"><img loading=\"lazy\" decoding=\"async\" width=\"1024\" height=\"576\" data-id=\"39277\" src=\"https:\/\/www.kilians.com\/wp-content\/uploads\/2023\/01\/IMG_7540-1024x576.jpg\" alt=\"\" class=\"wp-image-39277\" srcset=\"https:\/\/www.kilians.com\/wp-content\/uploads\/2023\/01\/IMG_7540-1024x576.jpg 1024w, https:\/\/www.kilians.com\/wp-content\/uploads\/2023\/01\/IMG_7540-768x432.jpg 768w, https:\/\/www.kilians.com\/wp-content\/uploads\/2023\/01\/IMG_7540-1536x865.jpg 1536w, https:\/\/www.kilians.com\/wp-content\/uploads\/2023\/01\/IMG_7540-2048x1153.jpg 2048w, https:\/\/www.kilians.com\/wp-content\/uploads\/2023\/01\/IMG_7540-750x422.jpg 750w\" sizes=\"auto, (max-width: 1024px) 100vw, 1024px\" \/><\/figure>\n\n\n\n<figure class=\"wp-block-image size-large is-style-default\"><img loading=\"lazy\" decoding=\"async\" width=\"1024\" height=\"576\" data-id=\"39279\" src=\"http:\/\/www.kilians.com\/wp-content\/uploads\/2023\/01\/IMG_7551-1024x576.jpg\" alt=\"\" class=\"wp-image-39279\" srcset=\"https:\/\/www.kilians.com\/wp-content\/uploads\/2023\/01\/IMG_7551-1024x576.jpg 1024w, https:\/\/www.kilians.com\/wp-content\/uploads\/2023\/01\/IMG_7551-768x432.jpg 768w, https:\/\/www.kilians.com\/wp-content\/uploads\/2023\/01\/IMG_7551-1536x865.jpg 1536w, https:\/\/www.kilians.com\/wp-content\/uploads\/2023\/01\/IMG_7551-2048x1153.jpg 2048w, https:\/\/www.kilians.com\/wp-content\/uploads\/2023\/01\/IMG_7551-750x422.jpg 750w\" sizes=\"auto, (max-width: 1024px) 100vw, 1024px\" \/><\/figure>\n\n\n\n<figure class=\"wp-block-image size-large is-style-default\"><img loading=\"lazy\" decoding=\"async\" width=\"1024\" height=\"683\" data-id=\"39261\" src=\"https:\/\/www.kilians.com\/wp-content\/uploads\/2023\/01\/IMG_1886-1024x683.jpg\" alt=\"\" class=\"wp-image-39261\" srcset=\"https:\/\/www.kilians.com\/wp-content\/uploads\/2023\/01\/IMG_1886-1024x683.jpg 1024w, https:\/\/www.kilians.com\/wp-content\/uploads\/2023\/01\/IMG_1886-768x512.jpg 768w, https:\/\/www.kilians.com\/wp-content\/uploads\/2023\/01\/IMG_1886-1536x1024.jpg 1536w, https:\/\/www.kilians.com\/wp-content\/uploads\/2023\/01\/IMG_1886-2048x1365.jpg 2048w, https:\/\/www.kilians.com\/wp-content\/uploads\/2023\/01\/IMG_1886-150x100.jpg 150w, https:\/\/www.kilians.com\/wp-content\/uploads\/2023\/01\/IMG_1886-750x500.jpg 750w\" sizes=\"auto, (max-width: 1024px) 100vw, 1024px\" \/><\/figure>\n\n\n\n<figure class=\"wp-block-image size-large is-style-default\"><img loading=\"lazy\" decoding=\"async\" width=\"1024\" height=\"683\" data-id=\"39259\" src=\"https:\/\/www.kilians.com\/wp-content\/uploads\/2023\/01\/IMG_1890-1024x683.jpg\" alt=\"\" class=\"wp-image-39259\" srcset=\"https:\/\/www.kilians.com\/wp-content\/uploads\/2023\/01\/IMG_1890-1024x683.jpg 1024w, https:\/\/www.kilians.com\/wp-content\/uploads\/2023\/01\/IMG_1890-768x512.jpg 768w, https:\/\/www.kilians.com\/wp-content\/uploads\/2023\/01\/IMG_1890-1536x1024.jpg 1536w, https:\/\/www.kilians.com\/wp-content\/uploads\/2023\/01\/IMG_1890-2048x1365.jpg 2048w, https:\/\/www.kilians.com\/wp-content\/uploads\/2023\/01\/IMG_1890-150x100.jpg 150w, https:\/\/www.kilians.com\/wp-content\/uploads\/2023\/01\/IMG_1890-750x500.jpg 750w\" sizes=\"auto, (max-width: 1024px) 100vw, 1024px\" \/><\/figure>\n\n\n\n<figure class=\"wp-block-image size-large is-style-default\"><img loading=\"lazy\" decoding=\"async\" width=\"1024\" height=\"576\" data-id=\"39291\" src=\"https:\/\/www.kilians.com\/wp-content\/uploads\/2023\/01\/IMG_7612-1024x576.jpg\" alt=\"\" class=\"wp-image-39291\" srcset=\"https:\/\/www.kilians.com\/wp-content\/uploads\/2023\/01\/IMG_7612-1024x576.jpg 1024w, https:\/\/www.kilians.com\/wp-content\/uploads\/2023\/01\/IMG_7612-768x432.jpg 768w, https:\/\/www.kilians.com\/wp-content\/uploads\/2023\/01\/IMG_7612-1536x865.jpg 1536w, https:\/\/www.kilians.com\/wp-content\/uploads\/2023\/01\/IMG_7612-2048x1153.jpg 2048w, https:\/\/www.kilians.com\/wp-content\/uploads\/2023\/01\/IMG_7612-750x422.jpg 750w\" sizes=\"auto, (max-width: 1024px) 100vw, 1024px\" \/><\/figure>\n\n\n\n<figure class=\"wp-block-image size-large is-style-default\"><img loading=\"lazy\" decoding=\"async\" width=\"1024\" height=\"576\" data-id=\"39289\" src=\"https:\/\/www.kilians.com\/wp-content\/uploads\/2023\/01\/IMG_7618-1024x576.jpg\" alt=\"\" class=\"wp-image-39289\" srcset=\"https:\/\/www.kilians.com\/wp-content\/uploads\/2023\/01\/IMG_7618-1024x576.jpg 1024w, https:\/\/www.kilians.com\/wp-content\/uploads\/2023\/01\/IMG_7618-768x432.jpg 768w, https:\/\/www.kilians.com\/wp-content\/uploads\/2023\/01\/IMG_7618-1536x865.jpg 1536w, https:\/\/www.kilians.com\/wp-content\/uploads\/2023\/01\/IMG_7618-2048x1153.jpg 2048w, https:\/\/www.kilians.com\/wp-content\/uploads\/2023\/01\/IMG_7618-750x422.jpg 750w\" sizes=\"auto, (max-width: 1024px) 100vw, 1024px\" \/><\/figure>\n\n\n\n<figure class=\"wp-block-image size-large is-style-default\"><img loading=\"lazy\" decoding=\"async\" width=\"1024\" height=\"683\" data-id=\"39285\" src=\"http:\/\/www.kilians.com\/wp-content\/uploads\/2023\/01\/IMG_1984-2-1024x683.jpg\" alt=\"\" class=\"wp-image-39285\" srcset=\"https:\/\/www.kilians.com\/wp-content\/uploads\/2023\/01\/IMG_1984-2-1024x683.jpg 1024w, https:\/\/www.kilians.com\/wp-content\/uploads\/2023\/01\/IMG_1984-2-768x512.jpg 768w, https:\/\/www.kilians.com\/wp-content\/uploads\/2023\/01\/IMG_1984-2-1536x1024.jpg 1536w, https:\/\/www.kilians.com\/wp-content\/uploads\/2023\/01\/IMG_1984-2-2048x1365.jpg 2048w, https:\/\/www.kilians.com\/wp-content\/uploads\/2023\/01\/IMG_1984-2-150x100.jpg 150w, https:\/\/www.kilians.com\/wp-content\/uploads\/2023\/01\/IMG_1984-2-750x500.jpg 750w\" sizes=\"auto, (max-width: 1024px) 100vw, 1024px\" \/><\/figure>\n<\/figure>\n","protected":false},"excerpt":{"rendered":"<p>Zahlreiche G\u00e4ste, Sch\u00fcler und Lehrer feierten am 23. und 24. Januar auf dem Eurocampus in Dublin 60 Jahre deutsch-franz\u00f6sische Freundschaft und die Zukunft in einem&#8230; <a class=\"find-out-more-link\" href=\"https:\/\/www.kilians.com\/de\/news\/2023\/feierlichkeiten-zum-60-jahrestag-des-elysee-vertrags-und-die-elysee-vertrag-debatte-2023\/\">Weiterlesen<\/a> <\/p>\n","protected":false},"author":1506,"featured_media":39287,"comment_status":"closed","ping_status":"closed","sticky":false,"template":"","format":"standard","meta":{"footnotes":""},"categories":[213,211,208,190,176,6,52],"tags":[],"class_list":{"0":"post-39344","1":"post","2":"type-post","3":"status-publish","4":"format-standard","5":"has-post-thumbnail","7":"category-213","8":"category-211","9":"category-208","10":"category-ausserschulisches-angebot","11":"category-auszeichnungen","12":"category-nachrichten","13":"category-sekundarstufe","14":"entry"},"yoast_head":"<!-- This site is optimized with the Yoast SEO plugin v17.2.1 - https:\/\/yoast.com\/wordpress\/plugins\/seo\/ -->\n<meta name=\"robots\" content=\"index, follow, max-snippet:-1, max-image-preview:large, max-video-preview:-1\" \/>\n<link rel=\"canonical\" href=\"https:\/\/www.kilians.com\/de\/news\/2023\/feierlichkeiten-zum-60-jahrestag-des-elysee-vertrags-und-die-elysee-vertrag-debatte-2023\/\" \/>\n<meta property=\"og:locale\" content=\"de_DE\" \/>\n<meta property=\"og:type\" content=\"article\" \/>\n<meta property=\"og:title\" content=\"Feierlichkeiten zum 60. Jahrestag des Elys\u00e9e-Vertrags und die Elys\u00e9e-Vertrag-Debatte 2023 - St. Kilian&#039;s German School, Dublin\" \/>\n<meta property=\"og:description\" content=\"Zahlreiche G\u00e4ste, Sch\u00fcler und Lehrer feierten am 23. und 24. Januar auf dem Eurocampus in Dublin 60 Jahre deutsch-franz\u00f6sische Freundschaft und die Zukunft in einem... Weiterlesen\" \/>\n<meta property=\"og:url\" content=\"https:\/\/www.kilians.com\/de\/news\/2023\/feierlichkeiten-zum-60-jahrestag-des-elysee-vertrags-und-die-elysee-vertrag-debatte-2023\/\" \/>\n<meta property=\"og:site_name\" content=\"St. Kilian&#039;s German School, Dublin\" \/>\n<meta property=\"article:published_time\" content=\"2023-01-24T18:05:48+00:00\" \/>\n<meta property=\"article:modified_time\" content=\"2023-02-09T11:46:51+00:00\" \/>\n<meta property=\"og:image\" content=\"http:\/\/www.kilians.com\/wp-content\/uploads\/2023\/01\/IMG_8542.jpg\" \/>\n\t<meta property=\"og:image:width\" content=\"1125\" \/>\n\t<meta property=\"og:image:height\" content=\"840\" \/>\n<meta name=\"twitter:card\" content=\"summary\" \/>\n<meta name=\"twitter:label1\" content=\"Verfasst von\" \/>\n\t<meta name=\"twitter:data1\" content=\"Julia Bobenko\" \/>\n\t<meta name=\"twitter:label2\" content=\"Gesch\u00e4tzte Lesezeit\" \/>\n\t<meta name=\"twitter:data2\" content=\"10 minutes\" \/>\n<script type=\"application\/ld+json\" class=\"yoast-schema-graph\">{\"@context\":\"https:\/\/schema.org\",\"@graph\":[{\"@type\":\"Organization\",\"@id\":\"https:\/\/www.kilians.com\/#organization\",\"name\":\"St. Kilian's\",\"url\":\"https:\/\/www.kilians.com\/\",\"sameAs\":[],\"logo\":{\"@type\":\"ImageObject\",\"@id\":\"https:\/\/www.kilians.com\/#logo\",\"inLanguage\":\"de-DE\",\"url\":\"https:\/\/www.kilians.com\/wp-content\/uploads\/2017\/02\/StKilians_MasterLogo_Colour-1.png\",\"contentUrl\":\"https:\/\/www.kilians.com\/wp-content\/uploads\/2017\/02\/StKilians_MasterLogo_Colour-1.png\",\"width\":768,\"height\":1240,\"caption\":\"St. Kilian's\"},\"image\":{\"@id\":\"https:\/\/www.kilians.com\/#logo\"}},{\"@type\":\"WebSite\",\"@id\":\"https:\/\/www.kilians.com\/#website\",\"url\":\"https:\/\/www.kilians.com\/\",\"name\":\"St. Kilian&#039;s German School, Dublin\",\"description\":\"\",\"publisher\":{\"@id\":\"https:\/\/www.kilians.com\/#organization\"},\"potentialAction\":[{\"@type\":\"SearchAction\",\"target\":{\"@type\":\"EntryPoint\",\"urlTemplate\":\"https:\/\/www.kilians.com\/?s={search_term_string}\"},\"query-input\":\"required name=search_term_string\"}],\"inLanguage\":\"de-DE\"},{\"@type\":\"ImageObject\",\"@id\":\"https:\/\/www.kilians.com\/de\/news\/2023\/feierlichkeiten-zum-60-jahrestag-des-elysee-vertrags-und-die-elysee-vertrag-debatte-2023\/#primaryimage\",\"inLanguage\":\"de-DE\",\"url\":\"https:\/\/www.kilians.com\/wp-content\/uploads\/2023\/01\/IMG_8542.jpg\",\"contentUrl\":\"https:\/\/www.kilians.com\/wp-content\/uploads\/2023\/01\/IMG_8542.jpg\",\"width\":1125,\"height\":840},{\"@type\":\"WebPage\",\"@id\":\"https:\/\/www.kilians.com\/de\/news\/2023\/feierlichkeiten-zum-60-jahrestag-des-elysee-vertrags-und-die-elysee-vertrag-debatte-2023\/#webpage\",\"url\":\"https:\/\/www.kilians.com\/de\/news\/2023\/feierlichkeiten-zum-60-jahrestag-des-elysee-vertrags-und-die-elysee-vertrag-debatte-2023\/\",\"name\":\"Feierlichkeiten zum 60. Jahrestag des Elys\\u00e9e-Vertrags und die Elys\\u00e9e-Vertrag-Debatte 2023 - St. Kilian&#039;s German School, Dublin\",\"isPartOf\":{\"@id\":\"https:\/\/www.kilians.com\/#website\"},\"primaryImageOfPage\":{\"@id\":\"https:\/\/www.kilians.com\/de\/news\/2023\/feierlichkeiten-zum-60-jahrestag-des-elysee-vertrags-und-die-elysee-vertrag-debatte-2023\/#primaryimage\"},\"datePublished\":\"2023-01-24T18:05:48+00:00\",\"dateModified\":\"2023-02-09T11:46:51+00:00\",\"breadcrumb\":{\"@id\":\"https:\/\/www.kilians.com\/de\/news\/2023\/feierlichkeiten-zum-60-jahrestag-des-elysee-vertrags-und-die-elysee-vertrag-debatte-2023\/#breadcrumb\"},\"inLanguage\":\"de-DE\",\"potentialAction\":[{\"@type\":\"ReadAction\",\"target\":[\"https:\/\/www.kilians.com\/de\/news\/2023\/feierlichkeiten-zum-60-jahrestag-des-elysee-vertrags-und-die-elysee-vertrag-debatte-2023\/\"]}]},{\"@type\":\"BreadcrumbList\",\"@id\":\"https:\/\/www.kilians.com\/de\/news\/2023\/feierlichkeiten-zum-60-jahrestag-des-elysee-vertrags-und-die-elysee-vertrag-debatte-2023\/#breadcrumb\",\"itemListElement\":[{\"@type\":\"ListItem\",\"position\":1,\"name\":\"Home\",\"item\":\"https:\/\/www.kilians.com\/de\/\"},{\"@type\":\"ListItem\",\"position\":2,\"name\":\"Feierlichkeiten zum 60. Jahrestag des Elys\\u00e9e-Vertrags und die Elys\\u00e9e-Vertrag-Debatte 2023\"}]},{\"@type\":\"Article\",\"@id\":\"https:\/\/www.kilians.com\/de\/news\/2023\/feierlichkeiten-zum-60-jahrestag-des-elysee-vertrags-und-die-elysee-vertrag-debatte-2023\/#article\",\"isPartOf\":{\"@id\":\"https:\/\/www.kilians.com\/de\/news\/2023\/feierlichkeiten-zum-60-jahrestag-des-elysee-vertrags-und-die-elysee-vertrag-debatte-2023\/#webpage\"},\"author\":{\"@id\":\"https:\/\/www.kilians.com\/#\/schema\/person\/0d0ba718c246ee8eaf04df3226782e55\"},\"headline\":\"Feierlichkeiten zum 60. Jahrestag des Elys\\u00e9e-Vertrags und die Elys\\u00e9e-Vertrag-Debatte 2023\",\"datePublished\":\"2023-01-24T18:05:48+00:00\",\"dateModified\":\"2023-02-09T11:46:51+00:00\",\"mainEntityOfPage\":{\"@id\":\"https:\/\/www.kilians.com\/de\/news\/2023\/feierlichkeiten-zum-60-jahrestag-des-elysee-vertrags-und-die-elysee-vertrag-debatte-2023\/#webpage\"},\"wordCount\":845,\"publisher\":{\"@id\":\"https:\/\/www.kilians.com\/#organization\"},\"image\":{\"@id\":\"https:\/\/www.kilians.com\/de\/news\/2023\/feierlichkeiten-zum-60-jahrestag-des-elysee-vertrags-und-die-elysee-vertrag-debatte-2023\/#primaryimage\"},\"thumbnailUrl\":\"https:\/\/www.kilians.com\/wp-content\/uploads\/2023\/01\/IMG_8542.jpg\",\"articleSection\":[\"176\",\"39\",\"52\",\"Au\\u00dferschulisches Angebot\",\"Erfolge &amp; Auszeichnungen\",\"Nachrichten\",\"Sekundarstufe\"],\"inLanguage\":\"de-DE\"},{\"@type\":\"Person\",\"@id\":\"https:\/\/www.kilians.com\/#\/schema\/person\/0d0ba718c246ee8eaf04df3226782e55\",\"name\":\"Julia Bobenko\",\"url\":\"https:\/\/www.kilians.com\/de\/news\/author\/julia\/\"}]}<\/script>\n<!-- \/ Yoast SEO plugin. -->","yoast_head_json":{"robots":{"index":"index","follow":"follow","max-snippet":"max-snippet:-1","max-image-preview":"max-image-preview:large","max-video-preview":"max-video-preview:-1"},"canonical":"https:\/\/www.kilians.com\/de\/news\/2023\/feierlichkeiten-zum-60-jahrestag-des-elysee-vertrags-und-die-elysee-vertrag-debatte-2023\/","og_locale":"de_DE","og_type":"article","og_title":"Feierlichkeiten zum 60. Jahrestag des Elys\u00e9e-Vertrags und die Elys\u00e9e-Vertrag-Debatte 2023 - St. Kilian&#039;s German School, Dublin","og_description":"Zahlreiche G\u00e4ste, Sch\u00fcler und Lehrer feierten am 23. und 24. Januar auf dem Eurocampus in Dublin 60 Jahre deutsch-franz\u00f6sische Freundschaft und die Zukunft in einem... Weiterlesen","og_url":"https:\/\/www.kilians.com\/de\/news\/2023\/feierlichkeiten-zum-60-jahrestag-des-elysee-vertrags-und-die-elysee-vertrag-debatte-2023\/","og_site_name":"St. Kilian&#039;s German School, Dublin","article_published_time":"2023-01-24T18:05:48+00:00","article_modified_time":"2023-02-09T11:46:51+00:00","og_image":[{"width":1125,"height":840,"filesize":343958,"url":"http:\/\/www.kilians.com\/wp-content\/uploads\/2023\/01\/IMG_8542.jpg","path":"\/nas\/content\/live\/kilians\/wp-content\/uploads\/2023\/01\/IMG_8542.jpg","size":"full","id":39287,"alt":"","pixels":945000,"type":"image\/jpeg"}],"twitter_card":"summary","twitter_misc":{"Verfasst von":"Julia Bobenko","Gesch\u00e4tzte Lesezeit":"10 minutes"},"schema":{"@context":"https:\/\/schema.org","@graph":[{"@type":"Organization","@id":"https:\/\/www.kilians.com\/#organization","name":"St. Kilian's","url":"https:\/\/www.kilians.com\/","sameAs":[],"logo":{"@type":"ImageObject","@id":"https:\/\/www.kilians.com\/#logo","inLanguage":"de-DE","url":"https:\/\/www.kilians.com\/wp-content\/uploads\/2017\/02\/StKilians_MasterLogo_Colour-1.png","contentUrl":"https:\/\/www.kilians.com\/wp-content\/uploads\/2017\/02\/StKilians_MasterLogo_Colour-1.png","width":768,"height":1240,"caption":"St. Kilian's"},"image":{"@id":"https:\/\/www.kilians.com\/#logo"}},{"@type":"WebSite","@id":"https:\/\/www.kilians.com\/#website","url":"https:\/\/www.kilians.com\/","name":"St. Kilian&#039;s German School, Dublin","description":"","publisher":{"@id":"https:\/\/www.kilians.com\/#organization"},"potentialAction":[{"@type":"SearchAction","target":{"@type":"EntryPoint","urlTemplate":"https:\/\/www.kilians.com\/?s={search_term_string}"},"query-input":"required name=search_term_string"}],"inLanguage":"de-DE"},{"@type":"ImageObject","@id":"https:\/\/www.kilians.com\/de\/news\/2023\/feierlichkeiten-zum-60-jahrestag-des-elysee-vertrags-und-die-elysee-vertrag-debatte-2023\/#primaryimage","inLanguage":"de-DE","url":"https:\/\/www.kilians.com\/wp-content\/uploads\/2023\/01\/IMG_8542.jpg","contentUrl":"https:\/\/www.kilians.com\/wp-content\/uploads\/2023\/01\/IMG_8542.jpg","width":1125,"height":840},{"@type":"WebPage","@id":"https:\/\/www.kilians.com\/de\/news\/2023\/feierlichkeiten-zum-60-jahrestag-des-elysee-vertrags-und-die-elysee-vertrag-debatte-2023\/#webpage","url":"https:\/\/www.kilians.com\/de\/news\/2023\/feierlichkeiten-zum-60-jahrestag-des-elysee-vertrags-und-die-elysee-vertrag-debatte-2023\/","name":"Feierlichkeiten zum 60. Jahrestag des Elys\u00e9e-Vertrags und die Elys\u00e9e-Vertrag-Debatte 2023 - St. Kilian&#039;s German School, Dublin","isPartOf":{"@id":"https:\/\/www.kilians.com\/#website"},"primaryImageOfPage":{"@id":"https:\/\/www.kilians.com\/de\/news\/2023\/feierlichkeiten-zum-60-jahrestag-des-elysee-vertrags-und-die-elysee-vertrag-debatte-2023\/#primaryimage"},"datePublished":"2023-01-24T18:05:48+00:00","dateModified":"2023-02-09T11:46:51+00:00","breadcrumb":{"@id":"https:\/\/www.kilians.com\/de\/news\/2023\/feierlichkeiten-zum-60-jahrestag-des-elysee-vertrags-und-die-elysee-vertrag-debatte-2023\/#breadcrumb"},"inLanguage":"de-DE","potentialAction":[{"@type":"ReadAction","target":["https:\/\/www.kilians.com\/de\/news\/2023\/feierlichkeiten-zum-60-jahrestag-des-elysee-vertrags-und-die-elysee-vertrag-debatte-2023\/"]}]},{"@type":"BreadcrumbList","@id":"https:\/\/www.kilians.com\/de\/news\/2023\/feierlichkeiten-zum-60-jahrestag-des-elysee-vertrags-und-die-elysee-vertrag-debatte-2023\/#breadcrumb","itemListElement":[{"@type":"ListItem","position":1,"name":"Home","item":"https:\/\/www.kilians.com\/de\/"},{"@type":"ListItem","position":2,"name":"Feierlichkeiten zum 60. Jahrestag des Elys\u00e9e-Vertrags und die Elys\u00e9e-Vertrag-Debatte 2023"}]},{"@type":"Article","@id":"https:\/\/www.kilians.com\/de\/news\/2023\/feierlichkeiten-zum-60-jahrestag-des-elysee-vertrags-und-die-elysee-vertrag-debatte-2023\/#article","isPartOf":{"@id":"https:\/\/www.kilians.com\/de\/news\/2023\/feierlichkeiten-zum-60-jahrestag-des-elysee-vertrags-und-die-elysee-vertrag-debatte-2023\/#webpage"},"author":{"@id":"https:\/\/www.kilians.com\/#\/schema\/person\/0d0ba718c246ee8eaf04df3226782e55"},"headline":"Feierlichkeiten zum 60. Jahrestag des Elys\u00e9e-Vertrags und die Elys\u00e9e-Vertrag-Debatte 2023","datePublished":"2023-01-24T18:05:48+00:00","dateModified":"2023-02-09T11:46:51+00:00","mainEntityOfPage":{"@id":"https:\/\/www.kilians.com\/de\/news\/2023\/feierlichkeiten-zum-60-jahrestag-des-elysee-vertrags-und-die-elysee-vertrag-debatte-2023\/#webpage"},"wordCount":845,"publisher":{"@id":"https:\/\/www.kilians.com\/#organization"},"image":{"@id":"https:\/\/www.kilians.com\/de\/news\/2023\/feierlichkeiten-zum-60-jahrestag-des-elysee-vertrags-und-die-elysee-vertrag-debatte-2023\/#primaryimage"},"thumbnailUrl":"https:\/\/www.kilians.com\/wp-content\/uploads\/2023\/01\/IMG_8542.jpg","articleSection":["176","39","52","Au\u00dferschulisches Angebot","Erfolge &amp; Auszeichnungen","Nachrichten","Sekundarstufe"],"inLanguage":"de-DE"},{"@type":"Person","@id":"https:\/\/www.kilians.com\/#\/schema\/person\/0d0ba718c246ee8eaf04df3226782e55","name":"Julia Bobenko","url":"https:\/\/www.kilians.com\/de\/news\/author\/julia\/"}]}},"_links":{"self":[{"href":"https:\/\/www.kilians.com\/de\/wp-json\/wp\/v2\/posts\/39344\/"}],"collection":[{"href":"https:\/\/www.kilians.com\/de\/wp-json\/wp\/v2\/posts\/"}],"about":[{"href":"https:\/\/www.kilians.com\/de\/wp-json\/wp\/v2\/types\/post\/"}],"author":[{"embeddable":true,"href":"https:\/\/www.kilians.com\/de\/wp-json\/wp\/v2\/users\/1506\/"}],"replies":[{"embeddable":true,"href":"https:\/\/www.kilians.com\/de\/wp-json\/wp\/v2\/comments\/?post=39344"}],"version-history":[{"count":0,"href":"https:\/\/www.kilians.com\/de\/wp-json\/wp\/v2\/posts\/39344\/revisions\/"}],"wp:featuredmedia":[{"embeddable":true,"href":"https:\/\/www.kilians.com\/de\/wp-json\/wp\/v2\/media\/39287\/"}],"wp:attachment":[{"href":"https:\/\/www.kilians.com\/de\/wp-json\/wp\/v2\/media\/?parent=39344"}],"wp:term":[{"taxonomy":"category","embeddable":true,"href":"https:\/\/www.kilians.com\/de\/wp-json\/wp\/v2\/categories\/?post=39344"},{"taxonomy":"post_tag","embeddable":true,"href":"https:\/\/www.kilians.com\/de\/wp-json\/wp\/v2\/tags\/?post=39344"}],"curies":[{"name":"wp","href":"https:\/\/api.w.org\/{rel}","templated":true}]}}