{"id":39996,"date":"2023-04-28T14:29:43","date_gmt":"2023-04-28T13:29:43","guid":{"rendered":"https:\/\/www.kilians.com\/?p=39996"},"modified":"2023-04-28T14:29:46","modified_gmt":"2023-04-28T13:29:46","slug":"active-school-week-2023-2","status":"publish","type":"post","link":"https:\/\/www.kilians.com\/de\/news\/2023\/active-school-week-2023-2\/","title":{"rendered":"Active School Week 2023"},"content":{"rendered":"\n<p>Von Dienstag, dem 25. April, bis Freitag, dem 27. April, feierten wir die nationale Woche der aktiven Schulen. Die Kindergarten- und Grundschulkinder sowie die Eltern und Lehrer hatten eine Menge Spass beim Volleyball Nutmeg, Three Step Only Handball, Rock Paper Scissors Tag und einer wunderbaren Yoga-Story-Session unter der Leitung von Herrn Earls, um nur einige zu nennen. Eine Woche lang jeden Morgen vor Unterrichtsbeginn hatten die Sportlehrer Frau Collins, Frau McMillan und Herr Arana tolle Aktivit\u00e4ten auf edm Sportplatz und in der Turnhalle vorbereitet. Vielen Dank an die Sportabteilung f\u00fcr die Organisation und an alle Eltern und Lehrer, die mitgemacht und bei den Aktivit\u00e4ten geholfen haben.<\/p>\n\n\n\n<div style=\"height:60px\" aria-hidden=\"true\" class=\"wp-block-spacer\"><\/div>\n\n\n\n<figure class=\"wp-block-image size-large is-style-default\"><img loading=\"lazy\" decoding=\"async\" width=\"1024\" height=\"513\" src=\"https:\/\/www.kilians.com\/wp-content\/uploads\/2023\/04\/E6BD5AF1-B9C5-47A8-B95D-A077C1A99B1A-1024x513.jpg\" alt=\"\" class=\"wp-image-39997\" srcset=\"https:\/\/www.kilians.com\/wp-content\/uploads\/2023\/04\/E6BD5AF1-B9C5-47A8-B95D-A077C1A99B1A-1024x513.jpg 1024w, https:\/\/www.kilians.com\/wp-content\/uploads\/2023\/04\/E6BD5AF1-B9C5-47A8-B95D-A077C1A99B1A-768x384.jpg 768w, https:\/\/www.kilians.com\/wp-content\/uploads\/2023\/04\/E6BD5AF1-B9C5-47A8-B95D-A077C1A99B1A-1536x769.jpg 1536w, https:\/\/www.kilians.com\/wp-content\/uploads\/2023\/04\/E6BD5AF1-B9C5-47A8-B95D-A077C1A99B1A-750x375.jpg 750w, https:\/\/www.kilians.com\/wp-content\/uploads\/2023\/04\/E6BD5AF1-B9C5-47A8-B95D-A077C1A99B1A.jpg 2048w\" sizes=\"auto, (max-width: 1024px) 100vw, 1024px\" \/><\/figure>\n","protected":false},"excerpt":{"rendered":"<p>Von Dienstag, dem 25. April, bis Freitag, dem 27. April, feierten wir die nationale Woche der aktiven Schulen. Die Kindergarten- und Grundschulkinder sowie die Eltern&#8230; <a class=\"find-out-more-link\" href=\"https:\/\/www.kilians.com\/de\/news\/2023\/active-school-week-2023-2\/\">Weiterlesen<\/a> <\/p>\n","protected":false},"author":1506,"featured_media":40001,"comment_status":"closed","ping_status":"closed","sticky":false,"template":"","format":"standard","meta":{"footnotes":""},"categories":[190,192,42],"tags":[],"class_list":{"0":"post-39996","1":"post","2":"type-post","3":"status-publish","4":"format-standard","5":"has-post-thumbnail","7":"category-ausserschulisches-angebot","8":"category-primary-school-de","9":"category-sportnachrichten","10":"entry"},"yoast_head":"<!-- This site is optimized with the Yoast SEO plugin v17.2.1 - https:\/\/yoast.com\/wordpress\/plugins\/seo\/ -->\n<meta name=\"robots\" content=\"index, follow, max-snippet:-1, max-image-preview:large, max-video-preview:-1\" \/>\n<link rel=\"canonical\" href=\"https:\/\/www.kilians.com\/de\/news\/2023\/active-school-week-2023-2\/\" \/>\n<meta property=\"og:locale\" content=\"de_DE\" \/>\n<meta property=\"og:type\" content=\"article\" \/>\n<meta property=\"og:title\" content=\"Active School Week 2023 - St. Kilian&#039;s German School, Dublin\" \/>\n<meta property=\"og:description\" content=\"Von Dienstag, dem 25. April, bis Freitag, dem 27. April, feierten wir die nationale Woche der aktiven Schulen. Die Kindergarten- und Grundschulkinder sowie die Eltern... Weiterlesen\" \/>\n<meta property=\"og:url\" content=\"https:\/\/www.kilians.com\/de\/news\/2023\/active-school-week-2023-2\/\" \/>\n<meta property=\"og:site_name\" content=\"St. Kilian&#039;s German School, Dublin\" \/>\n<meta property=\"article:published_time\" content=\"2023-04-28T13:29:43+00:00\" \/>\n<meta property=\"article:modified_time\" content=\"2023-04-28T13:29:46+00:00\" \/>\n<meta property=\"og:image\" content=\"http:\/\/www.kilians.com\/wp-content\/uploads\/2023\/04\/Photo-25-04-2023-08-09-50-scaled.jpg\" \/>\n\t<meta property=\"og:image:width\" content=\"2560\" \/>\n\t<meta property=\"og:image:height\" content=\"1920\" \/>\n<meta name=\"twitter:card\" content=\"summary\" \/>\n<meta name=\"twitter:label1\" content=\"Verfasst von\" \/>\n\t<meta name=\"twitter:data1\" content=\"Julia Bobenko\" \/>\n\t<meta name=\"twitter:label2\" content=\"Gesch\u00e4tzte Lesezeit\" \/>\n\t<meta name=\"twitter:data2\" content=\"1 minute\" \/>\n<script type=\"application\/ld+json\" class=\"yoast-schema-graph\">{\"@context\":\"https:\/\/schema.org\",\"@graph\":[{\"@type\":\"Organization\",\"@id\":\"https:\/\/www.kilians.com\/#organization\",\"name\":\"St. Kilian's\",\"url\":\"https:\/\/www.kilians.com\/\",\"sameAs\":[],\"logo\":{\"@type\":\"ImageObject\",\"@id\":\"https:\/\/www.kilians.com\/#logo\",\"inLanguage\":\"de-DE\",\"url\":\"https:\/\/www.kilians.com\/wp-content\/uploads\/2017\/02\/StKilians_MasterLogo_Colour-1.png\",\"contentUrl\":\"https:\/\/www.kilians.com\/wp-content\/uploads\/2017\/02\/StKilians_MasterLogo_Colour-1.png\",\"width\":768,\"height\":1240,\"caption\":\"St. Kilian's\"},\"image\":{\"@id\":\"https:\/\/www.kilians.com\/#logo\"}},{\"@type\":\"WebSite\",\"@id\":\"https:\/\/www.kilians.com\/#website\",\"url\":\"https:\/\/www.kilians.com\/\",\"name\":\"St. Kilian&#039;s German School, Dublin\",\"description\":\"\",\"publisher\":{\"@id\":\"https:\/\/www.kilians.com\/#organization\"},\"potentialAction\":[{\"@type\":\"SearchAction\",\"target\":{\"@type\":\"EntryPoint\",\"urlTemplate\":\"https:\/\/www.kilians.com\/?s={search_term_string}\"},\"query-input\":\"required name=search_term_string\"}],\"inLanguage\":\"de-DE\"},{\"@type\":\"ImageObject\",\"@id\":\"https:\/\/www.kilians.com\/de\/news\/2023\/active-school-week-2023-2\/#primaryimage\",\"inLanguage\":\"de-DE\",\"url\":\"https:\/\/www.kilians.com\/wp-content\/uploads\/2023\/04\/Photo-25-04-2023-08-09-50-scaled.jpg\",\"contentUrl\":\"https:\/\/www.kilians.com\/wp-content\/uploads\/2023\/04\/Photo-25-04-2023-08-09-50-scaled.jpg\",\"width\":2560,\"height\":1920},{\"@type\":\"WebPage\",\"@id\":\"https:\/\/www.kilians.com\/de\/news\/2023\/active-school-week-2023-2\/#webpage\",\"url\":\"https:\/\/www.kilians.com\/de\/news\/2023\/active-school-week-2023-2\/\",\"name\":\"Active School Week 2023 - St. Kilian&#039;s German School, Dublin\",\"isPartOf\":{\"@id\":\"https:\/\/www.kilians.com\/#website\"},\"primaryImageOfPage\":{\"@id\":\"https:\/\/www.kilians.com\/de\/news\/2023\/active-school-week-2023-2\/#primaryimage\"},\"datePublished\":\"2023-04-28T13:29:43+00:00\",\"dateModified\":\"2023-04-28T13:29:46+00:00\",\"breadcrumb\":{\"@id\":\"https:\/\/www.kilians.com\/de\/news\/2023\/active-school-week-2023-2\/#breadcrumb\"},\"inLanguage\":\"de-DE\",\"potentialAction\":[{\"@type\":\"ReadAction\",\"target\":[\"https:\/\/www.kilians.com\/de\/news\/2023\/active-school-week-2023-2\/\"]}]},{\"@type\":\"BreadcrumbList\",\"@id\":\"https:\/\/www.kilians.com\/de\/news\/2023\/active-school-week-2023-2\/#breadcrumb\",\"itemListElement\":[{\"@type\":\"ListItem\",\"position\":1,\"name\":\"Home\",\"item\":\"https:\/\/www.kilians.com\/de\/\"},{\"@type\":\"ListItem\",\"position\":2,\"name\":\"Active School Week 2023\"}]},{\"@type\":\"Article\",\"@id\":\"https:\/\/www.kilians.com\/de\/news\/2023\/active-school-week-2023-2\/#article\",\"isPartOf\":{\"@id\":\"https:\/\/www.kilians.com\/de\/news\/2023\/active-school-week-2023-2\/#webpage\"},\"author\":{\"@id\":\"https:\/\/www.kilians.com\/#\/schema\/person\/0d0ba718c246ee8eaf04df3226782e55\"},\"headline\":\"Active School Week 2023\",\"datePublished\":\"2023-04-28T13:29:43+00:00\",\"dateModified\":\"2023-04-28T13:29:46+00:00\",\"mainEntityOfPage\":{\"@id\":\"https:\/\/www.kilians.com\/de\/news\/2023\/active-school-week-2023-2\/#webpage\"},\"wordCount\":110,\"publisher\":{\"@id\":\"https:\/\/www.kilians.com\/#organization\"},\"image\":{\"@id\":\"https:\/\/www.kilians.com\/de\/news\/2023\/active-school-week-2023-2\/#primaryimage\"},\"thumbnailUrl\":\"https:\/\/www.kilians.com\/wp-content\/uploads\/2023\/04\/Photo-25-04-2023-08-09-50-scaled.jpg\",\"articleSection\":[\"Au\\u00dferschulisches Angebot\",\"Primary School\",\"Sportnachrichten\"],\"inLanguage\":\"de-DE\"},{\"@type\":\"Person\",\"@id\":\"https:\/\/www.kilians.com\/#\/schema\/person\/0d0ba718c246ee8eaf04df3226782e55\",\"name\":\"Julia Bobenko\",\"url\":\"https:\/\/www.kilians.com\/de\/news\/author\/julia\/\"}]}<\/script>\n<!-- \/ Yoast SEO plugin. -->","yoast_head_json":{"robots":{"index":"index","follow":"follow","max-snippet":"max-snippet:-1","max-image-preview":"max-image-preview:large","max-video-preview":"max-video-preview:-1"},"canonical":"https:\/\/www.kilians.com\/de\/news\/2023\/active-school-week-2023-2\/","og_locale":"de_DE","og_type":"article","og_title":"Active School Week 2023 - St. Kilian&#039;s German School, Dublin","og_description":"Von Dienstag, dem 25. April, bis Freitag, dem 27. April, feierten wir die nationale Woche der aktiven Schulen. Die Kindergarten- und Grundschulkinder sowie die Eltern... Weiterlesen","og_url":"https:\/\/www.kilians.com\/de\/news\/2023\/active-school-week-2023-2\/","og_site_name":"St. Kilian&#039;s German School, Dublin","article_published_time":"2023-04-28T13:29:43+00:00","article_modified_time":"2023-04-28T13:29:46+00:00","og_image":[{"width":2560,"height":1920,"filesize":586687,"url":"http:\/\/www.kilians.com\/wp-content\/uploads\/2023\/04\/Photo-25-04-2023-08-09-50-scaled.jpg","path":"\/nas\/content\/live\/kilians\/wp-content\/uploads\/2023\/04\/Photo-25-04-2023-08-09-50-scaled.jpg","size":"full","id":40001,"alt":"","pixels":4915200,"type":"image\/jpeg"}],"twitter_card":"summary","twitter_misc":{"Verfasst von":"Julia Bobenko","Gesch\u00e4tzte Lesezeit":"1 minute"},"schema":{"@context":"https:\/\/schema.org","@graph":[{"@type":"Organization","@id":"https:\/\/www.kilians.com\/#organization","name":"St. Kilian's","url":"https:\/\/www.kilians.com\/","sameAs":[],"logo":{"@type":"ImageObject","@id":"https:\/\/www.kilians.com\/#logo","inLanguage":"de-DE","url":"https:\/\/www.kilians.com\/wp-content\/uploads\/2017\/02\/StKilians_MasterLogo_Colour-1.png","contentUrl":"https:\/\/www.kilians.com\/wp-content\/uploads\/2017\/02\/StKilians_MasterLogo_Colour-1.png","width":768,"height":1240,"caption":"St. Kilian's"},"image":{"@id":"https:\/\/www.kilians.com\/#logo"}},{"@type":"WebSite","@id":"https:\/\/www.kilians.com\/#website","url":"https:\/\/www.kilians.com\/","name":"St. Kilian&#039;s German School, Dublin","description":"","publisher":{"@id":"https:\/\/www.kilians.com\/#organization"},"potentialAction":[{"@type":"SearchAction","target":{"@type":"EntryPoint","urlTemplate":"https:\/\/www.kilians.com\/?s={search_term_string}"},"query-input":"required name=search_term_string"}],"inLanguage":"de-DE"},{"@type":"ImageObject","@id":"https:\/\/www.kilians.com\/de\/news\/2023\/active-school-week-2023-2\/#primaryimage","inLanguage":"de-DE","url":"https:\/\/www.kilians.com\/wp-content\/uploads\/2023\/04\/Photo-25-04-2023-08-09-50-scaled.jpg","contentUrl":"https:\/\/www.kilians.com\/wp-content\/uploads\/2023\/04\/Photo-25-04-2023-08-09-50-scaled.jpg","width":2560,"height":1920},{"@type":"WebPage","@id":"https:\/\/www.kilians.com\/de\/news\/2023\/active-school-week-2023-2\/#webpage","url":"https:\/\/www.kilians.com\/de\/news\/2023\/active-school-week-2023-2\/","name":"Active School Week 2023 - St. Kilian&#039;s German School, Dublin","isPartOf":{"@id":"https:\/\/www.kilians.com\/#website"},"primaryImageOfPage":{"@id":"https:\/\/www.kilians.com\/de\/news\/2023\/active-school-week-2023-2\/#primaryimage"},"datePublished":"2023-04-28T13:29:43+00:00","dateModified":"2023-04-28T13:29:46+00:00","breadcrumb":{"@id":"https:\/\/www.kilians.com\/de\/news\/2023\/active-school-week-2023-2\/#breadcrumb"},"inLanguage":"de-DE","potentialAction":[{"@type":"ReadAction","target":["https:\/\/www.kilians.com\/de\/news\/2023\/active-school-week-2023-2\/"]}]},{"@type":"BreadcrumbList","@id":"https:\/\/www.kilians.com\/de\/news\/2023\/active-school-week-2023-2\/#breadcrumb","itemListElement":[{"@type":"ListItem","position":1,"name":"Home","item":"https:\/\/www.kilians.com\/de\/"},{"@type":"ListItem","position":2,"name":"Active School Week 2023"}]},{"@type":"Article","@id":"https:\/\/www.kilians.com\/de\/news\/2023\/active-school-week-2023-2\/#article","isPartOf":{"@id":"https:\/\/www.kilians.com\/de\/news\/2023\/active-school-week-2023-2\/#webpage"},"author":{"@id":"https:\/\/www.kilians.com\/#\/schema\/person\/0d0ba718c246ee8eaf04df3226782e55"},"headline":"Active School Week 2023","datePublished":"2023-04-28T13:29:43+00:00","dateModified":"2023-04-28T13:29:46+00:00","mainEntityOfPage":{"@id":"https:\/\/www.kilians.com\/de\/news\/2023\/active-school-week-2023-2\/#webpage"},"wordCount":110,"publisher":{"@id":"https:\/\/www.kilians.com\/#organization"},"image":{"@id":"https:\/\/www.kilians.com\/de\/news\/2023\/active-school-week-2023-2\/#primaryimage"},"thumbnailUrl":"https:\/\/www.kilians.com\/wp-content\/uploads\/2023\/04\/Photo-25-04-2023-08-09-50-scaled.jpg","articleSection":["Au\u00dferschulisches Angebot","Primary School","Sportnachrichten"],"inLanguage":"de-DE"},{"@type":"Person","@id":"https:\/\/www.kilians.com\/#\/schema\/person\/0d0ba718c246ee8eaf04df3226782e55","name":"Julia Bobenko","url":"https:\/\/www.kilians.com\/de\/news\/author\/julia\/"}]}},"_links":{"self":[{"href":"https:\/\/www.kilians.com\/de\/wp-json\/wp\/v2\/posts\/39996\/"}],"collection":[{"href":"https:\/\/www.kilians.com\/de\/wp-json\/wp\/v2\/posts\/"}],"about":[{"href":"https:\/\/www.kilians.com\/de\/wp-json\/wp\/v2\/types\/post\/"}],"author":[{"embeddable":true,"href":"https:\/\/www.kilians.com\/de\/wp-json\/wp\/v2\/users\/1506\/"}],"replies":[{"embeddable":true,"href":"https:\/\/www.kilians.com\/de\/wp-json\/wp\/v2\/comments\/?post=39996"}],"version-history":[{"count":0,"href":"https:\/\/www.kilians.com\/de\/wp-json\/wp\/v2\/posts\/39996\/revisions\/"}],"wp:featuredmedia":[{"embeddable":true,"href":"https:\/\/www.kilians.com\/de\/wp-json\/wp\/v2\/media\/40001\/"}],"wp:attachment":[{"href":"https:\/\/www.kilians.com\/de\/wp-json\/wp\/v2\/media\/?parent=39996"}],"wp:term":[{"taxonomy":"category","embeddable":true,"href":"https:\/\/www.kilians.com\/de\/wp-json\/wp\/v2\/categories\/?post=39996"},{"taxonomy":"post_tag","embeddable":true,"href":"https:\/\/www.kilians.com\/de\/wp-json\/wp\/v2\/tags\/?post=39996"}],"curies":[{"name":"wp","href":"https:\/\/api.w.org\/{rel}","templated":true}]}}