{"id":40363,"date":"2023-06-08T12:17:49","date_gmt":"2023-06-08T11:17:49","guid":{"rendered":"https:\/\/www.kilians.com\/?p=40363"},"modified":"2023-06-12T11:52:15","modified_gmt":"2023-06-12T10:52:15","slug":"kindergarten-und-grundschul-mini-marathon-eis","status":"publish","type":"post","link":"https:\/\/www.kilians.com\/de\/news\/2023\/kindergarten-und-grundschul-mini-marathon-eis\/","title":{"rendered":"Kindergarten- und Grundschul-Mini-Marathon &#038; Eis"},"content":{"rendered":"\n<p>Herzlichen Gl\u00fcckwunsch an alle unsere L\u00e4ufer:innen, die am Mittwoch, den 7. Juni 2023, an unserem j\u00e4hrlichen Kindergarten- und Grundschul-Mini-Marathon teilgenommen haben. Das Thema in diesem Jahr war bunt, und die Kinder waren begeistert, ihre Lieblingsfarben zu tragen. Alle haben sich sehr gut geschlagen und genossen anschlie\u00dfend das verdiente Eis. Vielen Dank an Frau Collins und die Sportabteilung f\u00fcr die Organisation. <\/p>\n\n\n\n<p><\/p>\n\n\n\n<p>Jedes Jahr organisieren wir diesen Lauf f\u00fcr wohlt\u00e4tige Zwecke, und dieses Jahr sammeln wir Spenden f\u00fcr <a href=\"https:\/\/jigsaw.ie\/\" target=\"_blank\" rel=\"noreferrer noopener\">Jigsaw &#8211; Young People&#8217;s Health in Mind<\/a>. Bislang sind 1.438,42 \u20ac zusammengekommen &#8211; vielen Dank an alle f\u00fcr Ihre Unterst\u00fctzung. Wenn Sie spenden m\u00f6chten, klicken Sie bitte auf den unten stehenden Link:\u00a0<a href=\"https:\/\/www.idonate.ie\/fundraiser\/LFISamuelBeckettStKilians\" target=\"_blank\" rel=\"noreferrer noopener\">iDonate.ie\/fundraiser\/LFISamuelBeckettStKilians<\/a><\/p>\n\n\n\n<div style=\"height:42px\" aria-hidden=\"true\" class=\"wp-block-spacer\"><\/div>\n\n\n\n<figure class=\"wp-block-gallery has-nested-images columns-default is-cropped wp-block-gallery-1 is-layout-flex wp-block-gallery-is-layout-flex\">\n<figure class=\"wp-block-image size-large is-style-default\"><img loading=\"lazy\" decoding=\"async\" width=\"768\" height=\"1024\" data-id=\"40358\" src=\"https:\/\/www.kilians.com\/wp-content\/uploads\/2023\/06\/Photo-06-06-2023-16-35-51-768x1024.jpg\" alt=\"\" class=\"wp-image-40358\" srcset=\"https:\/\/www.kilians.com\/wp-content\/uploads\/2023\/06\/Photo-06-06-2023-16-35-51-768x1024.jpg 768w, https:\/\/www.kilians.com\/wp-content\/uploads\/2023\/06\/Photo-06-06-2023-16-35-51-1152x1536.jpg 1152w, https:\/\/www.kilians.com\/wp-content\/uploads\/2023\/06\/Photo-06-06-2023-16-35-51-1536x2048.jpg 1536w, https:\/\/www.kilians.com\/wp-content\/uploads\/2023\/06\/Photo-06-06-2023-16-35-51-750x1000.jpg 750w, https:\/\/www.kilians.com\/wp-content\/uploads\/2023\/06\/Photo-06-06-2023-16-35-51-scaled.jpg 1920w\" sizes=\"auto, (max-width: 768px) 100vw, 768px\" \/><\/figure>\n\n\n\n<figure class=\"wp-block-image size-large is-style-default\"><img loading=\"lazy\" decoding=\"async\" width=\"1024\" height=\"683\" data-id=\"40340\" src=\"https:\/\/www.kilians.com\/wp-content\/uploads\/2023\/06\/IMG_6463-1024x683.jpg\" alt=\"\" class=\"wp-image-40340\" srcset=\"https:\/\/www.kilians.com\/wp-content\/uploads\/2023\/06\/IMG_6463-1024x683.jpg 1024w, https:\/\/www.kilians.com\/wp-content\/uploads\/2023\/06\/IMG_6463-768x512.jpg 768w, https:\/\/www.kilians.com\/wp-content\/uploads\/2023\/06\/IMG_6463-1536x1024.jpg 1536w, https:\/\/www.kilians.com\/wp-content\/uploads\/2023\/06\/IMG_6463-150x100.jpg 150w, https:\/\/www.kilians.com\/wp-content\/uploads\/2023\/06\/IMG_6463-750x500.jpg 750w, https:\/\/www.kilians.com\/wp-content\/uploads\/2023\/06\/IMG_6463.jpg 2048w\" sizes=\"auto, (max-width: 1024px) 100vw, 1024px\" \/><\/figure>\n\n\n\n<figure class=\"wp-block-image size-large is-style-default\"><img loading=\"lazy\" decoding=\"async\" width=\"1024\" height=\"683\" data-id=\"40338\" src=\"https:\/\/www.kilians.com\/wp-content\/uploads\/2023\/06\/IMG_6367-1024x683.jpg\" alt=\"\" class=\"wp-image-40338\" srcset=\"https:\/\/www.kilians.com\/wp-content\/uploads\/2023\/06\/IMG_6367-1024x683.jpg 1024w, https:\/\/www.kilians.com\/wp-content\/uploads\/2023\/06\/IMG_6367-768x512.jpg 768w, https:\/\/www.kilians.com\/wp-content\/uploads\/2023\/06\/IMG_6367-1536x1024.jpg 1536w, https:\/\/www.kilians.com\/wp-content\/uploads\/2023\/06\/IMG_6367-150x100.jpg 150w, https:\/\/www.kilians.com\/wp-content\/uploads\/2023\/06\/IMG_6367-750x500.jpg 750w, https:\/\/www.kilians.com\/wp-content\/uploads\/2023\/06\/IMG_6367.jpg 2048w\" sizes=\"auto, (max-width: 1024px) 100vw, 1024px\" \/><\/figure>\n\n\n\n<figure class=\"wp-block-image size-large is-style-default\"><img loading=\"lazy\" decoding=\"async\" width=\"768\" height=\"1024\" data-id=\"40354\" src=\"https:\/\/www.kilians.com\/wp-content\/uploads\/2023\/06\/Photo-07-06-2023-09-23-30-768x1024.jpg\" alt=\"\" class=\"wp-image-40354\" srcset=\"https:\/\/www.kilians.com\/wp-content\/uploads\/2023\/06\/Photo-07-06-2023-09-23-30-768x1024.jpg 768w, https:\/\/www.kilians.com\/wp-content\/uploads\/2023\/06\/Photo-07-06-2023-09-23-30-1152x1536.jpg 1152w, https:\/\/www.kilians.com\/wp-content\/uploads\/2023\/06\/Photo-07-06-2023-09-23-30-1536x2048.jpg 1536w, https:\/\/www.kilians.com\/wp-content\/uploads\/2023\/06\/Photo-07-06-2023-09-23-30-750x1000.jpg 750w, https:\/\/www.kilians.com\/wp-content\/uploads\/2023\/06\/Photo-07-06-2023-09-23-30-scaled.jpg 1920w\" sizes=\"auto, (max-width: 768px) 100vw, 768px\" \/><\/figure>\n\n\n\n<figure class=\"wp-block-image size-large is-style-default\"><img loading=\"lazy\" decoding=\"async\" width=\"768\" height=\"1024\" data-id=\"40352\" src=\"https:\/\/www.kilians.com\/wp-content\/uploads\/2023\/06\/Photo-07-06-2023-09-09-33-768x1024.jpg\" alt=\"\" class=\"wp-image-40352\" srcset=\"https:\/\/www.kilians.com\/wp-content\/uploads\/2023\/06\/Photo-07-06-2023-09-09-33-768x1024.jpg 768w, https:\/\/www.kilians.com\/wp-content\/uploads\/2023\/06\/Photo-07-06-2023-09-09-33-1152x1536.jpg 1152w, https:\/\/www.kilians.com\/wp-content\/uploads\/2023\/06\/Photo-07-06-2023-09-09-33-1536x2048.jpg 1536w, https:\/\/www.kilians.com\/wp-content\/uploads\/2023\/06\/Photo-07-06-2023-09-09-33-750x1000.jpg 750w, https:\/\/www.kilians.com\/wp-content\/uploads\/2023\/06\/Photo-07-06-2023-09-09-33-scaled.jpg 1920w\" sizes=\"auto, (max-width: 768px) 100vw, 768px\" \/><\/figure>\n\n\n\n<figure class=\"wp-block-image size-large is-style-default\"><img loading=\"lazy\" decoding=\"async\" width=\"768\" height=\"1024\" data-id=\"40361\" src=\"https:\/\/www.kilians.com\/wp-content\/uploads\/2023\/06\/Photo-07-06-2023-11-27-40-768x1024.jpg\" alt=\"\" class=\"wp-image-40361\" srcset=\"https:\/\/www.kilians.com\/wp-content\/uploads\/2023\/06\/Photo-07-06-2023-11-27-40-768x1024.jpg 768w, https:\/\/www.kilians.com\/wp-content\/uploads\/2023\/06\/Photo-07-06-2023-11-27-40-1152x1536.jpg 1152w, https:\/\/www.kilians.com\/wp-content\/uploads\/2023\/06\/Photo-07-06-2023-11-27-40-1536x2048.jpg 1536w, https:\/\/www.kilians.com\/wp-content\/uploads\/2023\/06\/Photo-07-06-2023-11-27-40-750x1000.jpg 750w, https:\/\/www.kilians.com\/wp-content\/uploads\/2023\/06\/Photo-07-06-2023-11-27-40-scaled.jpg 1920w\" sizes=\"auto, (max-width: 768px) 100vw, 768px\" \/><\/figure>\n<\/figure>\n","protected":false},"excerpt":{"rendered":"<p>Herzlichen Gl\u00fcckwunsch an alle unsere L\u00e4ufer:innen, die am Mittwoch, den 7. Juni 2023, an unserem j\u00e4hrlichen Kindergarten- und Grundschul-Mini-Marathon teilgenommen haben. Das Thema in diesem&#8230; <a class=\"find-out-more-link\" href=\"https:\/\/www.kilians.com\/de\/news\/2023\/kindergarten-und-grundschul-mini-marathon-eis\/\">Weiterlesen<\/a> <\/p>\n","protected":false},"author":1506,"featured_media":40354,"comment_status":"closed","ping_status":"closed","sticky":false,"template":"","format":"standard","meta":{"footnotes":""},"categories":[213,206,217,176,6,192,42],"tags":[],"class_list":{"0":"post-40363","1":"post","2":"type-post","3":"status-publish","4":"format-standard","5":"has-post-thumbnail","7":"category-213","8":"category-206","9":"category-217","10":"category-auszeichnungen","11":"category-nachrichten","12":"category-primary-school-de","13":"category-sportnachrichten","14":"entry"},"yoast_head":"<!-- This site is optimized with the Yoast SEO plugin v17.2.1 - https:\/\/yoast.com\/wordpress\/plugins\/seo\/ -->\n<meta name=\"robots\" content=\"index, follow, max-snippet:-1, max-image-preview:large, max-video-preview:-1\" \/>\n<link rel=\"canonical\" href=\"https:\/\/www.kilians.com\/de\/news\/2023\/kindergarten-und-grundschul-mini-marathon-eis\/\" \/>\n<meta property=\"og:locale\" content=\"de_DE\" \/>\n<meta property=\"og:type\" content=\"article\" \/>\n<meta property=\"og:title\" content=\"Kindergarten- und Grundschul-Mini-Marathon &amp; Eis - St. Kilian&#039;s German School, Dublin\" \/>\n<meta property=\"og:description\" content=\"Herzlichen Gl\u00fcckwunsch an alle unsere L\u00e4ufer:innen, die am Mittwoch, den 7. Juni 2023, an unserem j\u00e4hrlichen Kindergarten- und Grundschul-Mini-Marathon teilgenommen haben. Das Thema in diesem... Weiterlesen\" \/>\n<meta property=\"og:url\" content=\"https:\/\/www.kilians.com\/de\/news\/2023\/kindergarten-und-grundschul-mini-marathon-eis\/\" \/>\n<meta property=\"og:site_name\" content=\"St. Kilian&#039;s German School, Dublin\" \/>\n<meta property=\"article:published_time\" content=\"2023-06-08T11:17:49+00:00\" \/>\n<meta property=\"article:modified_time\" content=\"2023-06-12T10:52:15+00:00\" \/>\n<meta property=\"og:image\" content=\"http:\/\/www.kilians.com\/wp-content\/uploads\/2023\/06\/Photo-07-06-2023-09-23-30.jpg\" \/>\n\t<meta property=\"og:image:width\" content=\"1920\" \/>\n\t<meta property=\"og:image:height\" content=\"2560\" \/>\n<meta name=\"twitter:card\" content=\"summary\" \/>\n<meta name=\"twitter:label1\" content=\"Verfasst von\" \/>\n\t<meta name=\"twitter:data1\" content=\"Julia Bobenko\" \/>\n\t<meta name=\"twitter:label2\" content=\"Gesch\u00e4tzte Lesezeit\" \/>\n\t<meta name=\"twitter:data2\" content=\"1 minute\" \/>\n<script type=\"application\/ld+json\" class=\"yoast-schema-graph\">{\"@context\":\"https:\/\/schema.org\",\"@graph\":[{\"@type\":\"Organization\",\"@id\":\"https:\/\/www.kilians.com\/#organization\",\"name\":\"St. Kilian's\",\"url\":\"https:\/\/www.kilians.com\/\",\"sameAs\":[],\"logo\":{\"@type\":\"ImageObject\",\"@id\":\"https:\/\/www.kilians.com\/#logo\",\"inLanguage\":\"de-DE\",\"url\":\"https:\/\/www.kilians.com\/wp-content\/uploads\/2017\/02\/StKilians_MasterLogo_Colour-1.png\",\"contentUrl\":\"https:\/\/www.kilians.com\/wp-content\/uploads\/2017\/02\/StKilians_MasterLogo_Colour-1.png\",\"width\":768,\"height\":1240,\"caption\":\"St. Kilian's\"},\"image\":{\"@id\":\"https:\/\/www.kilians.com\/#logo\"}},{\"@type\":\"WebSite\",\"@id\":\"https:\/\/www.kilians.com\/#website\",\"url\":\"https:\/\/www.kilians.com\/\",\"name\":\"St. Kilian&#039;s German School, Dublin\",\"description\":\"\",\"publisher\":{\"@id\":\"https:\/\/www.kilians.com\/#organization\"},\"potentialAction\":[{\"@type\":\"SearchAction\",\"target\":{\"@type\":\"EntryPoint\",\"urlTemplate\":\"https:\/\/www.kilians.com\/?s={search_term_string}\"},\"query-input\":\"required name=search_term_string\"}],\"inLanguage\":\"de-DE\"},{\"@type\":\"ImageObject\",\"@id\":\"https:\/\/www.kilians.com\/de\/news\/2023\/kindergarten-und-grundschul-mini-marathon-eis\/#primaryimage\",\"inLanguage\":\"de-DE\",\"url\":\"https:\/\/www.kilians.com\/wp-content\/uploads\/2023\/06\/Photo-07-06-2023-09-23-30-scaled.jpg\",\"contentUrl\":\"https:\/\/www.kilians.com\/wp-content\/uploads\/2023\/06\/Photo-07-06-2023-09-23-30-scaled.jpg\",\"width\":1920,\"height\":2560},{\"@type\":\"WebPage\",\"@id\":\"https:\/\/www.kilians.com\/de\/news\/2023\/kindergarten-und-grundschul-mini-marathon-eis\/#webpage\",\"url\":\"https:\/\/www.kilians.com\/de\/news\/2023\/kindergarten-und-grundschul-mini-marathon-eis\/\",\"name\":\"Kindergarten- und Grundschul-Mini-Marathon & Eis - St. Kilian&#039;s German School, Dublin\",\"isPartOf\":{\"@id\":\"https:\/\/www.kilians.com\/#website\"},\"primaryImageOfPage\":{\"@id\":\"https:\/\/www.kilians.com\/de\/news\/2023\/kindergarten-und-grundschul-mini-marathon-eis\/#primaryimage\"},\"datePublished\":\"2023-06-08T11:17:49+00:00\",\"dateModified\":\"2023-06-12T10:52:15+00:00\",\"breadcrumb\":{\"@id\":\"https:\/\/www.kilians.com\/de\/news\/2023\/kindergarten-und-grundschul-mini-marathon-eis\/#breadcrumb\"},\"inLanguage\":\"de-DE\",\"potentialAction\":[{\"@type\":\"ReadAction\",\"target\":[\"https:\/\/www.kilians.com\/de\/news\/2023\/kindergarten-und-grundschul-mini-marathon-eis\/\"]}]},{\"@type\":\"BreadcrumbList\",\"@id\":\"https:\/\/www.kilians.com\/de\/news\/2023\/kindergarten-und-grundschul-mini-marathon-eis\/#breadcrumb\",\"itemListElement\":[{\"@type\":\"ListItem\",\"position\":1,\"name\":\"Home\",\"item\":\"https:\/\/www.kilians.com\/de\/\"},{\"@type\":\"ListItem\",\"position\":2,\"name\":\"Kindergarten- und Grundschul-Mini-Marathon &#038; Eis\"}]},{\"@type\":\"Article\",\"@id\":\"https:\/\/www.kilians.com\/de\/news\/2023\/kindergarten-und-grundschul-mini-marathon-eis\/#article\",\"isPartOf\":{\"@id\":\"https:\/\/www.kilians.com\/de\/news\/2023\/kindergarten-und-grundschul-mini-marathon-eis\/#webpage\"},\"author\":{\"@id\":\"https:\/\/www.kilians.com\/#\/schema\/person\/0d0ba718c246ee8eaf04df3226782e55\"},\"headline\":\"Kindergarten- und Grundschul-Mini-Marathon &#038; Eis\",\"datePublished\":\"2023-06-08T11:17:49+00:00\",\"dateModified\":\"2023-06-12T10:52:15+00:00\",\"mainEntityOfPage\":{\"@id\":\"https:\/\/www.kilians.com\/de\/news\/2023\/kindergarten-und-grundschul-mini-marathon-eis\/#webpage\"},\"wordCount\":124,\"publisher\":{\"@id\":\"https:\/\/www.kilians.com\/#organization\"},\"image\":{\"@id\":\"https:\/\/www.kilians.com\/de\/news\/2023\/kindergarten-und-grundschul-mini-marathon-eis\/#primaryimage\"},\"thumbnailUrl\":\"https:\/\/www.kilians.com\/wp-content\/uploads\/2023\/06\/Photo-07-06-2023-09-23-30-scaled.jpg\",\"articleSection\":[\"176\",\"192\",\"42\",\"Erfolge &amp; Auszeichnungen\",\"Nachrichten\",\"Primary School\",\"Sportnachrichten\"],\"inLanguage\":\"de-DE\"},{\"@type\":\"Person\",\"@id\":\"https:\/\/www.kilians.com\/#\/schema\/person\/0d0ba718c246ee8eaf04df3226782e55\",\"name\":\"Julia Bobenko\",\"url\":\"https:\/\/www.kilians.com\/de\/news\/author\/julia\/\"}]}<\/script>\n<!-- \/ Yoast SEO plugin. -->","yoast_head_json":{"robots":{"index":"index","follow":"follow","max-snippet":"max-snippet:-1","max-image-preview":"max-image-preview:large","max-video-preview":"max-video-preview:-1"},"canonical":"https:\/\/www.kilians.com\/de\/news\/2023\/kindergarten-und-grundschul-mini-marathon-eis\/","og_locale":"de_DE","og_type":"article","og_title":"Kindergarten- und Grundschul-Mini-Marathon & Eis - St. Kilian&#039;s German School, Dublin","og_description":"Herzlichen Gl\u00fcckwunsch an alle unsere L\u00e4ufer:innen, die am Mittwoch, den 7. Juni 2023, an unserem j\u00e4hrlichen Kindergarten- und Grundschul-Mini-Marathon teilgenommen haben. Das Thema in diesem... Weiterlesen","og_url":"https:\/\/www.kilians.com\/de\/news\/2023\/kindergarten-und-grundschul-mini-marathon-eis\/","og_site_name":"St. Kilian&#039;s German School, Dublin","article_published_time":"2023-06-08T11:17:49+00:00","article_modified_time":"2023-06-12T10:52:15+00:00","og_image":[{"width":1920,"height":2560,"filesize":412992,"url":"http:\/\/www.kilians.com\/wp-content\/uploads\/2023\/06\/Photo-07-06-2023-09-23-30.jpg","path":"\/nas\/content\/live\/kilians\/wp-content\/uploads\/2023\/06\/Photo-07-06-2023-09-23-30.jpg","size":"full","id":40354,"alt":"","pixels":4915200,"type":"image\/jpeg"}],"twitter_card":"summary","twitter_misc":{"Verfasst von":"Julia Bobenko","Gesch\u00e4tzte Lesezeit":"1 minute"},"schema":{"@context":"https:\/\/schema.org","@graph":[{"@type":"Organization","@id":"https:\/\/www.kilians.com\/#organization","name":"St. Kilian's","url":"https:\/\/www.kilians.com\/","sameAs":[],"logo":{"@type":"ImageObject","@id":"https:\/\/www.kilians.com\/#logo","inLanguage":"de-DE","url":"https:\/\/www.kilians.com\/wp-content\/uploads\/2017\/02\/StKilians_MasterLogo_Colour-1.png","contentUrl":"https:\/\/www.kilians.com\/wp-content\/uploads\/2017\/02\/StKilians_MasterLogo_Colour-1.png","width":768,"height":1240,"caption":"St. Kilian's"},"image":{"@id":"https:\/\/www.kilians.com\/#logo"}},{"@type":"WebSite","@id":"https:\/\/www.kilians.com\/#website","url":"https:\/\/www.kilians.com\/","name":"St. Kilian&#039;s German School, Dublin","description":"","publisher":{"@id":"https:\/\/www.kilians.com\/#organization"},"potentialAction":[{"@type":"SearchAction","target":{"@type":"EntryPoint","urlTemplate":"https:\/\/www.kilians.com\/?s={search_term_string}"},"query-input":"required name=search_term_string"}],"inLanguage":"de-DE"},{"@type":"ImageObject","@id":"https:\/\/www.kilians.com\/de\/news\/2023\/kindergarten-und-grundschul-mini-marathon-eis\/#primaryimage","inLanguage":"de-DE","url":"https:\/\/www.kilians.com\/wp-content\/uploads\/2023\/06\/Photo-07-06-2023-09-23-30-scaled.jpg","contentUrl":"https:\/\/www.kilians.com\/wp-content\/uploads\/2023\/06\/Photo-07-06-2023-09-23-30-scaled.jpg","width":1920,"height":2560},{"@type":"WebPage","@id":"https:\/\/www.kilians.com\/de\/news\/2023\/kindergarten-und-grundschul-mini-marathon-eis\/#webpage","url":"https:\/\/www.kilians.com\/de\/news\/2023\/kindergarten-und-grundschul-mini-marathon-eis\/","name":"Kindergarten- und Grundschul-Mini-Marathon & Eis - St. Kilian&#039;s German School, Dublin","isPartOf":{"@id":"https:\/\/www.kilians.com\/#website"},"primaryImageOfPage":{"@id":"https:\/\/www.kilians.com\/de\/news\/2023\/kindergarten-und-grundschul-mini-marathon-eis\/#primaryimage"},"datePublished":"2023-06-08T11:17:49+00:00","dateModified":"2023-06-12T10:52:15+00:00","breadcrumb":{"@id":"https:\/\/www.kilians.com\/de\/news\/2023\/kindergarten-und-grundschul-mini-marathon-eis\/#breadcrumb"},"inLanguage":"de-DE","potentialAction":[{"@type":"ReadAction","target":["https:\/\/www.kilians.com\/de\/news\/2023\/kindergarten-und-grundschul-mini-marathon-eis\/"]}]},{"@type":"BreadcrumbList","@id":"https:\/\/www.kilians.com\/de\/news\/2023\/kindergarten-und-grundschul-mini-marathon-eis\/#breadcrumb","itemListElement":[{"@type":"ListItem","position":1,"name":"Home","item":"https:\/\/www.kilians.com\/de\/"},{"@type":"ListItem","position":2,"name":"Kindergarten- und Grundschul-Mini-Marathon &#038; Eis"}]},{"@type":"Article","@id":"https:\/\/www.kilians.com\/de\/news\/2023\/kindergarten-und-grundschul-mini-marathon-eis\/#article","isPartOf":{"@id":"https:\/\/www.kilians.com\/de\/news\/2023\/kindergarten-und-grundschul-mini-marathon-eis\/#webpage"},"author":{"@id":"https:\/\/www.kilians.com\/#\/schema\/person\/0d0ba718c246ee8eaf04df3226782e55"},"headline":"Kindergarten- und Grundschul-Mini-Marathon &#038; Eis","datePublished":"2023-06-08T11:17:49+00:00","dateModified":"2023-06-12T10:52:15+00:00","mainEntityOfPage":{"@id":"https:\/\/www.kilians.com\/de\/news\/2023\/kindergarten-und-grundschul-mini-marathon-eis\/#webpage"},"wordCount":124,"publisher":{"@id":"https:\/\/www.kilians.com\/#organization"},"image":{"@id":"https:\/\/www.kilians.com\/de\/news\/2023\/kindergarten-und-grundschul-mini-marathon-eis\/#primaryimage"},"thumbnailUrl":"https:\/\/www.kilians.com\/wp-content\/uploads\/2023\/06\/Photo-07-06-2023-09-23-30-scaled.jpg","articleSection":["176","192","42","Erfolge &amp; Auszeichnungen","Nachrichten","Primary School","Sportnachrichten"],"inLanguage":"de-DE"},{"@type":"Person","@id":"https:\/\/www.kilians.com\/#\/schema\/person\/0d0ba718c246ee8eaf04df3226782e55","name":"Julia Bobenko","url":"https:\/\/www.kilians.com\/de\/news\/author\/julia\/"}]}},"_links":{"self":[{"href":"https:\/\/www.kilians.com\/de\/wp-json\/wp\/v2\/posts\/40363\/"}],"collection":[{"href":"https:\/\/www.kilians.com\/de\/wp-json\/wp\/v2\/posts\/"}],"about":[{"href":"https:\/\/www.kilians.com\/de\/wp-json\/wp\/v2\/types\/post\/"}],"author":[{"embeddable":true,"href":"https:\/\/www.kilians.com\/de\/wp-json\/wp\/v2\/users\/1506\/"}],"replies":[{"embeddable":true,"href":"https:\/\/www.kilians.com\/de\/wp-json\/wp\/v2\/comments\/?post=40363"}],"version-history":[{"count":0,"href":"https:\/\/www.kilians.com\/de\/wp-json\/wp\/v2\/posts\/40363\/revisions\/"}],"wp:featuredmedia":[{"embeddable":true,"href":"https:\/\/www.kilians.com\/de\/wp-json\/wp\/v2\/media\/40354\/"}],"wp:attachment":[{"href":"https:\/\/www.kilians.com\/de\/wp-json\/wp\/v2\/media\/?parent=40363"}],"wp:term":[{"taxonomy":"category","embeddable":true,"href":"https:\/\/www.kilians.com\/de\/wp-json\/wp\/v2\/categories\/?post=40363"},{"taxonomy":"post_tag","embeddable":true,"href":"https:\/\/www.kilians.com\/de\/wp-json\/wp\/v2\/tags\/?post=40363"}],"curies":[{"name":"wp","href":"https:\/\/api.w.org\/{rel}","templated":true}]}}