{"id":41172,"date":"2023-11-10T15:36:41","date_gmt":"2023-11-10T15:36:41","guid":{"rendered":"https:\/\/www.kilians.com\/news\/2023\/sankt-martin-2023\/"},"modified":"2023-11-10T15:46:37","modified_gmt":"2023-11-10T15:46:37","slug":"sankt-martin-2023","status":"publish","type":"post","link":"https:\/\/www.kilians.com\/de\/news\/2023\/sankt-martin-2023\/","title":{"rendered":"St. Kilian&#8217;s Sankt Martinsfest 2023"},"content":{"rendered":"\n<p>Gestern Abend, am 9. November 2023, fand unsere allj\u00e4hrliche St. Martinsfeier statt, die f\u00fcr die Kinder des Kindergartens und der Grundschule bis zur zweiten Klasse einer der H\u00f6hepunkte des Schuljahres ist. Die Kinder probten schon Tage vorher flei\u00dfig und freuten sich sehr auf das Fest.<\/p>\n\n\n\n<p>Am Abend war es ein buntes Lichtermeer, als die Kinder mit ihren Laternen einen n\u00e4chtlichen Umzug um das Schulgel\u00e4nde machten und dabei traditionelle Martinslieder sangen: &#8216;Laterne, Laterne, Sonne, Mond und Sterne &#8230;&#8217;, Ich geh mit meiner Laterne&#8230;&#8217;, Durch die Stra\u00dfen auf und nieder&#8230;&#8217;, &#8216;1000 kleine Lichter&#8217;.<\/p>\n\n\n\n<p>Nach einem kurzen Laternenumzug, versammelten sich alle Kinder und Eltern auf dem Hof der Sekundarschule, um eine gro\u00dfartige Nachstellung der Sankt-Martins-Geschichte, aufgef\u00fchrt von der Theatergruppe der 2. Klasse zu sehen, und um unter der Leitung von unserem fantastischen Schulchor und Frau Thielemans gemeinsam Sankt Martinslieder zu singen. Abschliessend kehrten alle in ihre Klassenr\u00e4ume zur\u00fcck, wo jedes Kind einen leckeren \u201eGingerbreadman\u201c erhielt.<\/p>\n\n\n\n<p>Es war ein wunderbarer und unvergesslicher Abend, der dank der gro\u00dfen Anstrengungen der Lehrer der Grundschule und des Kindergartens, der Mitglieder des Elternbeirats und des Schulchors und nat\u00fcrlich der Kinder und ihrer Eltern zustande kam.<\/p>\n\n\n\n<p>Das Sankt-Martins-Fest hat in Deutschland eine lange Tradition und wird jedes Jahr um den 11. November herum gefeiert, um den Heiligen f\u00fcr seine guten Taten zu ehren. Sankt Martin war ein r\u00f6mischer Soldat (der sp\u00e4ter zum Christentum konvertierte und Bischof wurde), der einst einem armen Mann das Leben rettete.<\/p>\n\n\n\n<p>Hier in St. Kilian\u2019s feiern wir diese sch\u00f6ne Tradition jedes Jahr mit einem traditionellen Laternenumzug, dem Singen von Sankt-Martins-Liedern und nat\u00fcrlich dem leckeren \u201eGeb\u00e4ck\u201c, den jedes Kind zum Abschluss erh\u00e4lt und das als Symbol der Freundlichkeit geteilt wird.<\/p>\n\n\n\n<div style=\"height:60px\" aria-hidden=\"true\" class=\"wp-block-spacer\"><\/div>\n\n\n\n<figure class=\"wp-block-gallery has-nested-images columns-default is-cropped wp-block-gallery-1 is-layout-flex wp-block-gallery-is-layout-flex\">\n<figure class=\"wp-block-image size-large is-style-default\"><img loading=\"lazy\" decoding=\"async\" width=\"1024\" height=\"683\" data-id=\"41135\" src=\"https:\/\/www.kilians.com\/wp-content\/uploads\/2023\/11\/IMG_9015-1024x683.jpg\" alt=\"\" class=\"wp-image-41135\" srcset=\"https:\/\/www.kilians.com\/wp-content\/uploads\/2023\/11\/IMG_9015-1024x683.jpg 1024w, https:\/\/www.kilians.com\/wp-content\/uploads\/2023\/11\/IMG_9015-768x512.jpg 768w, https:\/\/www.kilians.com\/wp-content\/uploads\/2023\/11\/IMG_9015-1536x1024.jpg 1536w, https:\/\/www.kilians.com\/wp-content\/uploads\/2023\/11\/IMG_9015-150x100.jpg 150w, https:\/\/www.kilians.com\/wp-content\/uploads\/2023\/11\/IMG_9015-750x500.jpg 750w, https:\/\/www.kilians.com\/wp-content\/uploads\/2023\/11\/IMG_9015.jpg 2048w\" sizes=\"auto, (max-width: 1024px) 100vw, 1024px\" \/><\/figure>\n\n\n\n<figure class=\"wp-block-image size-large is-style-default\"><img loading=\"lazy\" decoding=\"async\" width=\"1024\" height=\"683\" data-id=\"41131\" src=\"https:\/\/www.kilians.com\/wp-content\/uploads\/2023\/11\/IMG_9014-1024x683.jpg\" alt=\"\" class=\"wp-image-41131\" srcset=\"https:\/\/www.kilians.com\/wp-content\/uploads\/2023\/11\/IMG_9014-1024x683.jpg 1024w, https:\/\/www.kilians.com\/wp-content\/uploads\/2023\/11\/IMG_9014-768x512.jpg 768w, https:\/\/www.kilians.com\/wp-content\/uploads\/2023\/11\/IMG_9014-1536x1024.jpg 1536w, https:\/\/www.kilians.com\/wp-content\/uploads\/2023\/11\/IMG_9014-150x100.jpg 150w, https:\/\/www.kilians.com\/wp-content\/uploads\/2023\/11\/IMG_9014-750x500.jpg 750w, https:\/\/www.kilians.com\/wp-content\/uploads\/2023\/11\/IMG_9014.jpg 2048w\" sizes=\"auto, (max-width: 1024px) 100vw, 1024px\" \/><\/figure>\n\n\n\n<figure class=\"wp-block-image size-large is-style-default\"><img loading=\"lazy\" decoding=\"async\" width=\"1024\" height=\"683\" data-id=\"41147\" src=\"https:\/\/www.kilians.com\/wp-content\/uploads\/2023\/11\/IMG_9132-1024x683.jpg\" alt=\"\" class=\"wp-image-41147\" srcset=\"https:\/\/www.kilians.com\/wp-content\/uploads\/2023\/11\/IMG_9132-1024x683.jpg 1024w, https:\/\/www.kilians.com\/wp-content\/uploads\/2023\/11\/IMG_9132-768x512.jpg 768w, https:\/\/www.kilians.com\/wp-content\/uploads\/2023\/11\/IMG_9132-1536x1024.jpg 1536w, https:\/\/www.kilians.com\/wp-content\/uploads\/2023\/11\/IMG_9132-150x100.jpg 150w, https:\/\/www.kilians.com\/wp-content\/uploads\/2023\/11\/IMG_9132-750x500.jpg 750w, https:\/\/www.kilians.com\/wp-content\/uploads\/2023\/11\/IMG_9132.jpg 2048w\" sizes=\"auto, (max-width: 1024px) 100vw, 1024px\" \/><\/figure>\n\n\n\n<figure class=\"wp-block-image size-large is-style-default\"><img loading=\"lazy\" decoding=\"async\" width=\"898\" height=\"1024\" data-id=\"41143\" src=\"https:\/\/www.kilians.com\/wp-content\/uploads\/2023\/11\/IMG_9080-2-898x1024.jpg\" alt=\"\" class=\"wp-image-41143\" srcset=\"https:\/\/www.kilians.com\/wp-content\/uploads\/2023\/11\/IMG_9080-2-898x1024.jpg 898w, https:\/\/www.kilians.com\/wp-content\/uploads\/2023\/11\/IMG_9080-2-768x876.jpg 768w, https:\/\/www.kilians.com\/wp-content\/uploads\/2023\/11\/IMG_9080-2-750x855.jpg 750w, https:\/\/www.kilians.com\/wp-content\/uploads\/2023\/11\/IMG_9080-2.jpg 1197w\" sizes=\"auto, (max-width: 898px) 100vw, 898px\" \/><\/figure>\n\n\n\n<figure class=\"wp-block-image size-large is-style-default\"><img loading=\"lazy\" decoding=\"async\" width=\"1024\" height=\"768\" data-id=\"41153\" src=\"https:\/\/www.kilians.com\/wp-content\/uploads\/2023\/11\/IMG_5235-1024x768.jpg\" alt=\"\" class=\"wp-image-41153\" srcset=\"https:\/\/www.kilians.com\/wp-content\/uploads\/2023\/11\/IMG_5235-1024x768.jpg 1024w, https:\/\/www.kilians.com\/wp-content\/uploads\/2023\/11\/IMG_5235-768x576.jpg 768w, https:\/\/www.kilians.com\/wp-content\/uploads\/2023\/11\/IMG_5235-1536x1152.jpg 1536w, https:\/\/www.kilians.com\/wp-content\/uploads\/2023\/11\/IMG_5235-750x563.jpg 750w, https:\/\/www.kilians.com\/wp-content\/uploads\/2023\/11\/IMG_5235.jpg 2048w\" sizes=\"auto, (max-width: 1024px) 100vw, 1024px\" \/><\/figure>\n\n\n\n<figure class=\"wp-block-image size-large is-style-default\"><img loading=\"lazy\" decoding=\"async\" width=\"1024\" height=\"1007\" data-id=\"41162\" src=\"https:\/\/www.kilians.com\/wp-content\/uploads\/2023\/11\/IMG_5108-Copy-1024x1007.jpg\" alt=\"\" class=\"wp-image-41162\" srcset=\"https:\/\/www.kilians.com\/wp-content\/uploads\/2023\/11\/IMG_5108-Copy-1024x1007.jpg 1024w, https:\/\/www.kilians.com\/wp-content\/uploads\/2023\/11\/IMG_5108-Copy-768x755.jpg 768w, https:\/\/www.kilians.com\/wp-content\/uploads\/2023\/11\/IMG_5108-Copy-750x737.jpg 750w, https:\/\/www.kilians.com\/wp-content\/uploads\/2023\/11\/IMG_5108-Copy.jpg 1536w\" sizes=\"auto, (max-width: 1024px) 100vw, 1024px\" \/><\/figure>\n<\/figure>\n\n\n\n<div style=\"height:12px\" aria-hidden=\"true\" class=\"wp-block-spacer\"><\/div>\n\n\n\n<figure class=\"wp-block-gallery has-nested-images columns-default is-cropped wp-block-gallery-2 is-layout-flex wp-block-gallery-is-layout-flex\">\n<figure class=\"wp-block-image size-large is-style-default\"><img loading=\"lazy\" decoding=\"async\" width=\"1024\" height=\"683\" data-id=\"41133\" src=\"https:\/\/www.kilians.com\/wp-content\/uploads\/2023\/11\/IMG_5320-1024x683.jpg\" alt=\"\" class=\"wp-image-41133\" srcset=\"https:\/\/www.kilians.com\/wp-content\/uploads\/2023\/11\/IMG_5320-1024x683.jpg 1024w, https:\/\/www.kilians.com\/wp-content\/uploads\/2023\/11\/IMG_5320-768x512.jpg 768w, https:\/\/www.kilians.com\/wp-content\/uploads\/2023\/11\/IMG_5320-1536x1024.jpg 1536w, https:\/\/www.kilians.com\/wp-content\/uploads\/2023\/11\/IMG_5320-150x100.jpg 150w, https:\/\/www.kilians.com\/wp-content\/uploads\/2023\/11\/IMG_5320-750x500.jpg 750w, https:\/\/www.kilians.com\/wp-content\/uploads\/2023\/11\/IMG_5320.jpg 2048w\" sizes=\"auto, (max-width: 1024px) 100vw, 1024px\" \/><\/figure>\n\n\n\n<figure class=\"wp-block-image size-large is-style-default\"><img loading=\"lazy\" decoding=\"async\" width=\"1024\" height=\"683\" data-id=\"41160\" src=\"https:\/\/www.kilians.com\/wp-content\/uploads\/2023\/11\/IMG_9074-1024x683.jpg\" alt=\"\" class=\"wp-image-41160\" srcset=\"https:\/\/www.kilians.com\/wp-content\/uploads\/2023\/11\/IMG_9074-1024x683.jpg 1024w, https:\/\/www.kilians.com\/wp-content\/uploads\/2023\/11\/IMG_9074-768x512.jpg 768w, https:\/\/www.kilians.com\/wp-content\/uploads\/2023\/11\/IMG_9074-1536x1024.jpg 1536w, https:\/\/www.kilians.com\/wp-content\/uploads\/2023\/11\/IMG_9074-150x100.jpg 150w, https:\/\/www.kilians.com\/wp-content\/uploads\/2023\/11\/IMG_9074-750x500.jpg 750w, https:\/\/www.kilians.com\/wp-content\/uploads\/2023\/11\/IMG_9074.jpg 2048w\" sizes=\"auto, (max-width: 1024px) 100vw, 1024px\" \/><\/figure>\n<\/figure>\n\n\n\n<div style=\"height:9px\" aria-hidden=\"true\" class=\"wp-block-spacer\"><\/div>\n\n\n\n<figure class=\"wp-block-gallery has-nested-images columns-default is-cropped wp-block-gallery-3 is-layout-flex wp-block-gallery-is-layout-flex\">\n<figure class=\"wp-block-image size-large is-style-default\"><img loading=\"lazy\" decoding=\"async\" width=\"905\" height=\"1024\" data-id=\"41165\" src=\"https:\/\/www.kilians.com\/wp-content\/uploads\/2023\/11\/IMG_5175_1-905x1024.jpg\" alt=\"\" class=\"wp-image-41165\" srcset=\"https:\/\/www.kilians.com\/wp-content\/uploads\/2023\/11\/IMG_5175_1-905x1024.jpg 905w, https:\/\/www.kilians.com\/wp-content\/uploads\/2023\/11\/IMG_5175_1-768x869.jpg 768w, https:\/\/www.kilians.com\/wp-content\/uploads\/2023\/11\/IMG_5175_1-750x848.jpg 750w, https:\/\/www.kilians.com\/wp-content\/uploads\/2023\/11\/IMG_5175_1-160x180.jpg 160w, https:\/\/www.kilians.com\/wp-content\/uploads\/2023\/11\/IMG_5175_1.jpg 1152w\" sizes=\"auto, (max-width: 905px) 100vw, 905px\" \/><\/figure>\n\n\n\n<figure class=\"wp-block-image size-large is-style-default\"><img loading=\"lazy\" decoding=\"async\" width=\"935\" height=\"1024\" data-id=\"41170\" src=\"https:\/\/www.kilians.com\/wp-content\/uploads\/2023\/11\/IMG_5262-1-935x1024.jpg\" alt=\"\" class=\"wp-image-41170\" srcset=\"https:\/\/www.kilians.com\/wp-content\/uploads\/2023\/11\/IMG_5262-1-935x1024.jpg 935w, https:\/\/www.kilians.com\/wp-content\/uploads\/2023\/11\/IMG_5262-1-768x841.jpg 768w, https:\/\/www.kilians.com\/wp-content\/uploads\/2023\/11\/IMG_5262-1-750x822.jpg 750w, https:\/\/www.kilians.com\/wp-content\/uploads\/2023\/11\/IMG_5262-1.jpg 1152w\" sizes=\"auto, (max-width: 935px) 100vw, 935px\" \/><\/figure>\n\n\n\n<figure class=\"wp-block-image size-large is-style-default\"><img loading=\"lazy\" decoding=\"async\" width=\"975\" height=\"1024\" data-id=\"41167\" src=\"https:\/\/www.kilians.com\/wp-content\/uploads\/2023\/11\/IMG_5242-1-975x1024.jpg\" alt=\"\" class=\"wp-image-41167\" srcset=\"https:\/\/www.kilians.com\/wp-content\/uploads\/2023\/11\/IMG_5242-1-975x1024.jpg 975w, https:\/\/www.kilians.com\/wp-content\/uploads\/2023\/11\/IMG_5242-1-768x806.jpg 768w, https:\/\/www.kilians.com\/wp-content\/uploads\/2023\/11\/IMG_5242-1-750x787.jpg 750w, https:\/\/www.kilians.com\/wp-content\/uploads\/2023\/11\/IMG_5242-1.jpg 1386w\" sizes=\"auto, (max-width: 975px) 100vw, 975px\" \/><\/figure>\n<\/figure>\n","protected":false},"excerpt":{"rendered":"<p>Gestern Abend, am 9. November 2023, fand unsere allj\u00e4hrliche St. Martinsfeier statt, die f\u00fcr die Kinder des Kindergartens und der Grundschule bis zur zweiten Klasse&#8230; <a class=\"find-out-more-link\" href=\"https:\/\/www.kilians.com\/de\/news\/2023\/sankt-martin-2023\/\">Weiterlesen<\/a> <\/p>\n","protected":false},"author":1506,"featured_media":41132,"comment_status":"closed","ping_status":"closed","sticky":false,"template":"","format":"standard","meta":{"footnotes":""},"categories":[234,6,192,40],"tags":[],"class_list":{"0":"post-41172","1":"post","2":"type-post","3":"status-publish","4":"format-standard","5":"has-post-thumbnail","7":"category-german-department-de","8":"category-nachrichten","9":"category-primary-school-de","10":"category-schulveranstaltungen","11":"entry"},"yoast_head":"<!-- This site is optimized with the Yoast SEO plugin v17.2.1 - https:\/\/yoast.com\/wordpress\/plugins\/seo\/ -->\n<meta name=\"robots\" content=\"index, follow, max-snippet:-1, max-image-preview:large, max-video-preview:-1\" \/>\n<link rel=\"canonical\" href=\"https:\/\/www.kilians.com\/de\/news\/2023\/sankt-martin-2023\/\" \/>\n<meta property=\"og:locale\" content=\"de_DE\" \/>\n<meta property=\"og:type\" content=\"article\" \/>\n<meta property=\"og:title\" content=\"St. Kilian&#039;s Sankt Martinsfest 2023 - St. Kilian&#039;s German School, Dublin\" \/>\n<meta property=\"og:description\" content=\"Gestern Abend, am 9. November 2023, fand unsere allj\u00e4hrliche St. Martinsfeier statt, die f\u00fcr die Kinder des Kindergartens und der Grundschule bis zur zweiten Klasse... Weiterlesen\" \/>\n<meta property=\"og:url\" content=\"https:\/\/www.kilians.com\/de\/news\/2023\/sankt-martin-2023\/\" \/>\n<meta property=\"og:site_name\" content=\"St. Kilian&#039;s German School, Dublin\" \/>\n<meta property=\"article:published_time\" content=\"2023-11-10T15:36:41+00:00\" \/>\n<meta property=\"article:modified_time\" content=\"2023-11-10T15:46:37+00:00\" \/>\n<meta property=\"og:image\" content=\"http:\/\/www.kilians.com\/wp-content\/uploads\/2023\/11\/IMG_9014.jpg\" \/>\n\t<meta property=\"og:image:width\" content=\"2048\" \/>\n\t<meta property=\"og:image:height\" content=\"1365\" \/>\n<meta name=\"twitter:card\" content=\"summary\" \/>\n<meta name=\"twitter:label1\" content=\"Verfasst von\" \/>\n\t<meta name=\"twitter:data1\" content=\"Julia Bobenko\" \/>\n\t<meta name=\"twitter:label2\" content=\"Gesch\u00e4tzte Lesezeit\" \/>\n\t<meta name=\"twitter:data2\" content=\"1 minute\" \/>\n<script type=\"application\/ld+json\" class=\"yoast-schema-graph\">{\"@context\":\"https:\/\/schema.org\",\"@graph\":[{\"@type\":\"Organization\",\"@id\":\"https:\/\/www.kilians.com\/#organization\",\"name\":\"St. Kilian's\",\"url\":\"https:\/\/www.kilians.com\/\",\"sameAs\":[],\"logo\":{\"@type\":\"ImageObject\",\"@id\":\"https:\/\/www.kilians.com\/#logo\",\"inLanguage\":\"de-DE\",\"url\":\"https:\/\/www.kilians.com\/wp-content\/uploads\/2017\/02\/StKilians_MasterLogo_Colour-1.png\",\"contentUrl\":\"https:\/\/www.kilians.com\/wp-content\/uploads\/2017\/02\/StKilians_MasterLogo_Colour-1.png\",\"width\":768,\"height\":1240,\"caption\":\"St. Kilian's\"},\"image\":{\"@id\":\"https:\/\/www.kilians.com\/#logo\"}},{\"@type\":\"WebSite\",\"@id\":\"https:\/\/www.kilians.com\/#website\",\"url\":\"https:\/\/www.kilians.com\/\",\"name\":\"St. Kilian&#039;s German School, Dublin\",\"description\":\"\",\"publisher\":{\"@id\":\"https:\/\/www.kilians.com\/#organization\"},\"potentialAction\":[{\"@type\":\"SearchAction\",\"target\":{\"@type\":\"EntryPoint\",\"urlTemplate\":\"https:\/\/www.kilians.com\/?s={search_term_string}\"},\"query-input\":\"required name=search_term_string\"}],\"inLanguage\":\"de-DE\"},{\"@type\":\"ImageObject\",\"@id\":\"https:\/\/www.kilians.com\/de\/news\/2023\/sankt-martin-2023\/#primaryimage\",\"inLanguage\":\"de-DE\",\"url\":\"https:\/\/www.kilians.com\/wp-content\/uploads\/2023\/11\/IMG_9014.jpg\",\"contentUrl\":\"https:\/\/www.kilians.com\/wp-content\/uploads\/2023\/11\/IMG_9014.jpg\",\"width\":2048,\"height\":1365},{\"@type\":\"WebPage\",\"@id\":\"https:\/\/www.kilians.com\/de\/news\/2023\/sankt-martin-2023\/#webpage\",\"url\":\"https:\/\/www.kilians.com\/de\/news\/2023\/sankt-martin-2023\/\",\"name\":\"St. Kilian's Sankt Martinsfest 2023 - St. Kilian&#039;s German School, Dublin\",\"isPartOf\":{\"@id\":\"https:\/\/www.kilians.com\/#website\"},\"primaryImageOfPage\":{\"@id\":\"https:\/\/www.kilians.com\/de\/news\/2023\/sankt-martin-2023\/#primaryimage\"},\"datePublished\":\"2023-11-10T15:36:41+00:00\",\"dateModified\":\"2023-11-10T15:46:37+00:00\",\"breadcrumb\":{\"@id\":\"https:\/\/www.kilians.com\/de\/news\/2023\/sankt-martin-2023\/#breadcrumb\"},\"inLanguage\":\"de-DE\",\"potentialAction\":[{\"@type\":\"ReadAction\",\"target\":[\"https:\/\/www.kilians.com\/de\/news\/2023\/sankt-martin-2023\/\"]}]},{\"@type\":\"BreadcrumbList\",\"@id\":\"https:\/\/www.kilians.com\/de\/news\/2023\/sankt-martin-2023\/#breadcrumb\",\"itemListElement\":[{\"@type\":\"ListItem\",\"position\":1,\"name\":\"Home\",\"item\":\"https:\/\/www.kilians.com\/de\/\"},{\"@type\":\"ListItem\",\"position\":2,\"name\":\"St. Kilian&#8217;s Sankt Martinsfest 2023\"}]},{\"@type\":\"Article\",\"@id\":\"https:\/\/www.kilians.com\/de\/news\/2023\/sankt-martin-2023\/#article\",\"isPartOf\":{\"@id\":\"https:\/\/www.kilians.com\/de\/news\/2023\/sankt-martin-2023\/#webpage\"},\"author\":{\"@id\":\"https:\/\/www.kilians.com\/#\/schema\/person\/0d0ba718c246ee8eaf04df3226782e55\"},\"headline\":\"St. Kilian&#8217;s Sankt Martinsfest 2023\",\"datePublished\":\"2023-11-10T15:36:41+00:00\",\"dateModified\":\"2023-11-10T15:46:37+00:00\",\"mainEntityOfPage\":{\"@id\":\"https:\/\/www.kilians.com\/de\/news\/2023\/sankt-martin-2023\/#webpage\"},\"wordCount\":297,\"publisher\":{\"@id\":\"https:\/\/www.kilians.com\/#organization\"},\"image\":{\"@id\":\"https:\/\/www.kilians.com\/de\/news\/2023\/sankt-martin-2023\/#primaryimage\"},\"thumbnailUrl\":\"https:\/\/www.kilians.com\/wp-content\/uploads\/2023\/11\/IMG_9014.jpg\",\"articleSection\":[\"German Department\",\"Nachrichten\",\"Primary School\",\"Veranstaltungen\"],\"inLanguage\":\"de-DE\"},{\"@type\":\"Person\",\"@id\":\"https:\/\/www.kilians.com\/#\/schema\/person\/0d0ba718c246ee8eaf04df3226782e55\",\"name\":\"Julia Bobenko\",\"url\":\"https:\/\/www.kilians.com\/de\/news\/author\/julia\/\"}]}<\/script>\n<!-- \/ Yoast SEO plugin. -->","yoast_head_json":{"robots":{"index":"index","follow":"follow","max-snippet":"max-snippet:-1","max-image-preview":"max-image-preview:large","max-video-preview":"max-video-preview:-1"},"canonical":"https:\/\/www.kilians.com\/de\/news\/2023\/sankt-martin-2023\/","og_locale":"de_DE","og_type":"article","og_title":"St. Kilian's Sankt Martinsfest 2023 - St. Kilian&#039;s German School, Dublin","og_description":"Gestern Abend, am 9. November 2023, fand unsere allj\u00e4hrliche St. Martinsfeier statt, die f\u00fcr die Kinder des Kindergartens und der Grundschule bis zur zweiten Klasse... Weiterlesen","og_url":"https:\/\/www.kilians.com\/de\/news\/2023\/sankt-martin-2023\/","og_site_name":"St. Kilian&#039;s German School, Dublin","article_published_time":"2023-11-10T15:36:41+00:00","article_modified_time":"2023-11-10T15:46:37+00:00","og_image":[{"width":2048,"height":1365,"filesize":643049,"url":"http:\/\/www.kilians.com\/wp-content\/uploads\/2023\/11\/IMG_9014.jpg","path":"\/nas\/content\/live\/kilians\/wp-content\/uploads\/2023\/11\/IMG_9014.jpg","size":"full","id":41132,"alt":"","pixels":2795520,"type":"image\/jpeg"}],"twitter_card":"summary","twitter_misc":{"Verfasst von":"Julia Bobenko","Gesch\u00e4tzte Lesezeit":"1 minute"},"schema":{"@context":"https:\/\/schema.org","@graph":[{"@type":"Organization","@id":"https:\/\/www.kilians.com\/#organization","name":"St. Kilian's","url":"https:\/\/www.kilians.com\/","sameAs":[],"logo":{"@type":"ImageObject","@id":"https:\/\/www.kilians.com\/#logo","inLanguage":"de-DE","url":"https:\/\/www.kilians.com\/wp-content\/uploads\/2017\/02\/StKilians_MasterLogo_Colour-1.png","contentUrl":"https:\/\/www.kilians.com\/wp-content\/uploads\/2017\/02\/StKilians_MasterLogo_Colour-1.png","width":768,"height":1240,"caption":"St. Kilian's"},"image":{"@id":"https:\/\/www.kilians.com\/#logo"}},{"@type":"WebSite","@id":"https:\/\/www.kilians.com\/#website","url":"https:\/\/www.kilians.com\/","name":"St. Kilian&#039;s German School, Dublin","description":"","publisher":{"@id":"https:\/\/www.kilians.com\/#organization"},"potentialAction":[{"@type":"SearchAction","target":{"@type":"EntryPoint","urlTemplate":"https:\/\/www.kilians.com\/?s={search_term_string}"},"query-input":"required name=search_term_string"}],"inLanguage":"de-DE"},{"@type":"ImageObject","@id":"https:\/\/www.kilians.com\/de\/news\/2023\/sankt-martin-2023\/#primaryimage","inLanguage":"de-DE","url":"https:\/\/www.kilians.com\/wp-content\/uploads\/2023\/11\/IMG_9014.jpg","contentUrl":"https:\/\/www.kilians.com\/wp-content\/uploads\/2023\/11\/IMG_9014.jpg","width":2048,"height":1365},{"@type":"WebPage","@id":"https:\/\/www.kilians.com\/de\/news\/2023\/sankt-martin-2023\/#webpage","url":"https:\/\/www.kilians.com\/de\/news\/2023\/sankt-martin-2023\/","name":"St. Kilian's Sankt Martinsfest 2023 - St. Kilian&#039;s German School, Dublin","isPartOf":{"@id":"https:\/\/www.kilians.com\/#website"},"primaryImageOfPage":{"@id":"https:\/\/www.kilians.com\/de\/news\/2023\/sankt-martin-2023\/#primaryimage"},"datePublished":"2023-11-10T15:36:41+00:00","dateModified":"2023-11-10T15:46:37+00:00","breadcrumb":{"@id":"https:\/\/www.kilians.com\/de\/news\/2023\/sankt-martin-2023\/#breadcrumb"},"inLanguage":"de-DE","potentialAction":[{"@type":"ReadAction","target":["https:\/\/www.kilians.com\/de\/news\/2023\/sankt-martin-2023\/"]}]},{"@type":"BreadcrumbList","@id":"https:\/\/www.kilians.com\/de\/news\/2023\/sankt-martin-2023\/#breadcrumb","itemListElement":[{"@type":"ListItem","position":1,"name":"Home","item":"https:\/\/www.kilians.com\/de\/"},{"@type":"ListItem","position":2,"name":"St. Kilian&#8217;s Sankt Martinsfest 2023"}]},{"@type":"Article","@id":"https:\/\/www.kilians.com\/de\/news\/2023\/sankt-martin-2023\/#article","isPartOf":{"@id":"https:\/\/www.kilians.com\/de\/news\/2023\/sankt-martin-2023\/#webpage"},"author":{"@id":"https:\/\/www.kilians.com\/#\/schema\/person\/0d0ba718c246ee8eaf04df3226782e55"},"headline":"St. Kilian&#8217;s Sankt Martinsfest 2023","datePublished":"2023-11-10T15:36:41+00:00","dateModified":"2023-11-10T15:46:37+00:00","mainEntityOfPage":{"@id":"https:\/\/www.kilians.com\/de\/news\/2023\/sankt-martin-2023\/#webpage"},"wordCount":297,"publisher":{"@id":"https:\/\/www.kilians.com\/#organization"},"image":{"@id":"https:\/\/www.kilians.com\/de\/news\/2023\/sankt-martin-2023\/#primaryimage"},"thumbnailUrl":"https:\/\/www.kilians.com\/wp-content\/uploads\/2023\/11\/IMG_9014.jpg","articleSection":["German Department","Nachrichten","Primary School","Veranstaltungen"],"inLanguage":"de-DE"},{"@type":"Person","@id":"https:\/\/www.kilians.com\/#\/schema\/person\/0d0ba718c246ee8eaf04df3226782e55","name":"Julia Bobenko","url":"https:\/\/www.kilians.com\/de\/news\/author\/julia\/"}]}},"_links":{"self":[{"href":"https:\/\/www.kilians.com\/de\/wp-json\/wp\/v2\/posts\/41172\/"}],"collection":[{"href":"https:\/\/www.kilians.com\/de\/wp-json\/wp\/v2\/posts\/"}],"about":[{"href":"https:\/\/www.kilians.com\/de\/wp-json\/wp\/v2\/types\/post\/"}],"author":[{"embeddable":true,"href":"https:\/\/www.kilians.com\/de\/wp-json\/wp\/v2\/users\/1506\/"}],"replies":[{"embeddable":true,"href":"https:\/\/www.kilians.com\/de\/wp-json\/wp\/v2\/comments\/?post=41172"}],"version-history":[{"count":0,"href":"https:\/\/www.kilians.com\/de\/wp-json\/wp\/v2\/posts\/41172\/revisions\/"}],"wp:featuredmedia":[{"embeddable":true,"href":"https:\/\/www.kilians.com\/de\/wp-json\/wp\/v2\/media\/41132\/"}],"wp:attachment":[{"href":"https:\/\/www.kilians.com\/de\/wp-json\/wp\/v2\/media\/?parent=41172"}],"wp:term":[{"taxonomy":"category","embeddable":true,"href":"https:\/\/www.kilians.com\/de\/wp-json\/wp\/v2\/categories\/?post=41172"},{"taxonomy":"post_tag","embeddable":true,"href":"https:\/\/www.kilians.com\/de\/wp-json\/wp\/v2\/tags\/?post=41172"}],"curies":[{"name":"wp","href":"https:\/\/api.w.org\/{rel}","templated":true}]}}