{"id":42211,"date":"2024-05-10T15:51:52","date_gmt":"2024-05-10T14:51:52","guid":{"rendered":"https:\/\/www.kilians.com\/?p=42211"},"modified":"2024-05-10T15:51:54","modified_gmt":"2024-05-10T14:51:54","slug":"nationale-fahrradwoche-2024","status":"publish","type":"post","link":"https:\/\/www.kilians.com\/de\/news\/2024\/nationale-fahrradwoche-2024\/","title":{"rendered":"Nationale Fahrradwoche 2024"},"content":{"rendered":"\n<p>Am 13. Mai beginnt die Nationale Fahrradwoche, und das Green School Committee (GSC) in St. Kilian&#8217;s hat beschlossen, den Wettbewerb um den Goldenen Schuh wieder ins Leben zurufen.<\/p>\n\n\n\n<p><strong>Wann?:<\/strong> Montag, 13. Mai bis Donnerstag, 16. Mai.<br><strong>Uhrzeit?:<\/strong> 7:45 &#8211; 8:20 Uhr morgens.<br><strong>Wer?: <\/strong>Alle Klassen, Kindergarten bis 6. Klasse eingschlossen<br><strong>Was?: <\/strong>Mitglieder des GSC werden direkt vor dem Schultor und am UCD-Tor stehen und jedem, der zu Fu\u00df, mit dem Fahrrad oder mit dem Roller zur Schule kommt, ein Los geben (Tipp! Es ist in Ordnung, au\u00dferhalb des Schulgel\u00e4ndes zu parken und den letzten Teil des Weges zu Fu\u00df, mit dem Fahrrad usw. zur\u00fcckzulegen.)<\/p>\n\n\n\n<p><strong>Was mache ich mit den Tombolalosen?<\/strong> Schreibe deinen Namen auf die R\u00fcckseite und lege sie in den Beh\u00e4lter, der in deinem Klassenzimmer stehen wird.<\/p>\n\n\n\n<p><strong>Kann ich jeden Tag ein Los bekommen? <\/strong>Ja, wenn du an diesem Morgen zu Fu\u00df, mit dem Fahrrad oder mit dem Roller unterwegs warst.<\/p>\n\n\n\n<p><strong>Was dann?<\/strong> Am Freitag werden die Beh\u00e4lter eingesammelt und aus jeder Klasse wird ein Los gezogen, das einen Preis gewinnt. Die Namen auf der R\u00fcckseite der Tombolalose sind also sehr wichtig.<\/p>\n\n\n\n<p><strong>Wer gewinnt den Goldenen Schuh?<\/strong> Die Klasse mit den meisten Tombolalosen gewinnt den umgewandelten Preis.<\/p>\n\n\n\n<p><em>Viel Gl\u00fcck!<\/em><\/p>\n\n\n\n<div style=\"height:60px\" aria-hidden=\"true\" class=\"wp-block-spacer\"><\/div>\n\n\n\n<figure class=\"wp-block-image size-full is-style-default\"><img loading=\"lazy\" decoding=\"async\" width=\"627\" height=\"345\" src=\"http:\/\/www.kilians.com\/wp-content\/uploads\/2024\/05\/BIke-Week-poster-1.jpg\" alt=\"\" class=\"wp-image-42210\"\/><\/figure>\n","protected":false},"excerpt":{"rendered":"<p>Am 13. Mai beginnt die Nationale Fahrradwoche, und das Green School Committee (GSC) in St. Kilian&#8217;s hat beschlossen, den Wettbewerb um den Goldenen Schuh wieder&#8230; <a class=\"find-out-more-link\" href=\"https:\/\/www.kilians.com\/de\/news\/2024\/nationale-fahrradwoche-2024\/\">Weiterlesen<\/a> <\/p>\n","protected":false},"author":1506,"featured_media":42210,"comment_status":"closed","ping_status":"closed","sticky":false,"template":"","format":"standard","meta":{"footnotes":""},"categories":[230,206,190,6,192,58,38],"tags":[],"class_list":{"0":"post-42211","1":"post","2":"type-post","3":"status-publish","4":"format-standard","5":"has-post-thumbnail","7":"category-230","8":"category-206","9":"category-ausserschulisches-angebot","10":"category-nachrichten","11":"category-primary-school-de","12":"category-sonstige-wettbewerbe","13":"category-wettbewerbe","14":"entry"},"yoast_head":"<!-- This site is optimized with the Yoast SEO plugin v17.2.1 - https:\/\/yoast.com\/wordpress\/plugins\/seo\/ -->\n<meta name=\"robots\" content=\"index, follow, max-snippet:-1, max-image-preview:large, max-video-preview:-1\" \/>\n<link rel=\"canonical\" href=\"https:\/\/www.kilians.com\/de\/news\/2024\/nationale-fahrradwoche-2024\/\" \/>\n<meta property=\"og:locale\" content=\"de_DE\" \/>\n<meta property=\"og:type\" content=\"article\" \/>\n<meta property=\"og:title\" content=\"Nationale Fahrradwoche 2024 - St. Kilian&#039;s German School, Dublin\" \/>\n<meta property=\"og:description\" content=\"Am 13. Mai beginnt die Nationale Fahrradwoche, und das Green School Committee (GSC) in St. Kilian&#8217;s hat beschlossen, den Wettbewerb um den Goldenen Schuh wieder... Weiterlesen\" \/>\n<meta property=\"og:url\" content=\"https:\/\/www.kilians.com\/de\/news\/2024\/nationale-fahrradwoche-2024\/\" \/>\n<meta property=\"og:site_name\" content=\"St. Kilian&#039;s German School, Dublin\" \/>\n<meta property=\"article:published_time\" content=\"2024-05-10T14:51:52+00:00\" \/>\n<meta property=\"article:modified_time\" content=\"2024-05-10T14:51:54+00:00\" \/>\n<meta property=\"og:image\" content=\"http:\/\/www.kilians.com\/wp-content\/uploads\/2024\/05\/BIke-Week-poster-1.jpg\" \/>\n\t<meta property=\"og:image:width\" content=\"627\" \/>\n\t<meta property=\"og:image:height\" content=\"345\" \/>\n<meta name=\"twitter:card\" content=\"summary\" \/>\n<meta name=\"twitter:label1\" content=\"Verfasst von\" \/>\n\t<meta name=\"twitter:data1\" content=\"Julia Bobenko\" \/>\n\t<meta name=\"twitter:label2\" content=\"Gesch\u00e4tzte Lesezeit\" \/>\n\t<meta name=\"twitter:data2\" content=\"1 minute\" \/>\n<script type=\"application\/ld+json\" class=\"yoast-schema-graph\">{\"@context\":\"https:\/\/schema.org\",\"@graph\":[{\"@type\":\"Organization\",\"@id\":\"https:\/\/www.kilians.com\/#organization\",\"name\":\"St. Kilian's\",\"url\":\"https:\/\/www.kilians.com\/\",\"sameAs\":[],\"logo\":{\"@type\":\"ImageObject\",\"@id\":\"https:\/\/www.kilians.com\/#logo\",\"inLanguage\":\"de-DE\",\"url\":\"https:\/\/www.kilians.com\/wp-content\/uploads\/2017\/02\/StKilians_MasterLogo_Colour-1.png\",\"contentUrl\":\"https:\/\/www.kilians.com\/wp-content\/uploads\/2017\/02\/StKilians_MasterLogo_Colour-1.png\",\"width\":768,\"height\":1240,\"caption\":\"St. Kilian's\"},\"image\":{\"@id\":\"https:\/\/www.kilians.com\/#logo\"}},{\"@type\":\"WebSite\",\"@id\":\"https:\/\/www.kilians.com\/#website\",\"url\":\"https:\/\/www.kilians.com\/\",\"name\":\"St. Kilian&#039;s German School, Dublin\",\"description\":\"\",\"publisher\":{\"@id\":\"https:\/\/www.kilians.com\/#organization\"},\"potentialAction\":[{\"@type\":\"SearchAction\",\"target\":{\"@type\":\"EntryPoint\",\"urlTemplate\":\"https:\/\/www.kilians.com\/?s={search_term_string}\"},\"query-input\":\"required name=search_term_string\"}],\"inLanguage\":\"de-DE\"},{\"@type\":\"ImageObject\",\"@id\":\"https:\/\/www.kilians.com\/de\/news\/2024\/nationale-fahrradwoche-2024\/#primaryimage\",\"inLanguage\":\"de-DE\",\"url\":\"https:\/\/www.kilians.com\/wp-content\/uploads\/2024\/05\/BIke-Week-poster-1.jpg\",\"contentUrl\":\"https:\/\/www.kilians.com\/wp-content\/uploads\/2024\/05\/BIke-Week-poster-1.jpg\",\"width\":627,\"height\":345},{\"@type\":\"WebPage\",\"@id\":\"https:\/\/www.kilians.com\/de\/news\/2024\/nationale-fahrradwoche-2024\/#webpage\",\"url\":\"https:\/\/www.kilians.com\/de\/news\/2024\/nationale-fahrradwoche-2024\/\",\"name\":\"Nationale Fahrradwoche 2024 - St. Kilian&#039;s German School, Dublin\",\"isPartOf\":{\"@id\":\"https:\/\/www.kilians.com\/#website\"},\"primaryImageOfPage\":{\"@id\":\"https:\/\/www.kilians.com\/de\/news\/2024\/nationale-fahrradwoche-2024\/#primaryimage\"},\"datePublished\":\"2024-05-10T14:51:52+00:00\",\"dateModified\":\"2024-05-10T14:51:54+00:00\",\"breadcrumb\":{\"@id\":\"https:\/\/www.kilians.com\/de\/news\/2024\/nationale-fahrradwoche-2024\/#breadcrumb\"},\"inLanguage\":\"de-DE\",\"potentialAction\":[{\"@type\":\"ReadAction\",\"target\":[\"https:\/\/www.kilians.com\/de\/news\/2024\/nationale-fahrradwoche-2024\/\"]}]},{\"@type\":\"BreadcrumbList\",\"@id\":\"https:\/\/www.kilians.com\/de\/news\/2024\/nationale-fahrradwoche-2024\/#breadcrumb\",\"itemListElement\":[{\"@type\":\"ListItem\",\"position\":1,\"name\":\"Home\",\"item\":\"https:\/\/www.kilians.com\/de\/\"},{\"@type\":\"ListItem\",\"position\":2,\"name\":\"Nationale Fahrradwoche 2024\"}]},{\"@type\":\"Article\",\"@id\":\"https:\/\/www.kilians.com\/de\/news\/2024\/nationale-fahrradwoche-2024\/#article\",\"isPartOf\":{\"@id\":\"https:\/\/www.kilians.com\/de\/news\/2024\/nationale-fahrradwoche-2024\/#webpage\"},\"author\":{\"@id\":\"https:\/\/www.kilians.com\/#\/schema\/person\/0d0ba718c246ee8eaf04df3226782e55\"},\"headline\":\"Nationale Fahrradwoche 2024\",\"datePublished\":\"2024-05-10T14:51:52+00:00\",\"dateModified\":\"2024-05-10T14:51:54+00:00\",\"mainEntityOfPage\":{\"@id\":\"https:\/\/www.kilians.com\/de\/news\/2024\/nationale-fahrradwoche-2024\/#webpage\"},\"wordCount\":203,\"publisher\":{\"@id\":\"https:\/\/www.kilians.com\/#organization\"},\"image\":{\"@id\":\"https:\/\/www.kilians.com\/de\/news\/2024\/nationale-fahrradwoche-2024\/#primaryimage\"},\"thumbnailUrl\":\"https:\/\/www.kilians.com\/wp-content\/uploads\/2024\/05\/BIke-Week-poster-1.jpg\",\"articleSection\":[\"190\",\"192\",\"Au\\u00dferschulisches Angebot\",\"Nachrichten\",\"Primary School\",\"Sonstige Wettbewerbe\",\"Wettbewerbe\"],\"inLanguage\":\"de-DE\"},{\"@type\":\"Person\",\"@id\":\"https:\/\/www.kilians.com\/#\/schema\/person\/0d0ba718c246ee8eaf04df3226782e55\",\"name\":\"Julia Bobenko\",\"url\":\"https:\/\/www.kilians.com\/de\/news\/author\/julia\/\"}]}<\/script>\n<!-- \/ Yoast SEO plugin. -->","yoast_head_json":{"robots":{"index":"index","follow":"follow","max-snippet":"max-snippet:-1","max-image-preview":"max-image-preview:large","max-video-preview":"max-video-preview:-1"},"canonical":"https:\/\/www.kilians.com\/de\/news\/2024\/nationale-fahrradwoche-2024\/","og_locale":"de_DE","og_type":"article","og_title":"Nationale Fahrradwoche 2024 - St. Kilian&#039;s German School, Dublin","og_description":"Am 13. Mai beginnt die Nationale Fahrradwoche, und das Green School Committee (GSC) in St. Kilian&#8217;s hat beschlossen, den Wettbewerb um den Goldenen Schuh wieder... Weiterlesen","og_url":"https:\/\/www.kilians.com\/de\/news\/2024\/nationale-fahrradwoche-2024\/","og_site_name":"St. Kilian&#039;s German School, Dublin","article_published_time":"2024-05-10T14:51:52+00:00","article_modified_time":"2024-05-10T14:51:54+00:00","og_image":[{"width":627,"height":345,"filesize":84311,"url":"http:\/\/www.kilians.com\/wp-content\/uploads\/2024\/05\/BIke-Week-poster-1.jpg","path":"\/nas\/content\/live\/kilians\/wp-content\/uploads\/2024\/05\/BIke-Week-poster-1.jpg","size":"full","id":42210,"alt":"","pixels":216315,"type":"image\/jpeg"}],"twitter_card":"summary","twitter_misc":{"Verfasst von":"Julia Bobenko","Gesch\u00e4tzte Lesezeit":"1 minute"},"schema":{"@context":"https:\/\/schema.org","@graph":[{"@type":"Organization","@id":"https:\/\/www.kilians.com\/#organization","name":"St. Kilian's","url":"https:\/\/www.kilians.com\/","sameAs":[],"logo":{"@type":"ImageObject","@id":"https:\/\/www.kilians.com\/#logo","inLanguage":"de-DE","url":"https:\/\/www.kilians.com\/wp-content\/uploads\/2017\/02\/StKilians_MasterLogo_Colour-1.png","contentUrl":"https:\/\/www.kilians.com\/wp-content\/uploads\/2017\/02\/StKilians_MasterLogo_Colour-1.png","width":768,"height":1240,"caption":"St. Kilian's"},"image":{"@id":"https:\/\/www.kilians.com\/#logo"}},{"@type":"WebSite","@id":"https:\/\/www.kilians.com\/#website","url":"https:\/\/www.kilians.com\/","name":"St. Kilian&#039;s German School, Dublin","description":"","publisher":{"@id":"https:\/\/www.kilians.com\/#organization"},"potentialAction":[{"@type":"SearchAction","target":{"@type":"EntryPoint","urlTemplate":"https:\/\/www.kilians.com\/?s={search_term_string}"},"query-input":"required name=search_term_string"}],"inLanguage":"de-DE"},{"@type":"ImageObject","@id":"https:\/\/www.kilians.com\/de\/news\/2024\/nationale-fahrradwoche-2024\/#primaryimage","inLanguage":"de-DE","url":"https:\/\/www.kilians.com\/wp-content\/uploads\/2024\/05\/BIke-Week-poster-1.jpg","contentUrl":"https:\/\/www.kilians.com\/wp-content\/uploads\/2024\/05\/BIke-Week-poster-1.jpg","width":627,"height":345},{"@type":"WebPage","@id":"https:\/\/www.kilians.com\/de\/news\/2024\/nationale-fahrradwoche-2024\/#webpage","url":"https:\/\/www.kilians.com\/de\/news\/2024\/nationale-fahrradwoche-2024\/","name":"Nationale Fahrradwoche 2024 - St. Kilian&#039;s German School, Dublin","isPartOf":{"@id":"https:\/\/www.kilians.com\/#website"},"primaryImageOfPage":{"@id":"https:\/\/www.kilians.com\/de\/news\/2024\/nationale-fahrradwoche-2024\/#primaryimage"},"datePublished":"2024-05-10T14:51:52+00:00","dateModified":"2024-05-10T14:51:54+00:00","breadcrumb":{"@id":"https:\/\/www.kilians.com\/de\/news\/2024\/nationale-fahrradwoche-2024\/#breadcrumb"},"inLanguage":"de-DE","potentialAction":[{"@type":"ReadAction","target":["https:\/\/www.kilians.com\/de\/news\/2024\/nationale-fahrradwoche-2024\/"]}]},{"@type":"BreadcrumbList","@id":"https:\/\/www.kilians.com\/de\/news\/2024\/nationale-fahrradwoche-2024\/#breadcrumb","itemListElement":[{"@type":"ListItem","position":1,"name":"Home","item":"https:\/\/www.kilians.com\/de\/"},{"@type":"ListItem","position":2,"name":"Nationale Fahrradwoche 2024"}]},{"@type":"Article","@id":"https:\/\/www.kilians.com\/de\/news\/2024\/nationale-fahrradwoche-2024\/#article","isPartOf":{"@id":"https:\/\/www.kilians.com\/de\/news\/2024\/nationale-fahrradwoche-2024\/#webpage"},"author":{"@id":"https:\/\/www.kilians.com\/#\/schema\/person\/0d0ba718c246ee8eaf04df3226782e55"},"headline":"Nationale Fahrradwoche 2024","datePublished":"2024-05-10T14:51:52+00:00","dateModified":"2024-05-10T14:51:54+00:00","mainEntityOfPage":{"@id":"https:\/\/www.kilians.com\/de\/news\/2024\/nationale-fahrradwoche-2024\/#webpage"},"wordCount":203,"publisher":{"@id":"https:\/\/www.kilians.com\/#organization"},"image":{"@id":"https:\/\/www.kilians.com\/de\/news\/2024\/nationale-fahrradwoche-2024\/#primaryimage"},"thumbnailUrl":"https:\/\/www.kilians.com\/wp-content\/uploads\/2024\/05\/BIke-Week-poster-1.jpg","articleSection":["190","192","Au\u00dferschulisches Angebot","Nachrichten","Primary School","Sonstige Wettbewerbe","Wettbewerbe"],"inLanguage":"de-DE"},{"@type":"Person","@id":"https:\/\/www.kilians.com\/#\/schema\/person\/0d0ba718c246ee8eaf04df3226782e55","name":"Julia Bobenko","url":"https:\/\/www.kilians.com\/de\/news\/author\/julia\/"}]}},"_links":{"self":[{"href":"https:\/\/www.kilians.com\/de\/wp-json\/wp\/v2\/posts\/42211\/"}],"collection":[{"href":"https:\/\/www.kilians.com\/de\/wp-json\/wp\/v2\/posts\/"}],"about":[{"href":"https:\/\/www.kilians.com\/de\/wp-json\/wp\/v2\/types\/post\/"}],"author":[{"embeddable":true,"href":"https:\/\/www.kilians.com\/de\/wp-json\/wp\/v2\/users\/1506\/"}],"replies":[{"embeddable":true,"href":"https:\/\/www.kilians.com\/de\/wp-json\/wp\/v2\/comments\/?post=42211"}],"version-history":[{"count":0,"href":"https:\/\/www.kilians.com\/de\/wp-json\/wp\/v2\/posts\/42211\/revisions\/"}],"wp:featuredmedia":[{"embeddable":true,"href":"https:\/\/www.kilians.com\/de\/wp-json\/wp\/v2\/media\/42210\/"}],"wp:attachment":[{"href":"https:\/\/www.kilians.com\/de\/wp-json\/wp\/v2\/media\/?parent=42211"}],"wp:term":[{"taxonomy":"category","embeddable":true,"href":"https:\/\/www.kilians.com\/de\/wp-json\/wp\/v2\/categories\/?post=42211"},{"taxonomy":"post_tag","embeddable":true,"href":"https:\/\/www.kilians.com\/de\/wp-json\/wp\/v2\/tags\/?post=42211"}],"curies":[{"name":"wp","href":"https:\/\/api.w.org\/{rel}","templated":true}]}}