{"id":42755,"date":"2024-09-20T14:06:38","date_gmt":"2024-09-20T13:06:38","guid":{"rendered":"https:\/\/www.kilians.com\/news\/2024\/national-fitness-day-2024\/"},"modified":"2024-09-20T14:10:14","modified_gmt":"2024-09-20T13:10:14","slug":"national-fitness-day-2024","status":"publish","type":"post","link":"https:\/\/www.kilians.com\/de\/news\/2024\/national-fitness-day-2024\/","title":{"rendered":"Nationaler Fitness-Tag 2024"},"content":{"rendered":"\n<p class=\"wp-block-paragraph\">Am Donnerstag, den 19. September feierte St. Kilian\u2019s den Nationalen Fitnesstag \u2013 eine landesweite Initiative, die jeweils am 23. September stattfindet vor dem Hintergrund einen gesunden Lebensstil zu f\u00f6rdern. Zu diesem Anlass hatte die Sportabteilung der Grundschule unter der Leitung von Frau Collins, Frau McMillan und Herr Arana einen Parcours mit tollen Aktivit\u00e4ten auf dem Sportplatz vorbereitet. Bei strahlendem Sonnenschein und bestem Wetter in diesem Jahr hatten alle viel Spa\u00df an der Bewegung. Herzlichen Gl\u00fcckwunsch an alle und vielen Dank an die Sportabteilung und alle beteiligten Lehrer f\u00fcr einen fantastischen Tag.<\/p>\n\n\n\n<div style=\"height:53px\" aria-hidden=\"true\" class=\"wp-block-spacer\"><\/div>\n\n\n\n<figure class=\"wp-block-gallery has-nested-images columns-default is-cropped wp-block-gallery-1 is-layout-flex wp-block-gallery-is-layout-flex\">\n<figure class=\"wp-block-image size-large\"><img loading=\"lazy\" decoding=\"async\" width=\"768\" height=\"1024\" data-id=\"42740\" src=\"https:\/\/www.kilians.com\/wp-content\/uploads\/2024\/09\/processed-2B8E1290-F91A-4476-9D7D-5A56C89AE7C9-768x1024.jpg\" alt=\"\" class=\"wp-image-42740\" srcset=\"https:\/\/www.kilians.com\/wp-content\/uploads\/2024\/09\/processed-2B8E1290-F91A-4476-9D7D-5A56C89AE7C9-768x1024.jpg 768w, https:\/\/www.kilians.com\/wp-content\/uploads\/2024\/09\/processed-2B8E1290-F91A-4476-9D7D-5A56C89AE7C9-1152x1536.jpg 1152w, https:\/\/www.kilians.com\/wp-content\/uploads\/2024\/09\/processed-2B8E1290-F91A-4476-9D7D-5A56C89AE7C9-750x1000.jpg 750w, https:\/\/www.kilians.com\/wp-content\/uploads\/2024\/09\/processed-2B8E1290-F91A-4476-9D7D-5A56C89AE7C9.jpg 1429w\" sizes=\"auto, (max-width: 768px) 100vw, 768px\" \/><\/figure>\n\n\n\n<figure class=\"wp-block-image size-large\"><img loading=\"lazy\" decoding=\"async\" width=\"769\" height=\"1024\" data-id=\"42742\" src=\"https:\/\/www.kilians.com\/wp-content\/uploads\/2024\/09\/processed-B40FFB5A-6722-445D-AEBA-A816A0E1B9EC-769x1024.jpg\" alt=\"\" class=\"wp-image-42742\" srcset=\"https:\/\/www.kilians.com\/wp-content\/uploads\/2024\/09\/processed-B40FFB5A-6722-445D-AEBA-A816A0E1B9EC-769x1024.jpg 769w, https:\/\/www.kilians.com\/wp-content\/uploads\/2024\/09\/processed-B40FFB5A-6722-445D-AEBA-A816A0E1B9EC-768x1023.jpg 768w, https:\/\/www.kilians.com\/wp-content\/uploads\/2024\/09\/processed-B40FFB5A-6722-445D-AEBA-A816A0E1B9EC-1153x1536.jpg 1153w, https:\/\/www.kilians.com\/wp-content\/uploads\/2024\/09\/processed-B40FFB5A-6722-445D-AEBA-A816A0E1B9EC-750x999.jpg 750w, https:\/\/www.kilians.com\/wp-content\/uploads\/2024\/09\/processed-B40FFB5A-6722-445D-AEBA-A816A0E1B9EC.jpg 1425w\" sizes=\"auto, (max-width: 769px) 100vw, 769px\" \/><\/figure>\n\n\n\n<figure class=\"wp-block-image size-large\"><img loading=\"lazy\" decoding=\"async\" width=\"1024\" height=\"768\" data-id=\"42744\" src=\"https:\/\/www.kilians.com\/wp-content\/uploads\/2024\/09\/20240919_110504-1024x768.jpg\" alt=\"\" class=\"wp-image-42744\" srcset=\"https:\/\/www.kilians.com\/wp-content\/uploads\/2024\/09\/20240919_110504-1024x768.jpg 1024w, https:\/\/www.kilians.com\/wp-content\/uploads\/2024\/09\/20240919_110504-768x576.jpg 768w, https:\/\/www.kilians.com\/wp-content\/uploads\/2024\/09\/20240919_110504-1536x1152.jpg 1536w, https:\/\/www.kilians.com\/wp-content\/uploads\/2024\/09\/20240919_110504-2048x1536.jpg 2048w, https:\/\/www.kilians.com\/wp-content\/uploads\/2024\/09\/20240919_110504-750x563.jpg 750w\" sizes=\"auto, (max-width: 1024px) 100vw, 1024px\" \/><\/figure>\n\n\n\n<figure class=\"wp-block-image size-large\"><img loading=\"lazy\" decoding=\"async\" width=\"1024\" height=\"768\" data-id=\"42746\" src=\"https:\/\/www.kilians.com\/wp-content\/uploads\/2024\/09\/0aea939b-1bcd-4ed2-95e6-63551b1d7d23-1024x768.jpg\" alt=\"\" class=\"wp-image-42746\" srcset=\"https:\/\/www.kilians.com\/wp-content\/uploads\/2024\/09\/0aea939b-1bcd-4ed2-95e6-63551b1d7d23-1024x768.jpg 1024w, https:\/\/www.kilians.com\/wp-content\/uploads\/2024\/09\/0aea939b-1bcd-4ed2-95e6-63551b1d7d23-768x576.jpg 768w, https:\/\/www.kilians.com\/wp-content\/uploads\/2024\/09\/0aea939b-1bcd-4ed2-95e6-63551b1d7d23-1536x1152.jpg 1536w, https:\/\/www.kilians.com\/wp-content\/uploads\/2024\/09\/0aea939b-1bcd-4ed2-95e6-63551b1d7d23-750x563.jpg 750w, https:\/\/www.kilians.com\/wp-content\/uploads\/2024\/09\/0aea939b-1bcd-4ed2-95e6-63551b1d7d23.jpg 2017w\" sizes=\"auto, (max-width: 1024px) 100vw, 1024px\" \/><\/figure>\n\n\n\n<figure class=\"wp-block-image size-large\"><img loading=\"lazy\" decoding=\"async\" width=\"633\" height=\"475\" data-id=\"42752\" src=\"https:\/\/www.kilians.com\/wp-content\/uploads\/2024\/09\/NFD5.jpg\" alt=\"\" class=\"wp-image-42752\"\/><\/figure>\n<\/figure>\n","protected":false},"excerpt":{"rendered":"<p>Am Donnerstag, den 19. September feierte St. Kilian\u2019s den Nationalen Fitnesstag \u2013 eine landesweite Initiative, die jeweils am 23. September stattfindet vor dem Hintergrund einen&#8230; <a class=\"find-out-more-link\" href=\"https:\/\/www.kilians.com\/de\/news\/2024\/national-fitness-day-2024\/\">Weiterlesen<\/a> <\/p>\n","protected":false},"author":1506,"featured_media":42745,"comment_status":"closed","ping_status":"closed","sticky":false,"template":"","format":"standard","meta":{"footnotes":""},"categories":[245,6,191,192,42],"tags":[],"class_list":["post-42755","post","type-post","status-publish","format-standard","has-post-thumbnail","category-active-school-de","category-nachrichten","category-parents-newsde","category-primary-school-de","category-sportnachrichten","entry"],"yoast_head":"<!-- This site is optimized with the Yoast SEO plugin v17.2.1 - https:\/\/yoast.com\/wordpress\/plugins\/seo\/ -->\n<meta name=\"robots\" content=\"index, follow, max-snippet:-1, max-image-preview:large, max-video-preview:-1\" \/>\n<link rel=\"canonical\" href=\"https:\/\/www.kilians.com\/de\/news\/2024\/national-fitness-day-2024\/\" \/>\n<meta property=\"og:locale\" content=\"de_DE\" \/>\n<meta property=\"og:type\" content=\"article\" \/>\n<meta property=\"og:title\" content=\"Nationaler Fitness-Tag 2024 - St. Kilian&#039;s German School, Dublin\" \/>\n<meta property=\"og:description\" content=\"Am Donnerstag, den 19. September feierte St. Kilian\u2019s den Nationalen Fitnesstag \u2013 eine landesweite Initiative, die jeweils am 23. September stattfindet vor dem Hintergrund einen... Weiterlesen\" \/>\n<meta property=\"og:url\" content=\"https:\/\/www.kilians.com\/de\/news\/2024\/national-fitness-day-2024\/\" \/>\n<meta property=\"og:site_name\" content=\"St. Kilian&#039;s German School, Dublin\" \/>\n<meta property=\"article:published_time\" content=\"2024-09-20T13:06:38+00:00\" \/>\n<meta property=\"article:modified_time\" content=\"2024-09-20T13:10:14+00:00\" \/>\n<meta property=\"og:image\" content=\"http:\/\/www.kilians.com\/wp-content\/uploads\/2024\/09\/20240919_110504.jpg\" \/>\n\t<meta property=\"og:image:width\" content=\"2080\" \/>\n\t<meta property=\"og:image:height\" content=\"1560\" \/>\n<meta name=\"twitter:card\" content=\"summary\" \/>\n<meta name=\"twitter:label1\" content=\"Verfasst von\" \/>\n\t<meta name=\"twitter:data1\" content=\"Julia Bobenko\" \/>\n<script type=\"application\/ld+json\" class=\"yoast-schema-graph\">{\"@context\":\"https:\/\/schema.org\",\"@graph\":[{\"@type\":\"Organization\",\"@id\":\"https:\/\/www.kilians.com\/#organization\",\"name\":\"St. Kilian's\",\"url\":\"https:\/\/www.kilians.com\/\",\"sameAs\":[],\"logo\":{\"@type\":\"ImageObject\",\"@id\":\"https:\/\/www.kilians.com\/#logo\",\"inLanguage\":\"de-DE\",\"url\":\"https:\/\/www.kilians.com\/wp-content\/uploads\/2017\/02\/StKilians_MasterLogo_Colour-1.png\",\"contentUrl\":\"https:\/\/www.kilians.com\/wp-content\/uploads\/2017\/02\/StKilians_MasterLogo_Colour-1.png\",\"width\":768,\"height\":1240,\"caption\":\"St. Kilian's\"},\"image\":{\"@id\":\"https:\/\/www.kilians.com\/#logo\"}},{\"@type\":\"WebSite\",\"@id\":\"https:\/\/www.kilians.com\/#website\",\"url\":\"https:\/\/www.kilians.com\/\",\"name\":\"St. Kilian&#039;s German School, Dublin\",\"description\":\"\",\"publisher\":{\"@id\":\"https:\/\/www.kilians.com\/#organization\"},\"potentialAction\":[{\"@type\":\"SearchAction\",\"target\":{\"@type\":\"EntryPoint\",\"urlTemplate\":\"https:\/\/www.kilians.com\/?s={search_term_string}\"},\"query-input\":\"required name=search_term_string\"}],\"inLanguage\":\"de-DE\"},{\"@type\":\"ImageObject\",\"@id\":\"https:\/\/www.kilians.com\/de\/news\/2024\/national-fitness-day-2024\/#primaryimage\",\"inLanguage\":\"de-DE\",\"url\":\"https:\/\/www.kilians.com\/wp-content\/uploads\/2024\/09\/20240919_110504.jpg\",\"contentUrl\":\"https:\/\/www.kilians.com\/wp-content\/uploads\/2024\/09\/20240919_110504.jpg\",\"width\":2080,\"height\":1560},{\"@type\":\"WebPage\",\"@id\":\"https:\/\/www.kilians.com\/de\/news\/2024\/national-fitness-day-2024\/#webpage\",\"url\":\"https:\/\/www.kilians.com\/de\/news\/2024\/national-fitness-day-2024\/\",\"name\":\"Nationaler Fitness-Tag 2024 - St. Kilian&#039;s German School, Dublin\",\"isPartOf\":{\"@id\":\"https:\/\/www.kilians.com\/#website\"},\"primaryImageOfPage\":{\"@id\":\"https:\/\/www.kilians.com\/de\/news\/2024\/national-fitness-day-2024\/#primaryimage\"},\"datePublished\":\"2024-09-20T13:06:38+00:00\",\"dateModified\":\"2024-09-20T13:10:14+00:00\",\"breadcrumb\":{\"@id\":\"https:\/\/www.kilians.com\/de\/news\/2024\/national-fitness-day-2024\/#breadcrumb\"},\"inLanguage\":\"de-DE\",\"potentialAction\":[{\"@type\":\"ReadAction\",\"target\":[\"https:\/\/www.kilians.com\/de\/news\/2024\/national-fitness-day-2024\/\"]}]},{\"@type\":\"BreadcrumbList\",\"@id\":\"https:\/\/www.kilians.com\/de\/news\/2024\/national-fitness-day-2024\/#breadcrumb\",\"itemListElement\":[{\"@type\":\"ListItem\",\"position\":1,\"name\":\"Home\",\"item\":\"https:\/\/www.kilians.com\/de\/\"},{\"@type\":\"ListItem\",\"position\":2,\"name\":\"Nationaler Fitness-Tag 2024\"}]},{\"@type\":\"Article\",\"@id\":\"https:\/\/www.kilians.com\/de\/news\/2024\/national-fitness-day-2024\/#article\",\"isPartOf\":{\"@id\":\"https:\/\/www.kilians.com\/de\/news\/2024\/national-fitness-day-2024\/#webpage\"},\"author\":{\"@id\":\"https:\/\/www.kilians.com\/#\/schema\/person\/0d0ba718c246ee8eaf04df3226782e55\"},\"headline\":\"Nationaler Fitness-Tag 2024\",\"datePublished\":\"2024-09-20T13:06:38+00:00\",\"dateModified\":\"2024-09-20T13:10:14+00:00\",\"mainEntityOfPage\":{\"@id\":\"https:\/\/www.kilians.com\/de\/news\/2024\/national-fitness-day-2024\/#webpage\"},\"wordCount\":95,\"publisher\":{\"@id\":\"https:\/\/www.kilians.com\/#organization\"},\"image\":{\"@id\":\"https:\/\/www.kilians.com\/de\/news\/2024\/national-fitness-day-2024\/#primaryimage\"},\"thumbnailUrl\":\"https:\/\/www.kilians.com\/wp-content\/uploads\/2024\/09\/20240919_110504.jpg\",\"articleSection\":[\"Active School\",\"Nachrichten\",\"Parent's news(de)\",\"Primary School\",\"Sportnachrichten\"],\"inLanguage\":\"de-DE\"},{\"@type\":\"Person\",\"@id\":\"https:\/\/www.kilians.com\/#\/schema\/person\/0d0ba718c246ee8eaf04df3226782e55\",\"name\":\"Julia Bobenko\",\"url\":\"https:\/\/www.kilians.com\/de\/news\/author\/julia\/\"}]}<\/script>\n<!-- \/ Yoast SEO plugin. -->","yoast_head_json":{"robots":{"index":"index","follow":"follow","max-snippet":"max-snippet:-1","max-image-preview":"max-image-preview:large","max-video-preview":"max-video-preview:-1"},"canonical":"https:\/\/www.kilians.com\/de\/news\/2024\/national-fitness-day-2024\/","og_locale":"de_DE","og_type":"article","og_title":"Nationaler Fitness-Tag 2024 - St. Kilian&#039;s German School, Dublin","og_description":"Am Donnerstag, den 19. September feierte St. Kilian\u2019s den Nationalen Fitnesstag \u2013 eine landesweite Initiative, die jeweils am 23. September stattfindet vor dem Hintergrund einen... Weiterlesen","og_url":"https:\/\/www.kilians.com\/de\/news\/2024\/national-fitness-day-2024\/","og_site_name":"St. Kilian&#039;s German School, Dublin","article_published_time":"2024-09-20T13:06:38+00:00","article_modified_time":"2024-09-20T13:10:14+00:00","og_image":[{"width":2080,"height":1560,"filesize":459572,"url":"http:\/\/www.kilians.com\/wp-content\/uploads\/2024\/09\/20240919_110504.jpg","path":"\/nas\/content\/live\/kilians\/wp-content\/uploads\/2024\/09\/20240919_110504.jpg","size":"full","id":42745,"alt":"","pixels":3244800,"type":"image\/jpeg"}],"twitter_card":"summary","twitter_misc":{"Verfasst von":"Julia Bobenko"},"schema":{"@context":"https:\/\/schema.org","@graph":[{"@type":"Organization","@id":"https:\/\/www.kilians.com\/#organization","name":"St. Kilian's","url":"https:\/\/www.kilians.com\/","sameAs":[],"logo":{"@type":"ImageObject","@id":"https:\/\/www.kilians.com\/#logo","inLanguage":"de-DE","url":"https:\/\/www.kilians.com\/wp-content\/uploads\/2017\/02\/StKilians_MasterLogo_Colour-1.png","contentUrl":"https:\/\/www.kilians.com\/wp-content\/uploads\/2017\/02\/StKilians_MasterLogo_Colour-1.png","width":768,"height":1240,"caption":"St. Kilian's"},"image":{"@id":"https:\/\/www.kilians.com\/#logo"}},{"@type":"WebSite","@id":"https:\/\/www.kilians.com\/#website","url":"https:\/\/www.kilians.com\/","name":"St. Kilian&#039;s German School, Dublin","description":"","publisher":{"@id":"https:\/\/www.kilians.com\/#organization"},"potentialAction":[{"@type":"SearchAction","target":{"@type":"EntryPoint","urlTemplate":"https:\/\/www.kilians.com\/?s={search_term_string}"},"query-input":"required name=search_term_string"}],"inLanguage":"de-DE"},{"@type":"ImageObject","@id":"https:\/\/www.kilians.com\/de\/news\/2024\/national-fitness-day-2024\/#primaryimage","inLanguage":"de-DE","url":"https:\/\/www.kilians.com\/wp-content\/uploads\/2024\/09\/20240919_110504.jpg","contentUrl":"https:\/\/www.kilians.com\/wp-content\/uploads\/2024\/09\/20240919_110504.jpg","width":2080,"height":1560},{"@type":"WebPage","@id":"https:\/\/www.kilians.com\/de\/news\/2024\/national-fitness-day-2024\/#webpage","url":"https:\/\/www.kilians.com\/de\/news\/2024\/national-fitness-day-2024\/","name":"Nationaler Fitness-Tag 2024 - St. Kilian&#039;s German School, Dublin","isPartOf":{"@id":"https:\/\/www.kilians.com\/#website"},"primaryImageOfPage":{"@id":"https:\/\/www.kilians.com\/de\/news\/2024\/national-fitness-day-2024\/#primaryimage"},"datePublished":"2024-09-20T13:06:38+00:00","dateModified":"2024-09-20T13:10:14+00:00","breadcrumb":{"@id":"https:\/\/www.kilians.com\/de\/news\/2024\/national-fitness-day-2024\/#breadcrumb"},"inLanguage":"de-DE","potentialAction":[{"@type":"ReadAction","target":["https:\/\/www.kilians.com\/de\/news\/2024\/national-fitness-day-2024\/"]}]},{"@type":"BreadcrumbList","@id":"https:\/\/www.kilians.com\/de\/news\/2024\/national-fitness-day-2024\/#breadcrumb","itemListElement":[{"@type":"ListItem","position":1,"name":"Home","item":"https:\/\/www.kilians.com\/de\/"},{"@type":"ListItem","position":2,"name":"Nationaler Fitness-Tag 2024"}]},{"@type":"Article","@id":"https:\/\/www.kilians.com\/de\/news\/2024\/national-fitness-day-2024\/#article","isPartOf":{"@id":"https:\/\/www.kilians.com\/de\/news\/2024\/national-fitness-day-2024\/#webpage"},"author":{"@id":"https:\/\/www.kilians.com\/#\/schema\/person\/0d0ba718c246ee8eaf04df3226782e55"},"headline":"Nationaler Fitness-Tag 2024","datePublished":"2024-09-20T13:06:38+00:00","dateModified":"2024-09-20T13:10:14+00:00","mainEntityOfPage":{"@id":"https:\/\/www.kilians.com\/de\/news\/2024\/national-fitness-day-2024\/#webpage"},"wordCount":95,"publisher":{"@id":"https:\/\/www.kilians.com\/#organization"},"image":{"@id":"https:\/\/www.kilians.com\/de\/news\/2024\/national-fitness-day-2024\/#primaryimage"},"thumbnailUrl":"https:\/\/www.kilians.com\/wp-content\/uploads\/2024\/09\/20240919_110504.jpg","articleSection":["Active School","Nachrichten","Parent's news(de)","Primary School","Sportnachrichten"],"inLanguage":"de-DE"},{"@type":"Person","@id":"https:\/\/www.kilians.com\/#\/schema\/person\/0d0ba718c246ee8eaf04df3226782e55","name":"Julia Bobenko","url":"https:\/\/www.kilians.com\/de\/news\/author\/julia\/"}]}},"_links":{"self":[{"href":"https:\/\/www.kilians.com\/de\/wp-json\/wp\/v2\/posts\/42755\/"}],"collection":[{"href":"https:\/\/www.kilians.com\/de\/wp-json\/wp\/v2\/posts\/"}],"about":[{"href":"https:\/\/www.kilians.com\/de\/wp-json\/wp\/v2\/types\/post\/"}],"author":[{"embeddable":true,"href":"https:\/\/www.kilians.com\/de\/wp-json\/wp\/v2\/users\/1506\/"}],"replies":[{"embeddable":true,"href":"https:\/\/www.kilians.com\/de\/wp-json\/wp\/v2\/comments\/?post=42755"}],"version-history":[{"count":0,"href":"https:\/\/www.kilians.com\/de\/wp-json\/wp\/v2\/posts\/42755\/revisions\/"}],"wp:featuredmedia":[{"embeddable":true,"href":"https:\/\/www.kilians.com\/de\/wp-json\/wp\/v2\/media\/42745\/"}],"wp:attachment":[{"href":"https:\/\/www.kilians.com\/de\/wp-json\/wp\/v2\/media\/?parent=42755"}],"wp:term":[{"taxonomy":"category","embeddable":true,"href":"https:\/\/www.kilians.com\/de\/wp-json\/wp\/v2\/categories\/?post=42755"},{"taxonomy":"post_tag","embeddable":true,"href":"https:\/\/www.kilians.com\/de\/wp-json\/wp\/v2\/tags\/?post=42755"}],"curies":[{"name":"wp","href":"https:\/\/api.w.org\/{rel}","templated":true}]}}