{"id":42948,"date":"2024-09-25T16:18:27","date_gmt":"2024-09-25T15:18:27","guid":{"rendered":"https:\/\/www.kilians.com\/news\/2024\/2nd-place-for-st-kilians-at-the-europaspiele-2024\/"},"modified":"2024-10-21T16:39:45","modified_gmt":"2024-10-21T15:39:45","slug":"2nd-place-for-st-kilians-at-the-europaspiele-2024","status":"publish","type":"post","link":"https:\/\/www.kilians.com\/de\/news\/2024\/2nd-place-for-st-kilians-at-the-europaspiele-2024\/","title":{"rendered":"St. Kilian\u2019s macht den 2. Platz bei den Europaspielen 2024"},"content":{"rendered":"\n<p>An Wochenende vom 20.-22. September 2024 richtete die Internationale Deutsche Schule in Br\u00fcssel (<a href=\"https:\/\/www.idsb.eu\/en\/home\/\" data-type=\"link\" data-id=\"https:\/\/www.idsb.eu\/en\/home\/\">iDSB<\/a>) zum 6. Mal die Europaspiele 2024 aus, an denen Mannschaften von Deutschen Auslandsschulen aus Polen, Frankreich, der Schweiz, den Niederlanden, Irland und Deutschland teilnahmen. Es gab mehrere spannende Turniere und Wettbewerbe in Leichtathletik, Fu\u00dfball, Basketball und Volleyball. Herzlichen Gl\u00fcckwunsch an unser Team bestehend aus Sch\u00fclerinnen und Sch\u00fclern der 11. und 12. Klasse, das den 2. Platz im Gesamtturnier, den 1. Platz im Basketball, den 2. Platz in Leichtathletik und Fussball und den 7. Platz im Volleyball erreichte. Sie haben der Schule alle Ehre gemacht und ein hohes Ma\u00df an Einsatz, Arbeitstempo und Engagement an den Tag gelegt. Auch herzliche Gl\u00fcckwunsche an die Sporttrainerinnen Frau Shannon und Frau Gotthardt. Vielen Dank an die Internationale Deutsche Schule Br\u00fcssel f\u00fcr die Ausrichtung dieser fantastischen Veranstaltung und herzlichen Gl\u00fcckwunsch an alle Teams, die an dem Turnier teilgenommen haben, sowie an das Siegerteam aus Genf.<\/p>\n\n\n\n<div style=\"height:74px\" aria-hidden=\"true\" class=\"wp-block-spacer\"><\/div>\n\n\n\n<figure class=\"wp-block-gallery has-nested-images columns-default is-cropped wp-block-gallery-1 is-layout-flex wp-block-gallery-is-layout-flex\">\n<figure class=\"wp-block-image size-large\"><img decoding=\"async\" data-id=\"42936\" src=\"https:\/\/www.kilians.com\/wp-content\/uploads\/2024\/10\/IMG_7564-1024x768.jpeg\" alt=\"\" class=\"wp-image-42936\"\/><\/figure>\n\n\n\n<figure class=\"wp-block-image size-large\"><img decoding=\"async\" data-id=\"42938\" src=\"https:\/\/www.kilians.com\/wp-content\/uploads\/2024\/10\/IMG_7576-1024x768.jpeg\" alt=\"\" class=\"wp-image-42938\"\/><\/figure>\n\n\n\n<figure class=\"wp-block-image size-large\"><img loading=\"lazy\" decoding=\"async\" width=\"768\" height=\"783\" data-id=\"42940\" src=\"https:\/\/www.kilians.com\/wp-content\/uploads\/2024\/10\/eu5.jpg\" alt=\"\" class=\"wp-image-42940\" srcset=\"https:\/\/www.kilians.com\/wp-content\/uploads\/2024\/10\/eu5.jpg 768w, https:\/\/www.kilians.com\/wp-content\/uploads\/2024\/10\/eu5-750x765.jpg 750w\" sizes=\"auto, (max-width: 768px) 100vw, 768px\" \/><\/figure>\n\n\n\n<figure class=\"wp-block-image size-large\"><img loading=\"lazy\" decoding=\"async\" width=\"768\" height=\"1024\" data-id=\"42942\" src=\"https:\/\/www.kilians.com\/wp-content\/uploads\/2024\/10\/448a7731-534b-45b4-9798-65825d5bd134-768x1024.jpeg\" alt=\"\" class=\"wp-image-42942\" srcset=\"https:\/\/www.kilians.com\/wp-content\/uploads\/2024\/10\/448a7731-534b-45b4-9798-65825d5bd134-768x1024.jpeg 768w, https:\/\/www.kilians.com\/wp-content\/uploads\/2024\/10\/448a7731-534b-45b4-9798-65825d5bd134-1152x1536.jpeg 1152w, https:\/\/www.kilians.com\/wp-content\/uploads\/2024\/10\/448a7731-534b-45b4-9798-65825d5bd134-750x1000.jpeg 750w, https:\/\/www.kilians.com\/wp-content\/uploads\/2024\/10\/448a7731-534b-45b4-9798-65825d5bd134.jpeg 1200w\" sizes=\"auto, (max-width: 768px) 100vw, 768px\" \/><\/figure>\n\n\n\n<figure class=\"wp-block-image size-large\"><img loading=\"lazy\" decoding=\"async\" width=\"1024\" height=\"1008\" data-id=\"42944\" src=\"https:\/\/www.kilians.com\/wp-content\/uploads\/2024\/10\/IMG_1888-1024x1008.jpg\" alt=\"\" class=\"wp-image-42944\" srcset=\"https:\/\/www.kilians.com\/wp-content\/uploads\/2024\/10\/IMG_1888-1024x1008.jpg 1024w, https:\/\/www.kilians.com\/wp-content\/uploads\/2024\/10\/IMG_1888-768x756.jpg 768w, https:\/\/www.kilians.com\/wp-content\/uploads\/2024\/10\/IMG_1888-750x738.jpg 750w, https:\/\/www.kilians.com\/wp-content\/uploads\/2024\/10\/IMG_1888.jpg 1124w\" sizes=\"auto, (max-width: 1024px) 100vw, 1024px\" \/><figcaption class=\"wp-element-caption\">Screenshot<\/figcaption><\/figure>\n\n\n\n<figure class=\"wp-block-image size-large\"><img loading=\"lazy\" decoding=\"async\" width=\"1024\" height=\"996\" data-id=\"42946\" src=\"https:\/\/www.kilians.com\/wp-content\/uploads\/2024\/10\/IMG_1889-1024x996.jpg\" alt=\"\" class=\"wp-image-42946\" srcset=\"https:\/\/www.kilians.com\/wp-content\/uploads\/2024\/10\/IMG_1889-1024x996.jpg 1024w, https:\/\/www.kilians.com\/wp-content\/uploads\/2024\/10\/IMG_1889-768x747.jpg 768w, https:\/\/www.kilians.com\/wp-content\/uploads\/2024\/10\/IMG_1889-750x729.jpg 750w, https:\/\/www.kilians.com\/wp-content\/uploads\/2024\/10\/IMG_1889.jpg 1124w\" sizes=\"auto, (max-width: 1024px) 100vw, 1024px\" \/><figcaption class=\"wp-element-caption\">Screenshot<\/figcaption><\/figure>\n<\/figure>\n","protected":false},"excerpt":{"rendered":"<p>An Wochenende vom 20.-22. September 2024 richtete die Internationale Deutsche Schule in Br\u00fcssel (iDSB) zum 6. Mal die Europaspiele 2024 aus, an denen Mannschaften von&#8230; <a class=\"find-out-more-link\" href=\"https:\/\/www.kilians.com\/de\/news\/2024\/2nd-place-for-st-kilians-at-the-europaspiele-2024\/\">Weiterlesen<\/a> <\/p>\n","protected":false},"author":1506,"featured_media":42939,"comment_status":"closed","ping_status":"closed","sticky":false,"template":"","format":"standard","meta":{"footnotes":""},"categories":[190,6,52,42,40],"tags":[],"class_list":{"0":"post-42948","1":"post","2":"type-post","3":"status-publish","4":"format-standard","5":"has-post-thumbnail","7":"category-ausserschulisches-angebot","8":"category-nachrichten","9":"category-sekundarstufe","10":"category-sportnachrichten","11":"category-schulveranstaltungen","12":"entry"},"yoast_head":"<!-- This site is optimized with the Yoast SEO plugin v17.2.1 - https:\/\/yoast.com\/wordpress\/plugins\/seo\/ -->\n<meta name=\"robots\" content=\"index, follow, max-snippet:-1, max-image-preview:large, max-video-preview:-1\" \/>\n<link rel=\"canonical\" href=\"https:\/\/www.kilians.com\/de\/news\/2024\/2nd-place-for-st-kilians-at-the-europaspiele-2024\/\" \/>\n<meta property=\"og:locale\" content=\"de_DE\" \/>\n<meta property=\"og:type\" content=\"article\" \/>\n<meta property=\"og:title\" content=\"St. Kilian\u2019s macht den 2. Platz bei den Europaspielen 2024 - St. Kilian&#039;s German School, Dublin\" \/>\n<meta property=\"og:description\" content=\"An Wochenende vom 20.-22. September 2024 richtete die Internationale Deutsche Schule in Br\u00fcssel (iDSB) zum 6. Mal die Europaspiele 2024 aus, an denen Mannschaften von... Weiterlesen\" \/>\n<meta property=\"og:url\" content=\"https:\/\/www.kilians.com\/de\/news\/2024\/2nd-place-for-st-kilians-at-the-europaspiele-2024\/\" \/>\n<meta property=\"og:site_name\" content=\"St. Kilian&#039;s German School, Dublin\" \/>\n<meta property=\"article:published_time\" content=\"2024-09-25T15:18:27+00:00\" \/>\n<meta property=\"article:modified_time\" content=\"2024-10-21T15:39:45+00:00\" \/>\n<meta property=\"og:image\" content=\"http:\/\/www.kilians.com\/wp-content\/uploads\/2024\/10\/IMG_7576.jpeg\" \/>\n\t<meta property=\"og:image:width\" content=\"2560\" \/>\n\t<meta property=\"og:image:height\" content=\"1920\" \/>\n<meta name=\"twitter:card\" content=\"summary\" \/>\n<meta name=\"twitter:label1\" content=\"Verfasst von\" \/>\n\t<meta name=\"twitter:data1\" content=\"Julia Bobenko\" \/>\n\t<meta name=\"twitter:label2\" content=\"Gesch\u00e4tzte Lesezeit\" \/>\n\t<meta name=\"twitter:data2\" content=\"1 minute\" \/>\n<script type=\"application\/ld+json\" class=\"yoast-schema-graph\">{\"@context\":\"https:\/\/schema.org\",\"@graph\":[{\"@type\":\"Organization\",\"@id\":\"https:\/\/www.kilians.com\/#organization\",\"name\":\"St. Kilian's\",\"url\":\"https:\/\/www.kilians.com\/\",\"sameAs\":[],\"logo\":{\"@type\":\"ImageObject\",\"@id\":\"https:\/\/www.kilians.com\/#logo\",\"inLanguage\":\"de-DE\",\"url\":\"https:\/\/www.kilians.com\/wp-content\/uploads\/2017\/02\/StKilians_MasterLogo_Colour-1.png\",\"contentUrl\":\"https:\/\/www.kilians.com\/wp-content\/uploads\/2017\/02\/StKilians_MasterLogo_Colour-1.png\",\"width\":768,\"height\":1240,\"caption\":\"St. Kilian's\"},\"image\":{\"@id\":\"https:\/\/www.kilians.com\/#logo\"}},{\"@type\":\"WebSite\",\"@id\":\"https:\/\/www.kilians.com\/#website\",\"url\":\"https:\/\/www.kilians.com\/\",\"name\":\"St. Kilian&#039;s German School, Dublin\",\"description\":\"\",\"publisher\":{\"@id\":\"https:\/\/www.kilians.com\/#organization\"},\"potentialAction\":[{\"@type\":\"SearchAction\",\"target\":{\"@type\":\"EntryPoint\",\"urlTemplate\":\"https:\/\/www.kilians.com\/?s={search_term_string}\"},\"query-input\":\"required name=search_term_string\"}],\"inLanguage\":\"de-DE\"},{\"@type\":\"ImageObject\",\"@id\":\"https:\/\/www.kilians.com\/de\/news\/2024\/2nd-place-for-st-kilians-at-the-europaspiele-2024\/#primaryimage\",\"inLanguage\":\"de-DE\",\"url\":\"https:\/\/www.kilians.com\/wp-content\/uploads\/2024\/10\/IMG_7576-scaled.jpeg\",\"contentUrl\":\"https:\/\/www.kilians.com\/wp-content\/uploads\/2024\/10\/IMG_7576-scaled.jpeg\",\"width\":2560,\"height\":1920},{\"@type\":\"WebPage\",\"@id\":\"https:\/\/www.kilians.com\/de\/news\/2024\/2nd-place-for-st-kilians-at-the-europaspiele-2024\/#webpage\",\"url\":\"https:\/\/www.kilians.com\/de\/news\/2024\/2nd-place-for-st-kilians-at-the-europaspiele-2024\/\",\"name\":\"St. Kilian\\u2019s macht den 2. Platz bei den Europaspielen 2024 - St. Kilian&#039;s German School, Dublin\",\"isPartOf\":{\"@id\":\"https:\/\/www.kilians.com\/#website\"},\"primaryImageOfPage\":{\"@id\":\"https:\/\/www.kilians.com\/de\/news\/2024\/2nd-place-for-st-kilians-at-the-europaspiele-2024\/#primaryimage\"},\"datePublished\":\"2024-09-25T15:18:27+00:00\",\"dateModified\":\"2024-10-21T15:39:45+00:00\",\"breadcrumb\":{\"@id\":\"https:\/\/www.kilians.com\/de\/news\/2024\/2nd-place-for-st-kilians-at-the-europaspiele-2024\/#breadcrumb\"},\"inLanguage\":\"de-DE\",\"potentialAction\":[{\"@type\":\"ReadAction\",\"target\":[\"https:\/\/www.kilians.com\/de\/news\/2024\/2nd-place-for-st-kilians-at-the-europaspiele-2024\/\"]}]},{\"@type\":\"BreadcrumbList\",\"@id\":\"https:\/\/www.kilians.com\/de\/news\/2024\/2nd-place-for-st-kilians-at-the-europaspiele-2024\/#breadcrumb\",\"itemListElement\":[{\"@type\":\"ListItem\",\"position\":1,\"name\":\"Home\",\"item\":\"https:\/\/www.kilians.com\/de\/\"},{\"@type\":\"ListItem\",\"position\":2,\"name\":\"St. Kilian\\u2019s macht den 2. Platz bei den Europaspielen 2024\"}]},{\"@type\":\"Article\",\"@id\":\"https:\/\/www.kilians.com\/de\/news\/2024\/2nd-place-for-st-kilians-at-the-europaspiele-2024\/#article\",\"isPartOf\":{\"@id\":\"https:\/\/www.kilians.com\/de\/news\/2024\/2nd-place-for-st-kilians-at-the-europaspiele-2024\/#webpage\"},\"author\":{\"@id\":\"https:\/\/www.kilians.com\/#\/schema\/person\/0d0ba718c246ee8eaf04df3226782e55\"},\"headline\":\"St. Kilian\\u2019s macht den 2. Platz bei den Europaspielen 2024\",\"datePublished\":\"2024-09-25T15:18:27+00:00\",\"dateModified\":\"2024-10-21T15:39:45+00:00\",\"mainEntityOfPage\":{\"@id\":\"https:\/\/www.kilians.com\/de\/news\/2024\/2nd-place-for-st-kilians-at-the-europaspiele-2024\/#webpage\"},\"wordCount\":165,\"publisher\":{\"@id\":\"https:\/\/www.kilians.com\/#organization\"},\"image\":{\"@id\":\"https:\/\/www.kilians.com\/de\/news\/2024\/2nd-place-for-st-kilians-at-the-europaspiele-2024\/#primaryimage\"},\"thumbnailUrl\":\"https:\/\/www.kilians.com\/wp-content\/uploads\/2024\/10\/IMG_7576-scaled.jpeg\",\"articleSection\":[\"Au\\u00dferschulisches Angebot\",\"Nachrichten\",\"Sekundarstufe\",\"Sportnachrichten\",\"Veranstaltungen\"],\"inLanguage\":\"de-DE\"},{\"@type\":\"Person\",\"@id\":\"https:\/\/www.kilians.com\/#\/schema\/person\/0d0ba718c246ee8eaf04df3226782e55\",\"name\":\"Julia Bobenko\",\"url\":\"https:\/\/www.kilians.com\/de\/news\/author\/julia\/\"}]}<\/script>\n<!-- \/ Yoast SEO plugin. -->","yoast_head_json":{"robots":{"index":"index","follow":"follow","max-snippet":"max-snippet:-1","max-image-preview":"max-image-preview:large","max-video-preview":"max-video-preview:-1"},"canonical":"https:\/\/www.kilians.com\/de\/news\/2024\/2nd-place-for-st-kilians-at-the-europaspiele-2024\/","og_locale":"de_DE","og_type":"article","og_title":"St. Kilian\u2019s macht den 2. Platz bei den Europaspielen 2024 - St. Kilian&#039;s German School, Dublin","og_description":"An Wochenende vom 20.-22. September 2024 richtete die Internationale Deutsche Schule in Br\u00fcssel (iDSB) zum 6. Mal die Europaspiele 2024 aus, an denen Mannschaften von... Weiterlesen","og_url":"https:\/\/www.kilians.com\/de\/news\/2024\/2nd-place-for-st-kilians-at-the-europaspiele-2024\/","og_site_name":"St. Kilian&#039;s German School, Dublin","article_published_time":"2024-09-25T15:18:27+00:00","article_modified_time":"2024-10-21T15:39:45+00:00","og_image":[{"width":2560,"height":1920,"filesize":663462,"url":"http:\/\/www.kilians.com\/wp-content\/uploads\/2024\/10\/IMG_7576.jpeg","path":"\/nas\/content\/live\/kilians\/wp-content\/uploads\/2024\/10\/IMG_7576.jpeg","size":"full","id":42939,"alt":"","pixels":4915200,"type":"image\/jpeg"}],"twitter_card":"summary","twitter_misc":{"Verfasst von":"Julia Bobenko","Gesch\u00e4tzte Lesezeit":"1 minute"},"schema":{"@context":"https:\/\/schema.org","@graph":[{"@type":"Organization","@id":"https:\/\/www.kilians.com\/#organization","name":"St. Kilian's","url":"https:\/\/www.kilians.com\/","sameAs":[],"logo":{"@type":"ImageObject","@id":"https:\/\/www.kilians.com\/#logo","inLanguage":"de-DE","url":"https:\/\/www.kilians.com\/wp-content\/uploads\/2017\/02\/StKilians_MasterLogo_Colour-1.png","contentUrl":"https:\/\/www.kilians.com\/wp-content\/uploads\/2017\/02\/StKilians_MasterLogo_Colour-1.png","width":768,"height":1240,"caption":"St. Kilian's"},"image":{"@id":"https:\/\/www.kilians.com\/#logo"}},{"@type":"WebSite","@id":"https:\/\/www.kilians.com\/#website","url":"https:\/\/www.kilians.com\/","name":"St. Kilian&#039;s German School, Dublin","description":"","publisher":{"@id":"https:\/\/www.kilians.com\/#organization"},"potentialAction":[{"@type":"SearchAction","target":{"@type":"EntryPoint","urlTemplate":"https:\/\/www.kilians.com\/?s={search_term_string}"},"query-input":"required name=search_term_string"}],"inLanguage":"de-DE"},{"@type":"ImageObject","@id":"https:\/\/www.kilians.com\/de\/news\/2024\/2nd-place-for-st-kilians-at-the-europaspiele-2024\/#primaryimage","inLanguage":"de-DE","url":"https:\/\/www.kilians.com\/wp-content\/uploads\/2024\/10\/IMG_7576-scaled.jpeg","contentUrl":"https:\/\/www.kilians.com\/wp-content\/uploads\/2024\/10\/IMG_7576-scaled.jpeg","width":2560,"height":1920},{"@type":"WebPage","@id":"https:\/\/www.kilians.com\/de\/news\/2024\/2nd-place-for-st-kilians-at-the-europaspiele-2024\/#webpage","url":"https:\/\/www.kilians.com\/de\/news\/2024\/2nd-place-for-st-kilians-at-the-europaspiele-2024\/","name":"St. Kilian\u2019s macht den 2. Platz bei den Europaspielen 2024 - St. Kilian&#039;s German School, Dublin","isPartOf":{"@id":"https:\/\/www.kilians.com\/#website"},"primaryImageOfPage":{"@id":"https:\/\/www.kilians.com\/de\/news\/2024\/2nd-place-for-st-kilians-at-the-europaspiele-2024\/#primaryimage"},"datePublished":"2024-09-25T15:18:27+00:00","dateModified":"2024-10-21T15:39:45+00:00","breadcrumb":{"@id":"https:\/\/www.kilians.com\/de\/news\/2024\/2nd-place-for-st-kilians-at-the-europaspiele-2024\/#breadcrumb"},"inLanguage":"de-DE","potentialAction":[{"@type":"ReadAction","target":["https:\/\/www.kilians.com\/de\/news\/2024\/2nd-place-for-st-kilians-at-the-europaspiele-2024\/"]}]},{"@type":"BreadcrumbList","@id":"https:\/\/www.kilians.com\/de\/news\/2024\/2nd-place-for-st-kilians-at-the-europaspiele-2024\/#breadcrumb","itemListElement":[{"@type":"ListItem","position":1,"name":"Home","item":"https:\/\/www.kilians.com\/de\/"},{"@type":"ListItem","position":2,"name":"St. Kilian\u2019s macht den 2. Platz bei den Europaspielen 2024"}]},{"@type":"Article","@id":"https:\/\/www.kilians.com\/de\/news\/2024\/2nd-place-for-st-kilians-at-the-europaspiele-2024\/#article","isPartOf":{"@id":"https:\/\/www.kilians.com\/de\/news\/2024\/2nd-place-for-st-kilians-at-the-europaspiele-2024\/#webpage"},"author":{"@id":"https:\/\/www.kilians.com\/#\/schema\/person\/0d0ba718c246ee8eaf04df3226782e55"},"headline":"St. Kilian\u2019s macht den 2. Platz bei den Europaspielen 2024","datePublished":"2024-09-25T15:18:27+00:00","dateModified":"2024-10-21T15:39:45+00:00","mainEntityOfPage":{"@id":"https:\/\/www.kilians.com\/de\/news\/2024\/2nd-place-for-st-kilians-at-the-europaspiele-2024\/#webpage"},"wordCount":165,"publisher":{"@id":"https:\/\/www.kilians.com\/#organization"},"image":{"@id":"https:\/\/www.kilians.com\/de\/news\/2024\/2nd-place-for-st-kilians-at-the-europaspiele-2024\/#primaryimage"},"thumbnailUrl":"https:\/\/www.kilians.com\/wp-content\/uploads\/2024\/10\/IMG_7576-scaled.jpeg","articleSection":["Au\u00dferschulisches Angebot","Nachrichten","Sekundarstufe","Sportnachrichten","Veranstaltungen"],"inLanguage":"de-DE"},{"@type":"Person","@id":"https:\/\/www.kilians.com\/#\/schema\/person\/0d0ba718c246ee8eaf04df3226782e55","name":"Julia Bobenko","url":"https:\/\/www.kilians.com\/de\/news\/author\/julia\/"}]}},"_links":{"self":[{"href":"https:\/\/www.kilians.com\/de\/wp-json\/wp\/v2\/posts\/42948\/"}],"collection":[{"href":"https:\/\/www.kilians.com\/de\/wp-json\/wp\/v2\/posts\/"}],"about":[{"href":"https:\/\/www.kilians.com\/de\/wp-json\/wp\/v2\/types\/post\/"}],"author":[{"embeddable":true,"href":"https:\/\/www.kilians.com\/de\/wp-json\/wp\/v2\/users\/1506\/"}],"replies":[{"embeddable":true,"href":"https:\/\/www.kilians.com\/de\/wp-json\/wp\/v2\/comments\/?post=42948"}],"version-history":[{"count":0,"href":"https:\/\/www.kilians.com\/de\/wp-json\/wp\/v2\/posts\/42948\/revisions\/"}],"wp:featuredmedia":[{"embeddable":true,"href":"https:\/\/www.kilians.com\/de\/wp-json\/wp\/v2\/media\/42939\/"}],"wp:attachment":[{"href":"https:\/\/www.kilians.com\/de\/wp-json\/wp\/v2\/media\/?parent=42948"}],"wp:term":[{"taxonomy":"category","embeddable":true,"href":"https:\/\/www.kilians.com\/de\/wp-json\/wp\/v2\/categories\/?post=42948"},{"taxonomy":"post_tag","embeddable":true,"href":"https:\/\/www.kilians.com\/de\/wp-json\/wp\/v2\/tags\/?post=42948"}],"curies":[{"name":"wp","href":"https:\/\/api.w.org\/{rel}","templated":true}]}}