{"id":44222,"date":"2025-03-31T10:24:12","date_gmt":"2025-03-31T09:24:12","guid":{"rendered":"https:\/\/www.kilians.com\/news\/2025\/st-kilians-students-shine-at-jumu-international-competition-in-oslo\/"},"modified":"2025-04-09T12:00:03","modified_gmt":"2025-04-09T11:00:03","slug":"st-kilians-students-shine-at-jumu-international-competition","status":"publish","type":"post","link":"https:\/\/www.kilians.com\/de\/news\/2025\/st-kilians-students-shine-at-jumu-international-competition\/","title":{"rendered":"Preise f\u00fcr Sch\u00fcler von St. Kilian&#8217;s beim JuMu-Wettbewerb (2. Runde)"},"content":{"rendered":"\n<p>Herzlichen Gl\u00fcckwunsch an Ian aus der Grundschule und an Sofia, So\u010da und Cherry aus der Sekundarstufe, die im M\u00e4rz 2025 erfolgreich am <a href=\"https:\/\/www.jugend-musiziert.org\/\">JuMu-Landeswettbewerb<\/a> (2. Runde) im M\u00e4rz 2025 teilgenommen und St. Kilian&#8217;s vertreten haben. Sofia erhielt f\u00fcr ihr Cellospiel einen ersten Preis, So\u010da und Cherry, die von Elisabeth Richers betreut und gecoacht wurden, nahmen einen zweiten Preis f\u00fcr ihr Piano-Fl\u00f6ten Duett mit nach Hause, w\u00e4hrend Ian unter der Anleitung seiner Lehrer Prof. Wiliam Butt (Cello) und Klara Janu (Violine) einen zweiten Preis in Violine und einen dritten Preis in Cello gewann. Mit dem ersten Preis hat Sofia nun die M\u00f6glichkeit, an der Endrunde in Deutschland im Juni teilzunehmen. Dies ist eine fantastische Leistung, und wir alle in St. Kilian&#8217;s sind unglaublich stolz auf ihren bemerkenswerten Erfolg.<\/p>\n\n\n\n<p><\/p>\n\n\n\n<p>\u201eJugend Musiziert (JuMu)\u201c ist ein Wettbewerb f\u00fcr junge Musiker, der vom Deutschen Musikrat in M\u00fcnchen organisiert wird. Der dreistufige Wettbewerb ist eine von der Kultusministerkonferenz anerkannte und im Kinder- und Jugendplan des Bundes verankerte Ma\u00dfnahme der kulturellen Jugendbildung. Er ist der gr\u00f6\u00dfte Musikwettbewerb, der Tausende von jungen Musikern zu au\u00dfergew\u00f6hnlichen musikalischen Leistungen motiviert. Seit der Gr\u00fcndung 1963 haben fast eine Million Kinder und Jugendliche aus ganz Deutschland und aus \u00fcber 35 Deutschen Schulen im Ausland an Jugend musiziert teilgenommen. (Quelle: <a href=\"https:\/\/www.jugend-musiziert.org\/\">https:\/\/www.jugend-musiziert.org\/<\/a>)<\/p>\n\n\n\n<p><\/p>\n\n\n\n<div style=\"height:79px\" aria-hidden=\"true\" class=\"wp-block-spacer\"><\/div>\n\n\n\n<figure class=\"wp-block-gallery has-nested-images columns-default is-cropped wp-block-gallery-1 is-layout-flex wp-block-gallery-is-layout-flex\">\n<figure class=\"wp-block-image size-large\"><img loading=\"lazy\" decoding=\"async\" width=\"1024\" height=\"980\" data-id=\"44208\" src=\"https:\/\/www.kilians.com\/wp-content\/uploads\/2025\/04\/20250320_090945-1024x980.jpg\" alt=\"\" class=\"wp-image-44208\" srcset=\"https:\/\/www.kilians.com\/wp-content\/uploads\/2025\/04\/20250320_090945-1024x980.jpg 1024w, https:\/\/www.kilians.com\/wp-content\/uploads\/2025\/04\/20250320_090945-768x735.jpg 768w, https:\/\/www.kilians.com\/wp-content\/uploads\/2025\/04\/20250320_090945-1536x1470.jpg 1536w, https:\/\/www.kilians.com\/wp-content\/uploads\/2025\/04\/20250320_090945-750x718.jpg 750w, https:\/\/www.kilians.com\/wp-content\/uploads\/2025\/04\/20250320_090945.jpg 1897w\" sizes=\"auto, (max-width: 1024px) 100vw, 1024px\" \/><\/figure>\n\n\n\n<figure class=\"wp-block-image size-large\"><img loading=\"lazy\" decoding=\"async\" width=\"1024\" height=\"855\" data-id=\"44220\" src=\"https:\/\/www.kilians.com\/wp-content\/uploads\/2025\/03\/20250320_133057-Copy-1024x855.jpg\" alt=\"\" class=\"wp-image-44220\" srcset=\"https:\/\/www.kilians.com\/wp-content\/uploads\/2025\/03\/20250320_133057-Copy-1024x855.jpg 1024w, https:\/\/www.kilians.com\/wp-content\/uploads\/2025\/03\/20250320_133057-Copy-768x642.jpg 768w, https:\/\/www.kilians.com\/wp-content\/uploads\/2025\/03\/20250320_133057-Copy-1536x1283.jpg 1536w, https:\/\/www.kilians.com\/wp-content\/uploads\/2025\/03\/20250320_133057-Copy-750x627.jpg 750w, https:\/\/www.kilians.com\/wp-content\/uploads\/2025\/03\/20250320_133057-Copy.jpg 2011w\" sizes=\"auto, (max-width: 1024px) 100vw, 1024px\" \/><\/figure>\n<\/figure>\n\n\n\n<div style=\"height:10px\" aria-hidden=\"true\" class=\"wp-block-spacer\"><\/div>\n\n\n\n<figure class=\"wp-block-gallery has-nested-images columns-default is-cropped wp-block-gallery-2 is-layout-flex wp-block-gallery-is-layout-flex\">\n<figure class=\"wp-block-image size-large\"><img loading=\"lazy\" decoding=\"async\" width=\"1024\" height=\"462\" data-id=\"44212\" src=\"https:\/\/www.kilians.com\/wp-content\/uploads\/2025\/04\/20250320_202931-1024x462.jpg\" alt=\"\" class=\"wp-image-44212\" srcset=\"https:\/\/www.kilians.com\/wp-content\/uploads\/2025\/04\/20250320_202931-1024x462.jpg 1024w, https:\/\/www.kilians.com\/wp-content\/uploads\/2025\/04\/20250320_202931-768x346.jpg 768w, https:\/\/www.kilians.com\/wp-content\/uploads\/2025\/04\/20250320_202931-1536x692.jpg 1536w, https:\/\/www.kilians.com\/wp-content\/uploads\/2025\/04\/20250320_202931-2048x923.jpg 2048w, https:\/\/www.kilians.com\/wp-content\/uploads\/2025\/04\/20250320_202931-750x338.jpg 750w\" sizes=\"auto, (max-width: 1024px) 100vw, 1024px\" \/><\/figure>\n\n\n\n<figure class=\"wp-block-image size-large\"><img loading=\"lazy\" decoding=\"async\" width=\"1024\" height=\"722\" data-id=\"44214\" src=\"https:\/\/www.kilians.com\/wp-content\/uploads\/2025\/04\/pic1-1024x722.jpg\" alt=\"\" class=\"wp-image-44214\" srcset=\"https:\/\/www.kilians.com\/wp-content\/uploads\/2025\/04\/pic1-1024x722.jpg 1024w, https:\/\/www.kilians.com\/wp-content\/uploads\/2025\/04\/pic1-768x542.jpg 768w, https:\/\/www.kilians.com\/wp-content\/uploads\/2025\/04\/pic1-750x529.jpg 750w, https:\/\/www.kilians.com\/wp-content\/uploads\/2025\/04\/pic1.jpg 1338w\" sizes=\"auto, (max-width: 1024px) 100vw, 1024px\" \/><\/figure>\n<\/figure>\n","protected":false},"excerpt":{"rendered":"<p>Herzlichen Gl\u00fcckwunsch an Ian aus der Grundschule und an Sofia, So\u010da und Cherry aus der Sekundarstufe, die im M\u00e4rz 2025 erfolgreich am JuMu-Landeswettbewerb (2. Runde)&#8230; <a class=\"find-out-more-link\" href=\"https:\/\/www.kilians.com\/de\/news\/2025\/st-kilians-students-shine-at-jumu-international-competition\/\">Weiterlesen<\/a> <\/p>\n","protected":false},"author":1506,"featured_media":44209,"comment_status":"closed","ping_status":"closed","sticky":false,"template":"","format":"standard","meta":{"footnotes":""},"categories":[190,176,234,6,192,52],"tags":[],"class_list":{"0":"post-44222","1":"post","2":"type-post","3":"status-publish","4":"format-standard","5":"has-post-thumbnail","7":"category-ausserschulisches-angebot","8":"category-auszeichnungen","9":"category-german-department-de","10":"category-nachrichten","11":"category-primary-school-de","12":"category-sekundarstufe","13":"entry"},"yoast_head":"<!-- This site is optimized with the Yoast SEO plugin v17.2.1 - https:\/\/yoast.com\/wordpress\/plugins\/seo\/ -->\n<meta name=\"robots\" content=\"index, follow, max-snippet:-1, max-image-preview:large, max-video-preview:-1\" \/>\n<link rel=\"canonical\" href=\"https:\/\/www.kilians.com\/de\/news\/2025\/st-kilians-students-shine-at-jumu-international-competition\/\" \/>\n<meta property=\"og:locale\" content=\"de_DE\" \/>\n<meta property=\"og:type\" content=\"article\" \/>\n<meta property=\"og:title\" content=\"Preise f\u00fcr Sch\u00fcler von St. Kilian&#039;s beim JuMu-Wettbewerb (2. Runde) - St. Kilian&#039;s German School, Dublin\" \/>\n<meta property=\"og:description\" content=\"Herzlichen Gl\u00fcckwunsch an Ian aus der Grundschule und an Sofia, So\u010da und Cherry aus der Sekundarstufe, die im M\u00e4rz 2025 erfolgreich am JuMu-Landeswettbewerb (2. Runde)... Weiterlesen\" \/>\n<meta property=\"og:url\" content=\"https:\/\/www.kilians.com\/de\/news\/2025\/st-kilians-students-shine-at-jumu-international-competition\/\" \/>\n<meta property=\"og:site_name\" content=\"St. Kilian&#039;s German School, Dublin\" \/>\n<meta property=\"article:published_time\" content=\"2025-03-31T09:24:12+00:00\" \/>\n<meta property=\"article:modified_time\" content=\"2025-04-09T11:00:03+00:00\" \/>\n<meta property=\"og:image\" content=\"http:\/\/www.kilians.com\/wp-content\/uploads\/2025\/04\/20250320_090945.jpg\" \/>\n\t<meta property=\"og:image:width\" content=\"1897\" \/>\n\t<meta property=\"og:image:height\" content=\"1815\" \/>\n<meta name=\"twitter:card\" content=\"summary\" \/>\n<meta name=\"twitter:label1\" content=\"Verfasst von\" \/>\n\t<meta name=\"twitter:data1\" content=\"Julia Bobenko\" \/>\n\t<meta name=\"twitter:label2\" content=\"Gesch\u00e4tzte Lesezeit\" \/>\n\t<meta name=\"twitter:data2\" content=\"1 minute\" \/>\n<script type=\"application\/ld+json\" class=\"yoast-schema-graph\">{\"@context\":\"https:\/\/schema.org\",\"@graph\":[{\"@type\":\"Organization\",\"@id\":\"https:\/\/www.kilians.com\/#organization\",\"name\":\"St. Kilian's\",\"url\":\"https:\/\/www.kilians.com\/\",\"sameAs\":[],\"logo\":{\"@type\":\"ImageObject\",\"@id\":\"https:\/\/www.kilians.com\/#logo\",\"inLanguage\":\"de-DE\",\"url\":\"https:\/\/www.kilians.com\/wp-content\/uploads\/2017\/02\/StKilians_MasterLogo_Colour-1.png\",\"contentUrl\":\"https:\/\/www.kilians.com\/wp-content\/uploads\/2017\/02\/StKilians_MasterLogo_Colour-1.png\",\"width\":768,\"height\":1240,\"caption\":\"St. Kilian's\"},\"image\":{\"@id\":\"https:\/\/www.kilians.com\/#logo\"}},{\"@type\":\"WebSite\",\"@id\":\"https:\/\/www.kilians.com\/#website\",\"url\":\"https:\/\/www.kilians.com\/\",\"name\":\"St. Kilian&#039;s German School, Dublin\",\"description\":\"\",\"publisher\":{\"@id\":\"https:\/\/www.kilians.com\/#organization\"},\"potentialAction\":[{\"@type\":\"SearchAction\",\"target\":{\"@type\":\"EntryPoint\",\"urlTemplate\":\"https:\/\/www.kilians.com\/?s={search_term_string}\"},\"query-input\":\"required name=search_term_string\"}],\"inLanguage\":\"de-DE\"},{\"@type\":\"ImageObject\",\"@id\":\"https:\/\/www.kilians.com\/de\/news\/2025\/st-kilians-students-shine-at-jumu-international-competition\/#primaryimage\",\"inLanguage\":\"de-DE\",\"url\":\"https:\/\/www.kilians.com\/wp-content\/uploads\/2025\/04\/20250320_090945.jpg\",\"contentUrl\":\"https:\/\/www.kilians.com\/wp-content\/uploads\/2025\/04\/20250320_090945.jpg\",\"width\":1897,\"height\":1815},{\"@type\":\"WebPage\",\"@id\":\"https:\/\/www.kilians.com\/de\/news\/2025\/st-kilians-students-shine-at-jumu-international-competition\/#webpage\",\"url\":\"https:\/\/www.kilians.com\/de\/news\/2025\/st-kilians-students-shine-at-jumu-international-competition\/\",\"name\":\"Preise f\\u00fcr Sch\\u00fcler von St. Kilian's beim JuMu-Wettbewerb (2. Runde) - St. Kilian&#039;s German School, Dublin\",\"isPartOf\":{\"@id\":\"https:\/\/www.kilians.com\/#website\"},\"primaryImageOfPage\":{\"@id\":\"https:\/\/www.kilians.com\/de\/news\/2025\/st-kilians-students-shine-at-jumu-international-competition\/#primaryimage\"},\"datePublished\":\"2025-03-31T09:24:12+00:00\",\"dateModified\":\"2025-04-09T11:00:03+00:00\",\"breadcrumb\":{\"@id\":\"https:\/\/www.kilians.com\/de\/news\/2025\/st-kilians-students-shine-at-jumu-international-competition\/#breadcrumb\"},\"inLanguage\":\"de-DE\",\"potentialAction\":[{\"@type\":\"ReadAction\",\"target\":[\"https:\/\/www.kilians.com\/de\/news\/2025\/st-kilians-students-shine-at-jumu-international-competition\/\"]}]},{\"@type\":\"BreadcrumbList\",\"@id\":\"https:\/\/www.kilians.com\/de\/news\/2025\/st-kilians-students-shine-at-jumu-international-competition\/#breadcrumb\",\"itemListElement\":[{\"@type\":\"ListItem\",\"position\":1,\"name\":\"Home\",\"item\":\"https:\/\/www.kilians.com\/de\/\"},{\"@type\":\"ListItem\",\"position\":2,\"name\":\"Preise f\\u00fcr Sch\\u00fcler von St. Kilian&#8217;s beim JuMu-Wettbewerb (2. Runde)\"}]},{\"@type\":\"Article\",\"@id\":\"https:\/\/www.kilians.com\/de\/news\/2025\/st-kilians-students-shine-at-jumu-international-competition\/#article\",\"isPartOf\":{\"@id\":\"https:\/\/www.kilians.com\/de\/news\/2025\/st-kilians-students-shine-at-jumu-international-competition\/#webpage\"},\"author\":{\"@id\":\"https:\/\/www.kilians.com\/#\/schema\/person\/0d0ba718c246ee8eaf04df3226782e55\"},\"headline\":\"Preise f\\u00fcr Sch\\u00fcler von St. Kilian&#8217;s beim JuMu-Wettbewerb (2. Runde)\",\"datePublished\":\"2025-03-31T09:24:12+00:00\",\"dateModified\":\"2025-04-09T11:00:03+00:00\",\"mainEntityOfPage\":{\"@id\":\"https:\/\/www.kilians.com\/de\/news\/2025\/st-kilians-students-shine-at-jumu-international-competition\/#webpage\"},\"wordCount\":233,\"publisher\":{\"@id\":\"https:\/\/www.kilians.com\/#organization\"},\"image\":{\"@id\":\"https:\/\/www.kilians.com\/de\/news\/2025\/st-kilians-students-shine-at-jumu-international-competition\/#primaryimage\"},\"thumbnailUrl\":\"https:\/\/www.kilians.com\/wp-content\/uploads\/2025\/04\/20250320_090945.jpg\",\"articleSection\":[\"Au\\u00dferschulisches Angebot\",\"Erfolge &amp; Auszeichnungen\",\"German Department\",\"Nachrichten\",\"Primary School\",\"Sekundarstufe\"],\"inLanguage\":\"de-DE\"},{\"@type\":\"Person\",\"@id\":\"https:\/\/www.kilians.com\/#\/schema\/person\/0d0ba718c246ee8eaf04df3226782e55\",\"name\":\"Julia Bobenko\",\"url\":\"https:\/\/www.kilians.com\/de\/news\/author\/julia\/\"}]}<\/script>\n<!-- \/ Yoast SEO plugin. -->","yoast_head_json":{"robots":{"index":"index","follow":"follow","max-snippet":"max-snippet:-1","max-image-preview":"max-image-preview:large","max-video-preview":"max-video-preview:-1"},"canonical":"https:\/\/www.kilians.com\/de\/news\/2025\/st-kilians-students-shine-at-jumu-international-competition\/","og_locale":"de_DE","og_type":"article","og_title":"Preise f\u00fcr Sch\u00fcler von St. Kilian's beim JuMu-Wettbewerb (2. Runde) - St. Kilian&#039;s German School, Dublin","og_description":"Herzlichen Gl\u00fcckwunsch an Ian aus der Grundschule und an Sofia, So\u010da und Cherry aus der Sekundarstufe, die im M\u00e4rz 2025 erfolgreich am JuMu-Landeswettbewerb (2. Runde)... Weiterlesen","og_url":"https:\/\/www.kilians.com\/de\/news\/2025\/st-kilians-students-shine-at-jumu-international-competition\/","og_site_name":"St. Kilian&#039;s German School, Dublin","article_published_time":"2025-03-31T09:24:12+00:00","article_modified_time":"2025-04-09T11:00:03+00:00","og_image":[{"width":1897,"height":1815,"filesize":565898,"url":"http:\/\/www.kilians.com\/wp-content\/uploads\/2025\/04\/20250320_090945.jpg","path":"\/nas\/content\/live\/kilians\/wp-content\/uploads\/2025\/04\/20250320_090945.jpg","size":"full","id":44209,"alt":"","pixels":3443055,"type":"image\/jpeg"}],"twitter_card":"summary","twitter_misc":{"Verfasst von":"Julia Bobenko","Gesch\u00e4tzte Lesezeit":"1 minute"},"schema":{"@context":"https:\/\/schema.org","@graph":[{"@type":"Organization","@id":"https:\/\/www.kilians.com\/#organization","name":"St. Kilian's","url":"https:\/\/www.kilians.com\/","sameAs":[],"logo":{"@type":"ImageObject","@id":"https:\/\/www.kilians.com\/#logo","inLanguage":"de-DE","url":"https:\/\/www.kilians.com\/wp-content\/uploads\/2017\/02\/StKilians_MasterLogo_Colour-1.png","contentUrl":"https:\/\/www.kilians.com\/wp-content\/uploads\/2017\/02\/StKilians_MasterLogo_Colour-1.png","width":768,"height":1240,"caption":"St. Kilian's"},"image":{"@id":"https:\/\/www.kilians.com\/#logo"}},{"@type":"WebSite","@id":"https:\/\/www.kilians.com\/#website","url":"https:\/\/www.kilians.com\/","name":"St. Kilian&#039;s German School, Dublin","description":"","publisher":{"@id":"https:\/\/www.kilians.com\/#organization"},"potentialAction":[{"@type":"SearchAction","target":{"@type":"EntryPoint","urlTemplate":"https:\/\/www.kilians.com\/?s={search_term_string}"},"query-input":"required name=search_term_string"}],"inLanguage":"de-DE"},{"@type":"ImageObject","@id":"https:\/\/www.kilians.com\/de\/news\/2025\/st-kilians-students-shine-at-jumu-international-competition\/#primaryimage","inLanguage":"de-DE","url":"https:\/\/www.kilians.com\/wp-content\/uploads\/2025\/04\/20250320_090945.jpg","contentUrl":"https:\/\/www.kilians.com\/wp-content\/uploads\/2025\/04\/20250320_090945.jpg","width":1897,"height":1815},{"@type":"WebPage","@id":"https:\/\/www.kilians.com\/de\/news\/2025\/st-kilians-students-shine-at-jumu-international-competition\/#webpage","url":"https:\/\/www.kilians.com\/de\/news\/2025\/st-kilians-students-shine-at-jumu-international-competition\/","name":"Preise f\u00fcr Sch\u00fcler von St. Kilian's beim JuMu-Wettbewerb (2. Runde) - St. Kilian&#039;s German School, Dublin","isPartOf":{"@id":"https:\/\/www.kilians.com\/#website"},"primaryImageOfPage":{"@id":"https:\/\/www.kilians.com\/de\/news\/2025\/st-kilians-students-shine-at-jumu-international-competition\/#primaryimage"},"datePublished":"2025-03-31T09:24:12+00:00","dateModified":"2025-04-09T11:00:03+00:00","breadcrumb":{"@id":"https:\/\/www.kilians.com\/de\/news\/2025\/st-kilians-students-shine-at-jumu-international-competition\/#breadcrumb"},"inLanguage":"de-DE","potentialAction":[{"@type":"ReadAction","target":["https:\/\/www.kilians.com\/de\/news\/2025\/st-kilians-students-shine-at-jumu-international-competition\/"]}]},{"@type":"BreadcrumbList","@id":"https:\/\/www.kilians.com\/de\/news\/2025\/st-kilians-students-shine-at-jumu-international-competition\/#breadcrumb","itemListElement":[{"@type":"ListItem","position":1,"name":"Home","item":"https:\/\/www.kilians.com\/de\/"},{"@type":"ListItem","position":2,"name":"Preise f\u00fcr Sch\u00fcler von St. Kilian&#8217;s beim JuMu-Wettbewerb (2. Runde)"}]},{"@type":"Article","@id":"https:\/\/www.kilians.com\/de\/news\/2025\/st-kilians-students-shine-at-jumu-international-competition\/#article","isPartOf":{"@id":"https:\/\/www.kilians.com\/de\/news\/2025\/st-kilians-students-shine-at-jumu-international-competition\/#webpage"},"author":{"@id":"https:\/\/www.kilians.com\/#\/schema\/person\/0d0ba718c246ee8eaf04df3226782e55"},"headline":"Preise f\u00fcr Sch\u00fcler von St. Kilian&#8217;s beim JuMu-Wettbewerb (2. Runde)","datePublished":"2025-03-31T09:24:12+00:00","dateModified":"2025-04-09T11:00:03+00:00","mainEntityOfPage":{"@id":"https:\/\/www.kilians.com\/de\/news\/2025\/st-kilians-students-shine-at-jumu-international-competition\/#webpage"},"wordCount":233,"publisher":{"@id":"https:\/\/www.kilians.com\/#organization"},"image":{"@id":"https:\/\/www.kilians.com\/de\/news\/2025\/st-kilians-students-shine-at-jumu-international-competition\/#primaryimage"},"thumbnailUrl":"https:\/\/www.kilians.com\/wp-content\/uploads\/2025\/04\/20250320_090945.jpg","articleSection":["Au\u00dferschulisches Angebot","Erfolge &amp; Auszeichnungen","German Department","Nachrichten","Primary School","Sekundarstufe"],"inLanguage":"de-DE"},{"@type":"Person","@id":"https:\/\/www.kilians.com\/#\/schema\/person\/0d0ba718c246ee8eaf04df3226782e55","name":"Julia Bobenko","url":"https:\/\/www.kilians.com\/de\/news\/author\/julia\/"}]}},"_links":{"self":[{"href":"https:\/\/www.kilians.com\/de\/wp-json\/wp\/v2\/posts\/44222\/"}],"collection":[{"href":"https:\/\/www.kilians.com\/de\/wp-json\/wp\/v2\/posts\/"}],"about":[{"href":"https:\/\/www.kilians.com\/de\/wp-json\/wp\/v2\/types\/post\/"}],"author":[{"embeddable":true,"href":"https:\/\/www.kilians.com\/de\/wp-json\/wp\/v2\/users\/1506\/"}],"replies":[{"embeddable":true,"href":"https:\/\/www.kilians.com\/de\/wp-json\/wp\/v2\/comments\/?post=44222"}],"version-history":[{"count":0,"href":"https:\/\/www.kilians.com\/de\/wp-json\/wp\/v2\/posts\/44222\/revisions\/"}],"wp:featuredmedia":[{"embeddable":true,"href":"https:\/\/www.kilians.com\/de\/wp-json\/wp\/v2\/media\/44209\/"}],"wp:attachment":[{"href":"https:\/\/www.kilians.com\/de\/wp-json\/wp\/v2\/media\/?parent=44222"}],"wp:term":[{"taxonomy":"category","embeddable":true,"href":"https:\/\/www.kilians.com\/de\/wp-json\/wp\/v2\/categories\/?post=44222"},{"taxonomy":"post_tag","embeddable":true,"href":"https:\/\/www.kilians.com\/de\/wp-json\/wp\/v2\/tags\/?post=44222"}],"curies":[{"name":"wp","href":"https:\/\/api.w.org\/{rel}","templated":true}]}}