{"id":44337,"date":"2025-05-13T03:49:00","date_gmt":"2025-05-13T02:49:00","guid":{"rendered":"https:\/\/www.kilians.com\/news\/2025\/summer-examination-timetable-2025\/"},"modified":"2025-05-13T11:35:20","modified_gmt":"2025-05-13T10:35:20","slug":"summer-examination-timetable-2025","status":"publish","type":"post","link":"https:\/\/www.kilians.com\/de\/news\/2025\/summer-examination-timetable-2025\/","title":{"rendered":"Stundenpl\u00e4ne f\u00fcr die Sommerpr\u00fcfungen 2025"},"content":{"rendered":"\n<p>Nachstehend finden Sie die Stundenpl\u00e4ne f\u00fcr die diesj\u00e4hrigen Sommerpr\u00fcfungen der 7., 8. und 11. Klasse, die vom 23. Mai bis zum 30. Mai stattfinden werden. Die Pr\u00fcfungen beginnen um 8:25 Uhr f\u00fcr die erste Sitzung und um 10:50 Uhr f\u00fcr die zweite. Bitte achten Sie darauf, dass alle p\u00fcnktlich sind. Viel Gl\u00fcck! <\/p>\n\n\n\n<div style=\"height:62px\" aria-hidden=\"true\" class=\"wp-block-spacer\"><\/div>\n\n\n\n<figure class=\"wp-block-table\"><table><tbody><tr><td><strong>Date<\/strong><\/td><td><strong>Subject<\/strong><\/td><td><strong>Session<\/strong><\/td><td><strong>Time<\/strong><\/td><td><strong>Duration<\/strong><\/td><td><strong>Break<\/strong><\/td><td><strong>Add. Info<\/strong><\/td><\/tr><tr><td>23\/5\/25 Friday<\/td><td>7<sup>th<\/sup> Study Session 11<sup>th<\/sup> Business<\/td><td>1<\/td><td>8.25- 10.25<\/td><td>2 hrs<\/td><td>10.25-10.50<\/td><td>Students are supervised by their regular timetabled teachers.<\/td><\/tr><tr><td>&nbsp;<\/td><td>7<sup>th<\/sup> English 11<sup>th<\/sup> German<\/td><td>2<\/td><td>10.50<\/td><td>2 hrs<\/td><td><strong>&nbsp;<\/strong><\/td><td>Students are supervised by their regular timetabled teachers. 7th English = 90 mins<\/td><\/tr><tr><td><strong>&nbsp;<\/strong><\/td><td><strong>&nbsp;<\/strong><\/td><td><strong>&nbsp;<\/strong><\/td><td><strong>&nbsp;<\/strong><\/td><td><strong>&nbsp;<\/strong><\/td><td><strong>&nbsp;<\/strong><\/td><td><strong>&nbsp;<\/strong><\/td><\/tr><tr><td>26\/5\/25 Monday<\/td><td>7<sup>th <\/sup>History 8<sup>th<\/sup> Study Session 11<sup>th<\/sup> Maths<\/td><td>1<\/td><td>8.25-10.25<\/td><td>2 hrs<\/td><td>10.25-10.50<\/td><td>&nbsp;<\/td><\/tr><tr><td>&nbsp;<\/td><td>7<sup>th <\/sup>French\/Business 8<sup>th<\/sup> English 11<sup>th<\/sup> Geography<\/td><td>2<\/td><td>10.50- 12.50<\/td><td>2 hrs &nbsp;<\/td><td>&nbsp;<\/td><td>7<sup>th<\/sup> Business = 90 mins<\/td><\/tr><tr><td>&nbsp;<\/td><td>&nbsp;<\/td><td>&nbsp;<\/td><td>&nbsp;<\/td><td>&nbsp;<\/td><td>&nbsp;<\/td><td>&nbsp;<\/td><\/tr><tr><td>27\/5\/25 Tuesday<\/td><td>7<sup>th<\/sup> Maths 8<sup>th<\/sup> Study Session 11<sup>th<\/sup> Irish<\/td><td>1<\/td><td>8.25- 10.25<\/td><td>2 hrs<\/td><td>10.25-10.50<\/td><td>&nbsp;<\/td><\/tr><tr><td><strong>&nbsp;<\/strong><\/td><td>7<sup>th<\/sup> Irish 8<sup>th<\/sup> History 11<sup>th<\/sup> Biology<\/td><td>2<\/td><td>10.50- 12.50<\/td><td>2 hrs<\/td><td><strong>&nbsp;<\/strong><\/td><td>&nbsp;<\/td><\/tr><tr><td><strong>&nbsp;<\/strong><\/td><td>&nbsp;<\/td><td>&nbsp;<\/td><td>&nbsp;<\/td><td>&nbsp;<\/td><td><strong>&nbsp;<\/strong><\/td><td>&nbsp;<\/td><\/tr><tr><td>28\/5\/25 Wednesday<\/td><td>7<sup>th <\/sup>Science 8<sup>th <\/sup>Maths 11<sup>th<\/sup> Chemistry<\/td><td>1<\/td><td>8.25-10.25<\/td><td>2 hrs<\/td><td>10.25- 10.50<\/td><td>7<sup>th<\/sup> Science = 90 mins<\/td><\/tr><tr><td><strong>&nbsp;<\/strong><\/td><td>7<sup>th <\/sup>Geography 8<sup>th <\/sup>Irish 11<sup>th<\/sup> History\/Music<\/td><td>2<\/td><td>10.50-12.50<\/td><td>2 hrs<\/td><td><strong>&nbsp;<\/strong><\/td><td>&nbsp; &nbsp; 11<sup>th<\/sup> Music = 90 mins<\/td><\/tr><tr><td><strong>&nbsp;<\/strong><\/td><td>&nbsp;<\/td><td>&nbsp;<\/td><td>&nbsp;<\/td><td>&nbsp;<\/td><td><strong>&nbsp;<\/strong><\/td><td>&nbsp;<\/td><\/tr><tr><td>29\/5\/25 Thursday<\/td><td>8<sup>th <\/sup>Study Session 11<sup>th <\/sup>Politics\/Art<\/td><td>1<\/td><td>8.25- 10.25<\/td><td>2 hrs &nbsp;<\/td><td>10.25- 10.50<\/td><td>&nbsp;<\/td><\/tr><tr><td><strong>&nbsp;<\/strong><\/td><td>8<sup>th<\/sup> Science 11<sup>th<\/sup> Accounting\/P.E.\/ &nbsp;&nbsp;&nbsp;&nbsp;&nbsp; App. Maths<\/td><td>2<\/td><td>10.50- 12.50<\/td><td>2 hrs<\/td><td><strong>&nbsp;<\/strong><\/td><td>8<sup>th<\/sup> Science = 90 mins<\/td><\/tr><tr><td><strong>&nbsp;<\/strong><\/td><td>&nbsp;<\/td><td>&nbsp;<\/td><td>&nbsp;<\/td><td>&nbsp;<\/td><td><strong>&nbsp;<\/strong><\/td><td>&nbsp;<\/td><\/tr><tr><td>30\/5\/25 Friday<\/td><td>8<sup>th<\/sup> French\/Business 11<sup>th <\/sup>French<\/td><td>1<\/td><td>8.25- 10.25<\/td><td>2 hrs<\/td><td>10.25-10.50<\/td><td>8<sup>th<\/sup> Business = 90 mins<\/td><\/tr><tr><td><strong>&nbsp;<\/strong><\/td><td>8<sup>th<\/sup> Geography 11<sup>th<\/sup> Physics<\/td><td>2<\/td><td>10.50- 12.50<\/td><td>2 hrs<\/td><td><strong>&nbsp;<\/strong><\/td><td>&nbsp;<\/td><\/tr><tr><td>&nbsp;<\/td><td>&nbsp;<\/td><td>&nbsp;<\/td><td>&nbsp;<\/td><td>&nbsp;<\/td><td>&nbsp;<\/td><td>&nbsp;<\/td><\/tr><\/tbody><\/table><\/figure>\n","protected":false},"excerpt":{"rendered":"<p>Nachstehend finden Sie die Stundenpl\u00e4ne f\u00fcr die diesj\u00e4hrigen Sommerpr\u00fcfungen der 7., 8. und 11. Klasse, die vom 23. Mai bis zum 30. Mai stattfinden werden&#8230;. <a class=\"find-out-more-link\" href=\"https:\/\/www.kilians.com\/de\/news\/2025\/summer-examination-timetable-2025\/\">Weiterlesen<\/a> <\/p>\n","protected":false},"author":1506,"featured_media":44334,"comment_status":"closed","ping_status":"closed","sticky":false,"template":"","format":"standard","meta":{"footnotes":""},"categories":[241,6,191,52],"tags":[],"class_list":{"0":"post-44337","1":"post","2":"type-post","3":"status-publish","4":"format-standard","5":"has-post-thumbnail","7":"category-members-posts-de","8":"category-nachrichten","9":"category-parents-newsde","10":"category-sekundarstufe","11":"entry"},"yoast_head":"<!-- This site is optimized with the Yoast SEO plugin v17.2.1 - https:\/\/yoast.com\/wordpress\/plugins\/seo\/ -->\n<meta name=\"robots\" content=\"index, follow, max-snippet:-1, max-image-preview:large, max-video-preview:-1\" \/>\n<link rel=\"canonical\" href=\"https:\/\/www.kilians.com\/de\/news\/2025\/summer-examination-timetable-2025\/\" \/>\n<meta property=\"og:locale\" content=\"de_DE\" \/>\n<meta property=\"og:type\" content=\"article\" \/>\n<meta property=\"og:title\" content=\"Stundenpl\u00e4ne f\u00fcr die Sommerpr\u00fcfungen 2025 - St. Kilian&#039;s German School, Dublin\" \/>\n<meta property=\"og:description\" content=\"Nachstehend finden Sie die Stundenpl\u00e4ne f\u00fcr die diesj\u00e4hrigen Sommerpr\u00fcfungen der 7., 8. und 11. Klasse, die vom 23. Mai bis zum 30. Mai stattfinden werden.... Weiterlesen\" \/>\n<meta property=\"og:url\" content=\"https:\/\/www.kilians.com\/de\/news\/2025\/summer-examination-timetable-2025\/\" \/>\n<meta property=\"og:site_name\" content=\"St. Kilian&#039;s German School, Dublin\" \/>\n<meta property=\"article:published_time\" content=\"2025-05-13T02:49:00+00:00\" \/>\n<meta property=\"article:modified_time\" content=\"2025-05-13T10:35:20+00:00\" \/>\n<meta property=\"og:image\" content=\"http:\/\/www.kilians.com\/wp-content\/uploads\/2025\/05\/2025-Sek-1-Graduation-Einladung-May.png\" \/>\n\t<meta property=\"og:image:width\" content=\"1748\" \/>\n\t<meta property=\"og:image:height\" content=\"1240\" \/>\n<meta name=\"twitter:card\" content=\"summary\" \/>\n<meta name=\"twitter:label1\" content=\"Verfasst von\" \/>\n\t<meta name=\"twitter:data1\" content=\"Julia Bobenko\" \/>\n\t<meta name=\"twitter:label2\" content=\"Gesch\u00e4tzte Lesezeit\" \/>\n\t<meta name=\"twitter:data2\" content=\"1 minute\" \/>\n<script type=\"application\/ld+json\" class=\"yoast-schema-graph\">{\"@context\":\"https:\/\/schema.org\",\"@graph\":[{\"@type\":\"Organization\",\"@id\":\"https:\/\/www.kilians.com\/#organization\",\"name\":\"St. Kilian's\",\"url\":\"https:\/\/www.kilians.com\/\",\"sameAs\":[],\"logo\":{\"@type\":\"ImageObject\",\"@id\":\"https:\/\/www.kilians.com\/#logo\",\"inLanguage\":\"de-DE\",\"url\":\"https:\/\/www.kilians.com\/wp-content\/uploads\/2017\/02\/StKilians_MasterLogo_Colour-1.png\",\"contentUrl\":\"https:\/\/www.kilians.com\/wp-content\/uploads\/2017\/02\/StKilians_MasterLogo_Colour-1.png\",\"width\":768,\"height\":1240,\"caption\":\"St. Kilian's\"},\"image\":{\"@id\":\"https:\/\/www.kilians.com\/#logo\"}},{\"@type\":\"WebSite\",\"@id\":\"https:\/\/www.kilians.com\/#website\",\"url\":\"https:\/\/www.kilians.com\/\",\"name\":\"St. Kilian&#039;s German School, Dublin\",\"description\":\"\",\"publisher\":{\"@id\":\"https:\/\/www.kilians.com\/#organization\"},\"potentialAction\":[{\"@type\":\"SearchAction\",\"target\":{\"@type\":\"EntryPoint\",\"urlTemplate\":\"https:\/\/www.kilians.com\/?s={search_term_string}\"},\"query-input\":\"required name=search_term_string\"}],\"inLanguage\":\"de-DE\"},{\"@type\":\"ImageObject\",\"@id\":\"https:\/\/www.kilians.com\/de\/news\/2025\/summer-examination-timetable-2025\/#primaryimage\",\"inLanguage\":\"de-DE\",\"url\":\"https:\/\/www.kilians.com\/wp-content\/uploads\/2025\/05\/2025-Sek-1-Graduation-Einladung-May.png\",\"contentUrl\":\"https:\/\/www.kilians.com\/wp-content\/uploads\/2025\/05\/2025-Sek-1-Graduation-Einladung-May.png\",\"width\":1748,\"height\":1240},{\"@type\":\"WebPage\",\"@id\":\"https:\/\/www.kilians.com\/de\/news\/2025\/summer-examination-timetable-2025\/#webpage\",\"url\":\"https:\/\/www.kilians.com\/de\/news\/2025\/summer-examination-timetable-2025\/\",\"name\":\"Stundenpl\\u00e4ne f\\u00fcr die Sommerpr\\u00fcfungen 2025 - St. Kilian&#039;s German School, Dublin\",\"isPartOf\":{\"@id\":\"https:\/\/www.kilians.com\/#website\"},\"primaryImageOfPage\":{\"@id\":\"https:\/\/www.kilians.com\/de\/news\/2025\/summer-examination-timetable-2025\/#primaryimage\"},\"datePublished\":\"2025-05-13T02:49:00+00:00\",\"dateModified\":\"2025-05-13T10:35:20+00:00\",\"breadcrumb\":{\"@id\":\"https:\/\/www.kilians.com\/de\/news\/2025\/summer-examination-timetable-2025\/#breadcrumb\"},\"inLanguage\":\"de-DE\",\"potentialAction\":[{\"@type\":\"ReadAction\",\"target\":[\"https:\/\/www.kilians.com\/de\/news\/2025\/summer-examination-timetable-2025\/\"]}]},{\"@type\":\"BreadcrumbList\",\"@id\":\"https:\/\/www.kilians.com\/de\/news\/2025\/summer-examination-timetable-2025\/#breadcrumb\",\"itemListElement\":[{\"@type\":\"ListItem\",\"position\":1,\"name\":\"Home\",\"item\":\"https:\/\/www.kilians.com\/de\/\"},{\"@type\":\"ListItem\",\"position\":2,\"name\":\"Stundenpl\\u00e4ne f\\u00fcr die Sommerpr\\u00fcfungen 2025\"}]},{\"@type\":\"Article\",\"@id\":\"https:\/\/www.kilians.com\/de\/news\/2025\/summer-examination-timetable-2025\/#article\",\"isPartOf\":{\"@id\":\"https:\/\/www.kilians.com\/de\/news\/2025\/summer-examination-timetable-2025\/#webpage\"},\"author\":{\"@id\":\"https:\/\/www.kilians.com\/#\/schema\/person\/0d0ba718c246ee8eaf04df3226782e55\"},\"headline\":\"Stundenpl\\u00e4ne f\\u00fcr die Sommerpr\\u00fcfungen 2025\",\"datePublished\":\"2025-05-13T02:49:00+00:00\",\"dateModified\":\"2025-05-13T10:35:20+00:00\",\"mainEntityOfPage\":{\"@id\":\"https:\/\/www.kilians.com\/de\/news\/2025\/summer-examination-timetable-2025\/#webpage\"},\"wordCount\":272,\"publisher\":{\"@id\":\"https:\/\/www.kilians.com\/#organization\"},\"image\":{\"@id\":\"https:\/\/www.kilians.com\/de\/news\/2025\/summer-examination-timetable-2025\/#primaryimage\"},\"thumbnailUrl\":\"https:\/\/www.kilians.com\/wp-content\/uploads\/2025\/05\/2025-Sek-1-Graduation-Einladung-May.png\",\"articleSection\":[\"Members Posts\",\"Nachrichten\",\"Parent's news(de)\",\"Sekundarstufe\"],\"inLanguage\":\"de-DE\"},{\"@type\":\"Person\",\"@id\":\"https:\/\/www.kilians.com\/#\/schema\/person\/0d0ba718c246ee8eaf04df3226782e55\",\"name\":\"Julia Bobenko\",\"url\":\"https:\/\/www.kilians.com\/de\/news\/author\/julia\/\"}]}<\/script>\n<!-- \/ Yoast SEO plugin. -->","yoast_head_json":{"robots":{"index":"index","follow":"follow","max-snippet":"max-snippet:-1","max-image-preview":"max-image-preview:large","max-video-preview":"max-video-preview:-1"},"canonical":"https:\/\/www.kilians.com\/de\/news\/2025\/summer-examination-timetable-2025\/","og_locale":"de_DE","og_type":"article","og_title":"Stundenpl\u00e4ne f\u00fcr die Sommerpr\u00fcfungen 2025 - St. Kilian&#039;s German School, Dublin","og_description":"Nachstehend finden Sie die Stundenpl\u00e4ne f\u00fcr die diesj\u00e4hrigen Sommerpr\u00fcfungen der 7., 8. und 11. Klasse, die vom 23. Mai bis zum 30. Mai stattfinden werden.... Weiterlesen","og_url":"https:\/\/www.kilians.com\/de\/news\/2025\/summer-examination-timetable-2025\/","og_site_name":"St. Kilian&#039;s German School, Dublin","article_published_time":"2025-05-13T02:49:00+00:00","article_modified_time":"2025-05-13T10:35:20+00:00","og_image":[{"width":1748,"height":1240,"filesize":1155908,"url":"http:\/\/www.kilians.com\/wp-content\/uploads\/2025\/05\/2025-Sek-1-Graduation-Einladung-May.png","path":"\/nas\/content\/live\/kilians\/wp-content\/uploads\/2025\/05\/2025-Sek-1-Graduation-Einladung-May.png","size":"full","id":44334,"alt":"","pixels":2167520,"type":"image\/png"}],"twitter_card":"summary","twitter_misc":{"Verfasst von":"Julia Bobenko","Gesch\u00e4tzte Lesezeit":"1 minute"},"schema":{"@context":"https:\/\/schema.org","@graph":[{"@type":"Organization","@id":"https:\/\/www.kilians.com\/#organization","name":"St. Kilian's","url":"https:\/\/www.kilians.com\/","sameAs":[],"logo":{"@type":"ImageObject","@id":"https:\/\/www.kilians.com\/#logo","inLanguage":"de-DE","url":"https:\/\/www.kilians.com\/wp-content\/uploads\/2017\/02\/StKilians_MasterLogo_Colour-1.png","contentUrl":"https:\/\/www.kilians.com\/wp-content\/uploads\/2017\/02\/StKilians_MasterLogo_Colour-1.png","width":768,"height":1240,"caption":"St. Kilian's"},"image":{"@id":"https:\/\/www.kilians.com\/#logo"}},{"@type":"WebSite","@id":"https:\/\/www.kilians.com\/#website","url":"https:\/\/www.kilians.com\/","name":"St. Kilian&#039;s German School, Dublin","description":"","publisher":{"@id":"https:\/\/www.kilians.com\/#organization"},"potentialAction":[{"@type":"SearchAction","target":{"@type":"EntryPoint","urlTemplate":"https:\/\/www.kilians.com\/?s={search_term_string}"},"query-input":"required name=search_term_string"}],"inLanguage":"de-DE"},{"@type":"ImageObject","@id":"https:\/\/www.kilians.com\/de\/news\/2025\/summer-examination-timetable-2025\/#primaryimage","inLanguage":"de-DE","url":"https:\/\/www.kilians.com\/wp-content\/uploads\/2025\/05\/2025-Sek-1-Graduation-Einladung-May.png","contentUrl":"https:\/\/www.kilians.com\/wp-content\/uploads\/2025\/05\/2025-Sek-1-Graduation-Einladung-May.png","width":1748,"height":1240},{"@type":"WebPage","@id":"https:\/\/www.kilians.com\/de\/news\/2025\/summer-examination-timetable-2025\/#webpage","url":"https:\/\/www.kilians.com\/de\/news\/2025\/summer-examination-timetable-2025\/","name":"Stundenpl\u00e4ne f\u00fcr die Sommerpr\u00fcfungen 2025 - St. Kilian&#039;s German School, Dublin","isPartOf":{"@id":"https:\/\/www.kilians.com\/#website"},"primaryImageOfPage":{"@id":"https:\/\/www.kilians.com\/de\/news\/2025\/summer-examination-timetable-2025\/#primaryimage"},"datePublished":"2025-05-13T02:49:00+00:00","dateModified":"2025-05-13T10:35:20+00:00","breadcrumb":{"@id":"https:\/\/www.kilians.com\/de\/news\/2025\/summer-examination-timetable-2025\/#breadcrumb"},"inLanguage":"de-DE","potentialAction":[{"@type":"ReadAction","target":["https:\/\/www.kilians.com\/de\/news\/2025\/summer-examination-timetable-2025\/"]}]},{"@type":"BreadcrumbList","@id":"https:\/\/www.kilians.com\/de\/news\/2025\/summer-examination-timetable-2025\/#breadcrumb","itemListElement":[{"@type":"ListItem","position":1,"name":"Home","item":"https:\/\/www.kilians.com\/de\/"},{"@type":"ListItem","position":2,"name":"Stundenpl\u00e4ne f\u00fcr die Sommerpr\u00fcfungen 2025"}]},{"@type":"Article","@id":"https:\/\/www.kilians.com\/de\/news\/2025\/summer-examination-timetable-2025\/#article","isPartOf":{"@id":"https:\/\/www.kilians.com\/de\/news\/2025\/summer-examination-timetable-2025\/#webpage"},"author":{"@id":"https:\/\/www.kilians.com\/#\/schema\/person\/0d0ba718c246ee8eaf04df3226782e55"},"headline":"Stundenpl\u00e4ne f\u00fcr die Sommerpr\u00fcfungen 2025","datePublished":"2025-05-13T02:49:00+00:00","dateModified":"2025-05-13T10:35:20+00:00","mainEntityOfPage":{"@id":"https:\/\/www.kilians.com\/de\/news\/2025\/summer-examination-timetable-2025\/#webpage"},"wordCount":272,"publisher":{"@id":"https:\/\/www.kilians.com\/#organization"},"image":{"@id":"https:\/\/www.kilians.com\/de\/news\/2025\/summer-examination-timetable-2025\/#primaryimage"},"thumbnailUrl":"https:\/\/www.kilians.com\/wp-content\/uploads\/2025\/05\/2025-Sek-1-Graduation-Einladung-May.png","articleSection":["Members Posts","Nachrichten","Parent's news(de)","Sekundarstufe"],"inLanguage":"de-DE"},{"@type":"Person","@id":"https:\/\/www.kilians.com\/#\/schema\/person\/0d0ba718c246ee8eaf04df3226782e55","name":"Julia Bobenko","url":"https:\/\/www.kilians.com\/de\/news\/author\/julia\/"}]}},"_links":{"self":[{"href":"https:\/\/www.kilians.com\/de\/wp-json\/wp\/v2\/posts\/44337\/"}],"collection":[{"href":"https:\/\/www.kilians.com\/de\/wp-json\/wp\/v2\/posts\/"}],"about":[{"href":"https:\/\/www.kilians.com\/de\/wp-json\/wp\/v2\/types\/post\/"}],"author":[{"embeddable":true,"href":"https:\/\/www.kilians.com\/de\/wp-json\/wp\/v2\/users\/1506\/"}],"replies":[{"embeddable":true,"href":"https:\/\/www.kilians.com\/de\/wp-json\/wp\/v2\/comments\/?post=44337"}],"version-history":[{"count":0,"href":"https:\/\/www.kilians.com\/de\/wp-json\/wp\/v2\/posts\/44337\/revisions\/"}],"wp:featuredmedia":[{"embeddable":true,"href":"https:\/\/www.kilians.com\/de\/wp-json\/wp\/v2\/media\/44334\/"}],"wp:attachment":[{"href":"https:\/\/www.kilians.com\/de\/wp-json\/wp\/v2\/media\/?parent=44337"}],"wp:term":[{"taxonomy":"category","embeddable":true,"href":"https:\/\/www.kilians.com\/de\/wp-json\/wp\/v2\/categories\/?post=44337"},{"taxonomy":"post_tag","embeddable":true,"href":"https:\/\/www.kilians.com\/de\/wp-json\/wp\/v2\/tags\/?post=44337"}],"curies":[{"name":"wp","href":"https:\/\/api.w.org\/{rel}","templated":true}]}}