{"id":45382,"date":"2025-10-10T10:39:56","date_gmt":"2025-10-10T09:39:56","guid":{"rendered":"https:\/\/www.kilians.com\/news\/2025\/jersey-day-and-bake-in-support-of-goal\/"},"modified":"2025-10-21T12:42:47","modified_gmt":"2025-10-21T11:42:47","slug":"jersey-day-and-bake-in-support-of-goal","status":"publish","type":"post","link":"https:\/\/www.kilians.com\/de\/news\/2025\/jersey-day-and-bake-in-support-of-goal\/","title":{"rendered":"Jersey Day und Kuchenverkauf zugunsten von GOAL"},"content":{"rendered":"\n<p>Am Freitag, dem 10. Oktober 2025, veranstalteten der Wohlt\u00e4tigkeitsclub der Sekundarschule und die Sch\u00fclervertretung der Grundschule gemeinsam unseren j\u00e4hrlichen Jersey Day und einen Kuchenverkauf zugunsten von <a href=\"https:\/\/www.goalglobal.org\/\">GOAL<\/a>, und sammelten dabei unglaubliche 1.270 \u20ac f\u00fcr die Wohlt\u00e4tigkeitsorganisation. Der Campus war voller bunter Trikots und guter Laune, w\u00e4hrend Sch\u00fcler und Mitarbeiter in den Pausen gebackene Leckereien genossen. Die Kinder im Kindergarten und der Grundschule haben im Rahmen unseres Wettbewerbs \u201eEntwirf ein Trikot\u201c fantastische Zeichnungen ihrer Lieblings-Trikots angefertigt. Vielen Dank an die gesamte Schulgemeinschaft f\u00fcr den gro\u00dfen Einsatz, die Unterst\u00fctzung und die Beitr\u00e4ge zur F\u00f6rderung der weltweiten Arbeit von GOAL.<\/p>\n\n\n\n<div style=\"height:100px\" aria-hidden=\"true\" class=\"wp-block-spacer\"><\/div>\n\n\n\n<figure class=\"wp-block-gallery has-nested-images columns-default is-cropped wp-block-gallery-1 is-layout-flex wp-block-gallery-is-layout-flex\">\n<figure class=\"wp-block-image size-large\"><img loading=\"lazy\" decoding=\"async\" width=\"687\" height=\"1024\" data-id=\"45374\" src=\"https:\/\/www.kilians.com\/wp-content\/uploads\/2025\/10\/Photo-02-10-2025-13-41-21-687x1024.jpg\" alt=\"\" class=\"wp-image-45374\" srcset=\"https:\/\/www.kilians.com\/wp-content\/uploads\/2025\/10\/Photo-02-10-2025-13-41-21-687x1024.jpg 687w, https:\/\/www.kilians.com\/wp-content\/uploads\/2025\/10\/Photo-02-10-2025-13-41-21-768x1145.jpg 768w, https:\/\/www.kilians.com\/wp-content\/uploads\/2025\/10\/Photo-02-10-2025-13-41-21-1031x1536.jpg 1031w, https:\/\/www.kilians.com\/wp-content\/uploads\/2025\/10\/Photo-02-10-2025-13-41-21-750x1118.jpg 750w, https:\/\/www.kilians.com\/wp-content\/uploads\/2025\/10\/Photo-02-10-2025-13-41-21.jpg 1181w\" sizes=\"auto, (max-width: 687px) 100vw, 687px\" \/><\/figure>\n\n\n\n<figure class=\"wp-block-image size-large\"><img loading=\"lazy\" decoding=\"async\" width=\"701\" height=\"1024\" data-id=\"45372\" src=\"https:\/\/www.kilians.com\/wp-content\/uploads\/2025\/10\/Photo-02-10-2025-10-39-54-701x1024.jpg\" alt=\"\" class=\"wp-image-45372\" srcset=\"https:\/\/www.kilians.com\/wp-content\/uploads\/2025\/10\/Photo-02-10-2025-10-39-54-701x1024.jpg 701w, https:\/\/www.kilians.com\/wp-content\/uploads\/2025\/10\/Photo-02-10-2025-10-39-54-768x1123.jpg 768w, https:\/\/www.kilians.com\/wp-content\/uploads\/2025\/10\/Photo-02-10-2025-10-39-54-1051x1536.jpg 1051w, https:\/\/www.kilians.com\/wp-content\/uploads\/2025\/10\/Photo-02-10-2025-10-39-54-750x1096.jpg 750w, https:\/\/www.kilians.com\/wp-content\/uploads\/2025\/10\/Photo-02-10-2025-10-39-54.jpg 1135w\" sizes=\"auto, (max-width: 701px) 100vw, 701px\" \/><\/figure>\n\n\n\n<figure class=\"wp-block-image size-large\"><img loading=\"lazy\" decoding=\"async\" width=\"724\" height=\"1024\" data-id=\"45370\" src=\"https:\/\/www.kilians.com\/wp-content\/uploads\/2025\/10\/Photo-01-10-2025-12-41-03-724x1024.jpg\" alt=\"\" class=\"wp-image-45370\" srcset=\"https:\/\/www.kilians.com\/wp-content\/uploads\/2025\/10\/Photo-01-10-2025-12-41-03-724x1024.jpg 724w, https:\/\/www.kilians.com\/wp-content\/uploads\/2025\/10\/Photo-01-10-2025-12-41-03-768x1086.jpg 768w, https:\/\/www.kilians.com\/wp-content\/uploads\/2025\/10\/Photo-01-10-2025-12-41-03-1087x1536.jpg 1087w, https:\/\/www.kilians.com\/wp-content\/uploads\/2025\/10\/Photo-01-10-2025-12-41-03-750x1060.jpg 750w, https:\/\/www.kilians.com\/wp-content\/uploads\/2025\/10\/Photo-01-10-2025-12-41-03.jpg 1202w\" sizes=\"auto, (max-width: 724px) 100vw, 724px\" \/><\/figure>\n\n\n\n<figure class=\"wp-block-image size-large\"><img loading=\"lazy\" decoding=\"async\" width=\"1024\" height=\"575\" data-id=\"45376\" src=\"https:\/\/www.kilians.com\/wp-content\/uploads\/2025\/10\/Photo-10-10-2025-10-24-14-1024x575.jpg\" alt=\"\" class=\"wp-image-45376\" srcset=\"https:\/\/www.kilians.com\/wp-content\/uploads\/2025\/10\/Photo-10-10-2025-10-24-14-1024x575.jpg 1024w, https:\/\/www.kilians.com\/wp-content\/uploads\/2025\/10\/Photo-10-10-2025-10-24-14-768x431.jpg 768w, https:\/\/www.kilians.com\/wp-content\/uploads\/2025\/10\/Photo-10-10-2025-10-24-14-1536x862.jpg 1536w, https:\/\/www.kilians.com\/wp-content\/uploads\/2025\/10\/Photo-10-10-2025-10-24-14-750x421.jpg 750w, https:\/\/www.kilians.com\/wp-content\/uploads\/2025\/10\/Photo-10-10-2025-10-24-14.jpg 2048w\" sizes=\"auto, (max-width: 1024px) 100vw, 1024px\" \/><\/figure>\n\n\n\n<figure class=\"wp-block-image size-large\"><img loading=\"lazy\" decoding=\"async\" width=\"1024\" height=\"768\" data-id=\"45378\" src=\"https:\/\/www.kilians.com\/wp-content\/uploads\/2025\/10\/Photo-10-10-2025-10-24-59-1024x768.jpg\" alt=\"\" class=\"wp-image-45378\" srcset=\"https:\/\/www.kilians.com\/wp-content\/uploads\/2025\/10\/Photo-10-10-2025-10-24-59-1024x768.jpg 1024w, https:\/\/www.kilians.com\/wp-content\/uploads\/2025\/10\/Photo-10-10-2025-10-24-59-768x576.jpg 768w, https:\/\/www.kilians.com\/wp-content\/uploads\/2025\/10\/Photo-10-10-2025-10-24-59-1536x1152.jpg 1536w, https:\/\/www.kilians.com\/wp-content\/uploads\/2025\/10\/Photo-10-10-2025-10-24-59-750x563.jpg 750w, https:\/\/www.kilians.com\/wp-content\/uploads\/2025\/10\/Photo-10-10-2025-10-24-59.jpg 2048w\" sizes=\"auto, (max-width: 1024px) 100vw, 1024px\" \/><\/figure>\n\n\n\n<figure class=\"wp-block-image size-large\"><img loading=\"lazy\" decoding=\"async\" width=\"1024\" height=\"830\" data-id=\"45380\" src=\"https:\/\/www.kilians.com\/wp-content\/uploads\/2025\/10\/Photo-10-10-2025-10-25-47-1024x830.jpg\" alt=\"\" class=\"wp-image-45380\" srcset=\"https:\/\/www.kilians.com\/wp-content\/uploads\/2025\/10\/Photo-10-10-2025-10-25-47-1024x830.jpg 1024w, https:\/\/www.kilians.com\/wp-content\/uploads\/2025\/10\/Photo-10-10-2025-10-25-47-768x622.jpg 768w, https:\/\/www.kilians.com\/wp-content\/uploads\/2025\/10\/Photo-10-10-2025-10-25-47-1536x1245.jpg 1536w, https:\/\/www.kilians.com\/wp-content\/uploads\/2025\/10\/Photo-10-10-2025-10-25-47-750x608.jpg 750w, https:\/\/www.kilians.com\/wp-content\/uploads\/2025\/10\/Photo-10-10-2025-10-25-47.jpg 1683w\" sizes=\"auto, (max-width: 1024px) 100vw, 1024px\" \/><\/figure>\n\n\n\n<figure class=\"wp-block-image size-large\"><img loading=\"lazy\" decoding=\"async\" width=\"772\" height=\"1024\" data-id=\"45366\" src=\"https:\/\/www.kilians.com\/wp-content\/uploads\/2025\/10\/Photo-13-10-2025-13-05-11-772x1024.jpg\" alt=\"\" class=\"wp-image-45366\" srcset=\"https:\/\/www.kilians.com\/wp-content\/uploads\/2025\/10\/Photo-13-10-2025-13-05-11-772x1024.jpg 772w, https:\/\/www.kilians.com\/wp-content\/uploads\/2025\/10\/Photo-13-10-2025-13-05-11-768x1018.jpg 768w, https:\/\/www.kilians.com\/wp-content\/uploads\/2025\/10\/Photo-13-10-2025-13-05-11-1158x1536.jpg 1158w, https:\/\/www.kilians.com\/wp-content\/uploads\/2025\/10\/Photo-13-10-2025-13-05-11-750x994.jpg 750w, https:\/\/www.kilians.com\/wp-content\/uploads\/2025\/10\/Photo-13-10-2025-13-05-11.jpg 1356w\" sizes=\"auto, (max-width: 772px) 100vw, 772px\" \/><\/figure>\n\n\n\n<figure class=\"wp-block-image size-large\"><img loading=\"lazy\" decoding=\"async\" width=\"803\" height=\"1024\" data-id=\"45364\" src=\"https:\/\/www.kilians.com\/wp-content\/uploads\/2025\/10\/Photo-13-10-2025-13-05-06-803x1024.jpg\" alt=\"\" class=\"wp-image-45364\" srcset=\"https:\/\/www.kilians.com\/wp-content\/uploads\/2025\/10\/Photo-13-10-2025-13-05-06-803x1024.jpg 803w, https:\/\/www.kilians.com\/wp-content\/uploads\/2025\/10\/Photo-13-10-2025-13-05-06-768x979.jpg 768w, https:\/\/www.kilians.com\/wp-content\/uploads\/2025\/10\/Photo-13-10-2025-13-05-06-1205x1536.jpg 1205w, https:\/\/www.kilians.com\/wp-content\/uploads\/2025\/10\/Photo-13-10-2025-13-05-06-750x956.jpg 750w, https:\/\/www.kilians.com\/wp-content\/uploads\/2025\/10\/Photo-13-10-2025-13-05-06.jpg 1437w\" sizes=\"auto, (max-width: 803px) 100vw, 803px\" \/><\/figure>\n\n\n\n<figure class=\"wp-block-image size-large\"><img loading=\"lazy\" decoding=\"async\" width=\"846\" height=\"1024\" data-id=\"45368\" src=\"https:\/\/www.kilians.com\/wp-content\/uploads\/2025\/10\/Photo-13-10-2025-13-05-15-846x1024.jpg\" alt=\"\" class=\"wp-image-45368\" srcset=\"https:\/\/www.kilians.com\/wp-content\/uploads\/2025\/10\/Photo-13-10-2025-13-05-15-846x1024.jpg 846w, https:\/\/www.kilians.com\/wp-content\/uploads\/2025\/10\/Photo-13-10-2025-13-05-15-768x930.jpg 768w, https:\/\/www.kilians.com\/wp-content\/uploads\/2025\/10\/Photo-13-10-2025-13-05-15-1269x1536.jpg 1269w, https:\/\/www.kilians.com\/wp-content\/uploads\/2025\/10\/Photo-13-10-2025-13-05-15-750x908.jpg 750w, https:\/\/www.kilians.com\/wp-content\/uploads\/2025\/10\/Photo-13-10-2025-13-05-15.jpg 1436w\" sizes=\"auto, (max-width: 846px) 100vw, 846px\" \/><\/figure>\n<\/figure>\n\n\n\n<p><\/p>\n","protected":false},"excerpt":{"rendered":"<p>Am Freitag, dem 10. Oktober 2025, veranstalteten der Wohlt\u00e4tigkeitsclub der Sekundarschule und die Sch\u00fclervertretung der Grundschule gemeinsam unseren j\u00e4hrlichen Jersey Day und einen Kuchenverkauf zugunsten&#8230; <a class=\"find-out-more-link\" href=\"https:\/\/www.kilians.com\/de\/news\/2025\/jersey-day-and-bake-in-support-of-goal\/\">Weiterlesen<\/a> <\/p>\n","protected":false},"author":1506,"featured_media":45381,"comment_status":"closed","ping_status":"closed","sticky":false,"template":"","format":"standard","meta":{"footnotes":""},"categories":[190,6,192,52,40],"tags":[],"class_list":{"0":"post-45382","1":"post","2":"type-post","3":"status-publish","4":"format-standard","5":"has-post-thumbnail","7":"category-ausserschulisches-angebot","8":"category-nachrichten","9":"category-primary-school-de","10":"category-sekundarstufe","11":"category-schulveranstaltungen","12":"entry"},"yoast_head":"<!-- This site is optimized with the Yoast SEO plugin v17.2.1 - https:\/\/yoast.com\/wordpress\/plugins\/seo\/ -->\n<meta name=\"robots\" content=\"index, follow, max-snippet:-1, max-image-preview:large, max-video-preview:-1\" \/>\n<link rel=\"canonical\" href=\"https:\/\/www.kilians.com\/de\/news\/2025\/jersey-day-and-bake-in-support-of-goal\/\" \/>\n<meta property=\"og:locale\" content=\"de_DE\" \/>\n<meta property=\"og:type\" content=\"article\" \/>\n<meta property=\"og:title\" content=\"Jersey Day und Kuchenverkauf zugunsten von GOAL - St. Kilian&#039;s German School, Dublin\" \/>\n<meta property=\"og:description\" content=\"Am Freitag, dem 10. Oktober 2025, veranstalteten der Wohlt\u00e4tigkeitsclub der Sekundarschule und die Sch\u00fclervertretung der Grundschule gemeinsam unseren j\u00e4hrlichen Jersey Day und einen Kuchenverkauf zugunsten... Weiterlesen\" \/>\n<meta property=\"og:url\" content=\"https:\/\/www.kilians.com\/de\/news\/2025\/jersey-day-and-bake-in-support-of-goal\/\" \/>\n<meta property=\"og:site_name\" content=\"St. Kilian&#039;s German School, Dublin\" \/>\n<meta property=\"article:published_time\" content=\"2025-10-10T09:39:56+00:00\" \/>\n<meta property=\"article:modified_time\" content=\"2025-10-21T11:42:47+00:00\" \/>\n<meta property=\"og:image\" content=\"http:\/\/www.kilians.com\/wp-content\/uploads\/2025\/10\/Photo-10-10-2025-10-25-47.jpg\" \/>\n\t<meta property=\"og:image:width\" content=\"1683\" \/>\n\t<meta property=\"og:image:height\" content=\"1364\" \/>\n<meta name=\"twitter:card\" content=\"summary\" \/>\n<meta name=\"twitter:label1\" content=\"Verfasst von\" \/>\n\t<meta name=\"twitter:data1\" content=\"Julia Bobenko\" \/>\n\t<meta name=\"twitter:label2\" content=\"Gesch\u00e4tzte Lesezeit\" \/>\n\t<meta name=\"twitter:data2\" content=\"1 minute\" \/>\n<script type=\"application\/ld+json\" class=\"yoast-schema-graph\">{\"@context\":\"https:\/\/schema.org\",\"@graph\":[{\"@type\":\"Organization\",\"@id\":\"https:\/\/www.kilians.com\/#organization\",\"name\":\"St. Kilian's\",\"url\":\"https:\/\/www.kilians.com\/\",\"sameAs\":[],\"logo\":{\"@type\":\"ImageObject\",\"@id\":\"https:\/\/www.kilians.com\/#logo\",\"inLanguage\":\"de-DE\",\"url\":\"https:\/\/www.kilians.com\/wp-content\/uploads\/2017\/02\/StKilians_MasterLogo_Colour-1.png\",\"contentUrl\":\"https:\/\/www.kilians.com\/wp-content\/uploads\/2017\/02\/StKilians_MasterLogo_Colour-1.png\",\"width\":768,\"height\":1240,\"caption\":\"St. Kilian's\"},\"image\":{\"@id\":\"https:\/\/www.kilians.com\/#logo\"}},{\"@type\":\"WebSite\",\"@id\":\"https:\/\/www.kilians.com\/#website\",\"url\":\"https:\/\/www.kilians.com\/\",\"name\":\"St. Kilian&#039;s German School, Dublin\",\"description\":\"\",\"publisher\":{\"@id\":\"https:\/\/www.kilians.com\/#organization\"},\"potentialAction\":[{\"@type\":\"SearchAction\",\"target\":{\"@type\":\"EntryPoint\",\"urlTemplate\":\"https:\/\/www.kilians.com\/?s={search_term_string}\"},\"query-input\":\"required name=search_term_string\"}],\"inLanguage\":\"de-DE\"},{\"@type\":\"ImageObject\",\"@id\":\"https:\/\/www.kilians.com\/de\/news\/2025\/jersey-day-and-bake-in-support-of-goal\/#primaryimage\",\"inLanguage\":\"de-DE\",\"url\":\"https:\/\/www.kilians.com\/wp-content\/uploads\/2025\/10\/Photo-10-10-2025-10-25-47.jpg\",\"contentUrl\":\"https:\/\/www.kilians.com\/wp-content\/uploads\/2025\/10\/Photo-10-10-2025-10-25-47.jpg\",\"width\":1683,\"height\":1364},{\"@type\":\"WebPage\",\"@id\":\"https:\/\/www.kilians.com\/de\/news\/2025\/jersey-day-and-bake-in-support-of-goal\/#webpage\",\"url\":\"https:\/\/www.kilians.com\/de\/news\/2025\/jersey-day-and-bake-in-support-of-goal\/\",\"name\":\"Jersey Day und Kuchenverkauf zugunsten von GOAL - St. Kilian&#039;s German School, Dublin\",\"isPartOf\":{\"@id\":\"https:\/\/www.kilians.com\/#website\"},\"primaryImageOfPage\":{\"@id\":\"https:\/\/www.kilians.com\/de\/news\/2025\/jersey-day-and-bake-in-support-of-goal\/#primaryimage\"},\"datePublished\":\"2025-10-10T09:39:56+00:00\",\"dateModified\":\"2025-10-21T11:42:47+00:00\",\"breadcrumb\":{\"@id\":\"https:\/\/www.kilians.com\/de\/news\/2025\/jersey-day-and-bake-in-support-of-goal\/#breadcrumb\"},\"inLanguage\":\"de-DE\",\"potentialAction\":[{\"@type\":\"ReadAction\",\"target\":[\"https:\/\/www.kilians.com\/de\/news\/2025\/jersey-day-and-bake-in-support-of-goal\/\"]}]},{\"@type\":\"BreadcrumbList\",\"@id\":\"https:\/\/www.kilians.com\/de\/news\/2025\/jersey-day-and-bake-in-support-of-goal\/#breadcrumb\",\"itemListElement\":[{\"@type\":\"ListItem\",\"position\":1,\"name\":\"Home\",\"item\":\"https:\/\/www.kilians.com\/de\/\"},{\"@type\":\"ListItem\",\"position\":2,\"name\":\"Jersey Day und Kuchenverkauf zugunsten von GOAL\"}]},{\"@type\":\"Article\",\"@id\":\"https:\/\/www.kilians.com\/de\/news\/2025\/jersey-day-and-bake-in-support-of-goal\/#article\",\"isPartOf\":{\"@id\":\"https:\/\/www.kilians.com\/de\/news\/2025\/jersey-day-and-bake-in-support-of-goal\/#webpage\"},\"author\":{\"@id\":\"https:\/\/www.kilians.com\/#\/schema\/person\/0d0ba718c246ee8eaf04df3226782e55\"},\"headline\":\"Jersey Day und Kuchenverkauf zugunsten von GOAL\",\"datePublished\":\"2025-10-10T09:39:56+00:00\",\"dateModified\":\"2025-10-21T11:42:47+00:00\",\"mainEntityOfPage\":{\"@id\":\"https:\/\/www.kilians.com\/de\/news\/2025\/jersey-day-and-bake-in-support-of-goal\/#webpage\"},\"wordCount\":112,\"publisher\":{\"@id\":\"https:\/\/www.kilians.com\/#organization\"},\"image\":{\"@id\":\"https:\/\/www.kilians.com\/de\/news\/2025\/jersey-day-and-bake-in-support-of-goal\/#primaryimage\"},\"thumbnailUrl\":\"https:\/\/www.kilians.com\/wp-content\/uploads\/2025\/10\/Photo-10-10-2025-10-25-47.jpg\",\"articleSection\":[\"Au\\u00dferschulisches Angebot\",\"Nachrichten\",\"Primary School\",\"Sekundarstufe\",\"Veranstaltungen\"],\"inLanguage\":\"de-DE\"},{\"@type\":\"Person\",\"@id\":\"https:\/\/www.kilians.com\/#\/schema\/person\/0d0ba718c246ee8eaf04df3226782e55\",\"name\":\"Julia Bobenko\",\"url\":\"https:\/\/www.kilians.com\/de\/news\/author\/julia\/\"}]}<\/script>\n<!-- \/ Yoast SEO plugin. -->","yoast_head_json":{"robots":{"index":"index","follow":"follow","max-snippet":"max-snippet:-1","max-image-preview":"max-image-preview:large","max-video-preview":"max-video-preview:-1"},"canonical":"https:\/\/www.kilians.com\/de\/news\/2025\/jersey-day-and-bake-in-support-of-goal\/","og_locale":"de_DE","og_type":"article","og_title":"Jersey Day und Kuchenverkauf zugunsten von GOAL - St. Kilian&#039;s German School, Dublin","og_description":"Am Freitag, dem 10. Oktober 2025, veranstalteten der Wohlt\u00e4tigkeitsclub der Sekundarschule und die Sch\u00fclervertretung der Grundschule gemeinsam unseren j\u00e4hrlichen Jersey Day und einen Kuchenverkauf zugunsten... Weiterlesen","og_url":"https:\/\/www.kilians.com\/de\/news\/2025\/jersey-day-and-bake-in-support-of-goal\/","og_site_name":"St. Kilian&#039;s German School, Dublin","article_published_time":"2025-10-10T09:39:56+00:00","article_modified_time":"2025-10-21T11:42:47+00:00","og_image":[{"width":1683,"height":1364,"filesize":439282,"url":"http:\/\/www.kilians.com\/wp-content\/uploads\/2025\/10\/Photo-10-10-2025-10-25-47.jpg","path":"\/nas\/content\/live\/kilians\/wp-content\/uploads\/2025\/10\/Photo-10-10-2025-10-25-47.jpg","size":"full","id":45381,"alt":"","pixels":2295612,"type":"image\/jpeg"}],"twitter_card":"summary","twitter_misc":{"Verfasst von":"Julia Bobenko","Gesch\u00e4tzte Lesezeit":"1 minute"},"schema":{"@context":"https:\/\/schema.org","@graph":[{"@type":"Organization","@id":"https:\/\/www.kilians.com\/#organization","name":"St. Kilian's","url":"https:\/\/www.kilians.com\/","sameAs":[],"logo":{"@type":"ImageObject","@id":"https:\/\/www.kilians.com\/#logo","inLanguage":"de-DE","url":"https:\/\/www.kilians.com\/wp-content\/uploads\/2017\/02\/StKilians_MasterLogo_Colour-1.png","contentUrl":"https:\/\/www.kilians.com\/wp-content\/uploads\/2017\/02\/StKilians_MasterLogo_Colour-1.png","width":768,"height":1240,"caption":"St. Kilian's"},"image":{"@id":"https:\/\/www.kilians.com\/#logo"}},{"@type":"WebSite","@id":"https:\/\/www.kilians.com\/#website","url":"https:\/\/www.kilians.com\/","name":"St. Kilian&#039;s German School, Dublin","description":"","publisher":{"@id":"https:\/\/www.kilians.com\/#organization"},"potentialAction":[{"@type":"SearchAction","target":{"@type":"EntryPoint","urlTemplate":"https:\/\/www.kilians.com\/?s={search_term_string}"},"query-input":"required name=search_term_string"}],"inLanguage":"de-DE"},{"@type":"ImageObject","@id":"https:\/\/www.kilians.com\/de\/news\/2025\/jersey-day-and-bake-in-support-of-goal\/#primaryimage","inLanguage":"de-DE","url":"https:\/\/www.kilians.com\/wp-content\/uploads\/2025\/10\/Photo-10-10-2025-10-25-47.jpg","contentUrl":"https:\/\/www.kilians.com\/wp-content\/uploads\/2025\/10\/Photo-10-10-2025-10-25-47.jpg","width":1683,"height":1364},{"@type":"WebPage","@id":"https:\/\/www.kilians.com\/de\/news\/2025\/jersey-day-and-bake-in-support-of-goal\/#webpage","url":"https:\/\/www.kilians.com\/de\/news\/2025\/jersey-day-and-bake-in-support-of-goal\/","name":"Jersey Day und Kuchenverkauf zugunsten von GOAL - St. Kilian&#039;s German School, Dublin","isPartOf":{"@id":"https:\/\/www.kilians.com\/#website"},"primaryImageOfPage":{"@id":"https:\/\/www.kilians.com\/de\/news\/2025\/jersey-day-and-bake-in-support-of-goal\/#primaryimage"},"datePublished":"2025-10-10T09:39:56+00:00","dateModified":"2025-10-21T11:42:47+00:00","breadcrumb":{"@id":"https:\/\/www.kilians.com\/de\/news\/2025\/jersey-day-and-bake-in-support-of-goal\/#breadcrumb"},"inLanguage":"de-DE","potentialAction":[{"@type":"ReadAction","target":["https:\/\/www.kilians.com\/de\/news\/2025\/jersey-day-and-bake-in-support-of-goal\/"]}]},{"@type":"BreadcrumbList","@id":"https:\/\/www.kilians.com\/de\/news\/2025\/jersey-day-and-bake-in-support-of-goal\/#breadcrumb","itemListElement":[{"@type":"ListItem","position":1,"name":"Home","item":"https:\/\/www.kilians.com\/de\/"},{"@type":"ListItem","position":2,"name":"Jersey Day und Kuchenverkauf zugunsten von GOAL"}]},{"@type":"Article","@id":"https:\/\/www.kilians.com\/de\/news\/2025\/jersey-day-and-bake-in-support-of-goal\/#article","isPartOf":{"@id":"https:\/\/www.kilians.com\/de\/news\/2025\/jersey-day-and-bake-in-support-of-goal\/#webpage"},"author":{"@id":"https:\/\/www.kilians.com\/#\/schema\/person\/0d0ba718c246ee8eaf04df3226782e55"},"headline":"Jersey Day und Kuchenverkauf zugunsten von GOAL","datePublished":"2025-10-10T09:39:56+00:00","dateModified":"2025-10-21T11:42:47+00:00","mainEntityOfPage":{"@id":"https:\/\/www.kilians.com\/de\/news\/2025\/jersey-day-and-bake-in-support-of-goal\/#webpage"},"wordCount":112,"publisher":{"@id":"https:\/\/www.kilians.com\/#organization"},"image":{"@id":"https:\/\/www.kilians.com\/de\/news\/2025\/jersey-day-and-bake-in-support-of-goal\/#primaryimage"},"thumbnailUrl":"https:\/\/www.kilians.com\/wp-content\/uploads\/2025\/10\/Photo-10-10-2025-10-25-47.jpg","articleSection":["Au\u00dferschulisches Angebot","Nachrichten","Primary School","Sekundarstufe","Veranstaltungen"],"inLanguage":"de-DE"},{"@type":"Person","@id":"https:\/\/www.kilians.com\/#\/schema\/person\/0d0ba718c246ee8eaf04df3226782e55","name":"Julia Bobenko","url":"https:\/\/www.kilians.com\/de\/news\/author\/julia\/"}]}},"_links":{"self":[{"href":"https:\/\/www.kilians.com\/de\/wp-json\/wp\/v2\/posts\/45382\/"}],"collection":[{"href":"https:\/\/www.kilians.com\/de\/wp-json\/wp\/v2\/posts\/"}],"about":[{"href":"https:\/\/www.kilians.com\/de\/wp-json\/wp\/v2\/types\/post\/"}],"author":[{"embeddable":true,"href":"https:\/\/www.kilians.com\/de\/wp-json\/wp\/v2\/users\/1506\/"}],"replies":[{"embeddable":true,"href":"https:\/\/www.kilians.com\/de\/wp-json\/wp\/v2\/comments\/?post=45382"}],"version-history":[{"count":0,"href":"https:\/\/www.kilians.com\/de\/wp-json\/wp\/v2\/posts\/45382\/revisions\/"}],"wp:featuredmedia":[{"embeddable":true,"href":"https:\/\/www.kilians.com\/de\/wp-json\/wp\/v2\/media\/45381\/"}],"wp:attachment":[{"href":"https:\/\/www.kilians.com\/de\/wp-json\/wp\/v2\/media\/?parent=45382"}],"wp:term":[{"taxonomy":"category","embeddable":true,"href":"https:\/\/www.kilians.com\/de\/wp-json\/wp\/v2\/categories\/?post=45382"},{"taxonomy":"post_tag","embeddable":true,"href":"https:\/\/www.kilians.com\/de\/wp-json\/wp\/v2\/tags\/?post=45382"}],"curies":[{"name":"wp","href":"https:\/\/api.w.org\/{rel}","templated":true}]}}