{"id":45847,"date":"2025-11-18T03:09:00","date_gmt":"2025-11-18T03:09:00","guid":{"rendered":"https:\/\/www.kilians.com\/news\/2025\/st-kilians-and-lfi-joint-euroscola-submission-receives-honourable-mention\/"},"modified":"2025-11-18T15:25:52","modified_gmt":"2025-11-18T15:25:52","slug":"st-kilians-and-lfi-joint-euroscola-submission-receives-honourable-mention","status":"publish","type":"post","link":"https:\/\/www.kilians.com\/de\/news\/2025\/st-kilians-and-lfi-joint-euroscola-submission-receives-honourable-mention\/","title":{"rendered":"Euroscola 2025: Gemeinsames Projekt von St. Kilian\u2019s und LFI erh\u00e4lt lobende Erw\u00e4hnung"},"content":{"rendered":"\n<p>Wir freuen uns mitteilen zu k\u00f6nnen, dass die gemeinsame Einreichung von LFI und St. Kilian&#8217;s f\u00fcr den <a href=\"https:\/\/dublin.europarl.europa.eu\/en\/news\/euroscola-2025-winners\">diesj\u00e4hrigen Euroscola-Wettbewerb<\/a> vom B\u00fcro des Europ\u00e4ischen Parlaments eine lobende Erw\u00e4hnung erhalten hat.<\/p>\n\n\n\n<p>Auch wenn wir den Wettbewerb nicht wie im letzten Jahr gewonnen haben, ist diese Anerkennung ein Beweis f\u00fcr die Kreativit\u00e4t, das Engagement und die harte Arbeit unserer Eurocampus-Sch\u00fcler. Ihr kontinuierlicher Beitrag und ihr Engagement f\u00fcr europ\u00e4ische Themen sind nach wie vor wirklich lobenswert. Herzlichen Gl\u00fcckwunsch an alle beteiligten Sch\u00fcler!<\/p>\n\n\n\n<div style=\"height:43px\" aria-hidden=\"true\" class=\"wp-block-spacer\"><\/div>\n\n\n\n<p>Den diesj\u00e4hrigen Beitrag von St. Kilian&#8217;s\/LFI Video k\u00f6nnen Sie hier ansehen:<\/p>\n\n\n\n<p><\/p>\n\n\n\n<figure class=\"wp-block-embed is-type-video is-provider-youtube wp-block-embed-youtube wp-embed-aspect-16-9 wp-has-aspect-ratio\"><div class=\"wp-block-embed__wrapper\">\n<iframe loading=\"lazy\" title=\"2025 Euroscola submission for St. Kilian&#039;s &amp; Lyc\u00e9e Fran\u00e7ais International\" width=\"747\" height=\"420\" src=\"https:\/\/www.youtube.com\/embed\/NdYyiNsjPY4?feature=oembed\" frameborder=\"0\" allow=\"accelerometer; autoplay; clipboard-write; encrypted-media; gyroscope; picture-in-picture; web-share\" referrerpolicy=\"strict-origin-when-cross-origin\" allowfullscreen><\/iframe>\n<\/div><\/figure>\n","protected":false},"excerpt":{"rendered":"<p>Wir freuen uns mitteilen zu k\u00f6nnen, dass die gemeinsame Einreichung von LFI und St. Kilian&#8217;s f\u00fcr den diesj\u00e4hrigen Euroscola-Wettbewerb vom B\u00fcro des Europ\u00e4ischen Parlaments eine&#8230; <a class=\"find-out-more-link\" href=\"https:\/\/www.kilians.com\/de\/news\/2025\/st-kilians-and-lfi-joint-euroscola-submission-receives-honourable-mention\/\">Weiterlesen<\/a> <\/p>\n","protected":false},"author":1506,"featured_media":45846,"comment_status":"closed","ping_status":"closed","sticky":false,"template":"","format":"standard","meta":{"footnotes":""},"categories":[190,176,6,52,58,56,38],"tags":[],"class_list":{"0":"post-45847","1":"post","2":"type-post","3":"status-publish","4":"format-standard","5":"has-post-thumbnail","7":"category-ausserschulisches-angebot","8":"category-auszeichnungen","9":"category-nachrichten","10":"category-sekundarstufe","11":"category-sonstige-wettbewerbe","12":"category-veranstaltungen-sekundarstufe","13":"category-wettbewerbe","14":"entry"},"yoast_head":"<!-- This site is optimized with the Yoast SEO plugin v17.2.1 - https:\/\/yoast.com\/wordpress\/plugins\/seo\/ -->\n<meta name=\"robots\" content=\"index, follow, max-snippet:-1, max-image-preview:large, max-video-preview:-1\" \/>\n<link rel=\"canonical\" href=\"https:\/\/www.kilians.com\/de\/news\/2025\/st-kilians-and-lfi-joint-euroscola-submission-receives-honourable-mention\/\" \/>\n<meta property=\"og:locale\" content=\"de_DE\" \/>\n<meta property=\"og:type\" content=\"article\" \/>\n<meta property=\"og:title\" content=\"Euroscola 2025: Gemeinsames Projekt von St. Kilian\u2019s und LFI erh\u00e4lt lobende Erw\u00e4hnung - St. Kilian&#039;s German School, Dublin\" \/>\n<meta property=\"og:description\" content=\"Wir freuen uns mitteilen zu k\u00f6nnen, dass die gemeinsame Einreichung von LFI und St. Kilian&#8217;s f\u00fcr den diesj\u00e4hrigen Euroscola-Wettbewerb vom B\u00fcro des Europ\u00e4ischen Parlaments eine... Weiterlesen\" \/>\n<meta property=\"og:url\" content=\"https:\/\/www.kilians.com\/de\/news\/2025\/st-kilians-and-lfi-joint-euroscola-submission-receives-honourable-mention\/\" \/>\n<meta property=\"og:site_name\" content=\"St. Kilian&#039;s German School, Dublin\" \/>\n<meta property=\"article:published_time\" content=\"2025-11-18T03:09:00+00:00\" \/>\n<meta property=\"article:modified_time\" content=\"2025-11-18T15:25:52+00:00\" \/>\n<meta property=\"og:image\" content=\"http:\/\/www.kilians.com\/wp-content\/uploads\/2025\/11\/Euroscola-Thumbnail_1.jpg\" \/>\n\t<meta property=\"og:image:width\" content=\"602\" \/>\n\t<meta property=\"og:image:height\" content=\"324\" \/>\n<meta name=\"twitter:card\" content=\"summary\" \/>\n<meta name=\"twitter:label1\" content=\"Verfasst von\" \/>\n\t<meta name=\"twitter:data1\" content=\"Julia Bobenko\" \/>\n\t<meta name=\"twitter:label2\" content=\"Gesch\u00e4tzte Lesezeit\" \/>\n\t<meta name=\"twitter:data2\" content=\"1 minute\" \/>\n<script type=\"application\/ld+json\" class=\"yoast-schema-graph\">{\"@context\":\"https:\/\/schema.org\",\"@graph\":[{\"@type\":\"Organization\",\"@id\":\"https:\/\/www.kilians.com\/#organization\",\"name\":\"St. Kilian's\",\"url\":\"https:\/\/www.kilians.com\/\",\"sameAs\":[],\"logo\":{\"@type\":\"ImageObject\",\"@id\":\"https:\/\/www.kilians.com\/#logo\",\"inLanguage\":\"de-DE\",\"url\":\"https:\/\/www.kilians.com\/wp-content\/uploads\/2017\/02\/StKilians_MasterLogo_Colour-1.png\",\"contentUrl\":\"https:\/\/www.kilians.com\/wp-content\/uploads\/2017\/02\/StKilians_MasterLogo_Colour-1.png\",\"width\":768,\"height\":1240,\"caption\":\"St. Kilian's\"},\"image\":{\"@id\":\"https:\/\/www.kilians.com\/#logo\"}},{\"@type\":\"WebSite\",\"@id\":\"https:\/\/www.kilians.com\/#website\",\"url\":\"https:\/\/www.kilians.com\/\",\"name\":\"St. Kilian&#039;s German School, Dublin\",\"description\":\"\",\"publisher\":{\"@id\":\"https:\/\/www.kilians.com\/#organization\"},\"potentialAction\":[{\"@type\":\"SearchAction\",\"target\":{\"@type\":\"EntryPoint\",\"urlTemplate\":\"https:\/\/www.kilians.com\/?s={search_term_string}\"},\"query-input\":\"required name=search_term_string\"}],\"inLanguage\":\"de-DE\"},{\"@type\":\"ImageObject\",\"@id\":\"https:\/\/www.kilians.com\/de\/news\/2025\/st-kilians-and-lfi-joint-euroscola-submission-receives-honourable-mention\/#primaryimage\",\"inLanguage\":\"de-DE\",\"url\":\"https:\/\/www.kilians.com\/wp-content\/uploads\/2025\/11\/Euroscola-Thumbnail_1.jpg\",\"contentUrl\":\"https:\/\/www.kilians.com\/wp-content\/uploads\/2025\/11\/Euroscola-Thumbnail_1.jpg\",\"width\":602,\"height\":324},{\"@type\":\"WebPage\",\"@id\":\"https:\/\/www.kilians.com\/de\/news\/2025\/st-kilians-and-lfi-joint-euroscola-submission-receives-honourable-mention\/#webpage\",\"url\":\"https:\/\/www.kilians.com\/de\/news\/2025\/st-kilians-and-lfi-joint-euroscola-submission-receives-honourable-mention\/\",\"name\":\"Euroscola 2025: Gemeinsames Projekt von St. Kilian\\u2019s und LFI erh\\u00e4lt lobende Erw\\u00e4hnung - St. Kilian&#039;s German School, Dublin\",\"isPartOf\":{\"@id\":\"https:\/\/www.kilians.com\/#website\"},\"primaryImageOfPage\":{\"@id\":\"https:\/\/www.kilians.com\/de\/news\/2025\/st-kilians-and-lfi-joint-euroscola-submission-receives-honourable-mention\/#primaryimage\"},\"datePublished\":\"2025-11-18T03:09:00+00:00\",\"dateModified\":\"2025-11-18T15:25:52+00:00\",\"breadcrumb\":{\"@id\":\"https:\/\/www.kilians.com\/de\/news\/2025\/st-kilians-and-lfi-joint-euroscola-submission-receives-honourable-mention\/#breadcrumb\"},\"inLanguage\":\"de-DE\",\"potentialAction\":[{\"@type\":\"ReadAction\",\"target\":[\"https:\/\/www.kilians.com\/de\/news\/2025\/st-kilians-and-lfi-joint-euroscola-submission-receives-honourable-mention\/\"]}]},{\"@type\":\"BreadcrumbList\",\"@id\":\"https:\/\/www.kilians.com\/de\/news\/2025\/st-kilians-and-lfi-joint-euroscola-submission-receives-honourable-mention\/#breadcrumb\",\"itemListElement\":[{\"@type\":\"ListItem\",\"position\":1,\"name\":\"Home\",\"item\":\"https:\/\/www.kilians.com\/de\/\"},{\"@type\":\"ListItem\",\"position\":2,\"name\":\"Euroscola 2025: Gemeinsames Projekt von St. Kilian\\u2019s und LFI erh\\u00e4lt lobende Erw\\u00e4hnung\"}]},{\"@type\":\"Article\",\"@id\":\"https:\/\/www.kilians.com\/de\/news\/2025\/st-kilians-and-lfi-joint-euroscola-submission-receives-honourable-mention\/#article\",\"isPartOf\":{\"@id\":\"https:\/\/www.kilians.com\/de\/news\/2025\/st-kilians-and-lfi-joint-euroscola-submission-receives-honourable-mention\/#webpage\"},\"author\":{\"@id\":\"https:\/\/www.kilians.com\/#\/schema\/person\/0d0ba718c246ee8eaf04df3226782e55\"},\"headline\":\"Euroscola 2025: Gemeinsames Projekt von St. Kilian\\u2019s und LFI erh\\u00e4lt lobende Erw\\u00e4hnung\",\"datePublished\":\"2025-11-18T03:09:00+00:00\",\"dateModified\":\"2025-11-18T15:25:52+00:00\",\"mainEntityOfPage\":{\"@id\":\"https:\/\/www.kilians.com\/de\/news\/2025\/st-kilians-and-lfi-joint-euroscola-submission-receives-honourable-mention\/#webpage\"},\"wordCount\":123,\"publisher\":{\"@id\":\"https:\/\/www.kilians.com\/#organization\"},\"image\":{\"@id\":\"https:\/\/www.kilians.com\/de\/news\/2025\/st-kilians-and-lfi-joint-euroscola-submission-receives-honourable-mention\/#primaryimage\"},\"thumbnailUrl\":\"https:\/\/www.kilians.com\/wp-content\/uploads\/2025\/11\/Euroscola-Thumbnail_1.jpg\",\"articleSection\":[\"Au\\u00dferschulisches Angebot\",\"Erfolge &amp; Auszeichnungen\",\"Nachrichten\",\"Sekundarstufe\",\"Sonstige Wettbewerbe\",\"Veranstaltungen Sekundarstufe\",\"Wettbewerbe\"],\"inLanguage\":\"de-DE\"},{\"@type\":\"Person\",\"@id\":\"https:\/\/www.kilians.com\/#\/schema\/person\/0d0ba718c246ee8eaf04df3226782e55\",\"name\":\"Julia Bobenko\",\"url\":\"https:\/\/www.kilians.com\/de\/news\/author\/julia\/\"}]}<\/script>\n<!-- \/ Yoast SEO plugin. -->","yoast_head_json":{"robots":{"index":"index","follow":"follow","max-snippet":"max-snippet:-1","max-image-preview":"max-image-preview:large","max-video-preview":"max-video-preview:-1"},"canonical":"https:\/\/www.kilians.com\/de\/news\/2025\/st-kilians-and-lfi-joint-euroscola-submission-receives-honourable-mention\/","og_locale":"de_DE","og_type":"article","og_title":"Euroscola 2025: Gemeinsames Projekt von St. Kilian\u2019s und LFI erh\u00e4lt lobende Erw\u00e4hnung - St. Kilian&#039;s German School, Dublin","og_description":"Wir freuen uns mitteilen zu k\u00f6nnen, dass die gemeinsame Einreichung von LFI und St. Kilian&#8217;s f\u00fcr den diesj\u00e4hrigen Euroscola-Wettbewerb vom B\u00fcro des Europ\u00e4ischen Parlaments eine... Weiterlesen","og_url":"https:\/\/www.kilians.com\/de\/news\/2025\/st-kilians-and-lfi-joint-euroscola-submission-receives-honourable-mention\/","og_site_name":"St. Kilian&#039;s German School, Dublin","article_published_time":"2025-11-18T03:09:00+00:00","article_modified_time":"2025-11-18T15:25:52+00:00","og_image":[{"width":602,"height":324,"filesize":46146,"url":"http:\/\/www.kilians.com\/wp-content\/uploads\/2025\/11\/Euroscola-Thumbnail_1.jpg","path":"\/nas\/content\/live\/kilians\/wp-content\/uploads\/2025\/11\/Euroscola-Thumbnail_1.jpg","size":"full","id":45846,"alt":"","pixels":195048,"type":"image\/jpeg"}],"twitter_card":"summary","twitter_misc":{"Verfasst von":"Julia Bobenko","Gesch\u00e4tzte Lesezeit":"1 minute"},"schema":{"@context":"https:\/\/schema.org","@graph":[{"@type":"Organization","@id":"https:\/\/www.kilians.com\/#organization","name":"St. Kilian's","url":"https:\/\/www.kilians.com\/","sameAs":[],"logo":{"@type":"ImageObject","@id":"https:\/\/www.kilians.com\/#logo","inLanguage":"de-DE","url":"https:\/\/www.kilians.com\/wp-content\/uploads\/2017\/02\/StKilians_MasterLogo_Colour-1.png","contentUrl":"https:\/\/www.kilians.com\/wp-content\/uploads\/2017\/02\/StKilians_MasterLogo_Colour-1.png","width":768,"height":1240,"caption":"St. Kilian's"},"image":{"@id":"https:\/\/www.kilians.com\/#logo"}},{"@type":"WebSite","@id":"https:\/\/www.kilians.com\/#website","url":"https:\/\/www.kilians.com\/","name":"St. Kilian&#039;s German School, Dublin","description":"","publisher":{"@id":"https:\/\/www.kilians.com\/#organization"},"potentialAction":[{"@type":"SearchAction","target":{"@type":"EntryPoint","urlTemplate":"https:\/\/www.kilians.com\/?s={search_term_string}"},"query-input":"required name=search_term_string"}],"inLanguage":"de-DE"},{"@type":"ImageObject","@id":"https:\/\/www.kilians.com\/de\/news\/2025\/st-kilians-and-lfi-joint-euroscola-submission-receives-honourable-mention\/#primaryimage","inLanguage":"de-DE","url":"https:\/\/www.kilians.com\/wp-content\/uploads\/2025\/11\/Euroscola-Thumbnail_1.jpg","contentUrl":"https:\/\/www.kilians.com\/wp-content\/uploads\/2025\/11\/Euroscola-Thumbnail_1.jpg","width":602,"height":324},{"@type":"WebPage","@id":"https:\/\/www.kilians.com\/de\/news\/2025\/st-kilians-and-lfi-joint-euroscola-submission-receives-honourable-mention\/#webpage","url":"https:\/\/www.kilians.com\/de\/news\/2025\/st-kilians-and-lfi-joint-euroscola-submission-receives-honourable-mention\/","name":"Euroscola 2025: Gemeinsames Projekt von St. Kilian\u2019s und LFI erh\u00e4lt lobende Erw\u00e4hnung - St. Kilian&#039;s German School, Dublin","isPartOf":{"@id":"https:\/\/www.kilians.com\/#website"},"primaryImageOfPage":{"@id":"https:\/\/www.kilians.com\/de\/news\/2025\/st-kilians-and-lfi-joint-euroscola-submission-receives-honourable-mention\/#primaryimage"},"datePublished":"2025-11-18T03:09:00+00:00","dateModified":"2025-11-18T15:25:52+00:00","breadcrumb":{"@id":"https:\/\/www.kilians.com\/de\/news\/2025\/st-kilians-and-lfi-joint-euroscola-submission-receives-honourable-mention\/#breadcrumb"},"inLanguage":"de-DE","potentialAction":[{"@type":"ReadAction","target":["https:\/\/www.kilians.com\/de\/news\/2025\/st-kilians-and-lfi-joint-euroscola-submission-receives-honourable-mention\/"]}]},{"@type":"BreadcrumbList","@id":"https:\/\/www.kilians.com\/de\/news\/2025\/st-kilians-and-lfi-joint-euroscola-submission-receives-honourable-mention\/#breadcrumb","itemListElement":[{"@type":"ListItem","position":1,"name":"Home","item":"https:\/\/www.kilians.com\/de\/"},{"@type":"ListItem","position":2,"name":"Euroscola 2025: Gemeinsames Projekt von St. Kilian\u2019s und LFI erh\u00e4lt lobende Erw\u00e4hnung"}]},{"@type":"Article","@id":"https:\/\/www.kilians.com\/de\/news\/2025\/st-kilians-and-lfi-joint-euroscola-submission-receives-honourable-mention\/#article","isPartOf":{"@id":"https:\/\/www.kilians.com\/de\/news\/2025\/st-kilians-and-lfi-joint-euroscola-submission-receives-honourable-mention\/#webpage"},"author":{"@id":"https:\/\/www.kilians.com\/#\/schema\/person\/0d0ba718c246ee8eaf04df3226782e55"},"headline":"Euroscola 2025: Gemeinsames Projekt von St. Kilian\u2019s und LFI erh\u00e4lt lobende Erw\u00e4hnung","datePublished":"2025-11-18T03:09:00+00:00","dateModified":"2025-11-18T15:25:52+00:00","mainEntityOfPage":{"@id":"https:\/\/www.kilians.com\/de\/news\/2025\/st-kilians-and-lfi-joint-euroscola-submission-receives-honourable-mention\/#webpage"},"wordCount":123,"publisher":{"@id":"https:\/\/www.kilians.com\/#organization"},"image":{"@id":"https:\/\/www.kilians.com\/de\/news\/2025\/st-kilians-and-lfi-joint-euroscola-submission-receives-honourable-mention\/#primaryimage"},"thumbnailUrl":"https:\/\/www.kilians.com\/wp-content\/uploads\/2025\/11\/Euroscola-Thumbnail_1.jpg","articleSection":["Au\u00dferschulisches Angebot","Erfolge &amp; Auszeichnungen","Nachrichten","Sekundarstufe","Sonstige Wettbewerbe","Veranstaltungen Sekundarstufe","Wettbewerbe"],"inLanguage":"de-DE"},{"@type":"Person","@id":"https:\/\/www.kilians.com\/#\/schema\/person\/0d0ba718c246ee8eaf04df3226782e55","name":"Julia Bobenko","url":"https:\/\/www.kilians.com\/de\/news\/author\/julia\/"}]}},"_links":{"self":[{"href":"https:\/\/www.kilians.com\/de\/wp-json\/wp\/v2\/posts\/45847\/"}],"collection":[{"href":"https:\/\/www.kilians.com\/de\/wp-json\/wp\/v2\/posts\/"}],"about":[{"href":"https:\/\/www.kilians.com\/de\/wp-json\/wp\/v2\/types\/post\/"}],"author":[{"embeddable":true,"href":"https:\/\/www.kilians.com\/de\/wp-json\/wp\/v2\/users\/1506\/"}],"replies":[{"embeddable":true,"href":"https:\/\/www.kilians.com\/de\/wp-json\/wp\/v2\/comments\/?post=45847"}],"version-history":[{"count":0,"href":"https:\/\/www.kilians.com\/de\/wp-json\/wp\/v2\/posts\/45847\/revisions\/"}],"wp:featuredmedia":[{"embeddable":true,"href":"https:\/\/www.kilians.com\/de\/wp-json\/wp\/v2\/media\/45846\/"}],"wp:attachment":[{"href":"https:\/\/www.kilians.com\/de\/wp-json\/wp\/v2\/media\/?parent=45847"}],"wp:term":[{"taxonomy":"category","embeddable":true,"href":"https:\/\/www.kilians.com\/de\/wp-json\/wp\/v2\/categories\/?post=45847"},{"taxonomy":"post_tag","embeddable":true,"href":"https:\/\/www.kilians.com\/de\/wp-json\/wp\/v2\/tags\/?post=45847"}],"curies":[{"name":"wp","href":"https:\/\/api.w.org\/{rel}","templated":true}]}}