{"id":46140,"date":"2025-12-09T15:54:16","date_gmt":"2025-12-09T15:54:16","guid":{"rendered":"https:\/\/www.kilians.com\/news\/2025\/st-kilians-takes-part-in-the-international-reading-competition-for-german-schools-abroad-2025-2026\/"},"modified":"2025-12-10T12:36:11","modified_gmt":"2025-12-10T12:36:11","slug":"st-kilians-takes-part-in-the-international-reading-competition-for-german-schools-abroad-2025-2026","status":"publish","type":"post","link":"https:\/\/www.kilians.com\/de\/news\/2025\/st-kilians-takes-part-in-the-international-reading-competition-for-german-schools-abroad-2025-2026\/","title":{"rendered":"St. Kilian\u2019s nimmt am Internationalen Vorlesewettbewerb f\u00fcr Deutsche Auslandsschulen 2025\/2026 teil"},"content":{"rendered":"\n<p>Am Dienstag, den 9. Dezember 2025, fand das Schulfinale unseres zweiten schulinternen Lesewettbewerbs statt, an dem die Klassensieger der Klassen 6 und 7 aller teilnehmenden Deutschgruppen teilnahmen. Die Klassenfinalisten pr\u00e4sentierten Ausz\u00fcge aus ihren Lieblingsb\u00fcchern und bew\u00e4ltigten unbekannte deutsche Texte mit Selbstvertrauen und Begeisterung. Es war keine leichte Aufgabe f\u00fcr die Jury, einen DF-Schulgewinner und einen Sek I-Schulgewinner auszuw\u00e4hlen. Wir gratulieren den diesj\u00e4hrigen Gewinnern: Ois\u00edn (7D) und Cara (6A). Besondere Gl\u00fcckw\u00fcnsche gehen an Cara, die auch zur Gesamtsiegerin der Schule gek\u00fcrt wurde und unsere Schule im kommenden Jahr beim <a href=\"https:\/\/www.vorlesewettbewerb.de\/der-wettbewerb\/vorlesewettbewerb-fuer-deutsche-auslandsschulen\">internationalen Vorlesewettbewerb f\u00fcr deutsche Auslandsschulen<\/a> vertreten wird.<\/p>\n\n\n\n<p>Dieser internationale Wettbewerb, an dem Schulen aus aller Welt teilnehmen, f\u00f6rdert das Lesen \u00fcber Grenzen hinweg und ermutigt Sch\u00fcler, ihre Lese- und Schreibf\u00e4higkeiten zu entwickeln und gleichzeitig ihre Liebe zur Literatur auf einer globalen B\u00fchne zu teilen. Wir sind stolz darauf, erneut Teil dieses Wettbewerbs zu sein. Herzlichen Gl\u00fcckwunsch an alle Gewinner und viel Gl\u00fcck f\u00fcr Cara beim internationalen Finale.<\/p>\n\n\n\n<div style=\"height:100px\" aria-hidden=\"true\" class=\"wp-block-spacer\"><\/div>\n\n\n\n<figure class=\"wp-block-gallery has-nested-images columns-default is-cropped wp-block-gallery-1 is-layout-flex wp-block-gallery-is-layout-flex\">\n<figure class=\"wp-block-image size-large\"><img loading=\"lazy\" decoding=\"async\" width=\"1024\" height=\"683\" data-id=\"46138\" src=\"https:\/\/www.kilians.com\/wp-content\/uploads\/2025\/12\/IMG_8509-1024x683.jpg\" alt=\"\" class=\"wp-image-46138\" srcset=\"https:\/\/www.kilians.com\/wp-content\/uploads\/2025\/12\/IMG_8509-1024x683.jpg 1024w, https:\/\/www.kilians.com\/wp-content\/uploads\/2025\/12\/IMG_8509-768x512.jpg 768w, https:\/\/www.kilians.com\/wp-content\/uploads\/2025\/12\/IMG_8509-1536x1024.jpg 1536w, https:\/\/www.kilians.com\/wp-content\/uploads\/2025\/12\/IMG_8509-150x100.jpg 150w, https:\/\/www.kilians.com\/wp-content\/uploads\/2025\/12\/IMG_8509-750x500.jpg 750w, https:\/\/www.kilians.com\/wp-content\/uploads\/2025\/12\/IMG_8509.jpg 2048w\" sizes=\"auto, (max-width: 1024px) 100vw, 1024px\" \/><\/figure>\n\n\n\n<figure class=\"wp-block-image size-large\"><img loading=\"lazy\" decoding=\"async\" width=\"1024\" height=\"683\" data-id=\"46136\" src=\"https:\/\/www.kilians.com\/wp-content\/uploads\/2025\/12\/IMG_2749-1024x683.jpeg\" alt=\"\" class=\"wp-image-46136\" srcset=\"https:\/\/www.kilians.com\/wp-content\/uploads\/2025\/12\/IMG_2749-1024x683.jpeg 1024w, https:\/\/www.kilians.com\/wp-content\/uploads\/2025\/12\/IMG_2749-768x512.jpeg 768w, https:\/\/www.kilians.com\/wp-content\/uploads\/2025\/12\/IMG_2749-1536x1024.jpeg 1536w, https:\/\/www.kilians.com\/wp-content\/uploads\/2025\/12\/IMG_2749-150x100.jpeg 150w, https:\/\/www.kilians.com\/wp-content\/uploads\/2025\/12\/IMG_2749-750x500.jpeg 750w, https:\/\/www.kilians.com\/wp-content\/uploads\/2025\/12\/IMG_2749.jpeg 2048w\" sizes=\"auto, (max-width: 1024px) 100vw, 1024px\" \/><\/figure>\n<\/figure>\n","protected":false},"excerpt":{"rendered":"<p>Am Dienstag, den 9. Dezember 2025, fand das Schulfinale unseres zweiten schulinternen Lesewettbewerbs statt, an dem die Klassensieger der Klassen 6 und 7 aller teilnehmenden&#8230; <a class=\"find-out-more-link\" href=\"https:\/\/www.kilians.com\/de\/news\/2025\/st-kilians-takes-part-in-the-international-reading-competition-for-german-schools-abroad-2025-2026\/\">Weiterlesen<\/a> <\/p>\n","protected":false},"author":1506,"featured_media":46139,"comment_status":"closed","ping_status":"closed","sticky":false,"template":"","format":"standard","meta":{"footnotes":""},"categories":[176,234,6,192,52,58,38],"tags":[],"class_list":{"0":"post-46140","1":"post","2":"type-post","3":"status-publish","4":"format-standard","5":"has-post-thumbnail","7":"category-auszeichnungen","8":"category-german-department-de","9":"category-nachrichten","10":"category-primary-school-de","11":"category-sekundarstufe","12":"category-sonstige-wettbewerbe","13":"category-wettbewerbe","14":"entry"},"yoast_head":"<!-- This site is optimized with the Yoast SEO plugin v17.2.1 - https:\/\/yoast.com\/wordpress\/plugins\/seo\/ -->\n<meta name=\"robots\" content=\"index, follow, max-snippet:-1, max-image-preview:large, max-video-preview:-1\" \/>\n<link rel=\"canonical\" href=\"https:\/\/www.kilians.com\/de\/news\/2025\/st-kilians-takes-part-in-the-international-reading-competition-for-german-schools-abroad-2025-2026\/\" \/>\n<meta property=\"og:locale\" content=\"de_DE\" \/>\n<meta property=\"og:type\" content=\"article\" \/>\n<meta property=\"og:title\" content=\"St. Kilian\u2019s nimmt am Internationalen Vorlesewettbewerb f\u00fcr Deutsche Auslandsschulen 2025\/2026 teil - St. Kilian&#039;s German School, Dublin\" \/>\n<meta property=\"og:description\" content=\"Am Dienstag, den 9. Dezember 2025, fand das Schulfinale unseres zweiten schulinternen Lesewettbewerbs statt, an dem die Klassensieger der Klassen 6 und 7 aller teilnehmenden... Weiterlesen\" \/>\n<meta property=\"og:url\" content=\"https:\/\/www.kilians.com\/de\/news\/2025\/st-kilians-takes-part-in-the-international-reading-competition-for-german-schools-abroad-2025-2026\/\" \/>\n<meta property=\"og:site_name\" content=\"St. Kilian&#039;s German School, Dublin\" \/>\n<meta property=\"article:published_time\" content=\"2025-12-09T15:54:16+00:00\" \/>\n<meta property=\"article:modified_time\" content=\"2025-12-10T12:36:11+00:00\" \/>\n<meta property=\"og:image\" content=\"http:\/\/www.kilians.com\/wp-content\/uploads\/2025\/12\/IMG_8509.jpg\" \/>\n\t<meta property=\"og:image:width\" content=\"2048\" \/>\n\t<meta property=\"og:image:height\" content=\"1365\" \/>\n<meta name=\"twitter:card\" content=\"summary\" \/>\n<meta name=\"twitter:label1\" content=\"Verfasst von\" \/>\n\t<meta name=\"twitter:data1\" content=\"Julia Bobenko\" \/>\n\t<meta name=\"twitter:label2\" content=\"Gesch\u00e4tzte Lesezeit\" \/>\n\t<meta name=\"twitter:data2\" content=\"1 minute\" \/>\n<script type=\"application\/ld+json\" class=\"yoast-schema-graph\">{\"@context\":\"https:\/\/schema.org\",\"@graph\":[{\"@type\":\"Organization\",\"@id\":\"https:\/\/www.kilians.com\/#organization\",\"name\":\"St. Kilian's\",\"url\":\"https:\/\/www.kilians.com\/\",\"sameAs\":[],\"logo\":{\"@type\":\"ImageObject\",\"@id\":\"https:\/\/www.kilians.com\/#logo\",\"inLanguage\":\"de-DE\",\"url\":\"https:\/\/www.kilians.com\/wp-content\/uploads\/2017\/02\/StKilians_MasterLogo_Colour-1.png\",\"contentUrl\":\"https:\/\/www.kilians.com\/wp-content\/uploads\/2017\/02\/StKilians_MasterLogo_Colour-1.png\",\"width\":768,\"height\":1240,\"caption\":\"St. Kilian's\"},\"image\":{\"@id\":\"https:\/\/www.kilians.com\/#logo\"}},{\"@type\":\"WebSite\",\"@id\":\"https:\/\/www.kilians.com\/#website\",\"url\":\"https:\/\/www.kilians.com\/\",\"name\":\"St. Kilian&#039;s German School, Dublin\",\"description\":\"\",\"publisher\":{\"@id\":\"https:\/\/www.kilians.com\/#organization\"},\"potentialAction\":[{\"@type\":\"SearchAction\",\"target\":{\"@type\":\"EntryPoint\",\"urlTemplate\":\"https:\/\/www.kilians.com\/?s={search_term_string}\"},\"query-input\":\"required name=search_term_string\"}],\"inLanguage\":\"de-DE\"},{\"@type\":\"ImageObject\",\"@id\":\"https:\/\/www.kilians.com\/de\/news\/2025\/st-kilians-takes-part-in-the-international-reading-competition-for-german-schools-abroad-2025-2026\/#primaryimage\",\"inLanguage\":\"de-DE\",\"url\":\"https:\/\/www.kilians.com\/wp-content\/uploads\/2025\/12\/IMG_8509.jpg\",\"contentUrl\":\"https:\/\/www.kilians.com\/wp-content\/uploads\/2025\/12\/IMG_8509.jpg\",\"width\":2048,\"height\":1365},{\"@type\":\"WebPage\",\"@id\":\"https:\/\/www.kilians.com\/de\/news\/2025\/st-kilians-takes-part-in-the-international-reading-competition-for-german-schools-abroad-2025-2026\/#webpage\",\"url\":\"https:\/\/www.kilians.com\/de\/news\/2025\/st-kilians-takes-part-in-the-international-reading-competition-for-german-schools-abroad-2025-2026\/\",\"name\":\"St. Kilian\\u2019s nimmt am Internationalen Vorlesewettbewerb f\\u00fcr Deutsche Auslandsschulen 2025\/2026 teil - St. Kilian&#039;s German School, Dublin\",\"isPartOf\":{\"@id\":\"https:\/\/www.kilians.com\/#website\"},\"primaryImageOfPage\":{\"@id\":\"https:\/\/www.kilians.com\/de\/news\/2025\/st-kilians-takes-part-in-the-international-reading-competition-for-german-schools-abroad-2025-2026\/#primaryimage\"},\"datePublished\":\"2025-12-09T15:54:16+00:00\",\"dateModified\":\"2025-12-10T12:36:11+00:00\",\"breadcrumb\":{\"@id\":\"https:\/\/www.kilians.com\/de\/news\/2025\/st-kilians-takes-part-in-the-international-reading-competition-for-german-schools-abroad-2025-2026\/#breadcrumb\"},\"inLanguage\":\"de-DE\",\"potentialAction\":[{\"@type\":\"ReadAction\",\"target\":[\"https:\/\/www.kilians.com\/de\/news\/2025\/st-kilians-takes-part-in-the-international-reading-competition-for-german-schools-abroad-2025-2026\/\"]}]},{\"@type\":\"BreadcrumbList\",\"@id\":\"https:\/\/www.kilians.com\/de\/news\/2025\/st-kilians-takes-part-in-the-international-reading-competition-for-german-schools-abroad-2025-2026\/#breadcrumb\",\"itemListElement\":[{\"@type\":\"ListItem\",\"position\":1,\"name\":\"Home\",\"item\":\"https:\/\/www.kilians.com\/de\/\"},{\"@type\":\"ListItem\",\"position\":2,\"name\":\"St. Kilian\\u2019s nimmt am Internationalen Vorlesewettbewerb f\\u00fcr Deutsche Auslandsschulen 2025\/2026 teil\"}]},{\"@type\":\"Article\",\"@id\":\"https:\/\/www.kilians.com\/de\/news\/2025\/st-kilians-takes-part-in-the-international-reading-competition-for-german-schools-abroad-2025-2026\/#article\",\"isPartOf\":{\"@id\":\"https:\/\/www.kilians.com\/de\/news\/2025\/st-kilians-takes-part-in-the-international-reading-competition-for-german-schools-abroad-2025-2026\/#webpage\"},\"author\":{\"@id\":\"https:\/\/www.kilians.com\/#\/schema\/person\/0d0ba718c246ee8eaf04df3226782e55\"},\"headline\":\"St. Kilian\\u2019s nimmt am Internationalen Vorlesewettbewerb f\\u00fcr Deutsche Auslandsschulen 2025\/2026 teil\",\"datePublished\":\"2025-12-09T15:54:16+00:00\",\"dateModified\":\"2025-12-10T12:36:11+00:00\",\"mainEntityOfPage\":{\"@id\":\"https:\/\/www.kilians.com\/de\/news\/2025\/st-kilians-takes-part-in-the-international-reading-competition-for-german-schools-abroad-2025-2026\/#webpage\"},\"wordCount\":182,\"publisher\":{\"@id\":\"https:\/\/www.kilians.com\/#organization\"},\"image\":{\"@id\":\"https:\/\/www.kilians.com\/de\/news\/2025\/st-kilians-takes-part-in-the-international-reading-competition-for-german-schools-abroad-2025-2026\/#primaryimage\"},\"thumbnailUrl\":\"https:\/\/www.kilians.com\/wp-content\/uploads\/2025\/12\/IMG_8509.jpg\",\"articleSection\":[\"Erfolge &amp; Auszeichnungen\",\"German Department\",\"Nachrichten\",\"Primary School\",\"Sekundarstufe\",\"Sonstige Wettbewerbe\",\"Wettbewerbe\"],\"inLanguage\":\"de-DE\"},{\"@type\":\"Person\",\"@id\":\"https:\/\/www.kilians.com\/#\/schema\/person\/0d0ba718c246ee8eaf04df3226782e55\",\"name\":\"Julia Bobenko\",\"url\":\"https:\/\/www.kilians.com\/de\/news\/author\/julia\/\"}]}<\/script>\n<!-- \/ Yoast SEO plugin. -->","yoast_head_json":{"robots":{"index":"index","follow":"follow","max-snippet":"max-snippet:-1","max-image-preview":"max-image-preview:large","max-video-preview":"max-video-preview:-1"},"canonical":"https:\/\/www.kilians.com\/de\/news\/2025\/st-kilians-takes-part-in-the-international-reading-competition-for-german-schools-abroad-2025-2026\/","og_locale":"de_DE","og_type":"article","og_title":"St. Kilian\u2019s nimmt am Internationalen Vorlesewettbewerb f\u00fcr Deutsche Auslandsschulen 2025\/2026 teil - St. Kilian&#039;s German School, Dublin","og_description":"Am Dienstag, den 9. Dezember 2025, fand das Schulfinale unseres zweiten schulinternen Lesewettbewerbs statt, an dem die Klassensieger der Klassen 6 und 7 aller teilnehmenden... Weiterlesen","og_url":"https:\/\/www.kilians.com\/de\/news\/2025\/st-kilians-takes-part-in-the-international-reading-competition-for-german-schools-abroad-2025-2026\/","og_site_name":"St. Kilian&#039;s German School, Dublin","article_published_time":"2025-12-09T15:54:16+00:00","article_modified_time":"2025-12-10T12:36:11+00:00","og_image":[{"width":2048,"height":1365,"filesize":740686,"url":"http:\/\/www.kilians.com\/wp-content\/uploads\/2025\/12\/IMG_8509.jpg","path":"\/nas\/content\/live\/kilians\/wp-content\/uploads\/2025\/12\/IMG_8509.jpg","size":"full","id":46139,"alt":"","pixels":2795520,"type":"image\/jpeg"}],"twitter_card":"summary","twitter_misc":{"Verfasst von":"Julia Bobenko","Gesch\u00e4tzte Lesezeit":"1 minute"},"schema":{"@context":"https:\/\/schema.org","@graph":[{"@type":"Organization","@id":"https:\/\/www.kilians.com\/#organization","name":"St. Kilian's","url":"https:\/\/www.kilians.com\/","sameAs":[],"logo":{"@type":"ImageObject","@id":"https:\/\/www.kilians.com\/#logo","inLanguage":"de-DE","url":"https:\/\/www.kilians.com\/wp-content\/uploads\/2017\/02\/StKilians_MasterLogo_Colour-1.png","contentUrl":"https:\/\/www.kilians.com\/wp-content\/uploads\/2017\/02\/StKilians_MasterLogo_Colour-1.png","width":768,"height":1240,"caption":"St. Kilian's"},"image":{"@id":"https:\/\/www.kilians.com\/#logo"}},{"@type":"WebSite","@id":"https:\/\/www.kilians.com\/#website","url":"https:\/\/www.kilians.com\/","name":"St. Kilian&#039;s German School, Dublin","description":"","publisher":{"@id":"https:\/\/www.kilians.com\/#organization"},"potentialAction":[{"@type":"SearchAction","target":{"@type":"EntryPoint","urlTemplate":"https:\/\/www.kilians.com\/?s={search_term_string}"},"query-input":"required name=search_term_string"}],"inLanguage":"de-DE"},{"@type":"ImageObject","@id":"https:\/\/www.kilians.com\/de\/news\/2025\/st-kilians-takes-part-in-the-international-reading-competition-for-german-schools-abroad-2025-2026\/#primaryimage","inLanguage":"de-DE","url":"https:\/\/www.kilians.com\/wp-content\/uploads\/2025\/12\/IMG_8509.jpg","contentUrl":"https:\/\/www.kilians.com\/wp-content\/uploads\/2025\/12\/IMG_8509.jpg","width":2048,"height":1365},{"@type":"WebPage","@id":"https:\/\/www.kilians.com\/de\/news\/2025\/st-kilians-takes-part-in-the-international-reading-competition-for-german-schools-abroad-2025-2026\/#webpage","url":"https:\/\/www.kilians.com\/de\/news\/2025\/st-kilians-takes-part-in-the-international-reading-competition-for-german-schools-abroad-2025-2026\/","name":"St. Kilian\u2019s nimmt am Internationalen Vorlesewettbewerb f\u00fcr Deutsche Auslandsschulen 2025\/2026 teil - St. Kilian&#039;s German School, Dublin","isPartOf":{"@id":"https:\/\/www.kilians.com\/#website"},"primaryImageOfPage":{"@id":"https:\/\/www.kilians.com\/de\/news\/2025\/st-kilians-takes-part-in-the-international-reading-competition-for-german-schools-abroad-2025-2026\/#primaryimage"},"datePublished":"2025-12-09T15:54:16+00:00","dateModified":"2025-12-10T12:36:11+00:00","breadcrumb":{"@id":"https:\/\/www.kilians.com\/de\/news\/2025\/st-kilians-takes-part-in-the-international-reading-competition-for-german-schools-abroad-2025-2026\/#breadcrumb"},"inLanguage":"de-DE","potentialAction":[{"@type":"ReadAction","target":["https:\/\/www.kilians.com\/de\/news\/2025\/st-kilians-takes-part-in-the-international-reading-competition-for-german-schools-abroad-2025-2026\/"]}]},{"@type":"BreadcrumbList","@id":"https:\/\/www.kilians.com\/de\/news\/2025\/st-kilians-takes-part-in-the-international-reading-competition-for-german-schools-abroad-2025-2026\/#breadcrumb","itemListElement":[{"@type":"ListItem","position":1,"name":"Home","item":"https:\/\/www.kilians.com\/de\/"},{"@type":"ListItem","position":2,"name":"St. Kilian\u2019s nimmt am Internationalen Vorlesewettbewerb f\u00fcr Deutsche Auslandsschulen 2025\/2026 teil"}]},{"@type":"Article","@id":"https:\/\/www.kilians.com\/de\/news\/2025\/st-kilians-takes-part-in-the-international-reading-competition-for-german-schools-abroad-2025-2026\/#article","isPartOf":{"@id":"https:\/\/www.kilians.com\/de\/news\/2025\/st-kilians-takes-part-in-the-international-reading-competition-for-german-schools-abroad-2025-2026\/#webpage"},"author":{"@id":"https:\/\/www.kilians.com\/#\/schema\/person\/0d0ba718c246ee8eaf04df3226782e55"},"headline":"St. Kilian\u2019s nimmt am Internationalen Vorlesewettbewerb f\u00fcr Deutsche Auslandsschulen 2025\/2026 teil","datePublished":"2025-12-09T15:54:16+00:00","dateModified":"2025-12-10T12:36:11+00:00","mainEntityOfPage":{"@id":"https:\/\/www.kilians.com\/de\/news\/2025\/st-kilians-takes-part-in-the-international-reading-competition-for-german-schools-abroad-2025-2026\/#webpage"},"wordCount":182,"publisher":{"@id":"https:\/\/www.kilians.com\/#organization"},"image":{"@id":"https:\/\/www.kilians.com\/de\/news\/2025\/st-kilians-takes-part-in-the-international-reading-competition-for-german-schools-abroad-2025-2026\/#primaryimage"},"thumbnailUrl":"https:\/\/www.kilians.com\/wp-content\/uploads\/2025\/12\/IMG_8509.jpg","articleSection":["Erfolge &amp; Auszeichnungen","German Department","Nachrichten","Primary School","Sekundarstufe","Sonstige Wettbewerbe","Wettbewerbe"],"inLanguage":"de-DE"},{"@type":"Person","@id":"https:\/\/www.kilians.com\/#\/schema\/person\/0d0ba718c246ee8eaf04df3226782e55","name":"Julia Bobenko","url":"https:\/\/www.kilians.com\/de\/news\/author\/julia\/"}]}},"_links":{"self":[{"href":"https:\/\/www.kilians.com\/de\/wp-json\/wp\/v2\/posts\/46140\/"}],"collection":[{"href":"https:\/\/www.kilians.com\/de\/wp-json\/wp\/v2\/posts\/"}],"about":[{"href":"https:\/\/www.kilians.com\/de\/wp-json\/wp\/v2\/types\/post\/"}],"author":[{"embeddable":true,"href":"https:\/\/www.kilians.com\/de\/wp-json\/wp\/v2\/users\/1506\/"}],"replies":[{"embeddable":true,"href":"https:\/\/www.kilians.com\/de\/wp-json\/wp\/v2\/comments\/?post=46140"}],"version-history":[{"count":0,"href":"https:\/\/www.kilians.com\/de\/wp-json\/wp\/v2\/posts\/46140\/revisions\/"}],"wp:featuredmedia":[{"embeddable":true,"href":"https:\/\/www.kilians.com\/de\/wp-json\/wp\/v2\/media\/46139\/"}],"wp:attachment":[{"href":"https:\/\/www.kilians.com\/de\/wp-json\/wp\/v2\/media\/?parent=46140"}],"wp:term":[{"taxonomy":"category","embeddable":true,"href":"https:\/\/www.kilians.com\/de\/wp-json\/wp\/v2\/categories\/?post=46140"},{"taxonomy":"post_tag","embeddable":true,"href":"https:\/\/www.kilians.com\/de\/wp-json\/wp\/v2\/tags\/?post=46140"}],"curies":[{"name":"wp","href":"https:\/\/api.w.org\/{rel}","templated":true}]}}