{"id":47144,"date":"2026-03-27T11:54:40","date_gmt":"2026-03-27T11:54:40","guid":{"rendered":"https:\/\/www.kilians.com\/news\/2026\/jugend-musiziert-2026-2nd-round-in-geneva\/"},"modified":"2026-04-09T12:07:56","modified_gmt":"2026-04-09T11:07:56","slug":"jugend-musiziert-2026-2nd-round-in-geneva","status":"publish","type":"post","link":"https:\/\/www.kilians.com\/de\/news\/2026\/jugend-musiziert-2026-2nd-round-in-geneva\/","title":{"rendered":"Jugend musiziert 2026 \u2013 2. Runde in Genf"},"content":{"rendered":"\n<p>Wir freuen uns sehr, euch die hervorragenden Ergebnisse zweier unserer Sch\u00fcler, Qile (7A) und Yizhou (9B), beim <a href=\"https:\/\/www.dsgenf.ch\/en\/calendar\/jugend-musiziert-landeswettbewerb-2026-from-18-to-22-march\/\" data-type=\"link\" data-id=\"https:\/\/www.dsgenf.ch\/en\/calendar\/jugend-musiziert-landeswettbewerb-2026-from-18-to-22-march\/\">Landeswettbewerb \u201eJugend musiziert\u201c \u2013 2. Runde<\/a>, veranstaltet von der <a href=\"https:\/\/www.dsgenf.ch\/de\/\" data-type=\"link\" data-id=\"https:\/\/www.dsgenf.ch\/de\/\">Deutschen Schule Genf<\/a>, mitteilen zu k\u00f6nnen. Yizhou gewann den dritten Preis in der Kategorie Klavier IV und Qile erzielte mit beeindruckenden 23 Punkten den 1. Preis in der Kategorie Gitarre (Pop) \u2013 Altersgruppe III. Dar\u00fcber hinaus erhielt Qile von der Sch\u00fclerjury einen Sonderpreis f\u00fcr seine herausragende musikalische Interpretation und wurde eingeladen, beim Siegerkonzert aufzutreten. Herzlichen Gl\u00fcckwunsch an die beiden Jungen zu dieser fantastischen Leistung und ein gro\u00dfes Dankesch\u00f6n an die <a href=\"https:\/\/www.dsgenf.ch\/de\/\" data-type=\"link\" data-id=\"https:\/\/www.dsgenf.ch\/de\/\">Deutsche Schule Genf<\/a> f\u00fcr die Organisation und Ausrichtung dieser wunderbaren Veranstaltung in der Woche vom 18.-22. M\u00e4rz 2026.<\/p>\n\n\n\n<div style=\"height:100px\" aria-hidden=\"true\" class=\"wp-block-spacer\"><\/div>\n\n\n\n<p><\/p>\n\n\n\n<figure class=\"wp-block-embed is-type-video is-provider-youtube wp-block-embed-youtube wp-embed-aspect-16-9 wp-has-aspect-ratio\"><div class=\"wp-block-embed__wrapper\">\n<iframe loading=\"lazy\" title=\"Genf 2026 LW Abschlusskonzert - Sonntag Jugend musiziert\" width=\"747\" height=\"420\" src=\"https:\/\/www.youtube.com\/embed\/DA4bAqPzq5c?feature=oembed\" frameborder=\"0\" allow=\"accelerometer; autoplay; clipboard-write; encrypted-media; gyroscope; picture-in-picture; web-share\" referrerpolicy=\"strict-origin-when-cross-origin\" allowfullscreen><\/iframe>\n<\/div><\/figure>\n\n\n\n<div style=\"height:56px\" aria-hidden=\"true\" class=\"wp-block-spacer\"><\/div>\n\n\n\n<figure class=\"wp-block-gallery has-nested-images columns-default is-cropped wp-block-gallery-1 is-layout-flex wp-block-gallery-is-layout-flex\">\n<figure class=\"wp-block-image size-large\"><img loading=\"lazy\" decoding=\"async\" width=\"684\" height=\"1024\" data-id=\"47139\" src=\"https:\/\/www.kilians.com\/wp-content\/uploads\/2026\/04\/Jumu-2026-Genf-Preistrager-04-684x1024.jpg\" alt=\"\" class=\"wp-image-47139\" srcset=\"https:\/\/www.kilians.com\/wp-content\/uploads\/2026\/04\/Jumu-2026-Genf-Preistrager-04-684x1024.jpg 684w, https:\/\/www.kilians.com\/wp-content\/uploads\/2026\/04\/Jumu-2026-Genf-Preistrager-04-768x1150.jpg 768w, https:\/\/www.kilians.com\/wp-content\/uploads\/2026\/04\/Jumu-2026-Genf-Preistrager-04-1025x1536.jpg 1025w, https:\/\/www.kilians.com\/wp-content\/uploads\/2026\/04\/Jumu-2026-Genf-Preistrager-04-1367x2048.jpg 1367w, https:\/\/www.kilians.com\/wp-content\/uploads\/2026\/04\/Jumu-2026-Genf-Preistrager-04-750x1123.jpg 750w, https:\/\/www.kilians.com\/wp-content\/uploads\/2026\/04\/Jumu-2026-Genf-Preistrager-04.jpg 1669w\" sizes=\"auto, (max-width: 684px) 100vw, 684px\" \/><\/figure>\n\n\n\n<figure class=\"wp-block-image size-large\"><img loading=\"lazy\" decoding=\"async\" width=\"1024\" height=\"684\" data-id=\"47137\" src=\"https:\/\/www.kilians.com\/wp-content\/uploads\/2026\/04\/Jumu-2026-Genf-CERN-Besuch-24-1024x684.jpg\" alt=\"\" class=\"wp-image-47137\" srcset=\"https:\/\/www.kilians.com\/wp-content\/uploads\/2026\/04\/Jumu-2026-Genf-CERN-Besuch-24-1024x684.jpg 1024w, https:\/\/www.kilians.com\/wp-content\/uploads\/2026\/04\/Jumu-2026-Genf-CERN-Besuch-24-768x513.jpg 768w, https:\/\/www.kilians.com\/wp-content\/uploads\/2026\/04\/Jumu-2026-Genf-CERN-Besuch-24-1536x1025.jpg 1536w, https:\/\/www.kilians.com\/wp-content\/uploads\/2026\/04\/Jumu-2026-Genf-CERN-Besuch-24-2048x1367.jpg 2048w, https:\/\/www.kilians.com\/wp-content\/uploads\/2026\/04\/Jumu-2026-Genf-CERN-Besuch-24-150x100.jpg 150w, https:\/\/www.kilians.com\/wp-content\/uploads\/2026\/04\/Jumu-2026-Genf-CERN-Besuch-24-750x501.jpg 750w\" sizes=\"auto, (max-width: 1024px) 100vw, 1024px\" \/><\/figure>\n\n\n\n<figure class=\"wp-block-image size-large\"><img loading=\"lazy\" decoding=\"async\" width=\"1024\" height=\"684\" data-id=\"47135\" src=\"https:\/\/www.kilians.com\/wp-content\/uploads\/2026\/04\/Jumu-2026-Genf-CERN-Besuch-21-1024x684.jpg\" alt=\"\" class=\"wp-image-47135\" srcset=\"https:\/\/www.kilians.com\/wp-content\/uploads\/2026\/04\/Jumu-2026-Genf-CERN-Besuch-21-1024x684.jpg 1024w, https:\/\/www.kilians.com\/wp-content\/uploads\/2026\/04\/Jumu-2026-Genf-CERN-Besuch-21-768x513.jpg 768w, https:\/\/www.kilians.com\/wp-content\/uploads\/2026\/04\/Jumu-2026-Genf-CERN-Besuch-21-1536x1025.jpg 1536w, https:\/\/www.kilians.com\/wp-content\/uploads\/2026\/04\/Jumu-2026-Genf-CERN-Besuch-21-2048x1367.jpg 2048w, https:\/\/www.kilians.com\/wp-content\/uploads\/2026\/04\/Jumu-2026-Genf-CERN-Besuch-21-150x100.jpg 150w, https:\/\/www.kilians.com\/wp-content\/uploads\/2026\/04\/Jumu-2026-Genf-CERN-Besuch-21-750x501.jpg 750w\" sizes=\"auto, (max-width: 1024px) 100vw, 1024px\" \/><\/figure>\n<\/figure>\n","protected":false},"excerpt":{"rendered":"<p>Wir freuen uns sehr, euch die hervorragenden Ergebnisse zweier unserer Sch\u00fcler, Qile (7A) und Yizhou (9B), beim Landeswettbewerb \u201eJugend musiziert\u201c \u2013 2. Runde, veranstaltet von&#8230; <a class=\"find-out-more-link\" href=\"https:\/\/www.kilians.com\/de\/news\/2026\/jugend-musiziert-2026-2nd-round-in-geneva\/\">Weiterlesen<\/a> <\/p>\n","protected":false},"author":1506,"featured_media":47142,"comment_status":"closed","ping_status":"closed","sticky":false,"template":"","format":"standard","meta":{"footnotes":""},"categories":[190,176,234,66,6,52,58,40,56,38],"tags":[],"class_list":{"0":"post-47144","1":"post","2":"type-post","3":"status-publish","4":"format-standard","5":"has-post-thumbnail","7":"category-ausserschulisches-angebot","8":"category-auszeichnungen","9":"category-german-department-de","10":"category-jugend-musiziert-wettbewerbe","11":"category-nachrichten","12":"category-sekundarstufe","13":"category-sonstige-wettbewerbe","14":"category-schulveranstaltungen","15":"category-veranstaltungen-sekundarstufe","16":"category-wettbewerbe","17":"entry"},"yoast_head":"<!-- This site is optimized with the Yoast SEO plugin v17.2.1 - https:\/\/yoast.com\/wordpress\/plugins\/seo\/ -->\n<meta name=\"robots\" content=\"index, follow, max-snippet:-1, max-image-preview:large, max-video-preview:-1\" \/>\n<link rel=\"canonical\" href=\"https:\/\/www.kilians.com\/de\/news\/2026\/jugend-musiziert-2026-2nd-round-in-geneva\/\" \/>\n<meta property=\"og:locale\" content=\"de_DE\" \/>\n<meta property=\"og:type\" content=\"article\" \/>\n<meta property=\"og:title\" content=\"Jugend musiziert 2026 \u2013 2. Runde in Genf - St. Kilian&#039;s German School, Dublin\" \/>\n<meta property=\"og:description\" content=\"Wir freuen uns sehr, euch die hervorragenden Ergebnisse zweier unserer Sch\u00fcler, Qile (7A) und Yizhou (9B), beim Landeswettbewerb \u201eJugend musiziert\u201c \u2013 2. Runde, veranstaltet von... Weiterlesen\" \/>\n<meta property=\"og:url\" content=\"https:\/\/www.kilians.com\/de\/news\/2026\/jugend-musiziert-2026-2nd-round-in-geneva\/\" \/>\n<meta property=\"og:site_name\" content=\"St. Kilian&#039;s German School, Dublin\" \/>\n<meta property=\"article:published_time\" content=\"2026-03-27T11:54:40+00:00\" \/>\n<meta property=\"article:modified_time\" content=\"2026-04-09T11:07:56+00:00\" \/>\n<meta property=\"og:image\" content=\"http:\/\/www.kilians.com\/wp-content\/uploads\/2026\/04\/Jumu-2026-Genf-Preistrager-04-Cropped.jpg\" \/>\n\t<meta property=\"og:image:width\" content=\"1669\" \/>\n\t<meta property=\"og:image:height\" content=\"1619\" \/>\n<meta name=\"twitter:card\" content=\"summary\" \/>\n<meta name=\"twitter:label1\" content=\"Verfasst von\" \/>\n\t<meta name=\"twitter:data1\" content=\"Julia Bobenko\" \/>\n\t<meta name=\"twitter:label2\" content=\"Gesch\u00e4tzte Lesezeit\" \/>\n\t<meta name=\"twitter:data2\" content=\"1 minute\" \/>\n<script type=\"application\/ld+json\" class=\"yoast-schema-graph\">{\"@context\":\"https:\/\/schema.org\",\"@graph\":[{\"@type\":\"Organization\",\"@id\":\"https:\/\/www.kilians.com\/#organization\",\"name\":\"St. Kilian's\",\"url\":\"https:\/\/www.kilians.com\/\",\"sameAs\":[],\"logo\":{\"@type\":\"ImageObject\",\"@id\":\"https:\/\/www.kilians.com\/#logo\",\"inLanguage\":\"de-DE\",\"url\":\"https:\/\/www.kilians.com\/wp-content\/uploads\/2017\/02\/StKilians_MasterLogo_Colour-1.png\",\"contentUrl\":\"https:\/\/www.kilians.com\/wp-content\/uploads\/2017\/02\/StKilians_MasterLogo_Colour-1.png\",\"width\":768,\"height\":1240,\"caption\":\"St. Kilian's\"},\"image\":{\"@id\":\"https:\/\/www.kilians.com\/#logo\"}},{\"@type\":\"WebSite\",\"@id\":\"https:\/\/www.kilians.com\/#website\",\"url\":\"https:\/\/www.kilians.com\/\",\"name\":\"St. Kilian&#039;s German School, Dublin\",\"description\":\"\",\"publisher\":{\"@id\":\"https:\/\/www.kilians.com\/#organization\"},\"potentialAction\":[{\"@type\":\"SearchAction\",\"target\":{\"@type\":\"EntryPoint\",\"urlTemplate\":\"https:\/\/www.kilians.com\/?s={search_term_string}\"},\"query-input\":\"required name=search_term_string\"}],\"inLanguage\":\"de-DE\"},{\"@type\":\"ImageObject\",\"@id\":\"https:\/\/www.kilians.com\/de\/news\/2026\/jugend-musiziert-2026-2nd-round-in-geneva\/#primaryimage\",\"inLanguage\":\"de-DE\",\"url\":\"https:\/\/www.kilians.com\/wp-content\/uploads\/2026\/04\/Jumu-2026-Genf-Preistrager-04-Cropped.jpg\",\"contentUrl\":\"https:\/\/www.kilians.com\/wp-content\/uploads\/2026\/04\/Jumu-2026-Genf-Preistrager-04-Cropped.jpg\",\"width\":1669,\"height\":1619},{\"@type\":\"WebPage\",\"@id\":\"https:\/\/www.kilians.com\/de\/news\/2026\/jugend-musiziert-2026-2nd-round-in-geneva\/#webpage\",\"url\":\"https:\/\/www.kilians.com\/de\/news\/2026\/jugend-musiziert-2026-2nd-round-in-geneva\/\",\"name\":\"Jugend musiziert 2026 \\u2013 2. Runde in Genf - St. Kilian&#039;s German School, Dublin\",\"isPartOf\":{\"@id\":\"https:\/\/www.kilians.com\/#website\"},\"primaryImageOfPage\":{\"@id\":\"https:\/\/www.kilians.com\/de\/news\/2026\/jugend-musiziert-2026-2nd-round-in-geneva\/#primaryimage\"},\"datePublished\":\"2026-03-27T11:54:40+00:00\",\"dateModified\":\"2026-04-09T11:07:56+00:00\",\"breadcrumb\":{\"@id\":\"https:\/\/www.kilians.com\/de\/news\/2026\/jugend-musiziert-2026-2nd-round-in-geneva\/#breadcrumb\"},\"inLanguage\":\"de-DE\",\"potentialAction\":[{\"@type\":\"ReadAction\",\"target\":[\"https:\/\/www.kilians.com\/de\/news\/2026\/jugend-musiziert-2026-2nd-round-in-geneva\/\"]}]},{\"@type\":\"BreadcrumbList\",\"@id\":\"https:\/\/www.kilians.com\/de\/news\/2026\/jugend-musiziert-2026-2nd-round-in-geneva\/#breadcrumb\",\"itemListElement\":[{\"@type\":\"ListItem\",\"position\":1,\"name\":\"Home\",\"item\":\"https:\/\/www.kilians.com\/de\/\"},{\"@type\":\"ListItem\",\"position\":2,\"name\":\"Jugend musiziert 2026 \\u2013 2. Runde in Genf\"}]},{\"@type\":\"Article\",\"@id\":\"https:\/\/www.kilians.com\/de\/news\/2026\/jugend-musiziert-2026-2nd-round-in-geneva\/#article\",\"isPartOf\":{\"@id\":\"https:\/\/www.kilians.com\/de\/news\/2026\/jugend-musiziert-2026-2nd-round-in-geneva\/#webpage\"},\"author\":{\"@id\":\"https:\/\/www.kilians.com\/#\/schema\/person\/0d0ba718c246ee8eaf04df3226782e55\"},\"headline\":\"Jugend musiziert 2026 \\u2013 2. Runde in Genf\",\"datePublished\":\"2026-03-27T11:54:40+00:00\",\"dateModified\":\"2026-04-09T11:07:56+00:00\",\"mainEntityOfPage\":{\"@id\":\"https:\/\/www.kilians.com\/de\/news\/2026\/jugend-musiziert-2026-2nd-round-in-geneva\/#webpage\"},\"wordCount\":132,\"publisher\":{\"@id\":\"https:\/\/www.kilians.com\/#organization\"},\"image\":{\"@id\":\"https:\/\/www.kilians.com\/de\/news\/2026\/jugend-musiziert-2026-2nd-round-in-geneva\/#primaryimage\"},\"thumbnailUrl\":\"https:\/\/www.kilians.com\/wp-content\/uploads\/2026\/04\/Jumu-2026-Genf-Preistrager-04-Cropped.jpg\",\"articleSection\":[\"Au\\u00dferschulisches Angebot\",\"Erfolge &amp; Auszeichnungen\",\"German Department\",\"Jugend musiziert @de\",\"Nachrichten\",\"Sekundarstufe\",\"Sonstige Wettbewerbe\",\"Veranstaltungen\",\"Veranstaltungen Sekundarstufe\",\"Wettbewerbe\"],\"inLanguage\":\"de-DE\"},{\"@type\":\"Person\",\"@id\":\"https:\/\/www.kilians.com\/#\/schema\/person\/0d0ba718c246ee8eaf04df3226782e55\",\"name\":\"Julia Bobenko\",\"url\":\"https:\/\/www.kilians.com\/de\/news\/author\/julia\/\"}]}<\/script>\n<!-- \/ Yoast SEO plugin. -->","yoast_head_json":{"robots":{"index":"index","follow":"follow","max-snippet":"max-snippet:-1","max-image-preview":"max-image-preview:large","max-video-preview":"max-video-preview:-1"},"canonical":"https:\/\/www.kilians.com\/de\/news\/2026\/jugend-musiziert-2026-2nd-round-in-geneva\/","og_locale":"de_DE","og_type":"article","og_title":"Jugend musiziert 2026 \u2013 2. Runde in Genf - St. Kilian&#039;s German School, Dublin","og_description":"Wir freuen uns sehr, euch die hervorragenden Ergebnisse zweier unserer Sch\u00fcler, Qile (7A) und Yizhou (9B), beim Landeswettbewerb \u201eJugend musiziert\u201c \u2013 2. Runde, veranstaltet von... Weiterlesen","og_url":"https:\/\/www.kilians.com\/de\/news\/2026\/jugend-musiziert-2026-2nd-round-in-geneva\/","og_site_name":"St. Kilian&#039;s German School, Dublin","article_published_time":"2026-03-27T11:54:40+00:00","article_modified_time":"2026-04-09T11:07:56+00:00","og_image":[{"width":1669,"height":1619,"filesize":460278,"url":"http:\/\/www.kilians.com\/wp-content\/uploads\/2026\/04\/Jumu-2026-Genf-Preistrager-04-Cropped.jpg","path":"\/nas\/content\/live\/kilians\/wp-content\/uploads\/2026\/04\/Jumu-2026-Genf-Preistrager-04-Cropped.jpg","size":"full","id":47142,"alt":"","pixels":2702111,"type":"image\/jpeg"}],"twitter_card":"summary","twitter_misc":{"Verfasst von":"Julia Bobenko","Gesch\u00e4tzte Lesezeit":"1 minute"},"schema":{"@context":"https:\/\/schema.org","@graph":[{"@type":"Organization","@id":"https:\/\/www.kilians.com\/#organization","name":"St. Kilian's","url":"https:\/\/www.kilians.com\/","sameAs":[],"logo":{"@type":"ImageObject","@id":"https:\/\/www.kilians.com\/#logo","inLanguage":"de-DE","url":"https:\/\/www.kilians.com\/wp-content\/uploads\/2017\/02\/StKilians_MasterLogo_Colour-1.png","contentUrl":"https:\/\/www.kilians.com\/wp-content\/uploads\/2017\/02\/StKilians_MasterLogo_Colour-1.png","width":768,"height":1240,"caption":"St. Kilian's"},"image":{"@id":"https:\/\/www.kilians.com\/#logo"}},{"@type":"WebSite","@id":"https:\/\/www.kilians.com\/#website","url":"https:\/\/www.kilians.com\/","name":"St. Kilian&#039;s German School, Dublin","description":"","publisher":{"@id":"https:\/\/www.kilians.com\/#organization"},"potentialAction":[{"@type":"SearchAction","target":{"@type":"EntryPoint","urlTemplate":"https:\/\/www.kilians.com\/?s={search_term_string}"},"query-input":"required name=search_term_string"}],"inLanguage":"de-DE"},{"@type":"ImageObject","@id":"https:\/\/www.kilians.com\/de\/news\/2026\/jugend-musiziert-2026-2nd-round-in-geneva\/#primaryimage","inLanguage":"de-DE","url":"https:\/\/www.kilians.com\/wp-content\/uploads\/2026\/04\/Jumu-2026-Genf-Preistrager-04-Cropped.jpg","contentUrl":"https:\/\/www.kilians.com\/wp-content\/uploads\/2026\/04\/Jumu-2026-Genf-Preistrager-04-Cropped.jpg","width":1669,"height":1619},{"@type":"WebPage","@id":"https:\/\/www.kilians.com\/de\/news\/2026\/jugend-musiziert-2026-2nd-round-in-geneva\/#webpage","url":"https:\/\/www.kilians.com\/de\/news\/2026\/jugend-musiziert-2026-2nd-round-in-geneva\/","name":"Jugend musiziert 2026 \u2013 2. Runde in Genf - St. Kilian&#039;s German School, Dublin","isPartOf":{"@id":"https:\/\/www.kilians.com\/#website"},"primaryImageOfPage":{"@id":"https:\/\/www.kilians.com\/de\/news\/2026\/jugend-musiziert-2026-2nd-round-in-geneva\/#primaryimage"},"datePublished":"2026-03-27T11:54:40+00:00","dateModified":"2026-04-09T11:07:56+00:00","breadcrumb":{"@id":"https:\/\/www.kilians.com\/de\/news\/2026\/jugend-musiziert-2026-2nd-round-in-geneva\/#breadcrumb"},"inLanguage":"de-DE","potentialAction":[{"@type":"ReadAction","target":["https:\/\/www.kilians.com\/de\/news\/2026\/jugend-musiziert-2026-2nd-round-in-geneva\/"]}]},{"@type":"BreadcrumbList","@id":"https:\/\/www.kilians.com\/de\/news\/2026\/jugend-musiziert-2026-2nd-round-in-geneva\/#breadcrumb","itemListElement":[{"@type":"ListItem","position":1,"name":"Home","item":"https:\/\/www.kilians.com\/de\/"},{"@type":"ListItem","position":2,"name":"Jugend musiziert 2026 \u2013 2. Runde in Genf"}]},{"@type":"Article","@id":"https:\/\/www.kilians.com\/de\/news\/2026\/jugend-musiziert-2026-2nd-round-in-geneva\/#article","isPartOf":{"@id":"https:\/\/www.kilians.com\/de\/news\/2026\/jugend-musiziert-2026-2nd-round-in-geneva\/#webpage"},"author":{"@id":"https:\/\/www.kilians.com\/#\/schema\/person\/0d0ba718c246ee8eaf04df3226782e55"},"headline":"Jugend musiziert 2026 \u2013 2. Runde in Genf","datePublished":"2026-03-27T11:54:40+00:00","dateModified":"2026-04-09T11:07:56+00:00","mainEntityOfPage":{"@id":"https:\/\/www.kilians.com\/de\/news\/2026\/jugend-musiziert-2026-2nd-round-in-geneva\/#webpage"},"wordCount":132,"publisher":{"@id":"https:\/\/www.kilians.com\/#organization"},"image":{"@id":"https:\/\/www.kilians.com\/de\/news\/2026\/jugend-musiziert-2026-2nd-round-in-geneva\/#primaryimage"},"thumbnailUrl":"https:\/\/www.kilians.com\/wp-content\/uploads\/2026\/04\/Jumu-2026-Genf-Preistrager-04-Cropped.jpg","articleSection":["Au\u00dferschulisches Angebot","Erfolge &amp; Auszeichnungen","German Department","Jugend musiziert @de","Nachrichten","Sekundarstufe","Sonstige Wettbewerbe","Veranstaltungen","Veranstaltungen Sekundarstufe","Wettbewerbe"],"inLanguage":"de-DE"},{"@type":"Person","@id":"https:\/\/www.kilians.com\/#\/schema\/person\/0d0ba718c246ee8eaf04df3226782e55","name":"Julia Bobenko","url":"https:\/\/www.kilians.com\/de\/news\/author\/julia\/"}]}},"_links":{"self":[{"href":"https:\/\/www.kilians.com\/de\/wp-json\/wp\/v2\/posts\/47144\/"}],"collection":[{"href":"https:\/\/www.kilians.com\/de\/wp-json\/wp\/v2\/posts\/"}],"about":[{"href":"https:\/\/www.kilians.com\/de\/wp-json\/wp\/v2\/types\/post\/"}],"author":[{"embeddable":true,"href":"https:\/\/www.kilians.com\/de\/wp-json\/wp\/v2\/users\/1506\/"}],"replies":[{"embeddable":true,"href":"https:\/\/www.kilians.com\/de\/wp-json\/wp\/v2\/comments\/?post=47144"}],"version-history":[{"count":0,"href":"https:\/\/www.kilians.com\/de\/wp-json\/wp\/v2\/posts\/47144\/revisions\/"}],"wp:featuredmedia":[{"embeddable":true,"href":"https:\/\/www.kilians.com\/de\/wp-json\/wp\/v2\/media\/47142\/"}],"wp:attachment":[{"href":"https:\/\/www.kilians.com\/de\/wp-json\/wp\/v2\/media\/?parent=47144"}],"wp:term":[{"taxonomy":"category","embeddable":true,"href":"https:\/\/www.kilians.com\/de\/wp-json\/wp\/v2\/categories\/?post=47144"},{"taxonomy":"post_tag","embeddable":true,"href":"https:\/\/www.kilians.com\/de\/wp-json\/wp\/v2\/tags\/?post=47144"}],"curies":[{"name":"wp","href":"https:\/\/api.w.org\/{rel}","templated":true}]}}