{"id":7870,"date":"2013-04-30T11:30:24","date_gmt":"2013-04-30T11:30:24","guid":{"rendered":"http:\/\/kilians.wpengine.com\/?p=7870"},"modified":"2013-04-30T11:30:24","modified_gmt":"2013-04-30T11:30:24","slug":"klassenfahrt-zum-goethe-institut","status":"publish","type":"post","link":"https:\/\/www.kilians.com\/de\/news\/2013\/klassenfahrt-zum-goethe-institut\/","title":{"rendered":"Klassenfahrt zum Goethe-Institut"},"content":{"rendered":"<p>Am 22. April besuchten die Sch\u00fcler und Sch\u00fclerinnen der achten Klassen die \u201eM\u00e4rchenwelten\u201c- Ausstellung im Goethe-Institut Dublin.<\/p>\n<p>Die Ausstellung zelebriert vom 11. bis 26. April das 200-j\u00e4hrige Jubil\u00e4um der Ver\u00f6ffentlichung der Grimmschen M\u00e4rchen: Die \u201eKinder- und Hausm\u00e4rchen\u201c geh\u00f6ren heute neben der Lutherbibel zu den bekanntesten B\u00fcchern der deutschen Kulturgeschichte. Sie wurden in 160 Sprachen \u00fcbersetzt und im Jahr 2005 in das Weltdokumentenerbe der Unesco aufgenommen.<\/p>\n<p>Die Sammlung beinhaltet neben interaktiven Ausstellungsst\u00fccken auch umfangreiche Informationen zu den Br\u00fcdern Wilhelm und Jakob Grimm, die nicht nur in Deutschland, sondern auch in Irland M\u00e4rchen sammelten und dar\u00fcber hinaus auch ein deutsches W\u00f6rterbuch verfassten.<\/p>\n<p>Die Sch\u00fcler wurden begleitet von den Lehrerinnen Frau Adelberger, Frau Reinhofer und Frau Klapp sowie der Referendarin Ms O\u2019Donoghue.<\/p>\n","protected":false},"excerpt":{"rendered":"<p>Am 22. April besuchten die Sch\u00fcler und Sch\u00fclerinnen der achten Klassen die \u201eM\u00e4rchenwelten\u201c- Ausstellung im Goethe-Institut Dublin. Die Ausstellung zelebriert vom 11. bis 26. April&#8230; <a class=\"find-out-more-link\" href=\"https:\/\/www.kilians.com\/de\/news\/2013\/klassenfahrt-zum-goethe-institut\/\">Weiterlesen<\/a> <\/p>\n","protected":false},"author":1,"featured_media":0,"comment_status":"closed","ping_status":"closed","sticky":false,"template":"","format":"standard","meta":{"footnotes":""},"categories":[6],"tags":[],"class_list":{"0":"post-7870","1":"post","2":"type-post","3":"status-publish","4":"format-standard","6":"category-nachrichten","7":"entry"},"yoast_head":"<!-- This site is optimized with the Yoast SEO plugin v17.2.1 - https:\/\/yoast.com\/wordpress\/plugins\/seo\/ -->\n<meta name=\"robots\" content=\"index, follow, max-snippet:-1, max-image-preview:large, max-video-preview:-1\" \/>\n<link rel=\"canonical\" href=\"https:\/\/www.kilians.com\/de\/news\/2013\/klassenfahrt-zum-goethe-institut\/\" \/>\n<meta property=\"og:locale\" content=\"de_DE\" \/>\n<meta property=\"og:type\" content=\"article\" \/>\n<meta property=\"og:title\" content=\"Klassenfahrt zum Goethe-Institut - St. Kilian&#039;s German School, Dublin\" \/>\n<meta property=\"og:description\" content=\"Am 22. April besuchten die Sch\u00fcler und Sch\u00fclerinnen der achten Klassen die \u201eM\u00e4rchenwelten\u201c- Ausstellung im Goethe-Institut Dublin. Die Ausstellung zelebriert vom 11. bis 26. April... Weiterlesen\" \/>\n<meta property=\"og:url\" content=\"https:\/\/www.kilians.com\/de\/news\/2013\/klassenfahrt-zum-goethe-institut\/\" \/>\n<meta property=\"og:site_name\" content=\"St. Kilian&#039;s German School, Dublin\" \/>\n<meta property=\"article:published_time\" content=\"2013-04-30T11:30:24+00:00\" \/>\n<meta name=\"twitter:card\" content=\"summary\" \/>\n<meta name=\"twitter:label1\" content=\"Verfasst von\" \/>\n\t<meta name=\"twitter:data1\" content=\"marketingadmin\" \/>\n\t<meta name=\"twitter:label2\" content=\"Gesch\u00e4tzte Lesezeit\" \/>\n\t<meta name=\"twitter:data2\" content=\"1 minute\" \/>\n<script type=\"application\/ld+json\" class=\"yoast-schema-graph\">{\"@context\":\"https:\/\/schema.org\",\"@graph\":[{\"@type\":\"Organization\",\"@id\":\"https:\/\/www.kilians.com\/#organization\",\"name\":\"St. Kilian's\",\"url\":\"https:\/\/www.kilians.com\/\",\"sameAs\":[],\"logo\":{\"@type\":\"ImageObject\",\"@id\":\"https:\/\/www.kilians.com\/#logo\",\"inLanguage\":\"de-DE\",\"url\":\"https:\/\/www.kilians.com\/wp-content\/uploads\/2017\/02\/StKilians_MasterLogo_Colour-1.png\",\"contentUrl\":\"https:\/\/www.kilians.com\/wp-content\/uploads\/2017\/02\/StKilians_MasterLogo_Colour-1.png\",\"width\":768,\"height\":1240,\"caption\":\"St. Kilian's\"},\"image\":{\"@id\":\"https:\/\/www.kilians.com\/#logo\"}},{\"@type\":\"WebSite\",\"@id\":\"https:\/\/www.kilians.com\/#website\",\"url\":\"https:\/\/www.kilians.com\/\",\"name\":\"St. Kilian&#039;s German School, Dublin\",\"description\":\"\",\"publisher\":{\"@id\":\"https:\/\/www.kilians.com\/#organization\"},\"potentialAction\":[{\"@type\":\"SearchAction\",\"target\":{\"@type\":\"EntryPoint\",\"urlTemplate\":\"https:\/\/www.kilians.com\/?s={search_term_string}\"},\"query-input\":\"required name=search_term_string\"}],\"inLanguage\":\"de-DE\"},{\"@type\":\"WebPage\",\"@id\":\"https:\/\/www.kilians.com\/de\/news\/2013\/klassenfahrt-zum-goethe-institut\/#webpage\",\"url\":\"https:\/\/www.kilians.com\/de\/news\/2013\/klassenfahrt-zum-goethe-institut\/\",\"name\":\"Klassenfahrt zum Goethe-Institut - St. Kilian&#039;s German School, Dublin\",\"isPartOf\":{\"@id\":\"https:\/\/www.kilians.com\/#website\"},\"datePublished\":\"2013-04-30T11:30:24+00:00\",\"dateModified\":\"2013-04-30T11:30:24+00:00\",\"breadcrumb\":{\"@id\":\"https:\/\/www.kilians.com\/de\/news\/2013\/klassenfahrt-zum-goethe-institut\/#breadcrumb\"},\"inLanguage\":\"de-DE\",\"potentialAction\":[{\"@type\":\"ReadAction\",\"target\":[\"https:\/\/www.kilians.com\/de\/news\/2013\/klassenfahrt-zum-goethe-institut\/\"]}]},{\"@type\":\"BreadcrumbList\",\"@id\":\"https:\/\/www.kilians.com\/de\/news\/2013\/klassenfahrt-zum-goethe-institut\/#breadcrumb\",\"itemListElement\":[{\"@type\":\"ListItem\",\"position\":1,\"name\":\"Home\",\"item\":\"https:\/\/www.kilians.com\/de\/\"},{\"@type\":\"ListItem\",\"position\":2,\"name\":\"Klassenfahrt zum Goethe-Institut\"}]},{\"@type\":\"Article\",\"@id\":\"https:\/\/www.kilians.com\/de\/news\/2013\/klassenfahrt-zum-goethe-institut\/#article\",\"isPartOf\":{\"@id\":\"https:\/\/www.kilians.com\/de\/news\/2013\/klassenfahrt-zum-goethe-institut\/#webpage\"},\"author\":{\"@id\":\"https:\/\/www.kilians.com\/#\/schema\/person\/d66fd270fc10b6a48b300e500c5f9edd\"},\"headline\":\"Klassenfahrt zum Goethe-Institut\",\"datePublished\":\"2013-04-30T11:30:24+00:00\",\"dateModified\":\"2013-04-30T11:30:24+00:00\",\"mainEntityOfPage\":{\"@id\":\"https:\/\/www.kilians.com\/de\/news\/2013\/klassenfahrt-zum-goethe-institut\/#webpage\"},\"wordCount\":135,\"publisher\":{\"@id\":\"https:\/\/www.kilians.com\/#organization\"},\"articleSection\":[\"Nachrichten\"],\"inLanguage\":\"de-DE\"},{\"@type\":\"Person\",\"@id\":\"https:\/\/www.kilians.com\/#\/schema\/person\/d66fd270fc10b6a48b300e500c5f9edd\",\"name\":\"marketingadmin\",\"url\":\"https:\/\/www.kilians.com\/de\/news\/author\/marketingadmin\/\"}]}<\/script>\n<!-- \/ Yoast SEO plugin. -->","yoast_head_json":{"robots":{"index":"index","follow":"follow","max-snippet":"max-snippet:-1","max-image-preview":"max-image-preview:large","max-video-preview":"max-video-preview:-1"},"canonical":"https:\/\/www.kilians.com\/de\/news\/2013\/klassenfahrt-zum-goethe-institut\/","og_locale":"de_DE","og_type":"article","og_title":"Klassenfahrt zum Goethe-Institut - St. Kilian&#039;s German School, Dublin","og_description":"Am 22. April besuchten die Sch\u00fcler und Sch\u00fclerinnen der achten Klassen die \u201eM\u00e4rchenwelten\u201c- Ausstellung im Goethe-Institut Dublin. Die Ausstellung zelebriert vom 11. bis 26. April... Weiterlesen","og_url":"https:\/\/www.kilians.com\/de\/news\/2013\/klassenfahrt-zum-goethe-institut\/","og_site_name":"St. Kilian&#039;s German School, Dublin","article_published_time":"2013-04-30T11:30:24+00:00","twitter_card":"summary","twitter_misc":{"Verfasst von":"marketingadmin","Gesch\u00e4tzte Lesezeit":"1 minute"},"schema":{"@context":"https:\/\/schema.org","@graph":[{"@type":"Organization","@id":"https:\/\/www.kilians.com\/#organization","name":"St. Kilian's","url":"https:\/\/www.kilians.com\/","sameAs":[],"logo":{"@type":"ImageObject","@id":"https:\/\/www.kilians.com\/#logo","inLanguage":"de-DE","url":"https:\/\/www.kilians.com\/wp-content\/uploads\/2017\/02\/StKilians_MasterLogo_Colour-1.png","contentUrl":"https:\/\/www.kilians.com\/wp-content\/uploads\/2017\/02\/StKilians_MasterLogo_Colour-1.png","width":768,"height":1240,"caption":"St. Kilian's"},"image":{"@id":"https:\/\/www.kilians.com\/#logo"}},{"@type":"WebSite","@id":"https:\/\/www.kilians.com\/#website","url":"https:\/\/www.kilians.com\/","name":"St. Kilian&#039;s German School, Dublin","description":"","publisher":{"@id":"https:\/\/www.kilians.com\/#organization"},"potentialAction":[{"@type":"SearchAction","target":{"@type":"EntryPoint","urlTemplate":"https:\/\/www.kilians.com\/?s={search_term_string}"},"query-input":"required name=search_term_string"}],"inLanguage":"de-DE"},{"@type":"WebPage","@id":"https:\/\/www.kilians.com\/de\/news\/2013\/klassenfahrt-zum-goethe-institut\/#webpage","url":"https:\/\/www.kilians.com\/de\/news\/2013\/klassenfahrt-zum-goethe-institut\/","name":"Klassenfahrt zum Goethe-Institut - St. Kilian&#039;s German School, Dublin","isPartOf":{"@id":"https:\/\/www.kilians.com\/#website"},"datePublished":"2013-04-30T11:30:24+00:00","dateModified":"2013-04-30T11:30:24+00:00","breadcrumb":{"@id":"https:\/\/www.kilians.com\/de\/news\/2013\/klassenfahrt-zum-goethe-institut\/#breadcrumb"},"inLanguage":"de-DE","potentialAction":[{"@type":"ReadAction","target":["https:\/\/www.kilians.com\/de\/news\/2013\/klassenfahrt-zum-goethe-institut\/"]}]},{"@type":"BreadcrumbList","@id":"https:\/\/www.kilians.com\/de\/news\/2013\/klassenfahrt-zum-goethe-institut\/#breadcrumb","itemListElement":[{"@type":"ListItem","position":1,"name":"Home","item":"https:\/\/www.kilians.com\/de\/"},{"@type":"ListItem","position":2,"name":"Klassenfahrt zum Goethe-Institut"}]},{"@type":"Article","@id":"https:\/\/www.kilians.com\/de\/news\/2013\/klassenfahrt-zum-goethe-institut\/#article","isPartOf":{"@id":"https:\/\/www.kilians.com\/de\/news\/2013\/klassenfahrt-zum-goethe-institut\/#webpage"},"author":{"@id":"https:\/\/www.kilians.com\/#\/schema\/person\/d66fd270fc10b6a48b300e500c5f9edd"},"headline":"Klassenfahrt zum Goethe-Institut","datePublished":"2013-04-30T11:30:24+00:00","dateModified":"2013-04-30T11:30:24+00:00","mainEntityOfPage":{"@id":"https:\/\/www.kilians.com\/de\/news\/2013\/klassenfahrt-zum-goethe-institut\/#webpage"},"wordCount":135,"publisher":{"@id":"https:\/\/www.kilians.com\/#organization"},"articleSection":["Nachrichten"],"inLanguage":"de-DE"},{"@type":"Person","@id":"https:\/\/www.kilians.com\/#\/schema\/person\/d66fd270fc10b6a48b300e500c5f9edd","name":"marketingadmin","url":"https:\/\/www.kilians.com\/de\/news\/author\/marketingadmin\/"}]}},"_links":{"self":[{"href":"https:\/\/www.kilians.com\/de\/wp-json\/wp\/v2\/posts\/7870\/"}],"collection":[{"href":"https:\/\/www.kilians.com\/de\/wp-json\/wp\/v2\/posts\/"}],"about":[{"href":"https:\/\/www.kilians.com\/de\/wp-json\/wp\/v2\/types\/post\/"}],"author":[{"embeddable":true,"href":"https:\/\/www.kilians.com\/de\/wp-json\/wp\/v2\/users\/1\/"}],"replies":[{"embeddable":true,"href":"https:\/\/www.kilians.com\/de\/wp-json\/wp\/v2\/comments\/?post=7870"}],"version-history":[{"count":0,"href":"https:\/\/www.kilians.com\/de\/wp-json\/wp\/v2\/posts\/7870\/revisions\/"}],"wp:attachment":[{"href":"https:\/\/www.kilians.com\/de\/wp-json\/wp\/v2\/media\/?parent=7870"}],"wp:term":[{"taxonomy":"category","embeddable":true,"href":"https:\/\/www.kilians.com\/de\/wp-json\/wp\/v2\/categories\/?post=7870"},{"taxonomy":"post_tag","embeddable":true,"href":"https:\/\/www.kilians.com\/de\/wp-json\/wp\/v2\/tags\/?post=7870"}],"curies":[{"name":"wp","href":"https:\/\/api.w.org\/{rel}","templated":true}]}}