{"id":7997,"date":"2013-05-20T11:43:28","date_gmt":"2013-05-20T11:43:28","guid":{"rendered":"http:\/\/kilians.wpengine.com\/?p=7997"},"modified":"2013-05-20T11:43:28","modified_gmt":"2013-05-20T11:43:28","slug":"agm-meeting-news","status":"publish","type":"post","link":"https:\/\/www.kilians.com\/de\/news\/2013\/agm-meeting-news\/","title":{"rendered":"AGM Meeting News"},"content":{"rendered":"<p>Am Mittwoch, den 15. Mai fand St. Kilian\u2019s j\u00e4hrliche Mitgliederversammlung\u00a0des Deutschen Schulvereins statt. Susan Byrne und David Walley wurden wiedergew\u00e4hlt. Au\u00dferdem m\u00f6chten wir Verena Murphy als neues Mitglied des \u201eBoard of Management\u201c willkommen hei\u00dfen. Die Rede unserer Schulleiterin Alice Lynch finden Sie hier:<\/p>\n<p>[bitsontherun NoCW0C7H]<\/p>\n","protected":false},"excerpt":{"rendered":"<p>Am Mittwoch, den 15. Mai fand St. Kilian\u2019s j\u00e4hrliche Mitgliederversammlung\u00a0des Deutschen Schulvereins statt. Susan Byrne und David Walley wurden wiedergew\u00e4hlt. Au\u00dferdem m\u00f6chten wir Verena Murphy&#8230; <a class=\"find-out-more-link\" href=\"https:\/\/www.kilians.com\/de\/news\/2013\/agm-meeting-news\/\">Weiterlesen<\/a> <\/p>\n","protected":false},"author":1,"featured_media":0,"comment_status":"closed","ping_status":"closed","sticky":false,"template":"","format":"standard","meta":{"footnotes":""},"categories":[6],"tags":[],"class_list":{"0":"post-7997","1":"post","2":"type-post","3":"status-publish","4":"format-standard","6":"category-nachrichten","7":"entry"},"yoast_head":"<!-- This site is optimized with the Yoast SEO plugin v17.2.1 - https:\/\/yoast.com\/wordpress\/plugins\/seo\/ -->\n<meta name=\"robots\" content=\"index, follow, max-snippet:-1, max-image-preview:large, max-video-preview:-1\" \/>\n<link rel=\"canonical\" href=\"https:\/\/www.kilians.com\/de\/news\/2013\/agm-meeting-news\/\" \/>\n<meta property=\"og:locale\" content=\"de_DE\" \/>\n<meta property=\"og:type\" content=\"article\" \/>\n<meta property=\"og:title\" content=\"AGM Meeting News - St. Kilian&#039;s German School, Dublin\" \/>\n<meta property=\"og:description\" content=\"Am Mittwoch, den 15. Mai fand St. Kilian\u2019s j\u00e4hrliche Mitgliederversammlung\u00a0des Deutschen Schulvereins statt. Susan Byrne und David Walley wurden wiedergew\u00e4hlt. Au\u00dferdem m\u00f6chten wir Verena Murphy... Weiterlesen\" \/>\n<meta property=\"og:url\" content=\"https:\/\/www.kilians.com\/de\/news\/2013\/agm-meeting-news\/\" \/>\n<meta property=\"og:site_name\" content=\"St. Kilian&#039;s German School, Dublin\" \/>\n<meta property=\"article:published_time\" content=\"2013-05-20T11:43:28+00:00\" \/>\n<meta name=\"twitter:card\" content=\"summary\" \/>\n<meta name=\"twitter:label1\" content=\"Verfasst von\" \/>\n\t<meta name=\"twitter:data1\" content=\"marketingadmin\" \/>\n<script type=\"application\/ld+json\" class=\"yoast-schema-graph\">{\"@context\":\"https:\/\/schema.org\",\"@graph\":[{\"@type\":\"Organization\",\"@id\":\"https:\/\/www.kilians.com\/#organization\",\"name\":\"St. Kilian's\",\"url\":\"https:\/\/www.kilians.com\/\",\"sameAs\":[],\"logo\":{\"@type\":\"ImageObject\",\"@id\":\"https:\/\/www.kilians.com\/#logo\",\"inLanguage\":\"de-DE\",\"url\":\"https:\/\/www.kilians.com\/wp-content\/uploads\/2017\/02\/StKilians_MasterLogo_Colour-1.png\",\"contentUrl\":\"https:\/\/www.kilians.com\/wp-content\/uploads\/2017\/02\/StKilians_MasterLogo_Colour-1.png\",\"width\":768,\"height\":1240,\"caption\":\"St. Kilian's\"},\"image\":{\"@id\":\"https:\/\/www.kilians.com\/#logo\"}},{\"@type\":\"WebSite\",\"@id\":\"https:\/\/www.kilians.com\/#website\",\"url\":\"https:\/\/www.kilians.com\/\",\"name\":\"St. Kilian&#039;s German School, Dublin\",\"description\":\"\",\"publisher\":{\"@id\":\"https:\/\/www.kilians.com\/#organization\"},\"potentialAction\":[{\"@type\":\"SearchAction\",\"target\":{\"@type\":\"EntryPoint\",\"urlTemplate\":\"https:\/\/www.kilians.com\/?s={search_term_string}\"},\"query-input\":\"required name=search_term_string\"}],\"inLanguage\":\"de-DE\"},{\"@type\":\"WebPage\",\"@id\":\"https:\/\/www.kilians.com\/de\/news\/2013\/agm-meeting-news\/#webpage\",\"url\":\"https:\/\/www.kilians.com\/de\/news\/2013\/agm-meeting-news\/\",\"name\":\"AGM Meeting News - St. Kilian&#039;s German School, Dublin\",\"isPartOf\":{\"@id\":\"https:\/\/www.kilians.com\/#website\"},\"datePublished\":\"2013-05-20T11:43:28+00:00\",\"dateModified\":\"2013-05-20T11:43:28+00:00\",\"breadcrumb\":{\"@id\":\"https:\/\/www.kilians.com\/de\/news\/2013\/agm-meeting-news\/#breadcrumb\"},\"inLanguage\":\"de-DE\",\"potentialAction\":[{\"@type\":\"ReadAction\",\"target\":[\"https:\/\/www.kilians.com\/de\/news\/2013\/agm-meeting-news\/\"]}]},{\"@type\":\"BreadcrumbList\",\"@id\":\"https:\/\/www.kilians.com\/de\/news\/2013\/agm-meeting-news\/#breadcrumb\",\"itemListElement\":[{\"@type\":\"ListItem\",\"position\":1,\"name\":\"Home\",\"item\":\"https:\/\/www.kilians.com\/de\/\"},{\"@type\":\"ListItem\",\"position\":2,\"name\":\"AGM Meeting News\"}]},{\"@type\":\"Article\",\"@id\":\"https:\/\/www.kilians.com\/de\/news\/2013\/agm-meeting-news\/#article\",\"isPartOf\":{\"@id\":\"https:\/\/www.kilians.com\/de\/news\/2013\/agm-meeting-news\/#webpage\"},\"author\":{\"@id\":\"https:\/\/www.kilians.com\/#\/schema\/person\/d66fd270fc10b6a48b300e500c5f9edd\"},\"headline\":\"AGM Meeting News\",\"datePublished\":\"2013-05-20T11:43:28+00:00\",\"dateModified\":\"2013-05-20T11:43:28+00:00\",\"mainEntityOfPage\":{\"@id\":\"https:\/\/www.kilians.com\/de\/news\/2013\/agm-meeting-news\/#webpage\"},\"wordCount\":56,\"publisher\":{\"@id\":\"https:\/\/www.kilians.com\/#organization\"},\"articleSection\":[\"Nachrichten\"],\"inLanguage\":\"de-DE\"},{\"@type\":\"Person\",\"@id\":\"https:\/\/www.kilians.com\/#\/schema\/person\/d66fd270fc10b6a48b300e500c5f9edd\",\"name\":\"marketingadmin\",\"url\":\"https:\/\/www.kilians.com\/de\/news\/author\/marketingadmin\/\"}]}<\/script>\n<!-- \/ Yoast SEO plugin. -->","yoast_head_json":{"robots":{"index":"index","follow":"follow","max-snippet":"max-snippet:-1","max-image-preview":"max-image-preview:large","max-video-preview":"max-video-preview:-1"},"canonical":"https:\/\/www.kilians.com\/de\/news\/2013\/agm-meeting-news\/","og_locale":"de_DE","og_type":"article","og_title":"AGM Meeting News - St. Kilian&#039;s German School, Dublin","og_description":"Am Mittwoch, den 15. Mai fand St. Kilian\u2019s j\u00e4hrliche Mitgliederversammlung\u00a0des Deutschen Schulvereins statt. Susan Byrne und David Walley wurden wiedergew\u00e4hlt. Au\u00dferdem m\u00f6chten wir Verena Murphy... Weiterlesen","og_url":"https:\/\/www.kilians.com\/de\/news\/2013\/agm-meeting-news\/","og_site_name":"St. Kilian&#039;s German School, Dublin","article_published_time":"2013-05-20T11:43:28+00:00","twitter_card":"summary","twitter_misc":{"Verfasst von":"marketingadmin"},"schema":{"@context":"https:\/\/schema.org","@graph":[{"@type":"Organization","@id":"https:\/\/www.kilians.com\/#organization","name":"St. Kilian's","url":"https:\/\/www.kilians.com\/","sameAs":[],"logo":{"@type":"ImageObject","@id":"https:\/\/www.kilians.com\/#logo","inLanguage":"de-DE","url":"https:\/\/www.kilians.com\/wp-content\/uploads\/2017\/02\/StKilians_MasterLogo_Colour-1.png","contentUrl":"https:\/\/www.kilians.com\/wp-content\/uploads\/2017\/02\/StKilians_MasterLogo_Colour-1.png","width":768,"height":1240,"caption":"St. Kilian's"},"image":{"@id":"https:\/\/www.kilians.com\/#logo"}},{"@type":"WebSite","@id":"https:\/\/www.kilians.com\/#website","url":"https:\/\/www.kilians.com\/","name":"St. Kilian&#039;s German School, Dublin","description":"","publisher":{"@id":"https:\/\/www.kilians.com\/#organization"},"potentialAction":[{"@type":"SearchAction","target":{"@type":"EntryPoint","urlTemplate":"https:\/\/www.kilians.com\/?s={search_term_string}"},"query-input":"required name=search_term_string"}],"inLanguage":"de-DE"},{"@type":"WebPage","@id":"https:\/\/www.kilians.com\/de\/news\/2013\/agm-meeting-news\/#webpage","url":"https:\/\/www.kilians.com\/de\/news\/2013\/agm-meeting-news\/","name":"AGM Meeting News - St. Kilian&#039;s German School, Dublin","isPartOf":{"@id":"https:\/\/www.kilians.com\/#website"},"datePublished":"2013-05-20T11:43:28+00:00","dateModified":"2013-05-20T11:43:28+00:00","breadcrumb":{"@id":"https:\/\/www.kilians.com\/de\/news\/2013\/agm-meeting-news\/#breadcrumb"},"inLanguage":"de-DE","potentialAction":[{"@type":"ReadAction","target":["https:\/\/www.kilians.com\/de\/news\/2013\/agm-meeting-news\/"]}]},{"@type":"BreadcrumbList","@id":"https:\/\/www.kilians.com\/de\/news\/2013\/agm-meeting-news\/#breadcrumb","itemListElement":[{"@type":"ListItem","position":1,"name":"Home","item":"https:\/\/www.kilians.com\/de\/"},{"@type":"ListItem","position":2,"name":"AGM Meeting News"}]},{"@type":"Article","@id":"https:\/\/www.kilians.com\/de\/news\/2013\/agm-meeting-news\/#article","isPartOf":{"@id":"https:\/\/www.kilians.com\/de\/news\/2013\/agm-meeting-news\/#webpage"},"author":{"@id":"https:\/\/www.kilians.com\/#\/schema\/person\/d66fd270fc10b6a48b300e500c5f9edd"},"headline":"AGM Meeting News","datePublished":"2013-05-20T11:43:28+00:00","dateModified":"2013-05-20T11:43:28+00:00","mainEntityOfPage":{"@id":"https:\/\/www.kilians.com\/de\/news\/2013\/agm-meeting-news\/#webpage"},"wordCount":56,"publisher":{"@id":"https:\/\/www.kilians.com\/#organization"},"articleSection":["Nachrichten"],"inLanguage":"de-DE"},{"@type":"Person","@id":"https:\/\/www.kilians.com\/#\/schema\/person\/d66fd270fc10b6a48b300e500c5f9edd","name":"marketingadmin","url":"https:\/\/www.kilians.com\/de\/news\/author\/marketingadmin\/"}]}},"_links":{"self":[{"href":"https:\/\/www.kilians.com\/de\/wp-json\/wp\/v2\/posts\/7997\/"}],"collection":[{"href":"https:\/\/www.kilians.com\/de\/wp-json\/wp\/v2\/posts\/"}],"about":[{"href":"https:\/\/www.kilians.com\/de\/wp-json\/wp\/v2\/types\/post\/"}],"author":[{"embeddable":true,"href":"https:\/\/www.kilians.com\/de\/wp-json\/wp\/v2\/users\/1\/"}],"replies":[{"embeddable":true,"href":"https:\/\/www.kilians.com\/de\/wp-json\/wp\/v2\/comments\/?post=7997"}],"version-history":[{"count":0,"href":"https:\/\/www.kilians.com\/de\/wp-json\/wp\/v2\/posts\/7997\/revisions\/"}],"wp:attachment":[{"href":"https:\/\/www.kilians.com\/de\/wp-json\/wp\/v2\/media\/?parent=7997"}],"wp:term":[{"taxonomy":"category","embeddable":true,"href":"https:\/\/www.kilians.com\/de\/wp-json\/wp\/v2\/categories\/?post=7997"},{"taxonomy":"post_tag","embeddable":true,"href":"https:\/\/www.kilians.com\/de\/wp-json\/wp\/v2\/tags\/?post=7997"}],"curies":[{"name":"wp","href":"https:\/\/api.w.org\/{rel}","templated":true}]}}