{"id":8547,"date":"2013-08-23T12:17:09","date_gmt":"2013-08-23T12:17:09","guid":{"rendered":"http:\/\/kilians.wpengine.com\/?p=8547"},"modified":"2013-08-23T12:52:40","modified_gmt":"2013-08-23T12:52:40","slug":"herzlich-willkommen-zum-neuen-schuljahr","status":"publish","type":"post","link":"https:\/\/www.kilians.com\/de\/news\/2013\/herzlich-willkommen-zum-neuen-schuljahr\/","title":{"rendered":"Herzlich Willkommen zum neuen Schuljahr"},"content":{"rendered":"<p><strong><\/strong>Liebe Sch\u00fcler und Eltern,<\/p>\n<p>es freut uns sehr, die Gelegenheit zu nutzen, Sie am Anfang des neuen Schuljahrs begr\u00fc\u00dfen zu d\u00fcrfen. Wir m\u00f6chten Sie hiermit auf den Sonderstundenplan zu Beginn des Schuljahres aufmerksam machen. Dieser ist auf unserer Webseite aufzufinden. Der erste volle Schultag findet am 29. August statt. Wir freuen uns bereits darauf, auch neuen Sch\u00fcler herzlich willkommen zu hei\u03b2en.<\/p>\n<p>F\u00fcr das kommende Schuljahr haben wir einen einzigartigen Ansturm von Sch\u00fclern aus irischen Grundschulen sowie auch aus dem Ausland, die unsere siebte Klasse besuchen werden. In allen anderen Klassen ist die Anzahl der Sch\u00fcler konstant geblieben. In der Sekundarstufe II gibt es einen kleinen, aber bedeutenden Zuwachs. Unser Kindergarten ist voll belegt. Zus\u00e4tzlich gab es einen starken Anstieg bez\u00fcglich der Bewerbungen f\u00fcr die Grundschule.<\/p>\n<p><!--more--><\/p>\n<p>Der Schl\u00fcsselfaktor f\u00fcr die Gewinnung neuer Sch\u00fcler beruht auf den starken Leistungen, die unsere Sch\u00fcler in den Staatsexamen erzielen. Dieses Jahr erreichte der Jahrgang 2013 einen atemberaubenden Durschnitt von 477 Punkten. Wir sind \u00e4u\u00dferst stolz auf Imogen Grumley Traynor, die ein \u00fcberdurchschnittlich gutes Ergebnis mit einer A1-Bewertung in 8 F\u00e4chern erzielen konnte, die einzige im ganzen Bereich Dublin.<\/p>\n<p>Wir w\u00fcrden gerne die Gelegenheit nutzen, allen Sch\u00fclern aus der Abschlussklasse 2013 viel Erfolg beim Studium zu w\u00fcnschen. Die unten aufgef\u00fchrte Tabelle zeigt die Zusammenfassung der Gruppenresultate.<\/p>\n<p>&nbsp;<\/p>\n<table border=\"1\" cellspacing=\"0\" cellpadding=\"0\">\n<tbody>\n<tr>\n<td valign=\"top\" width=\"84\">\n<p><b>Jahr<\/b><b><\/b><\/p>\n<\/td>\n<td valign=\"top\" width=\"96\">\n<p><b>Anzahl Kandidaten<\/b><b><\/b><\/p>\n<\/td>\n<td valign=\"top\" width=\"87\">\n<p><b>H\u00f6chste Punktzahl<\/b><b><\/b><\/p>\n<\/td>\n<td valign=\"top\" width=\"84\">\n<p><b>% &gt; 400<\/b><\/p>\n<\/td>\n<td valign=\"top\" width=\"84\">\n<p><b>% &gt; 450<\/b><\/p>\n<\/td>\n<td valign=\"top\" width=\"84\">\n<p><b>% &gt; 500<\/b><\/p>\n<\/td>\n<td valign=\"top\" width=\"84\">\n<p><b>% &gt; 600<\/b><\/p>\n<\/td>\n<\/tr>\n<tr>\n<td valign=\"top\" width=\"84\">\n<p>2013<\/p>\n<\/td>\n<td valign=\"top\" width=\"96\">\n<p>43<\/p>\n<\/td>\n<td valign=\"top\" width=\"87\">\n<p>625<\/p>\n<\/td>\n<td valign=\"top\" width=\"84\">\n<p>77%<\/p>\n<\/td>\n<td valign=\"top\" width=\"84\">\n<p>68%<\/p>\n<\/td>\n<td valign=\"top\" width=\"84\">\n<p>47%<\/p>\n<\/td>\n<td valign=\"top\" width=\"84\">\n<p>5%<\/p>\n<\/td>\n<\/tr>\n<tr>\n<td valign=\"top\" width=\"84\">\n<p>2012<\/p>\n<\/td>\n<td valign=\"top\" width=\"96\">\n<p>37<\/p>\n<\/td>\n<td valign=\"top\" width=\"87\">\n<p>550<\/p>\n<\/td>\n<td valign=\"top\" width=\"84\">\n<p>67.5%<\/p>\n<\/td>\n<td valign=\"top\" width=\"84\">\n<p>48.6%<\/p>\n<\/td>\n<td valign=\"top\" width=\"84\">\n<p>21.6%<\/p>\n<\/td>\n<td valign=\"top\" width=\"84\">\n<p>0%<\/p>\n<\/td>\n<\/tr>\n<\/tbody>\n<\/table>\n<p>&nbsp;<\/p>\n<p>W\u00e4hrend der Sommerferien wurden mehrere kleine Bauprojekte durchgef\u00fchrt. Die Buchhaltung ist umgezogen in das ehemalige Erste-Hilfe-Zimmer, das auch als Personalk\u00fcche diente.<\/p>\n<p>Es gibt dieses Jahr einige \u00c4nderungen in unserem Lehrk\u00f6rper, sowohl in der Grundschule als auch in der Sekundarstufe. Wir gratulieren Frau Sharkey und ihrem Ehemann zur Geburt ihres Sohnes Fedhlim. Frau Sharkey wird durch Frau Edel Chadwick vertreten. Frau Waters tritt im September ihre Schwangerschaftspause an und wird durch Frau Clodagh Martin vertreten. Herr Theurer ist zur\u00fcck nach Deutschland gezogen. Aus diesem Grunde begr\u00fc\u00dfen wir seine Nachfolgerin Antje Kossmann recht herzlich, die die Stelle als Fachleiterin Deutsch der Grundschule bereits angetreten hat. Nach der Geburt ihres Sohnes hat sich Frau Kempe-Lins dazu entschieden, nicht an unserer Schule weiter zu unterrichten. Wir w\u00fcnschen ihr alles Gute f\u00fcr die Zukunft. Frau Kempe-Lins wird durch Frau Ute Weber ersetzt, die wir auch herzlich willkommen hei\u03b2en an unserer Schule.<\/p>\n<p>Zum Beginn des neuen Schuljahrs w\u00fcrde ich gerne alle Sch\u00fcler\/innen dazu anregen, Spitzenleistungen zu erzielen und dazu ermutigen, sich hohe Ziele zu setzen.<\/p>\n<p>Wir freuen uns auf das neue akademische Jahr und die Herausforderungen und Erfolge, die es mit sich bringt. Wir haben keine Zweifel, dass die Abschlussklasse 2014 den Erfolgen vom diesj\u00e4hrigen Staatsexamen nacheifern wird und wir weiterhin daran arbeiten, das Beste f\u00fcr unsere Sch\u00fcler zu erreichen.<\/p>\n<p>Mit freundlichen Gr\u00fc\u00dfen<\/p>\n<p>&nbsp;<\/p>\n<address>Alice Lynch<\/address>\n<address>Principal\u00a0<\/address>\n<address>\u00a0<\/address>\n<address>Elizabeth O\u2019Brien<\/address>\n<address>Deputy Principal<\/address>\n<address>\u00a0<\/address>\n<address>Sarah Finnegan<\/address>\n<address>Principal Head of Primary\/Kindergarten School<\/address>\n","protected":false},"excerpt":{"rendered":"<p>Liebe Sch\u00fcler und Eltern, es freut uns sehr, die Gelegenheit zu nutzen, Sie am Anfang des neuen Schuljahrs begr\u00fc\u00dfen zu d\u00fcrfen. Wir m\u00f6chten Sie hiermit&#8230; <a class=\"find-out-more-link\" href=\"https:\/\/www.kilians.com\/de\/news\/2013\/herzlich-willkommen-zum-neuen-schuljahr\/\">Weiterlesen<\/a> <\/p>\n","protected":false},"author":1,"featured_media":0,"comment_status":"closed","ping_status":"closed","sticky":false,"template":"","format":"standard","meta":{"footnotes":""},"categories":[6],"tags":[],"class_list":{"0":"post-8547","1":"post","2":"type-post","3":"status-publish","4":"format-standard","6":"category-nachrichten","7":"entry"},"yoast_head":"<!-- This site is optimized with the Yoast SEO plugin v17.2.1 - https:\/\/yoast.com\/wordpress\/plugins\/seo\/ -->\n<meta name=\"robots\" content=\"index, follow, max-snippet:-1, max-image-preview:large, max-video-preview:-1\" \/>\n<link rel=\"canonical\" href=\"https:\/\/www.kilians.com\/de\/news\/2013\/herzlich-willkommen-zum-neuen-schuljahr\/\" \/>\n<meta property=\"og:locale\" content=\"de_DE\" \/>\n<meta property=\"og:type\" content=\"article\" \/>\n<meta property=\"og:title\" content=\"Herzlich Willkommen zum neuen Schuljahr - St. Kilian&#039;s German School, Dublin\" \/>\n<meta property=\"og:description\" content=\"Liebe Sch\u00fcler und Eltern, es freut uns sehr, die Gelegenheit zu nutzen, Sie am Anfang des neuen Schuljahrs begr\u00fc\u00dfen zu d\u00fcrfen. Wir m\u00f6chten Sie hiermit... Weiterlesen\" \/>\n<meta property=\"og:url\" content=\"https:\/\/www.kilians.com\/de\/news\/2013\/herzlich-willkommen-zum-neuen-schuljahr\/\" \/>\n<meta property=\"og:site_name\" content=\"St. Kilian&#039;s German School, Dublin\" \/>\n<meta property=\"article:published_time\" content=\"2013-08-23T12:17:09+00:00\" \/>\n<meta property=\"article:modified_time\" content=\"2013-08-23T12:52:40+00:00\" \/>\n<meta name=\"twitter:card\" content=\"summary\" \/>\n<meta name=\"twitter:label1\" content=\"Verfasst von\" \/>\n\t<meta name=\"twitter:data1\" content=\"marketingadmin\" \/>\n\t<meta name=\"twitter:label2\" content=\"Gesch\u00e4tzte Lesezeit\" \/>\n\t<meta name=\"twitter:data2\" content=\"2 minutes\" \/>\n<script type=\"application\/ld+json\" class=\"yoast-schema-graph\">{\"@context\":\"https:\/\/schema.org\",\"@graph\":[{\"@type\":\"Organization\",\"@id\":\"https:\/\/www.kilians.com\/#organization\",\"name\":\"St. Kilian's\",\"url\":\"https:\/\/www.kilians.com\/\",\"sameAs\":[],\"logo\":{\"@type\":\"ImageObject\",\"@id\":\"https:\/\/www.kilians.com\/#logo\",\"inLanguage\":\"de-DE\",\"url\":\"https:\/\/www.kilians.com\/wp-content\/uploads\/2017\/02\/StKilians_MasterLogo_Colour-1.png\",\"contentUrl\":\"https:\/\/www.kilians.com\/wp-content\/uploads\/2017\/02\/StKilians_MasterLogo_Colour-1.png\",\"width\":768,\"height\":1240,\"caption\":\"St. Kilian's\"},\"image\":{\"@id\":\"https:\/\/www.kilians.com\/#logo\"}},{\"@type\":\"WebSite\",\"@id\":\"https:\/\/www.kilians.com\/#website\",\"url\":\"https:\/\/www.kilians.com\/\",\"name\":\"St. Kilian&#039;s German School, Dublin\",\"description\":\"\",\"publisher\":{\"@id\":\"https:\/\/www.kilians.com\/#organization\"},\"potentialAction\":[{\"@type\":\"SearchAction\",\"target\":{\"@type\":\"EntryPoint\",\"urlTemplate\":\"https:\/\/www.kilians.com\/?s={search_term_string}\"},\"query-input\":\"required name=search_term_string\"}],\"inLanguage\":\"de-DE\"},{\"@type\":\"WebPage\",\"@id\":\"https:\/\/www.kilians.com\/de\/news\/2013\/herzlich-willkommen-zum-neuen-schuljahr\/#webpage\",\"url\":\"https:\/\/www.kilians.com\/de\/news\/2013\/herzlich-willkommen-zum-neuen-schuljahr\/\",\"name\":\"Herzlich Willkommen zum neuen Schuljahr - St. Kilian&#039;s German School, Dublin\",\"isPartOf\":{\"@id\":\"https:\/\/www.kilians.com\/#website\"},\"datePublished\":\"2013-08-23T12:17:09+00:00\",\"dateModified\":\"2013-08-23T12:52:40+00:00\",\"breadcrumb\":{\"@id\":\"https:\/\/www.kilians.com\/de\/news\/2013\/herzlich-willkommen-zum-neuen-schuljahr\/#breadcrumb\"},\"inLanguage\":\"de-DE\",\"potentialAction\":[{\"@type\":\"ReadAction\",\"target\":[\"https:\/\/www.kilians.com\/de\/news\/2013\/herzlich-willkommen-zum-neuen-schuljahr\/\"]}]},{\"@type\":\"BreadcrumbList\",\"@id\":\"https:\/\/www.kilians.com\/de\/news\/2013\/herzlich-willkommen-zum-neuen-schuljahr\/#breadcrumb\",\"itemListElement\":[{\"@type\":\"ListItem\",\"position\":1,\"name\":\"Home\",\"item\":\"https:\/\/www.kilians.com\/de\/\"},{\"@type\":\"ListItem\",\"position\":2,\"name\":\"Herzlich Willkommen zum neuen Schuljahr\"}]},{\"@type\":\"Article\",\"@id\":\"https:\/\/www.kilians.com\/de\/news\/2013\/herzlich-willkommen-zum-neuen-schuljahr\/#article\",\"isPartOf\":{\"@id\":\"https:\/\/www.kilians.com\/de\/news\/2013\/herzlich-willkommen-zum-neuen-schuljahr\/#webpage\"},\"author\":{\"@id\":\"https:\/\/www.kilians.com\/#\/schema\/person\/d66fd270fc10b6a48b300e500c5f9edd\"},\"headline\":\"Herzlich Willkommen zum neuen Schuljahr\",\"datePublished\":\"2013-08-23T12:17:09+00:00\",\"dateModified\":\"2013-08-23T12:52:40+00:00\",\"mainEntityOfPage\":{\"@id\":\"https:\/\/www.kilians.com\/de\/news\/2013\/herzlich-willkommen-zum-neuen-schuljahr\/#webpage\"},\"wordCount\":491,\"publisher\":{\"@id\":\"https:\/\/www.kilians.com\/#organization\"},\"articleSection\":[\"Nachrichten\"],\"inLanguage\":\"de-DE\"},{\"@type\":\"Person\",\"@id\":\"https:\/\/www.kilians.com\/#\/schema\/person\/d66fd270fc10b6a48b300e500c5f9edd\",\"name\":\"marketingadmin\",\"url\":\"https:\/\/www.kilians.com\/de\/news\/author\/marketingadmin\/\"}]}<\/script>\n<!-- \/ Yoast SEO plugin. -->","yoast_head_json":{"robots":{"index":"index","follow":"follow","max-snippet":"max-snippet:-1","max-image-preview":"max-image-preview:large","max-video-preview":"max-video-preview:-1"},"canonical":"https:\/\/www.kilians.com\/de\/news\/2013\/herzlich-willkommen-zum-neuen-schuljahr\/","og_locale":"de_DE","og_type":"article","og_title":"Herzlich Willkommen zum neuen Schuljahr - St. Kilian&#039;s German School, Dublin","og_description":"Liebe Sch\u00fcler und Eltern, es freut uns sehr, die Gelegenheit zu nutzen, Sie am Anfang des neuen Schuljahrs begr\u00fc\u00dfen zu d\u00fcrfen. Wir m\u00f6chten Sie hiermit... Weiterlesen","og_url":"https:\/\/www.kilians.com\/de\/news\/2013\/herzlich-willkommen-zum-neuen-schuljahr\/","og_site_name":"St. Kilian&#039;s German School, Dublin","article_published_time":"2013-08-23T12:17:09+00:00","article_modified_time":"2013-08-23T12:52:40+00:00","twitter_card":"summary","twitter_misc":{"Verfasst von":"marketingadmin","Gesch\u00e4tzte Lesezeit":"2 minutes"},"schema":{"@context":"https:\/\/schema.org","@graph":[{"@type":"Organization","@id":"https:\/\/www.kilians.com\/#organization","name":"St. Kilian's","url":"https:\/\/www.kilians.com\/","sameAs":[],"logo":{"@type":"ImageObject","@id":"https:\/\/www.kilians.com\/#logo","inLanguage":"de-DE","url":"https:\/\/www.kilians.com\/wp-content\/uploads\/2017\/02\/StKilians_MasterLogo_Colour-1.png","contentUrl":"https:\/\/www.kilians.com\/wp-content\/uploads\/2017\/02\/StKilians_MasterLogo_Colour-1.png","width":768,"height":1240,"caption":"St. Kilian's"},"image":{"@id":"https:\/\/www.kilians.com\/#logo"}},{"@type":"WebSite","@id":"https:\/\/www.kilians.com\/#website","url":"https:\/\/www.kilians.com\/","name":"St. Kilian&#039;s German School, Dublin","description":"","publisher":{"@id":"https:\/\/www.kilians.com\/#organization"},"potentialAction":[{"@type":"SearchAction","target":{"@type":"EntryPoint","urlTemplate":"https:\/\/www.kilians.com\/?s={search_term_string}"},"query-input":"required name=search_term_string"}],"inLanguage":"de-DE"},{"@type":"WebPage","@id":"https:\/\/www.kilians.com\/de\/news\/2013\/herzlich-willkommen-zum-neuen-schuljahr\/#webpage","url":"https:\/\/www.kilians.com\/de\/news\/2013\/herzlich-willkommen-zum-neuen-schuljahr\/","name":"Herzlich Willkommen zum neuen Schuljahr - St. Kilian&#039;s German School, Dublin","isPartOf":{"@id":"https:\/\/www.kilians.com\/#website"},"datePublished":"2013-08-23T12:17:09+00:00","dateModified":"2013-08-23T12:52:40+00:00","breadcrumb":{"@id":"https:\/\/www.kilians.com\/de\/news\/2013\/herzlich-willkommen-zum-neuen-schuljahr\/#breadcrumb"},"inLanguage":"de-DE","potentialAction":[{"@type":"ReadAction","target":["https:\/\/www.kilians.com\/de\/news\/2013\/herzlich-willkommen-zum-neuen-schuljahr\/"]}]},{"@type":"BreadcrumbList","@id":"https:\/\/www.kilians.com\/de\/news\/2013\/herzlich-willkommen-zum-neuen-schuljahr\/#breadcrumb","itemListElement":[{"@type":"ListItem","position":1,"name":"Home","item":"https:\/\/www.kilians.com\/de\/"},{"@type":"ListItem","position":2,"name":"Herzlich Willkommen zum neuen Schuljahr"}]},{"@type":"Article","@id":"https:\/\/www.kilians.com\/de\/news\/2013\/herzlich-willkommen-zum-neuen-schuljahr\/#article","isPartOf":{"@id":"https:\/\/www.kilians.com\/de\/news\/2013\/herzlich-willkommen-zum-neuen-schuljahr\/#webpage"},"author":{"@id":"https:\/\/www.kilians.com\/#\/schema\/person\/d66fd270fc10b6a48b300e500c5f9edd"},"headline":"Herzlich Willkommen zum neuen Schuljahr","datePublished":"2013-08-23T12:17:09+00:00","dateModified":"2013-08-23T12:52:40+00:00","mainEntityOfPage":{"@id":"https:\/\/www.kilians.com\/de\/news\/2013\/herzlich-willkommen-zum-neuen-schuljahr\/#webpage"},"wordCount":491,"publisher":{"@id":"https:\/\/www.kilians.com\/#organization"},"articleSection":["Nachrichten"],"inLanguage":"de-DE"},{"@type":"Person","@id":"https:\/\/www.kilians.com\/#\/schema\/person\/d66fd270fc10b6a48b300e500c5f9edd","name":"marketingadmin","url":"https:\/\/www.kilians.com\/de\/news\/author\/marketingadmin\/"}]}},"_links":{"self":[{"href":"https:\/\/www.kilians.com\/de\/wp-json\/wp\/v2\/posts\/8547\/"}],"collection":[{"href":"https:\/\/www.kilians.com\/de\/wp-json\/wp\/v2\/posts\/"}],"about":[{"href":"https:\/\/www.kilians.com\/de\/wp-json\/wp\/v2\/types\/post\/"}],"author":[{"embeddable":true,"href":"https:\/\/www.kilians.com\/de\/wp-json\/wp\/v2\/users\/1\/"}],"replies":[{"embeddable":true,"href":"https:\/\/www.kilians.com\/de\/wp-json\/wp\/v2\/comments\/?post=8547"}],"version-history":[{"count":0,"href":"https:\/\/www.kilians.com\/de\/wp-json\/wp\/v2\/posts\/8547\/revisions\/"}],"wp:attachment":[{"href":"https:\/\/www.kilians.com\/de\/wp-json\/wp\/v2\/media\/?parent=8547"}],"wp:term":[{"taxonomy":"category","embeddable":true,"href":"https:\/\/www.kilians.com\/de\/wp-json\/wp\/v2\/categories\/?post=8547"},{"taxonomy":"post_tag","embeddable":true,"href":"https:\/\/www.kilians.com\/de\/wp-json\/wp\/v2\/tags\/?post=8547"}],"curies":[{"name":"wp","href":"https:\/\/api.w.org\/{rel}","templated":true}]}}