{"id":8572,"date":"2013-08-27T06:00:19","date_gmt":"2013-08-27T06:00:19","guid":{"rendered":"http:\/\/kilians.wpengine.com\/?p=8572"},"modified":"2013-08-27T06:26:27","modified_gmt":"2013-08-27T06:26:27","slug":"grundschule-eltern-patricia-raffelt","status":"publish","type":"post","link":"https:\/\/www.kilians.com\/de\/news\/2013\/grundschule-eltern-patricia-raffelt\/","title":{"rendered":"Grundschule Eltern &#8211; Patricia Raffelt"},"content":{"rendered":"<p>Unser Sohn besucht seit knapp zwei Jahren die Grundschule der <em>St. Kilian&#8217;s Deutsche Schule<\/em>. Da er binational Deutsch-Irisch aufw\u00e4chst, bietet die Schule die geeigneten\u00a0 Rahmenbedingungen f\u00fcr seine Suche nach Herkunft und Identit\u00e4t. Dar\u00fcberhinaus unterst\u00fctzt der Unterricht seine Lese-und Schreibf\u00e4higkeit umfassend in beiden Sprachen. Es ist faszinierend zu sehen, wie unser Sohn in seinen beiden Sprachen gleicherma\u00dfen sicher liest und schreibt.<\/p>\n<p>Die t\u00e4gliche Begegnung mit wechselnden Fachlehrern hat ihn in den letzten zwei Jahren sehr unabh\u00e4ngig werden lassen. Vielf\u00e4ltige Unterrichtsstile, unterschiedliche Lehrerpers\u00f6nlichkeiten und vielseitige Ans\u00e4tze machen <em>St. Kilian<\/em> zu einem stimulierenden und im positiven Sinne fordernden Lernumfeld.<\/p>\n<p>Die positive Lernerfahrung an der Schule wird dadurch noch verst\u00e4rkt, dass Musik eine\u00a0 wichtige Rolle in der Schule spielt. Unser Sohn f\u00fchlt sich in <em>St. Kilian<\/em> zu Hause, was uns die Schulwahl, die wir f\u00fcr ihn getroffen haben, rundum best\u00e4tigt.\u00a0<\/p>\n","protected":false},"excerpt":{"rendered":"<p>Unser Sohn besucht seit knapp zwei Jahren die Grundschule der St. Kilian&#8217;s Deutsche Schule. Da er binational Deutsch-Irisch aufw\u00e4chst, bietet die Schule die geeigneten\u00a0 Rahmenbedingungen&#8230; <a class=\"find-out-more-link\" href=\"https:\/\/www.kilians.com\/de\/news\/2013\/grundschule-eltern-patricia-raffelt\/\">Weiterlesen<\/a> <\/p>\n","protected":false},"author":1,"featured_media":0,"comment_status":"closed","ping_status":"closed","sticky":false,"template":"","format":"standard","meta":{"footnotes":""},"categories":[6],"tags":[],"class_list":{"0":"post-8572","1":"post","2":"type-post","3":"status-publish","4":"format-standard","6":"category-nachrichten","7":"entry"},"yoast_head":"<!-- This site is optimized with the Yoast SEO plugin v17.2.1 - https:\/\/yoast.com\/wordpress\/plugins\/seo\/ -->\n<meta name=\"robots\" content=\"index, follow, max-snippet:-1, max-image-preview:large, max-video-preview:-1\" \/>\n<link rel=\"canonical\" href=\"https:\/\/www.kilians.com\/de\/news\/2013\/grundschule-eltern-patricia-raffelt\/\" \/>\n<meta property=\"og:locale\" content=\"de_DE\" \/>\n<meta property=\"og:type\" content=\"article\" \/>\n<meta property=\"og:title\" content=\"Grundschule Eltern - Patricia Raffelt - St. Kilian&#039;s German School, Dublin\" \/>\n<meta property=\"og:description\" content=\"Unser Sohn besucht seit knapp zwei Jahren die Grundschule der St. Kilian&#8217;s Deutsche Schule. Da er binational Deutsch-Irisch aufw\u00e4chst, bietet die Schule die geeigneten\u00a0 Rahmenbedingungen... Weiterlesen\" \/>\n<meta property=\"og:url\" content=\"https:\/\/www.kilians.com\/de\/news\/2013\/grundschule-eltern-patricia-raffelt\/\" \/>\n<meta property=\"og:site_name\" content=\"St. Kilian&#039;s German School, Dublin\" \/>\n<meta property=\"article:published_time\" content=\"2013-08-27T06:00:19+00:00\" \/>\n<meta property=\"article:modified_time\" content=\"2013-08-27T06:26:27+00:00\" \/>\n<meta name=\"twitter:card\" content=\"summary\" \/>\n<meta name=\"twitter:label1\" content=\"Verfasst von\" \/>\n\t<meta name=\"twitter:data1\" content=\"marketingadmin\" \/>\n\t<meta name=\"twitter:label2\" content=\"Gesch\u00e4tzte Lesezeit\" \/>\n\t<meta name=\"twitter:data2\" content=\"1 minute\" \/>\n<script type=\"application\/ld+json\" class=\"yoast-schema-graph\">{\"@context\":\"https:\/\/schema.org\",\"@graph\":[{\"@type\":\"Organization\",\"@id\":\"https:\/\/www.kilians.com\/#organization\",\"name\":\"St. Kilian's\",\"url\":\"https:\/\/www.kilians.com\/\",\"sameAs\":[],\"logo\":{\"@type\":\"ImageObject\",\"@id\":\"https:\/\/www.kilians.com\/#logo\",\"inLanguage\":\"de-DE\",\"url\":\"https:\/\/www.kilians.com\/wp-content\/uploads\/2017\/02\/StKilians_MasterLogo_Colour-1.png\",\"contentUrl\":\"https:\/\/www.kilians.com\/wp-content\/uploads\/2017\/02\/StKilians_MasterLogo_Colour-1.png\",\"width\":768,\"height\":1240,\"caption\":\"St. Kilian's\"},\"image\":{\"@id\":\"https:\/\/www.kilians.com\/#logo\"}},{\"@type\":\"WebSite\",\"@id\":\"https:\/\/www.kilians.com\/#website\",\"url\":\"https:\/\/www.kilians.com\/\",\"name\":\"St. Kilian&#039;s German School, Dublin\",\"description\":\"\",\"publisher\":{\"@id\":\"https:\/\/www.kilians.com\/#organization\"},\"potentialAction\":[{\"@type\":\"SearchAction\",\"target\":{\"@type\":\"EntryPoint\",\"urlTemplate\":\"https:\/\/www.kilians.com\/?s={search_term_string}\"},\"query-input\":\"required name=search_term_string\"}],\"inLanguage\":\"de-DE\"},{\"@type\":\"WebPage\",\"@id\":\"https:\/\/www.kilians.com\/de\/news\/2013\/grundschule-eltern-patricia-raffelt\/#webpage\",\"url\":\"https:\/\/www.kilians.com\/de\/news\/2013\/grundschule-eltern-patricia-raffelt\/\",\"name\":\"Grundschule Eltern - Patricia Raffelt - St. Kilian&#039;s German School, Dublin\",\"isPartOf\":{\"@id\":\"https:\/\/www.kilians.com\/#website\"},\"datePublished\":\"2013-08-27T06:00:19+00:00\",\"dateModified\":\"2013-08-27T06:26:27+00:00\",\"breadcrumb\":{\"@id\":\"https:\/\/www.kilians.com\/de\/news\/2013\/grundschule-eltern-patricia-raffelt\/#breadcrumb\"},\"inLanguage\":\"de-DE\",\"potentialAction\":[{\"@type\":\"ReadAction\",\"target\":[\"https:\/\/www.kilians.com\/de\/news\/2013\/grundschule-eltern-patricia-raffelt\/\"]}]},{\"@type\":\"BreadcrumbList\",\"@id\":\"https:\/\/www.kilians.com\/de\/news\/2013\/grundschule-eltern-patricia-raffelt\/#breadcrumb\",\"itemListElement\":[{\"@type\":\"ListItem\",\"position\":1,\"name\":\"Home\",\"item\":\"https:\/\/www.kilians.com\/de\/\"},{\"@type\":\"ListItem\",\"position\":2,\"name\":\"Grundschule Eltern &#8211; Patricia Raffelt\"}]},{\"@type\":\"Article\",\"@id\":\"https:\/\/www.kilians.com\/de\/news\/2013\/grundschule-eltern-patricia-raffelt\/#article\",\"isPartOf\":{\"@id\":\"https:\/\/www.kilians.com\/de\/news\/2013\/grundschule-eltern-patricia-raffelt\/#webpage\"},\"author\":{\"@id\":\"https:\/\/www.kilians.com\/#\/schema\/person\/d66fd270fc10b6a48b300e500c5f9edd\"},\"headline\":\"Grundschule Eltern &#8211; Patricia Raffelt\",\"datePublished\":\"2013-08-27T06:00:19+00:00\",\"dateModified\":\"2013-08-27T06:26:27+00:00\",\"mainEntityOfPage\":{\"@id\":\"https:\/\/www.kilians.com\/de\/news\/2013\/grundschule-eltern-patricia-raffelt\/#webpage\"},\"wordCount\":157,\"publisher\":{\"@id\":\"https:\/\/www.kilians.com\/#organization\"},\"articleSection\":[\"Nachrichten\"],\"inLanguage\":\"de-DE\"},{\"@type\":\"Person\",\"@id\":\"https:\/\/www.kilians.com\/#\/schema\/person\/d66fd270fc10b6a48b300e500c5f9edd\",\"name\":\"marketingadmin\",\"url\":\"https:\/\/www.kilians.com\/de\/news\/author\/marketingadmin\/\"}]}<\/script>\n<!-- \/ Yoast SEO plugin. -->","yoast_head_json":{"robots":{"index":"index","follow":"follow","max-snippet":"max-snippet:-1","max-image-preview":"max-image-preview:large","max-video-preview":"max-video-preview:-1"},"canonical":"https:\/\/www.kilians.com\/de\/news\/2013\/grundschule-eltern-patricia-raffelt\/","og_locale":"de_DE","og_type":"article","og_title":"Grundschule Eltern - Patricia Raffelt - St. Kilian&#039;s German School, Dublin","og_description":"Unser Sohn besucht seit knapp zwei Jahren die Grundschule der St. Kilian&#8217;s Deutsche Schule. Da er binational Deutsch-Irisch aufw\u00e4chst, bietet die Schule die geeigneten\u00a0 Rahmenbedingungen... Weiterlesen","og_url":"https:\/\/www.kilians.com\/de\/news\/2013\/grundschule-eltern-patricia-raffelt\/","og_site_name":"St. Kilian&#039;s German School, Dublin","article_published_time":"2013-08-27T06:00:19+00:00","article_modified_time":"2013-08-27T06:26:27+00:00","twitter_card":"summary","twitter_misc":{"Verfasst von":"marketingadmin","Gesch\u00e4tzte Lesezeit":"1 minute"},"schema":{"@context":"https:\/\/schema.org","@graph":[{"@type":"Organization","@id":"https:\/\/www.kilians.com\/#organization","name":"St. Kilian's","url":"https:\/\/www.kilians.com\/","sameAs":[],"logo":{"@type":"ImageObject","@id":"https:\/\/www.kilians.com\/#logo","inLanguage":"de-DE","url":"https:\/\/www.kilians.com\/wp-content\/uploads\/2017\/02\/StKilians_MasterLogo_Colour-1.png","contentUrl":"https:\/\/www.kilians.com\/wp-content\/uploads\/2017\/02\/StKilians_MasterLogo_Colour-1.png","width":768,"height":1240,"caption":"St. Kilian's"},"image":{"@id":"https:\/\/www.kilians.com\/#logo"}},{"@type":"WebSite","@id":"https:\/\/www.kilians.com\/#website","url":"https:\/\/www.kilians.com\/","name":"St. Kilian&#039;s German School, Dublin","description":"","publisher":{"@id":"https:\/\/www.kilians.com\/#organization"},"potentialAction":[{"@type":"SearchAction","target":{"@type":"EntryPoint","urlTemplate":"https:\/\/www.kilians.com\/?s={search_term_string}"},"query-input":"required name=search_term_string"}],"inLanguage":"de-DE"},{"@type":"WebPage","@id":"https:\/\/www.kilians.com\/de\/news\/2013\/grundschule-eltern-patricia-raffelt\/#webpage","url":"https:\/\/www.kilians.com\/de\/news\/2013\/grundschule-eltern-patricia-raffelt\/","name":"Grundschule Eltern - Patricia Raffelt - St. Kilian&#039;s German School, Dublin","isPartOf":{"@id":"https:\/\/www.kilians.com\/#website"},"datePublished":"2013-08-27T06:00:19+00:00","dateModified":"2013-08-27T06:26:27+00:00","breadcrumb":{"@id":"https:\/\/www.kilians.com\/de\/news\/2013\/grundschule-eltern-patricia-raffelt\/#breadcrumb"},"inLanguage":"de-DE","potentialAction":[{"@type":"ReadAction","target":["https:\/\/www.kilians.com\/de\/news\/2013\/grundschule-eltern-patricia-raffelt\/"]}]},{"@type":"BreadcrumbList","@id":"https:\/\/www.kilians.com\/de\/news\/2013\/grundschule-eltern-patricia-raffelt\/#breadcrumb","itemListElement":[{"@type":"ListItem","position":1,"name":"Home","item":"https:\/\/www.kilians.com\/de\/"},{"@type":"ListItem","position":2,"name":"Grundschule Eltern &#8211; Patricia Raffelt"}]},{"@type":"Article","@id":"https:\/\/www.kilians.com\/de\/news\/2013\/grundschule-eltern-patricia-raffelt\/#article","isPartOf":{"@id":"https:\/\/www.kilians.com\/de\/news\/2013\/grundschule-eltern-patricia-raffelt\/#webpage"},"author":{"@id":"https:\/\/www.kilians.com\/#\/schema\/person\/d66fd270fc10b6a48b300e500c5f9edd"},"headline":"Grundschule Eltern &#8211; Patricia Raffelt","datePublished":"2013-08-27T06:00:19+00:00","dateModified":"2013-08-27T06:26:27+00:00","mainEntityOfPage":{"@id":"https:\/\/www.kilians.com\/de\/news\/2013\/grundschule-eltern-patricia-raffelt\/#webpage"},"wordCount":157,"publisher":{"@id":"https:\/\/www.kilians.com\/#organization"},"articleSection":["Nachrichten"],"inLanguage":"de-DE"},{"@type":"Person","@id":"https:\/\/www.kilians.com\/#\/schema\/person\/d66fd270fc10b6a48b300e500c5f9edd","name":"marketingadmin","url":"https:\/\/www.kilians.com\/de\/news\/author\/marketingadmin\/"}]}},"_links":{"self":[{"href":"https:\/\/www.kilians.com\/de\/wp-json\/wp\/v2\/posts\/8572\/"}],"collection":[{"href":"https:\/\/www.kilians.com\/de\/wp-json\/wp\/v2\/posts\/"}],"about":[{"href":"https:\/\/www.kilians.com\/de\/wp-json\/wp\/v2\/types\/post\/"}],"author":[{"embeddable":true,"href":"https:\/\/www.kilians.com\/de\/wp-json\/wp\/v2\/users\/1\/"}],"replies":[{"embeddable":true,"href":"https:\/\/www.kilians.com\/de\/wp-json\/wp\/v2\/comments\/?post=8572"}],"version-history":[{"count":0,"href":"https:\/\/www.kilians.com\/de\/wp-json\/wp\/v2\/posts\/8572\/revisions\/"}],"wp:attachment":[{"href":"https:\/\/www.kilians.com\/de\/wp-json\/wp\/v2\/media\/?parent=8572"}],"wp:term":[{"taxonomy":"category","embeddable":true,"href":"https:\/\/www.kilians.com\/de\/wp-json\/wp\/v2\/categories\/?post=8572"},{"taxonomy":"post_tag","embeddable":true,"href":"https:\/\/www.kilians.com\/de\/wp-json\/wp\/v2\/tags\/?post=8572"}],"curies":[{"name":"wp","href":"https:\/\/api.w.org\/{rel}","templated":true}]}}