{"id":9817,"date":"2014-04-01T11:39:43","date_gmt":"2014-04-01T11:39:43","guid":{"rendered":"http:\/\/kilians.wpengine.com\/?p=9817"},"modified":"2014-04-01T20:44:25","modified_gmt":"2014-04-01T20:44:25","slug":"2-platz-fur-st-kilians-beim-wettbewerb-schuler-bauen-weltweit-brucken","status":"publish","type":"post","link":"https:\/\/www.kilians.com\/de\/news\/2014\/2-platz-fur-st-kilians-beim-wettbewerb-schuler-bauen-weltweit-brucken\/","title":{"rendered":"2. Platz f\u00fcr St. Kilian\u2019s beim Wettbewerb \u201eSch\u00fcler bauen weltweit Br\u00fccken\u201c"},"content":{"rendered":"<p>Wir sind sehr stolz, dass wir mit unserem Projekt \u201eGr\u00fcne Schule\u201c beim 4. IHK-Auslandsschulwettbewerb den zweiten Platz belegten. Mit dieser Auszeichnung wird unser erfolgreiches und umfassendes Konzept geehrt, umweltbewusstes Sch\u00fclerverhalten und ressourcenschonende Lebensf\u00fchrung in den schulischen Alltag zu integrieren und als schulisches Entwicklungsziel zu verankern.<\/p>\n<p>Die Jury war beeindruckt von den vielf\u00e4ltigen Aktivit\u00e4ten und der Kreativit\u00e4t unserer Sch\u00fcler, die im \u201eGreen School\u201c Komitee eigenst\u00e4ndig Ideen entwickeln und sie f\u00fcr die Weiterentwicklung und die Nachhaltigkeit unserer \u201eGr\u00fcnen Schule\u201c auch tatkr\u00e4ftig umsetzen.<\/p>\n<p>Hier finden Sie einen Link auf unserer Webseite, wo Sie mehr \u00fcber die vielen Projekte und Aktivit\u00e4ten unserer \u201eGr\u00fcnen Schule\u201c erfahren.<\/p>\n<p><a title=\"Projekt Gr\u00fcne Schule\" href=\"http:\/\/kilians.wpengine.com\/de\/besuchen-sie-unsere-schule\/projekt-gruene-schule\/\" target=\"_blank\">Projekt Gr\u00fcne Schule<\/a><\/p>\n<p style=\"text-align: center;\"><a href=\"http:\/\/kilians.wpengine.com\/wp-content\/uploads\/2014\/01\/GSlogo.jpg\"><img loading=\"lazy\" decoding=\"async\" class=\"wp-image-9449 alignleft\" alt=\"Projekt Gruene Schule\" src=\"http:\/\/kilians.wpengine.com\/wp-content\/uploads\/2014\/01\/GSlogo.jpg\" width=\"288\" height=\"298\" srcset=\"https:\/\/www.kilians.com\/wp-content\/uploads\/2014\/01\/GSlogo.jpg 2032w, https:\/\/www.kilians.com\/wp-content\/uploads\/2014\/01\/GSlogo-768x793.jpg 768w, https:\/\/www.kilians.com\/wp-content\/uploads\/2014\/01\/GSlogo-992x1024.jpg 992w\" sizes=\"auto, (max-width: 288px) 100vw, 288px\" \/><\/a><\/p>\n","protected":false},"excerpt":{"rendered":"<p>Wir sind sehr stolz, dass wir mit unserem Projekt \u201eGr\u00fcne Schule\u201c beim 4. IHK-Auslandsschulwettbewerb den zweiten Platz belegten. Mit dieser Auszeichnung wird unser erfolgreiches und&#8230; <a class=\"find-out-more-link\" href=\"https:\/\/www.kilians.com\/de\/news\/2014\/2-platz-fur-st-kilians-beim-wettbewerb-schuler-bauen-weltweit-brucken\/\">Weiterlesen<\/a> <\/p>\n","protected":false},"author":1,"featured_media":0,"comment_status":"closed","ping_status":"closed","sticky":false,"template":"","format":"standard","meta":{"footnotes":""},"categories":[6],"tags":[],"class_list":{"0":"post-9817","1":"post","2":"type-post","3":"status-publish","4":"format-standard","6":"category-nachrichten","7":"entry"},"yoast_head":"<!-- This site is optimized with the Yoast SEO plugin v17.2.1 - https:\/\/yoast.com\/wordpress\/plugins\/seo\/ -->\n<meta name=\"robots\" content=\"index, follow, max-snippet:-1, max-image-preview:large, max-video-preview:-1\" \/>\n<link rel=\"canonical\" href=\"https:\/\/www.kilians.com\/de\/news\/2014\/2-platz-fur-st-kilians-beim-wettbewerb-schuler-bauen-weltweit-brucken\/\" \/>\n<meta property=\"og:locale\" content=\"de_DE\" \/>\n<meta property=\"og:type\" content=\"article\" \/>\n<meta property=\"og:title\" content=\"2. Platz f\u00fcr St. Kilian\u2019s beim Wettbewerb \u201eSch\u00fcler bauen weltweit Br\u00fccken\u201c - St. Kilian&#039;s German School, Dublin\" \/>\n<meta property=\"og:description\" content=\"Wir sind sehr stolz, dass wir mit unserem Projekt \u201eGr\u00fcne Schule\u201c beim 4. IHK-Auslandsschulwettbewerb den zweiten Platz belegten. Mit dieser Auszeichnung wird unser erfolgreiches und... Weiterlesen\" \/>\n<meta property=\"og:url\" content=\"https:\/\/www.kilians.com\/de\/news\/2014\/2-platz-fur-st-kilians-beim-wettbewerb-schuler-bauen-weltweit-brucken\/\" \/>\n<meta property=\"og:site_name\" content=\"St. Kilian&#039;s German School, Dublin\" \/>\n<meta property=\"article:published_time\" content=\"2014-04-01T11:39:43+00:00\" \/>\n<meta property=\"article:modified_time\" content=\"2014-04-01T20:44:25+00:00\" \/>\n<meta property=\"og:image\" content=\"http:\/\/kilians.wpengine.com\/wp-content\/uploads\/2014\/01\/GSlogo.jpg\" \/>\n<meta name=\"twitter:card\" content=\"summary\" \/>\n<meta name=\"twitter:label1\" content=\"Verfasst von\" \/>\n\t<meta name=\"twitter:data1\" content=\"marketingadmin\" \/>\n\t<meta name=\"twitter:label2\" content=\"Gesch\u00e4tzte Lesezeit\" \/>\n\t<meta name=\"twitter:data2\" content=\"1 minute\" \/>\n<script type=\"application\/ld+json\" class=\"yoast-schema-graph\">{\"@context\":\"https:\/\/schema.org\",\"@graph\":[{\"@type\":\"Organization\",\"@id\":\"https:\/\/www.kilians.com\/#organization\",\"name\":\"St. Kilian's\",\"url\":\"https:\/\/www.kilians.com\/\",\"sameAs\":[],\"logo\":{\"@type\":\"ImageObject\",\"@id\":\"https:\/\/www.kilians.com\/#logo\",\"inLanguage\":\"de-DE\",\"url\":\"https:\/\/www.kilians.com\/wp-content\/uploads\/2017\/02\/StKilians_MasterLogo_Colour-1.png\",\"contentUrl\":\"https:\/\/www.kilians.com\/wp-content\/uploads\/2017\/02\/StKilians_MasterLogo_Colour-1.png\",\"width\":768,\"height\":1240,\"caption\":\"St. Kilian's\"},\"image\":{\"@id\":\"https:\/\/www.kilians.com\/#logo\"}},{\"@type\":\"WebSite\",\"@id\":\"https:\/\/www.kilians.com\/#website\",\"url\":\"https:\/\/www.kilians.com\/\",\"name\":\"St. Kilian&#039;s German School, Dublin\",\"description\":\"\",\"publisher\":{\"@id\":\"https:\/\/www.kilians.com\/#organization\"},\"potentialAction\":[{\"@type\":\"SearchAction\",\"target\":{\"@type\":\"EntryPoint\",\"urlTemplate\":\"https:\/\/www.kilians.com\/?s={search_term_string}\"},\"query-input\":\"required name=search_term_string\"}],\"inLanguage\":\"de-DE\"},{\"@type\":\"ImageObject\",\"@id\":\"https:\/\/www.kilians.com\/de\/news\/2014\/2-platz-fur-st-kilians-beim-wettbewerb-schuler-bauen-weltweit-brucken\/#primaryimage\",\"inLanguage\":\"de-DE\",\"url\":\"http:\/\/kilians.wpengine.com\/wp-content\/uploads\/2014\/01\/GSlogo.jpg\",\"contentUrl\":\"http:\/\/kilians.wpengine.com\/wp-content\/uploads\/2014\/01\/GSlogo.jpg\"},{\"@type\":\"WebPage\",\"@id\":\"https:\/\/www.kilians.com\/de\/news\/2014\/2-platz-fur-st-kilians-beim-wettbewerb-schuler-bauen-weltweit-brucken\/#webpage\",\"url\":\"https:\/\/www.kilians.com\/de\/news\/2014\/2-platz-fur-st-kilians-beim-wettbewerb-schuler-bauen-weltweit-brucken\/\",\"name\":\"2. Platz f\\u00fcr St. Kilian\\u2019s beim Wettbewerb \\u201eSch\\u00fcler bauen weltweit Br\\u00fccken\\u201c - St. Kilian&#039;s German School, Dublin\",\"isPartOf\":{\"@id\":\"https:\/\/www.kilians.com\/#website\"},\"primaryImageOfPage\":{\"@id\":\"https:\/\/www.kilians.com\/de\/news\/2014\/2-platz-fur-st-kilians-beim-wettbewerb-schuler-bauen-weltweit-brucken\/#primaryimage\"},\"datePublished\":\"2014-04-01T11:39:43+00:00\",\"dateModified\":\"2014-04-01T20:44:25+00:00\",\"breadcrumb\":{\"@id\":\"https:\/\/www.kilians.com\/de\/news\/2014\/2-platz-fur-st-kilians-beim-wettbewerb-schuler-bauen-weltweit-brucken\/#breadcrumb\"},\"inLanguage\":\"de-DE\",\"potentialAction\":[{\"@type\":\"ReadAction\",\"target\":[\"https:\/\/www.kilians.com\/de\/news\/2014\/2-platz-fur-st-kilians-beim-wettbewerb-schuler-bauen-weltweit-brucken\/\"]}]},{\"@type\":\"BreadcrumbList\",\"@id\":\"https:\/\/www.kilians.com\/de\/news\/2014\/2-platz-fur-st-kilians-beim-wettbewerb-schuler-bauen-weltweit-brucken\/#breadcrumb\",\"itemListElement\":[{\"@type\":\"ListItem\",\"position\":1,\"name\":\"Home\",\"item\":\"https:\/\/www.kilians.com\/de\/\"},{\"@type\":\"ListItem\",\"position\":2,\"name\":\"2. Platz f\\u00fcr St. Kilian\\u2019s beim Wettbewerb \\u201eSch\\u00fcler bauen weltweit Br\\u00fccken\\u201c\"}]},{\"@type\":\"Article\",\"@id\":\"https:\/\/www.kilians.com\/de\/news\/2014\/2-platz-fur-st-kilians-beim-wettbewerb-schuler-bauen-weltweit-brucken\/#article\",\"isPartOf\":{\"@id\":\"https:\/\/www.kilians.com\/de\/news\/2014\/2-platz-fur-st-kilians-beim-wettbewerb-schuler-bauen-weltweit-brucken\/#webpage\"},\"author\":{\"@id\":\"https:\/\/www.kilians.com\/#\/schema\/person\/d66fd270fc10b6a48b300e500c5f9edd\"},\"headline\":\"2. Platz f\\u00fcr St. Kilian\\u2019s beim Wettbewerb \\u201eSch\\u00fcler bauen weltweit Br\\u00fccken\\u201c\",\"datePublished\":\"2014-04-01T11:39:43+00:00\",\"dateModified\":\"2014-04-01T20:44:25+00:00\",\"mainEntityOfPage\":{\"@id\":\"https:\/\/www.kilians.com\/de\/news\/2014\/2-platz-fur-st-kilians-beim-wettbewerb-schuler-bauen-weltweit-brucken\/#webpage\"},\"wordCount\":131,\"publisher\":{\"@id\":\"https:\/\/www.kilians.com\/#organization\"},\"image\":{\"@id\":\"https:\/\/www.kilians.com\/de\/news\/2014\/2-platz-fur-st-kilians-beim-wettbewerb-schuler-bauen-weltweit-brucken\/#primaryimage\"},\"thumbnailUrl\":\"http:\/\/kilians.wpengine.com\/wp-content\/uploads\/2014\/01\/GSlogo.jpg\",\"articleSection\":[\"Nachrichten\"],\"inLanguage\":\"de-DE\"},{\"@type\":\"Person\",\"@id\":\"https:\/\/www.kilians.com\/#\/schema\/person\/d66fd270fc10b6a48b300e500c5f9edd\",\"name\":\"marketingadmin\",\"url\":\"https:\/\/www.kilians.com\/de\/news\/author\/marketingadmin\/\"}]}<\/script>\n<!-- \/ Yoast SEO plugin. -->","yoast_head_json":{"robots":{"index":"index","follow":"follow","max-snippet":"max-snippet:-1","max-image-preview":"max-image-preview:large","max-video-preview":"max-video-preview:-1"},"canonical":"https:\/\/www.kilians.com\/de\/news\/2014\/2-platz-fur-st-kilians-beim-wettbewerb-schuler-bauen-weltweit-brucken\/","og_locale":"de_DE","og_type":"article","og_title":"2. Platz f\u00fcr St. Kilian\u2019s beim Wettbewerb \u201eSch\u00fcler bauen weltweit Br\u00fccken\u201c - St. Kilian&#039;s German School, Dublin","og_description":"Wir sind sehr stolz, dass wir mit unserem Projekt \u201eGr\u00fcne Schule\u201c beim 4. IHK-Auslandsschulwettbewerb den zweiten Platz belegten. Mit dieser Auszeichnung wird unser erfolgreiches und... Weiterlesen","og_url":"https:\/\/www.kilians.com\/de\/news\/2014\/2-platz-fur-st-kilians-beim-wettbewerb-schuler-bauen-weltweit-brucken\/","og_site_name":"St. Kilian&#039;s German School, Dublin","article_published_time":"2014-04-01T11:39:43+00:00","article_modified_time":"2014-04-01T20:44:25+00:00","og_image":[{"url":"http:\/\/kilians.wpengine.com\/wp-content\/uploads\/2014\/01\/GSlogo.jpg"}],"twitter_card":"summary","twitter_misc":{"Verfasst von":"marketingadmin","Gesch\u00e4tzte Lesezeit":"1 minute"},"schema":{"@context":"https:\/\/schema.org","@graph":[{"@type":"Organization","@id":"https:\/\/www.kilians.com\/#organization","name":"St. Kilian's","url":"https:\/\/www.kilians.com\/","sameAs":[],"logo":{"@type":"ImageObject","@id":"https:\/\/www.kilians.com\/#logo","inLanguage":"de-DE","url":"https:\/\/www.kilians.com\/wp-content\/uploads\/2017\/02\/StKilians_MasterLogo_Colour-1.png","contentUrl":"https:\/\/www.kilians.com\/wp-content\/uploads\/2017\/02\/StKilians_MasterLogo_Colour-1.png","width":768,"height":1240,"caption":"St. Kilian's"},"image":{"@id":"https:\/\/www.kilians.com\/#logo"}},{"@type":"WebSite","@id":"https:\/\/www.kilians.com\/#website","url":"https:\/\/www.kilians.com\/","name":"St. Kilian&#039;s German School, Dublin","description":"","publisher":{"@id":"https:\/\/www.kilians.com\/#organization"},"potentialAction":[{"@type":"SearchAction","target":{"@type":"EntryPoint","urlTemplate":"https:\/\/www.kilians.com\/?s={search_term_string}"},"query-input":"required name=search_term_string"}],"inLanguage":"de-DE"},{"@type":"ImageObject","@id":"https:\/\/www.kilians.com\/de\/news\/2014\/2-platz-fur-st-kilians-beim-wettbewerb-schuler-bauen-weltweit-brucken\/#primaryimage","inLanguage":"de-DE","url":"http:\/\/kilians.wpengine.com\/wp-content\/uploads\/2014\/01\/GSlogo.jpg","contentUrl":"http:\/\/kilians.wpengine.com\/wp-content\/uploads\/2014\/01\/GSlogo.jpg"},{"@type":"WebPage","@id":"https:\/\/www.kilians.com\/de\/news\/2014\/2-platz-fur-st-kilians-beim-wettbewerb-schuler-bauen-weltweit-brucken\/#webpage","url":"https:\/\/www.kilians.com\/de\/news\/2014\/2-platz-fur-st-kilians-beim-wettbewerb-schuler-bauen-weltweit-brucken\/","name":"2. Platz f\u00fcr St. Kilian\u2019s beim Wettbewerb \u201eSch\u00fcler bauen weltweit Br\u00fccken\u201c - St. Kilian&#039;s German School, Dublin","isPartOf":{"@id":"https:\/\/www.kilians.com\/#website"},"primaryImageOfPage":{"@id":"https:\/\/www.kilians.com\/de\/news\/2014\/2-platz-fur-st-kilians-beim-wettbewerb-schuler-bauen-weltweit-brucken\/#primaryimage"},"datePublished":"2014-04-01T11:39:43+00:00","dateModified":"2014-04-01T20:44:25+00:00","breadcrumb":{"@id":"https:\/\/www.kilians.com\/de\/news\/2014\/2-platz-fur-st-kilians-beim-wettbewerb-schuler-bauen-weltweit-brucken\/#breadcrumb"},"inLanguage":"de-DE","potentialAction":[{"@type":"ReadAction","target":["https:\/\/www.kilians.com\/de\/news\/2014\/2-platz-fur-st-kilians-beim-wettbewerb-schuler-bauen-weltweit-brucken\/"]}]},{"@type":"BreadcrumbList","@id":"https:\/\/www.kilians.com\/de\/news\/2014\/2-platz-fur-st-kilians-beim-wettbewerb-schuler-bauen-weltweit-brucken\/#breadcrumb","itemListElement":[{"@type":"ListItem","position":1,"name":"Home","item":"https:\/\/www.kilians.com\/de\/"},{"@type":"ListItem","position":2,"name":"2. Platz f\u00fcr St. Kilian\u2019s beim Wettbewerb \u201eSch\u00fcler bauen weltweit Br\u00fccken\u201c"}]},{"@type":"Article","@id":"https:\/\/www.kilians.com\/de\/news\/2014\/2-platz-fur-st-kilians-beim-wettbewerb-schuler-bauen-weltweit-brucken\/#article","isPartOf":{"@id":"https:\/\/www.kilians.com\/de\/news\/2014\/2-platz-fur-st-kilians-beim-wettbewerb-schuler-bauen-weltweit-brucken\/#webpage"},"author":{"@id":"https:\/\/www.kilians.com\/#\/schema\/person\/d66fd270fc10b6a48b300e500c5f9edd"},"headline":"2. Platz f\u00fcr St. Kilian\u2019s beim Wettbewerb \u201eSch\u00fcler bauen weltweit Br\u00fccken\u201c","datePublished":"2014-04-01T11:39:43+00:00","dateModified":"2014-04-01T20:44:25+00:00","mainEntityOfPage":{"@id":"https:\/\/www.kilians.com\/de\/news\/2014\/2-platz-fur-st-kilians-beim-wettbewerb-schuler-bauen-weltweit-brucken\/#webpage"},"wordCount":131,"publisher":{"@id":"https:\/\/www.kilians.com\/#organization"},"image":{"@id":"https:\/\/www.kilians.com\/de\/news\/2014\/2-platz-fur-st-kilians-beim-wettbewerb-schuler-bauen-weltweit-brucken\/#primaryimage"},"thumbnailUrl":"http:\/\/kilians.wpengine.com\/wp-content\/uploads\/2014\/01\/GSlogo.jpg","articleSection":["Nachrichten"],"inLanguage":"de-DE"},{"@type":"Person","@id":"https:\/\/www.kilians.com\/#\/schema\/person\/d66fd270fc10b6a48b300e500c5f9edd","name":"marketingadmin","url":"https:\/\/www.kilians.com\/de\/news\/author\/marketingadmin\/"}]}},"_links":{"self":[{"href":"https:\/\/www.kilians.com\/de\/wp-json\/wp\/v2\/posts\/9817\/"}],"collection":[{"href":"https:\/\/www.kilians.com\/de\/wp-json\/wp\/v2\/posts\/"}],"about":[{"href":"https:\/\/www.kilians.com\/de\/wp-json\/wp\/v2\/types\/post\/"}],"author":[{"embeddable":true,"href":"https:\/\/www.kilians.com\/de\/wp-json\/wp\/v2\/users\/1\/"}],"replies":[{"embeddable":true,"href":"https:\/\/www.kilians.com\/de\/wp-json\/wp\/v2\/comments\/?post=9817"}],"version-history":[{"count":0,"href":"https:\/\/www.kilians.com\/de\/wp-json\/wp\/v2\/posts\/9817\/revisions\/"}],"wp:attachment":[{"href":"https:\/\/www.kilians.com\/de\/wp-json\/wp\/v2\/media\/?parent=9817"}],"wp:term":[{"taxonomy":"category","embeddable":true,"href":"https:\/\/www.kilians.com\/de\/wp-json\/wp\/v2\/categories\/?post=9817"},{"taxonomy":"post_tag","embeddable":true,"href":"https:\/\/www.kilians.com\/de\/wp-json\/wp\/v2\/tags\/?post=9817"}],"curies":[{"name":"wp","href":"https:\/\/api.w.org\/{rel}","templated":true}]}}