{"id":9843,"date":"2014-04-09T09:12:32","date_gmt":"2014-04-09T09:12:32","guid":{"rendered":"http:\/\/kilians.wpengine.com\/?p=9843"},"modified":"2014-04-09T09:12:32","modified_gmt":"2014-04-09T09:12:32","slug":"jugend-musiziert-landeswettbewerb-kopenhagen","status":"publish","type":"post","link":"https:\/\/www.kilians.com\/de\/news\/2014\/jugend-musiziert-landeswettbewerb-kopenhagen\/","title":{"rendered":"Jugend musiziert-Landeswettbewerb Kopenhagen"},"content":{"rendered":"<p><span style=\"font-family: Calibri;\">Siebzehn gl\u00fcckliche Musiker kamen vor ein paar Tagen zur\u00fcck von der zweiten Rund \u201eJugend musiziert\u201c in Kopenhagen. Sie waren G\u00e4ste der St. Petri Schule, sahen die sch\u00f6ne Stadt Kopenhagen, spielten und h\u00f6rten wundervolle Musik, schmiedeten neue, internationale Freundschaften und trafen auch alte Bekannte. Vier Sch\u00fcler aus unserer Grundschule, neun Sch\u00fcler unserer Sekundarschule und drei ehemalige Sch\u00fcler repr\u00e4sentierten St. Kilian\u2019s. Sie machten unserer Schule alle Ehre, da kein Sch\u00fcler weniger als 20 von 25 Punkten erhielt. Das ist ein gro\u00dfartiges Ergebnis, worauf wir sehr stolz sein k\u00f6nnen. Ein Sch\u00fcler, Dan Rees, wird im Juni zum Finale nach Deutschland reisen. Wir w\u00fcnschen ihm viel Erfolg!<\/span><\/p>\n<p><a href=\"http:\/\/kilians.wpengine.com\/wp-content\/uploads\/2014\/04\/Jumu2014.jpg\"><img loading=\"lazy\" decoding=\"async\" class=\"aligncenter size-full wp-image-9830\" alt=\"Jugend musiziert\" src=\"http:\/\/kilians.wpengine.com\/wp-content\/uploads\/2014\/04\/Jumu2014.jpg\" width=\"600\" height=\"381\" srcset=\"https:\/\/www.kilians.com\/wp-content\/uploads\/2014\/04\/Jumu2014.jpg 914w, https:\/\/www.kilians.com\/wp-content\/uploads\/2014\/04\/Jumu2014-768x488.jpg 768w\" sizes=\"auto, (max-width: 600px) 100vw, 600px\" \/><\/a><\/p>\n<p>&nbsp;<\/p>\n","protected":false},"excerpt":{"rendered":"<p>Siebzehn gl\u00fcckliche Musiker kamen vor ein paar Tagen zur\u00fcck von der zweiten Rund \u201eJugend musiziert\u201c in Kopenhagen. Sie waren G\u00e4ste der St. Petri Schule, sahen&#8230; <a class=\"find-out-more-link\" href=\"https:\/\/www.kilians.com\/de\/news\/2014\/jugend-musiziert-landeswettbewerb-kopenhagen\/\">Weiterlesen<\/a> <\/p>\n","protected":false},"author":1,"featured_media":0,"comment_status":"closed","ping_status":"closed","sticky":false,"template":"","format":"standard","meta":{"footnotes":""},"categories":[6],"tags":[],"class_list":{"0":"post-9843","1":"post","2":"type-post","3":"status-publish","4":"format-standard","6":"category-nachrichten","7":"entry"},"yoast_head":"<!-- This site is optimized with the Yoast SEO plugin v17.2.1 - https:\/\/yoast.com\/wordpress\/plugins\/seo\/ -->\n<meta name=\"robots\" content=\"index, follow, max-snippet:-1, max-image-preview:large, max-video-preview:-1\" \/>\n<link rel=\"canonical\" href=\"https:\/\/www.kilians.com\/de\/news\/2014\/jugend-musiziert-landeswettbewerb-kopenhagen\/\" \/>\n<meta property=\"og:locale\" content=\"de_DE\" \/>\n<meta property=\"og:type\" content=\"article\" \/>\n<meta property=\"og:title\" content=\"Jugend musiziert-Landeswettbewerb Kopenhagen - St. Kilian&#039;s German School, Dublin\" \/>\n<meta property=\"og:description\" content=\"Siebzehn gl\u00fcckliche Musiker kamen vor ein paar Tagen zur\u00fcck von der zweiten Rund \u201eJugend musiziert\u201c in Kopenhagen. Sie waren G\u00e4ste der St. Petri Schule, sahen... Weiterlesen\" \/>\n<meta property=\"og:url\" content=\"https:\/\/www.kilians.com\/de\/news\/2014\/jugend-musiziert-landeswettbewerb-kopenhagen\/\" \/>\n<meta property=\"og:site_name\" content=\"St. Kilian&#039;s German School, Dublin\" \/>\n<meta property=\"article:published_time\" content=\"2014-04-09T09:12:32+00:00\" \/>\n<meta property=\"og:image\" content=\"http:\/\/kilians.wpengine.com\/wp-content\/uploads\/2014\/04\/Jumu2014.jpg\" \/>\n<meta name=\"twitter:card\" content=\"summary\" \/>\n<meta name=\"twitter:label1\" content=\"Verfasst von\" \/>\n\t<meta name=\"twitter:data1\" content=\"marketingadmin\" \/>\n\t<meta name=\"twitter:label2\" content=\"Gesch\u00e4tzte Lesezeit\" \/>\n\t<meta name=\"twitter:data2\" content=\"1 minute\" \/>\n<script type=\"application\/ld+json\" class=\"yoast-schema-graph\">{\"@context\":\"https:\/\/schema.org\",\"@graph\":[{\"@type\":\"Organization\",\"@id\":\"https:\/\/www.kilians.com\/#organization\",\"name\":\"St. Kilian's\",\"url\":\"https:\/\/www.kilians.com\/\",\"sameAs\":[],\"logo\":{\"@type\":\"ImageObject\",\"@id\":\"https:\/\/www.kilians.com\/#logo\",\"inLanguage\":\"de-DE\",\"url\":\"https:\/\/www.kilians.com\/wp-content\/uploads\/2017\/02\/StKilians_MasterLogo_Colour-1.png\",\"contentUrl\":\"https:\/\/www.kilians.com\/wp-content\/uploads\/2017\/02\/StKilians_MasterLogo_Colour-1.png\",\"width\":768,\"height\":1240,\"caption\":\"St. Kilian's\"},\"image\":{\"@id\":\"https:\/\/www.kilians.com\/#logo\"}},{\"@type\":\"WebSite\",\"@id\":\"https:\/\/www.kilians.com\/#website\",\"url\":\"https:\/\/www.kilians.com\/\",\"name\":\"St. Kilian&#039;s German School, Dublin\",\"description\":\"\",\"publisher\":{\"@id\":\"https:\/\/www.kilians.com\/#organization\"},\"potentialAction\":[{\"@type\":\"SearchAction\",\"target\":{\"@type\":\"EntryPoint\",\"urlTemplate\":\"https:\/\/www.kilians.com\/?s={search_term_string}\"},\"query-input\":\"required name=search_term_string\"}],\"inLanguage\":\"de-DE\"},{\"@type\":\"ImageObject\",\"@id\":\"https:\/\/www.kilians.com\/de\/news\/2014\/jugend-musiziert-landeswettbewerb-kopenhagen\/#primaryimage\",\"inLanguage\":\"de-DE\",\"url\":\"http:\/\/kilians.wpengine.com\/wp-content\/uploads\/2014\/04\/Jumu2014.jpg\",\"contentUrl\":\"http:\/\/kilians.wpengine.com\/wp-content\/uploads\/2014\/04\/Jumu2014.jpg\"},{\"@type\":\"WebPage\",\"@id\":\"https:\/\/www.kilians.com\/de\/news\/2014\/jugend-musiziert-landeswettbewerb-kopenhagen\/#webpage\",\"url\":\"https:\/\/www.kilians.com\/de\/news\/2014\/jugend-musiziert-landeswettbewerb-kopenhagen\/\",\"name\":\"Jugend musiziert-Landeswettbewerb Kopenhagen - St. Kilian&#039;s German School, Dublin\",\"isPartOf\":{\"@id\":\"https:\/\/www.kilians.com\/#website\"},\"primaryImageOfPage\":{\"@id\":\"https:\/\/www.kilians.com\/de\/news\/2014\/jugend-musiziert-landeswettbewerb-kopenhagen\/#primaryimage\"},\"datePublished\":\"2014-04-09T09:12:32+00:00\",\"dateModified\":\"2014-04-09T09:12:32+00:00\",\"breadcrumb\":{\"@id\":\"https:\/\/www.kilians.com\/de\/news\/2014\/jugend-musiziert-landeswettbewerb-kopenhagen\/#breadcrumb\"},\"inLanguage\":\"de-DE\",\"potentialAction\":[{\"@type\":\"ReadAction\",\"target\":[\"https:\/\/www.kilians.com\/de\/news\/2014\/jugend-musiziert-landeswettbewerb-kopenhagen\/\"]}]},{\"@type\":\"BreadcrumbList\",\"@id\":\"https:\/\/www.kilians.com\/de\/news\/2014\/jugend-musiziert-landeswettbewerb-kopenhagen\/#breadcrumb\",\"itemListElement\":[{\"@type\":\"ListItem\",\"position\":1,\"name\":\"Home\",\"item\":\"https:\/\/www.kilians.com\/de\/\"},{\"@type\":\"ListItem\",\"position\":2,\"name\":\"Jugend musiziert-Landeswettbewerb Kopenhagen\"}]},{\"@type\":\"Article\",\"@id\":\"https:\/\/www.kilians.com\/de\/news\/2014\/jugend-musiziert-landeswettbewerb-kopenhagen\/#article\",\"isPartOf\":{\"@id\":\"https:\/\/www.kilians.com\/de\/news\/2014\/jugend-musiziert-landeswettbewerb-kopenhagen\/#webpage\"},\"author\":{\"@id\":\"https:\/\/www.kilians.com\/#\/schema\/person\/d66fd270fc10b6a48b300e500c5f9edd\"},\"headline\":\"Jugend musiziert-Landeswettbewerb Kopenhagen\",\"datePublished\":\"2014-04-09T09:12:32+00:00\",\"dateModified\":\"2014-04-09T09:12:32+00:00\",\"mainEntityOfPage\":{\"@id\":\"https:\/\/www.kilians.com\/de\/news\/2014\/jugend-musiziert-landeswettbewerb-kopenhagen\/#webpage\"},\"wordCount\":120,\"publisher\":{\"@id\":\"https:\/\/www.kilians.com\/#organization\"},\"image\":{\"@id\":\"https:\/\/www.kilians.com\/de\/news\/2014\/jugend-musiziert-landeswettbewerb-kopenhagen\/#primaryimage\"},\"thumbnailUrl\":\"http:\/\/kilians.wpengine.com\/wp-content\/uploads\/2014\/04\/Jumu2014.jpg\",\"articleSection\":[\"Nachrichten\"],\"inLanguage\":\"de-DE\"},{\"@type\":\"Person\",\"@id\":\"https:\/\/www.kilians.com\/#\/schema\/person\/d66fd270fc10b6a48b300e500c5f9edd\",\"name\":\"marketingadmin\",\"url\":\"https:\/\/www.kilians.com\/de\/news\/author\/marketingadmin\/\"}]}<\/script>\n<!-- \/ Yoast SEO plugin. -->","yoast_head_json":{"robots":{"index":"index","follow":"follow","max-snippet":"max-snippet:-1","max-image-preview":"max-image-preview:large","max-video-preview":"max-video-preview:-1"},"canonical":"https:\/\/www.kilians.com\/de\/news\/2014\/jugend-musiziert-landeswettbewerb-kopenhagen\/","og_locale":"de_DE","og_type":"article","og_title":"Jugend musiziert-Landeswettbewerb Kopenhagen - St. Kilian&#039;s German School, Dublin","og_description":"Siebzehn gl\u00fcckliche Musiker kamen vor ein paar Tagen zur\u00fcck von der zweiten Rund \u201eJugend musiziert\u201c in Kopenhagen. Sie waren G\u00e4ste der St. Petri Schule, sahen... Weiterlesen","og_url":"https:\/\/www.kilians.com\/de\/news\/2014\/jugend-musiziert-landeswettbewerb-kopenhagen\/","og_site_name":"St. Kilian&#039;s German School, Dublin","article_published_time":"2014-04-09T09:12:32+00:00","og_image":[{"url":"http:\/\/kilians.wpengine.com\/wp-content\/uploads\/2014\/04\/Jumu2014.jpg"}],"twitter_card":"summary","twitter_misc":{"Verfasst von":"marketingadmin","Gesch\u00e4tzte Lesezeit":"1 minute"},"schema":{"@context":"https:\/\/schema.org","@graph":[{"@type":"Organization","@id":"https:\/\/www.kilians.com\/#organization","name":"St. Kilian's","url":"https:\/\/www.kilians.com\/","sameAs":[],"logo":{"@type":"ImageObject","@id":"https:\/\/www.kilians.com\/#logo","inLanguage":"de-DE","url":"https:\/\/www.kilians.com\/wp-content\/uploads\/2017\/02\/StKilians_MasterLogo_Colour-1.png","contentUrl":"https:\/\/www.kilians.com\/wp-content\/uploads\/2017\/02\/StKilians_MasterLogo_Colour-1.png","width":768,"height":1240,"caption":"St. Kilian's"},"image":{"@id":"https:\/\/www.kilians.com\/#logo"}},{"@type":"WebSite","@id":"https:\/\/www.kilians.com\/#website","url":"https:\/\/www.kilians.com\/","name":"St. Kilian&#039;s German School, Dublin","description":"","publisher":{"@id":"https:\/\/www.kilians.com\/#organization"},"potentialAction":[{"@type":"SearchAction","target":{"@type":"EntryPoint","urlTemplate":"https:\/\/www.kilians.com\/?s={search_term_string}"},"query-input":"required name=search_term_string"}],"inLanguage":"de-DE"},{"@type":"ImageObject","@id":"https:\/\/www.kilians.com\/de\/news\/2014\/jugend-musiziert-landeswettbewerb-kopenhagen\/#primaryimage","inLanguage":"de-DE","url":"http:\/\/kilians.wpengine.com\/wp-content\/uploads\/2014\/04\/Jumu2014.jpg","contentUrl":"http:\/\/kilians.wpengine.com\/wp-content\/uploads\/2014\/04\/Jumu2014.jpg"},{"@type":"WebPage","@id":"https:\/\/www.kilians.com\/de\/news\/2014\/jugend-musiziert-landeswettbewerb-kopenhagen\/#webpage","url":"https:\/\/www.kilians.com\/de\/news\/2014\/jugend-musiziert-landeswettbewerb-kopenhagen\/","name":"Jugend musiziert-Landeswettbewerb Kopenhagen - St. Kilian&#039;s German School, Dublin","isPartOf":{"@id":"https:\/\/www.kilians.com\/#website"},"primaryImageOfPage":{"@id":"https:\/\/www.kilians.com\/de\/news\/2014\/jugend-musiziert-landeswettbewerb-kopenhagen\/#primaryimage"},"datePublished":"2014-04-09T09:12:32+00:00","dateModified":"2014-04-09T09:12:32+00:00","breadcrumb":{"@id":"https:\/\/www.kilians.com\/de\/news\/2014\/jugend-musiziert-landeswettbewerb-kopenhagen\/#breadcrumb"},"inLanguage":"de-DE","potentialAction":[{"@type":"ReadAction","target":["https:\/\/www.kilians.com\/de\/news\/2014\/jugend-musiziert-landeswettbewerb-kopenhagen\/"]}]},{"@type":"BreadcrumbList","@id":"https:\/\/www.kilians.com\/de\/news\/2014\/jugend-musiziert-landeswettbewerb-kopenhagen\/#breadcrumb","itemListElement":[{"@type":"ListItem","position":1,"name":"Home","item":"https:\/\/www.kilians.com\/de\/"},{"@type":"ListItem","position":2,"name":"Jugend musiziert-Landeswettbewerb Kopenhagen"}]},{"@type":"Article","@id":"https:\/\/www.kilians.com\/de\/news\/2014\/jugend-musiziert-landeswettbewerb-kopenhagen\/#article","isPartOf":{"@id":"https:\/\/www.kilians.com\/de\/news\/2014\/jugend-musiziert-landeswettbewerb-kopenhagen\/#webpage"},"author":{"@id":"https:\/\/www.kilians.com\/#\/schema\/person\/d66fd270fc10b6a48b300e500c5f9edd"},"headline":"Jugend musiziert-Landeswettbewerb Kopenhagen","datePublished":"2014-04-09T09:12:32+00:00","dateModified":"2014-04-09T09:12:32+00:00","mainEntityOfPage":{"@id":"https:\/\/www.kilians.com\/de\/news\/2014\/jugend-musiziert-landeswettbewerb-kopenhagen\/#webpage"},"wordCount":120,"publisher":{"@id":"https:\/\/www.kilians.com\/#organization"},"image":{"@id":"https:\/\/www.kilians.com\/de\/news\/2014\/jugend-musiziert-landeswettbewerb-kopenhagen\/#primaryimage"},"thumbnailUrl":"http:\/\/kilians.wpengine.com\/wp-content\/uploads\/2014\/04\/Jumu2014.jpg","articleSection":["Nachrichten"],"inLanguage":"de-DE"},{"@type":"Person","@id":"https:\/\/www.kilians.com\/#\/schema\/person\/d66fd270fc10b6a48b300e500c5f9edd","name":"marketingadmin","url":"https:\/\/www.kilians.com\/de\/news\/author\/marketingadmin\/"}]}},"_links":{"self":[{"href":"https:\/\/www.kilians.com\/de\/wp-json\/wp\/v2\/posts\/9843\/"}],"collection":[{"href":"https:\/\/www.kilians.com\/de\/wp-json\/wp\/v2\/posts\/"}],"about":[{"href":"https:\/\/www.kilians.com\/de\/wp-json\/wp\/v2\/types\/post\/"}],"author":[{"embeddable":true,"href":"https:\/\/www.kilians.com\/de\/wp-json\/wp\/v2\/users\/1\/"}],"replies":[{"embeddable":true,"href":"https:\/\/www.kilians.com\/de\/wp-json\/wp\/v2\/comments\/?post=9843"}],"version-history":[{"count":0,"href":"https:\/\/www.kilians.com\/de\/wp-json\/wp\/v2\/posts\/9843\/revisions\/"}],"wp:attachment":[{"href":"https:\/\/www.kilians.com\/de\/wp-json\/wp\/v2\/media\/?parent=9843"}],"wp:term":[{"taxonomy":"category","embeddable":true,"href":"https:\/\/www.kilians.com\/de\/wp-json\/wp\/v2\/categories\/?post=9843"},{"taxonomy":"post_tag","embeddable":true,"href":"https:\/\/www.kilians.com\/de\/wp-json\/wp\/v2\/tags\/?post=9843"}],"curies":[{"name":"wp","href":"https:\/\/api.w.org\/{rel}","templated":true}]}}